{"id":42373,"date":"2022-04-25T08:14:10","date_gmt":"2022-04-25T06:14:10","guid":{"rendered":"https:\/\/www.immobilienbusiness.ch\/?p=42373"},"modified":"2022-04-28T09:18:33","modified_gmt":"2022-04-28T07:18:33","slug":"mobimo-startet-kapitalerhoehung","status":"publish","type":"post","link":"https:\/\/www.immobilienbusiness.ch\/en\/unternehmen\/2022-04-25\/mobimo-startet-kapitalerhoehung\/","title":{"rendered":"Mobimo launches capital increase"},"content":{"rendered":"<figure id=\"attachment_3413\" aria-describedby=\"caption-attachment-3413\" style=\"width: 1280px\" class=\"wp-caption alignnone\"><a href=\"https:\/\/www.immobilienbusiness.ch\/wp-content\/uploads\/2016\/12\/Mobimo-mit-Rekordgewinn-im-ersten-Halbjahr-2016-immobilien-business.jpg\"><img loading=\"lazy\" decoding=\"async\" class=\"size-full wp-image-3413\" src=\"https:\/\/www.immobilienbusiness.ch\/wp-content\/uploads\/2016\/12\/Mobimo-mit-Rekordgewinn-im-ersten-Halbjahr-2016-immobilien-business.jpg\" alt=\"\" width=\"1280\" height=\"853\" srcset=\"https:\/\/www.immobilienbusiness.ch\/wp-content\/uploads\/2016\/12\/Mobimo-mit-Rekordgewinn-im-ersten-Halbjahr-2016-immobilien-business.jpg 1280w, https:\/\/www.immobilienbusiness.ch\/wp-content\/uploads\/2016\/12\/Mobimo-mit-Rekordgewinn-im-ersten-Halbjahr-2016-immobilien-business-300x200.jpg 300w, https:\/\/www.immobilienbusiness.ch\/wp-content\/uploads\/2016\/12\/Mobimo-mit-Rekordgewinn-im-ersten-Halbjahr-2016-immobilien-business-1024x682.jpg 1024w, https:\/\/www.immobilienbusiness.ch\/wp-content\/uploads\/2016\/12\/Mobimo-mit-Rekordgewinn-im-ersten-Halbjahr-2016-immobilien-business-768x512.jpg 768w, https:\/\/www.immobilienbusiness.ch\/wp-content\/uploads\/2016\/12\/Mobimo-mit-Rekordgewinn-im-ersten-Halbjahr-2016-immobilien-business-16x12.jpg 16w, https:\/\/www.immobilienbusiness.ch\/wp-content\/uploads\/2016\/12\/Mobimo-mit-Rekordgewinn-im-ersten-Halbjahr-2016-immobilien-business-263x175.jpg 263w, https:\/\/www.immobilienbusiness.ch\/wp-content\/uploads\/2016\/12\/Mobimo-mit-Rekordgewinn-im-ersten-Halbjahr-2016-immobilien-business-525x350.jpg 525w, https:\/\/www.immobilienbusiness.ch\/wp-content\/uploads\/2016\/12\/Mobimo-mit-Rekordgewinn-im-ersten-Halbjahr-2016-immobilien-business-1200x800.jpg 1200w, https:\/\/www.immobilienbusiness.ch\/wp-content\/uploads\/2016\/12\/Mobimo-mit-Rekordgewinn-im-ersten-Halbjahr-2016-immobilien-business-920x613.jpg 920w\" sizes=\"auto, (max-width: 1280px) 100vw, 1280px\" \/><\/a><figcaption id=\"caption-attachment-3413\" class=\"wp-caption-text\">Mobimo seeks fresh capital (Image: Pixabay)<\/figcaption><\/figure>\n<p>Mobimo intends to use the fresh capital to continue its growth strategy and the realization of its development projects. \"We have a development pipeline filled with promising projects in attractive locations,\" says CEO Daniel Ducrey. The real estate company intends to realize a significant part of these projects for its own investment portfolio in the coming years. \"Investments in projects for the investment portfolio amount to around CHF 200 million until 2024.\"<\/p>\n<p>Specifically, up to 660,154 new registered shares will be issued, corresponding to 10% of Mobimo Holding AG shares issued today. Mobimo will offer the new shares to its existing shareholders during the subscription period from April 25 to May 3, 2022. In this context, shareholders will be allocated one subscription right per registered share, and ten subscription rights entitle them to acquire one offer share at a price of CHF 245.00. The issue thus has a volume of CHF 162 million. <em>(ah)<\/em><\/p>","protected":false},"excerpt":{"rendered":"<p>The subscription period for Mobimo's capital increase has begun. The real estate company expects gross proceeds of CHF 162 million.<\/p>","protected":false},"author":3,"featured_media":3413,"comment_status":"closed","ping_status":"closed","sticky":false,"template":"","format":"standard","meta":{"_acf_changed":false,"_yoast_wpseo_focuskw":"Mobimo","_yoast_wpseo_title":"","_yoast_wpseo_metadesc":"Die Bezugsfrist f\u00fcr die Kapitalerh\u00f6hung von Mobimo hat begonnen. Die Immobiliengesellschaft rechnet mit einem Bruttoerl\u00f6s von 162 Mio. CHF.","_yoast_wpseo_linkdex":59,"pgc_sgb_lightbox_settings":"","footnotes":""},"categories":[988],"tags":[1412,1503],"class_list":["post-42373","post","type-post","status-publish","format-standard","has-post-thumbnail","hentry","category-unternehmen","tag-kapitalerhoehung","tag-mobimo"],"acf":[],"yoast_head":"<!-- This site is optimized with the Yoast SEO plugin v27.4 - https:\/\/yoast.com\/product\/yoast-seo-wordpress\/ -->\n<title>Mobimo startet Kapitalerh\u00f6hung - IMMOBILIEN Business<\/title>\n<meta name=\"description\" content=\"Die Bezugsfrist f\u00fcr die Kapitalerh\u00f6hung von Mobimo hat begonnen. Die Immobiliengesellschaft rechnet mit einem Bruttoerl\u00f6s von 162 Mio. CHF.\" \/>\n<meta name=\"robots\" content=\"index, follow, max-snippet:-1, max-image-preview:large, max-video-preview:-1\" \/>\n<link rel=\"canonical\" href=\"https:\/\/www.immobilienbusiness.ch\/en\/unternehmen\/2022-04-25\/mobimo-startet-kapitalerhoehung\/\" \/>\n<meta property=\"og:locale\" content=\"en_US\" \/>\n<meta property=\"og:type\" content=\"article\" \/>\n<meta property=\"og:title\" content=\"Mobimo startet Kapitalerh\u00f6hung - IMMOBILIEN Business\" \/>\n<meta property=\"og:description\" content=\"Die Bezugsfrist f\u00fcr die Kapitalerh\u00f6hung von Mobimo hat begonnen. Die Immobiliengesellschaft rechnet mit einem Bruttoerl\u00f6s von 162 Mio. CHF.\" \/>\n<meta property=\"og:url\" content=\"https:\/\/www.immobilienbusiness.ch\/en\/unternehmen\/2022-04-25\/mobimo-startet-kapitalerhoehung\/\" \/>\n<meta property=\"og:site_name\" content=\"IMMOBILIEN Business\" \/>\n<meta property=\"article:publisher\" content=\"https:\/\/www.facebook.com\/immobilienbusiness\/\" \/>\n<meta property=\"article:published_time\" content=\"2022-04-25T06:14:10+00:00\" \/>\n<meta property=\"article:modified_time\" content=\"2022-04-28T07:18:33+00:00\" \/>\n<meta property=\"og:image\" content=\"https:\/\/www.immobilienbusiness.ch\/wp-content\/uploads\/2016\/12\/Mobimo-mit-Rekordgewinn-im-ersten-Halbjahr-2016-immobilien-business.jpg\" \/>\n\t<meta property=\"og:image:width\" content=\"1280\" \/>\n\t<meta property=\"og:image:height\" content=\"853\" \/>\n\t<meta property=\"og:image:type\" content=\"image\/jpeg\" \/>\n<meta name=\"author\" content=\"anja.hall\" \/>\n<meta name=\"twitter:card\" content=\"summary_large_image\" \/>\n<meta name=\"twitter:image\" content=\"https:\/\/www.immobilienbusiness.ch\/wp-content\/uploads\/2016\/12\/Mobimo-mit-Rekordgewinn-im-ersten-Halbjahr-2016-immobilien-business.jpg\" \/>\n<script type=\"application\/ld+json\" class=\"yoast-schema-graph\">{\"@context\":\"https:\\\/\\\/schema.org\",\"@graph\":[{\"@type\":\"Article\",\"@id\":\"https:\\\/\\\/www.immobilienbusiness.ch\\\/unternehmen\\\/2022-04-25\\\/mobimo-startet-kapitalerhoehung\\\/#article\",\"isPartOf\":{\"@id\":\"https:\\\/\\\/www.immobilienbusiness.ch\\\/unternehmen\\\/2022-04-25\\\/mobimo-startet-kapitalerhoehung\\\/\"},\"author\":{\"name\":\"anja.hall\",\"@id\":\"https:\\\/\\\/www.immobilienbusiness.ch\\\/#\\\/schema\\\/person\\\/3fc036297b10b9f42d6db5ee932af8c8\"},\"headline\":\"Mobimo startet Kapitalerh\u00f6hung\",\"datePublished\":\"2022-04-25T06:14:10+00:00\",\"dateModified\":\"2022-04-28T07:18:33+00:00\",\"mainEntityOfPage\":{\"@id\":\"https:\\\/\\\/www.immobilienbusiness.ch\\\/unternehmen\\\/2022-04-25\\\/mobimo-startet-kapitalerhoehung\\\/\"},\"wordCount\":154,\"publisher\":{\"@id\":\"https:\\\/\\\/www.immobilienbusiness.ch\\\/#organization\"},\"image\":{\"@id\":\"https:\\\/\\\/www.immobilienbusiness.ch\\\/unternehmen\\\/2022-04-25\\\/mobimo-startet-kapitalerhoehung\\\/#primaryimage\"},\"thumbnailUrl\":\"https:\\\/\\\/www.immobilienbusiness.ch\\\/wp-content\\\/uploads\\\/2016\\\/12\\\/Mobimo-mit-Rekordgewinn-im-ersten-Halbjahr-2016-immobilien-business.jpg\",\"keywords\":[\"Kapitalerh\u00f6hung\",\"Mobimo\"],\"articleSection\":[\"UNTERNEHMEN\"],\"inLanguage\":\"en-US\"},{\"@type\":\"WebPage\",\"@id\":\"https:\\\/\\\/www.immobilienbusiness.ch\\\/unternehmen\\\/2022-04-25\\\/mobimo-startet-kapitalerhoehung\\\/\",\"url\":\"https:\\\/\\\/www.immobilienbusiness.ch\\\/unternehmen\\\/2022-04-25\\\/mobimo-startet-kapitalerhoehung\\\/\",\"name\":\"Mobimo startet Kapitalerh\u00f6hung - IMMOBILIEN Business\",\"isPartOf\":{\"@id\":\"https:\\\/\\\/www.immobilienbusiness.ch\\\/#website\"},\"primaryImageOfPage\":{\"@id\":\"https:\\\/\\\/www.immobilienbusiness.ch\\\/unternehmen\\\/2022-04-25\\\/mobimo-startet-kapitalerhoehung\\\/#primaryimage\"},\"image\":{\"@id\":\"https:\\\/\\\/www.immobilienbusiness.ch\\\/unternehmen\\\/2022-04-25\\\/mobimo-startet-kapitalerhoehung\\\/#primaryimage\"},\"thumbnailUrl\":\"https:\\\/\\\/www.immobilienbusiness.ch\\\/wp-content\\\/uploads\\\/2016\\\/12\\\/Mobimo-mit-Rekordgewinn-im-ersten-Halbjahr-2016-immobilien-business.jpg\",\"datePublished\":\"2022-04-25T06:14:10+00:00\",\"dateModified\":\"2022-04-28T07:18:33+00:00\",\"description\":\"Die Bezugsfrist f\u00fcr die Kapitalerh\u00f6hung von Mobimo hat begonnen. Die Immobiliengesellschaft rechnet mit einem Bruttoerl\u00f6s von 162 Mio. CHF.\",\"breadcrumb\":{\"@id\":\"https:\\\/\\\/www.immobilienbusiness.ch\\\/unternehmen\\\/2022-04-25\\\/mobimo-startet-kapitalerhoehung\\\/#breadcrumb\"},\"inLanguage\":\"en-US\",\"potentialAction\":[{\"@type\":\"ReadAction\",\"target\":[\"https:\\\/\\\/www.immobilienbusiness.ch\\\/unternehmen\\\/2022-04-25\\\/mobimo-startet-kapitalerhoehung\\\/\"]}]},{\"@type\":\"ImageObject\",\"inLanguage\":\"en-US\",\"@id\":\"https:\\\/\\\/www.immobilienbusiness.ch\\\/unternehmen\\\/2022-04-25\\\/mobimo-startet-kapitalerhoehung\\\/#primaryimage\",\"url\":\"https:\\\/\\\/www.immobilienbusiness.ch\\\/wp-content\\\/uploads\\\/2016\\\/12\\\/Mobimo-mit-Rekordgewinn-im-ersten-Halbjahr-2016-immobilien-business.jpg\",\"contentUrl\":\"https:\\\/\\\/www.immobilienbusiness.ch\\\/wp-content\\\/uploads\\\/2016\\\/12\\\/Mobimo-mit-Rekordgewinn-im-ersten-Halbjahr-2016-immobilien-business.jpg\",\"width\":1280,\"height\":853,\"caption\":\"Mobimo meldet das beste Halbjahresergebnis der Unternehmensgeschichte (Foto: Pixabay)\"},{\"@type\":\"BreadcrumbList\",\"@id\":\"https:\\\/\\\/www.immobilienbusiness.ch\\\/unternehmen\\\/2022-04-25\\\/mobimo-startet-kapitalerhoehung\\\/#breadcrumb\",\"itemListElement\":[{\"@type\":\"ListItem\",\"position\":1,\"name\":\"Home\",\"item\":\"https:\\\/\\\/www.immobilienbusiness.ch\\\/\"},{\"@type\":\"ListItem\",\"position\":2,\"name\":\"Mobimo startet Kapitalerh\u00f6hung\"}]},{\"@type\":\"WebSite\",\"@id\":\"https:\\\/\\\/www.immobilienbusiness.ch\\\/#website\",\"url\":\"https:\\\/\\\/www.immobilienbusiness.ch\\\/\",\"name\":\"IMMOBILIEN Business\",\"description\":\"Unabh\u00e4ngiges Schweizer Wirtschaftsmagazin mit Fokus auf Immobilien, Architektur- und Bau sowie Investment- und Finanzierung.\",\"publisher\":{\"@id\":\"https:\\\/\\\/www.immobilienbusiness.ch\\\/#organization\"},\"potentialAction\":[{\"@type\":\"SearchAction\",\"target\":{\"@type\":\"EntryPoint\",\"urlTemplate\":\"https:\\\/\\\/www.immobilienbusiness.ch\\\/?s={search_term_string}\"},\"query-input\":{\"@type\":\"PropertyValueSpecification\",\"valueRequired\":true,\"valueName\":\"search_term_string\"}}],\"inLanguage\":\"en-US\"},{\"@type\":\"Organization\",\"@id\":\"https:\\\/\\\/www.immobilienbusiness.ch\\\/#organization\",\"name\":\"IMMOBILIEN Business\",\"url\":\"https:\\\/\\\/www.immobilienbusiness.ch\\\/\",\"logo\":{\"@type\":\"ImageObject\",\"inLanguage\":\"en-US\",\"@id\":\"https:\\\/\\\/www.immobilienbusiness.ch\\\/#\\\/schema\\\/logo\\\/image\\\/\",\"url\":\"https:\\\/\\\/www.immobilienbusiness.ch\\\/wp-content\\\/uploads\\\/2021\\\/07\\\/logo_ib.png\",\"contentUrl\":\"https:\\\/\\\/www.immobilienbusiness.ch\\\/wp-content\\\/uploads\\\/2021\\\/07\\\/logo_ib.png\",\"width\":800,\"height\":181,\"caption\":\"IMMOBILIEN Business\"},\"image\":{\"@id\":\"https:\\\/\\\/www.immobilienbusiness.ch\\\/#\\\/schema\\\/logo\\\/image\\\/\"},\"sameAs\":[\"https:\\\/\\\/www.facebook.com\\\/immobilienbusiness\\\/\"]},{\"@type\":\"Person\",\"@id\":\"https:\\\/\\\/www.immobilienbusiness.ch\\\/#\\\/schema\\\/person\\\/3fc036297b10b9f42d6db5ee932af8c8\",\"name\":\"anja.hall\",\"image\":{\"@type\":\"ImageObject\",\"inLanguage\":\"en-US\",\"@id\":\"https:\\\/\\\/secure.gravatar.com\\\/avatar\\\/066b5a0d447013502c71a5782f4f3469f03cfe595cc2329fb94652fe47511bfb?s=96&d=mm&r=g\",\"url\":\"https:\\\/\\\/secure.gravatar.com\\\/avatar\\\/066b5a0d447013502c71a5782f4f3469f03cfe595cc2329fb94652fe47511bfb?s=96&d=mm&r=g\",\"contentUrl\":\"https:\\\/\\\/secure.gravatar.com\\\/avatar\\\/066b5a0d447013502c71a5782f4f3469f03cfe595cc2329fb94652fe47511bfb?s=96&d=mm&r=g\",\"caption\":\"anja.hall\"},\"url\":\"https:\\\/\\\/www.immobilienbusiness.ch\\\/en\\\/author\\\/anja-hall\\\/\"}]}<\/script>\n<!-- \/ Yoast SEO plugin. -->","yoast_head_json":{"title":"Mobimo startet Kapitalerh\u00f6hung - IMMOBILIEN Business","description":"The subscription period for Mobimo's capital increase has begun. The real estate company expects gross proceeds of CHF 162 million.","robots":{"index":"index","follow":"follow","max-snippet":"max-snippet:-1","max-image-preview":"max-image-preview:large","max-video-preview":"max-video-preview:-1"},"canonical":"https:\/\/www.immobilienbusiness.ch\/en\/unternehmen\/2022-04-25\/mobimo-startet-kapitalerhoehung\/","og_locale":"en_US","og_type":"article","og_title":"Mobimo startet Kapitalerh\u00f6hung - IMMOBILIEN Business","og_description":"Die Bezugsfrist f\u00fcr die Kapitalerh\u00f6hung von Mobimo hat begonnen. Die Immobiliengesellschaft rechnet mit einem Bruttoerl\u00f6s von 162 Mio. CHF.","og_url":"https:\/\/www.immobilienbusiness.ch\/en\/unternehmen\/2022-04-25\/mobimo-startet-kapitalerhoehung\/","og_site_name":"IMMOBILIEN Business","article_publisher":"https:\/\/www.facebook.com\/immobilienbusiness\/","article_published_time":"2022-04-25T06:14:10+00:00","article_modified_time":"2022-04-28T07:18:33+00:00","og_image":[{"width":1280,"height":853,"url":"https:\/\/www.immobilienbusiness.ch\/wp-content\/uploads\/2016\/12\/Mobimo-mit-Rekordgewinn-im-ersten-Halbjahr-2016-immobilien-business.jpg","type":"image\/jpeg"}],"author":"anja.hall","twitter_card":"summary_large_image","twitter_image":"https:\/\/www.immobilienbusiness.ch\/wp-content\/uploads\/2016\/12\/Mobimo-mit-Rekordgewinn-im-ersten-Halbjahr-2016-immobilien-business.jpg","schema":{"@context":"https:\/\/schema.org","@graph":[{"@type":"Article","@id":"https:\/\/www.immobilienbusiness.ch\/unternehmen\/2022-04-25\/mobimo-startet-kapitalerhoehung\/#article","isPartOf":{"@id":"https:\/\/www.immobilienbusiness.ch\/unternehmen\/2022-04-25\/mobimo-startet-kapitalerhoehung\/"},"author":{"name":"anja.hall","@id":"https:\/\/www.immobilienbusiness.ch\/#\/schema\/person\/3fc036297b10b9f42d6db5ee932af8c8"},"headline":"Mobimo startet Kapitalerh\u00f6hung","datePublished":"2022-04-25T06:14:10+00:00","dateModified":"2022-04-28T07:18:33+00:00","mainEntityOfPage":{"@id":"https:\/\/www.immobilienbusiness.ch\/unternehmen\/2022-04-25\/mobimo-startet-kapitalerhoehung\/"},"wordCount":154,"publisher":{"@id":"https:\/\/www.immobilienbusiness.ch\/#organization"},"image":{"@id":"https:\/\/www.immobilienbusiness.ch\/unternehmen\/2022-04-25\/mobimo-startet-kapitalerhoehung\/#primaryimage"},"thumbnailUrl":"https:\/\/www.immobilienbusiness.ch\/wp-content\/uploads\/2016\/12\/Mobimo-mit-Rekordgewinn-im-ersten-Halbjahr-2016-immobilien-business.jpg","keywords":["Kapitalerh\u00f6hung","Mobimo"],"articleSection":["UNTERNEHMEN"],"inLanguage":"en-US"},{"@type":"WebPage","@id":"https:\/\/www.immobilienbusiness.ch\/unternehmen\/2022-04-25\/mobimo-startet-kapitalerhoehung\/","url":"https:\/\/www.immobilienbusiness.ch\/unternehmen\/2022-04-25\/mobimo-startet-kapitalerhoehung\/","name":"Mobimo startet Kapitalerh\u00f6hung - IMMOBILIEN Business","isPartOf":{"@id":"https:\/\/www.immobilienbusiness.ch\/#website"},"primaryImageOfPage":{"@id":"https:\/\/www.immobilienbusiness.ch\/unternehmen\/2022-04-25\/mobimo-startet-kapitalerhoehung\/#primaryimage"},"image":{"@id":"https:\/\/www.immobilienbusiness.ch\/unternehmen\/2022-04-25\/mobimo-startet-kapitalerhoehung\/#primaryimage"},"thumbnailUrl":"https:\/\/www.immobilienbusiness.ch\/wp-content\/uploads\/2016\/12\/Mobimo-mit-Rekordgewinn-im-ersten-Halbjahr-2016-immobilien-business.jpg","datePublished":"2022-04-25T06:14:10+00:00","dateModified":"2022-04-28T07:18:33+00:00","description":"The subscription period for Mobimo's capital increase has begun. The real estate company expects gross proceeds of CHF 162 million.","breadcrumb":{"@id":"https:\/\/www.immobilienbusiness.ch\/unternehmen\/2022-04-25\/mobimo-startet-kapitalerhoehung\/#breadcrumb"},"inLanguage":"en-US","potentialAction":[{"@type":"ReadAction","target":["https:\/\/www.immobilienbusiness.ch\/unternehmen\/2022-04-25\/mobimo-startet-kapitalerhoehung\/"]}]},{"@type":"ImageObject","inLanguage":"en-US","@id":"https:\/\/www.immobilienbusiness.ch\/unternehmen\/2022-04-25\/mobimo-startet-kapitalerhoehung\/#primaryimage","url":"https:\/\/www.immobilienbusiness.ch\/wp-content\/uploads\/2016\/12\/Mobimo-mit-Rekordgewinn-im-ersten-Halbjahr-2016-immobilien-business.jpg","contentUrl":"https:\/\/www.immobilienbusiness.ch\/wp-content\/uploads\/2016\/12\/Mobimo-mit-Rekordgewinn-im-ersten-Halbjahr-2016-immobilien-business.jpg","width":1280,"height":853,"caption":"Mobimo meldet das beste Halbjahresergebnis der Unternehmensgeschichte (Foto: Pixabay)"},{"@type":"BreadcrumbList","@id":"https:\/\/www.immobilienbusiness.ch\/unternehmen\/2022-04-25\/mobimo-startet-kapitalerhoehung\/#breadcrumb","itemListElement":[{"@type":"ListItem","position":1,"name":"Home","item":"https:\/\/www.immobilienbusiness.ch\/"},{"@type":"ListItem","position":2,"name":"Mobimo startet Kapitalerh\u00f6hung"}]},{"@type":"WebSite","@id":"https:\/\/www.immobilienbusiness.ch\/#website","url":"https:\/\/www.immobilienbusiness.ch\/","name":"REAL ESTATE Business","description":"Independent Swiss business magazine focusing on real estate, architecture and construction as well as investment and financing.","publisher":{"@id":"https:\/\/www.immobilienbusiness.ch\/#organization"},"potentialAction":[{"@type":"SearchAction","target":{"@type":"EntryPoint","urlTemplate":"https:\/\/www.immobilienbusiness.ch\/?s={search_term_string}"},"query-input":{"@type":"PropertyValueSpecification","valueRequired":true,"valueName":"search_term_string"}}],"inLanguage":"en-US"},{"@type":"Organization","@id":"https:\/\/www.immobilienbusiness.ch\/#organization","name":"REAL ESTATE Business","url":"https:\/\/www.immobilienbusiness.ch\/","logo":{"@type":"ImageObject","inLanguage":"en-US","@id":"https:\/\/www.immobilienbusiness.ch\/#\/schema\/logo\/image\/","url":"https:\/\/www.immobilienbusiness.ch\/wp-content\/uploads\/2021\/07\/logo_ib.png","contentUrl":"https:\/\/www.immobilienbusiness.ch\/wp-content\/uploads\/2021\/07\/logo_ib.png","width":800,"height":181,"caption":"IMMOBILIEN Business"},"image":{"@id":"https:\/\/www.immobilienbusiness.ch\/#\/schema\/logo\/image\/"},"sameAs":["https:\/\/www.facebook.com\/immobilienbusiness\/"]},{"@type":"Person","@id":"https:\/\/www.immobilienbusiness.ch\/#\/schema\/person\/3fc036297b10b9f42d6db5ee932af8c8","name":"anja.hall","image":{"@type":"ImageObject","inLanguage":"en-US","@id":"https:\/\/secure.gravatar.com\/avatar\/066b5a0d447013502c71a5782f4f3469f03cfe595cc2329fb94652fe47511bfb?s=96&d=mm&r=g","url":"https:\/\/secure.gravatar.com\/avatar\/066b5a0d447013502c71a5782f4f3469f03cfe595cc2329fb94652fe47511bfb?s=96&d=mm&r=g","contentUrl":"https:\/\/secure.gravatar.com\/avatar\/066b5a0d447013502c71a5782f4f3469f03cfe595cc2329fb94652fe47511bfb?s=96&d=mm&r=g","caption":"anja.hall"},"url":"https:\/\/www.immobilienbusiness.ch\/en\/author\/anja-hall\/"}]}},"_links":{"self":[{"href":"https:\/\/www.immobilienbusiness.ch\/en\/wp-json\/wp\/v2\/posts\/42373","targetHints":{"allow":["GET"]}}],"collection":[{"href":"https:\/\/www.immobilienbusiness.ch\/en\/wp-json\/wp\/v2\/posts"}],"about":[{"href":"https:\/\/www.immobilienbusiness.ch\/en\/wp-json\/wp\/v2\/types\/post"}],"author":[{"embeddable":true,"href":"https:\/\/www.immobilienbusiness.ch\/en\/wp-json\/wp\/v2\/users\/3"}],"replies":[{"embeddable":true,"href":"https:\/\/www.immobilienbusiness.ch\/en\/wp-json\/wp\/v2\/comments?post=42373"}],"version-history":[{"count":3,"href":"https:\/\/www.immobilienbusiness.ch\/en\/wp-json\/wp\/v2\/posts\/42373\/revisions"}],"predecessor-version":[{"id":42437,"href":"https:\/\/www.immobilienbusiness.ch\/en\/wp-json\/wp\/v2\/posts\/42373\/revisions\/42437"}],"wp:featuredmedia":[{"embeddable":true,"href":"https:\/\/www.immobilienbusiness.ch\/en\/wp-json\/wp\/v2\/media\/3413"}],"wp:attachment":[{"href":"https:\/\/www.immobilienbusiness.ch\/en\/wp-json\/wp\/v2\/media?parent=42373"}],"wp:term":[{"taxonomy":"category","embeddable":true,"href":"https:\/\/www.immobilienbusiness.ch\/en\/wp-json\/wp\/v2\/categories?post=42373"},{"taxonomy":"post_tag","embeddable":true,"href":"https:\/\/www.immobilienbusiness.ch\/en\/wp-json\/wp\/v2\/tags?post=42373"}],"curies":[{"name":"wp","href":"https:\/\/api.w.org\/{rel}","templated":true}]}}