{"id":41995,"date":"2022-03-31T08:20:38","date_gmt":"2022-03-31T06:20:38","guid":{"rendered":"https:\/\/www.immobilienbusiness.ch\/?p=41995"},"modified":"2022-03-31T08:20:38","modified_gmt":"2022-03-31T06:20:38","slug":"stabuebergabe-bei-la-fonciere","status":"publish","type":"post","link":"https:\/\/www.immobilienbusiness.ch\/en\/personalia\/2022-03-31\/stabuebergabe-bei-la-fonciere\/","title":{"rendered":"Handover of the baton at La Fonci\u00e8re"},"content":{"rendered":"<figure id=\"attachment_41996\" aria-describedby=\"caption-attachment-41996\" style=\"width: 2560px\" class=\"wp-caption alignnone\"><a href=\"https:\/\/www.immobilienbusiness.ch\/wp-content\/uploads\/2022\/03\/Arnaud-de-Jamblinne-et-Michael-Loose-scaled.jpg\"><img loading=\"lazy\" decoding=\"async\" class=\"size-full wp-image-41996\" src=\"https:\/\/www.immobilienbusiness.ch\/wp-content\/uploads\/2022\/03\/Arnaud-de-Jamblinne-et-Michael-Loose-scaled.jpg\" alt=\"\" width=\"2560\" height=\"1709\" srcset=\"https:\/\/www.immobilienbusiness.ch\/wp-content\/uploads\/2022\/03\/Arnaud-de-Jamblinne-et-Michael-Loose-scaled.jpg 1200w, https:\/\/www.immobilienbusiness.ch\/wp-content\/uploads\/2022\/03\/Arnaud-de-Jamblinne-et-Michael-Loose-300x200.jpg 300w, https:\/\/www.immobilienbusiness.ch\/wp-content\/uploads\/2022\/03\/Arnaud-de-Jamblinne-et-Michael-Loose-1024x684.jpg 1024w, https:\/\/www.immobilienbusiness.ch\/wp-content\/uploads\/2022\/03\/Arnaud-de-Jamblinne-et-Michael-Loose-768x513.jpg 768w, https:\/\/www.immobilienbusiness.ch\/wp-content\/uploads\/2022\/03\/Arnaud-de-Jamblinne-et-Michael-Loose-1536x1025.jpg 1536w, https:\/\/www.immobilienbusiness.ch\/wp-content\/uploads\/2022\/03\/Arnaud-de-Jamblinne-et-Michael-Loose-2048x1367.jpg 2048w, https:\/\/www.immobilienbusiness.ch\/wp-content\/uploads\/2022\/03\/Arnaud-de-Jamblinne-et-Michael-Loose-18x12.jpg 18w, https:\/\/www.immobilienbusiness.ch\/wp-content\/uploads\/2022\/03\/Arnaud-de-Jamblinne-et-Michael-Loose-262x175.jpg 262w, https:\/\/www.immobilienbusiness.ch\/wp-content\/uploads\/2022\/03\/Arnaud-de-Jamblinne-et-Michael-Loose-524x350.jpg 524w, https:\/\/www.immobilienbusiness.ch\/wp-content\/uploads\/2022\/03\/Arnaud-de-Jamblinne-et-Michael-Loose-1198x800.jpg 1198w, https:\/\/www.immobilienbusiness.ch\/wp-content\/uploads\/2022\/03\/Arnaud-de-Jamblinne-et-Michael-Loose-920x614.jpg 920w\" sizes=\"auto, (max-width: 2560px) 100vw, 2560px\" \/><\/a><figcaption id=\"caption-attachment-41996\" class=\"wp-caption-text\">Arnaud de Jamblinne and Michael Loose (Source: Investissements Fonciers)<\/figcaption><\/figure>\n<p>Michael Loose will take up his new position as General Manager at La Fonci\u00e8re on March 31, 2022. He succeeds in office Arnaud de Jamblinne, who served as General Manager for 25 years and was responsible for the services of the Lausanne-based investment manager Investissements Fonciers and the successful development of the La Fonci\u00e8re investment fund: the market capitalization of the Swiss real estate investment fund, founded in 1954, now exceeds CHF 2 billion.<\/p>\n<p>Michael Loose, a graduate architect from EPFL, has held various management positions in the real estate sector in Switzerland and abroad, most recently as Managing Director at Prime Living Management. Previously, he worked for Siemens, UBS, SBB and Coldwell Banker.<\/p>\n<p>\"Working with Mr. Thomas Vonaesch, the director in charge of managing the real estate portfolio, Michael Loose will have all the skills and support necessary to continue the strategy successfully led by Arnaud de Jamblinne for almost 25 years,\" said Albert Michel, Chairman of the Board of Directors of Investissements Fonciers SA, on the occasion of the election of Arnaud de Jamblinne's successor last fall: \"Michael Loose will be able to further develop our company and La Fonci\u00e8re and build them into a leading center of excellence in the field of real estate investment funds in Switzerland.\"<\/p>\n<p>As of April 1, 2022, the management of Investissements Fonciers SA will be composed as follows: Michael Loose, General Manager, Thomas Vonaesch, Director Portfolio Management, Jean-Marie Pilloud, Director responsible for Finance and Accounting. <em>(bw)<\/em><\/p>","protected":false},"excerpt":{"rendered":"<p>Michael Loose is the new general manager of La Fonci\u00e8re. He succeeds Arnaud de Jamblinne, who had been at the helm of the fund since 1997.<\/p>","protected":false},"author":3,"featured_media":41996,"comment_status":"closed","ping_status":"closed","sticky":false,"template":"","format":"standard","meta":{"_acf_changed":false,"_yoast_wpseo_focuskw":"Fonciere","_yoast_wpseo_title":"","_yoast_wpseo_metadesc":"Michael Loose ist neuer Generaldirektor des La Fonci\u00e8re. Er folgt auf Arnaud de Jamblinne, der seit 1997 an der Spitze des Fonds stand.","_yoast_wpseo_linkdex":49,"pgc_sgb_lightbox_settings":"","footnotes":""},"categories":[1912],"tags":[1344,1431,1563],"class_list":["post-41995","post","type-post","status-publish","format-standard","has-post-thumbnail","hentry","category-personalia","tag-immobilienfonds","tag-la-fonciere","tag-personalia"],"acf":[],"yoast_head":"<!-- This site is optimized with the Yoast SEO plugin v27.5 - https:\/\/yoast.com\/product\/yoast-seo-wordpress\/ -->\n<title>Stab\u00fcbergabe bei La Fonci\u00e8re - IMMOBILIEN Business<\/title>\n<meta name=\"description\" content=\"Michael Loose ist neuer Generaldirektor des La Fonci\u00e8re. Er folgt auf Arnaud de Jamblinne, der seit 1997 an der Spitze des Fonds stand.\" \/>\n<meta name=\"robots\" content=\"index, follow, max-snippet:-1, max-image-preview:large, max-video-preview:-1\" \/>\n<link rel=\"canonical\" href=\"https:\/\/www.immobilienbusiness.ch\/en\/personalia\/2022-03-31\/stabuebergabe-bei-la-fonciere\/\" \/>\n<meta property=\"og:locale\" content=\"en_US\" \/>\n<meta property=\"og:type\" content=\"article\" \/>\n<meta property=\"og:title\" content=\"Stab\u00fcbergabe bei La Fonci\u00e8re - IMMOBILIEN Business\" \/>\n<meta property=\"og:description\" content=\"Michael Loose ist neuer Generaldirektor des La Fonci\u00e8re. Er folgt auf Arnaud de Jamblinne, der seit 1997 an der Spitze des Fonds stand.\" \/>\n<meta property=\"og:url\" content=\"https:\/\/www.immobilienbusiness.ch\/en\/personalia\/2022-03-31\/stabuebergabe-bei-la-fonciere\/\" \/>\n<meta property=\"og:site_name\" content=\"IMMOBILIEN Business\" \/>\n<meta property=\"article:publisher\" content=\"https:\/\/www.facebook.com\/immobilienbusiness\/\" \/>\n<meta property=\"article:published_time\" content=\"2022-03-31T06:20:38+00:00\" \/>\n<meta property=\"og:image\" content=\"https:\/\/www.immobilienbusiness.ch\/wp-content\/uploads\/2022\/03\/Arnaud-de-Jamblinne-et-Michael-Loose-scaled.jpg\" \/>\n\t<meta property=\"og:image:width\" content=\"1200\" \/>\n\t<meta property=\"og:image:height\" content=\"801\" \/>\n\t<meta property=\"og:image:type\" content=\"image\/jpeg\" \/>\n<meta name=\"author\" content=\"anja.hall\" \/>\n<meta name=\"twitter:card\" content=\"summary_large_image\" \/>\n<meta name=\"twitter:image\" content=\"https:\/\/www.immobilienbusiness.ch\/wp-content\/uploads\/2022\/03\/Arnaud-de-Jamblinne-et-Michael-Loose-scaled.jpg\" \/>\n<script type=\"application\/ld+json\" class=\"yoast-schema-graph\">{\"@context\":\"https:\\\/\\\/schema.org\",\"@graph\":[{\"@type\":\"Article\",\"@id\":\"https:\\\/\\\/www.immobilienbusiness.ch\\\/de\\\/personalia\\\/2022-03-31\\\/stabuebergabe-bei-la-fonciere\\\/#article\",\"isPartOf\":{\"@id\":\"https:\\\/\\\/www.immobilienbusiness.ch\\\/de\\\/personalia\\\/2022-03-31\\\/stabuebergabe-bei-la-fonciere\\\/\"},\"author\":{\"name\":\"anja.hall\",\"@id\":\"https:\\\/\\\/www.immobilienbusiness.ch\\\/#\\\/schema\\\/person\\\/3fc036297b10b9f42d6db5ee932af8c8\"},\"headline\":\"Stab\u00fcbergabe bei La Fonci\u00e8re\",\"datePublished\":\"2022-03-31T06:20:38+00:00\",\"mainEntityOfPage\":{\"@id\":\"https:\\\/\\\/www.immobilienbusiness.ch\\\/de\\\/personalia\\\/2022-03-31\\\/stabuebergabe-bei-la-fonciere\\\/\"},\"wordCount\":261,\"publisher\":{\"@id\":\"https:\\\/\\\/www.immobilienbusiness.ch\\\/#organization\"},\"image\":{\"@id\":\"https:\\\/\\\/www.immobilienbusiness.ch\\\/de\\\/personalia\\\/2022-03-31\\\/stabuebergabe-bei-la-fonciere\\\/#primaryimage\"},\"thumbnailUrl\":\"https:\\\/\\\/www.immobilienbusiness.ch\\\/wp-content\\\/uploads\\\/2022\\\/03\\\/Arnaud-de-Jamblinne-et-Michael-Loose-scaled.jpg\",\"keywords\":[\"Immobilienfonds\",\"La Fonci\u00e8re\",\"Personalia\"],\"articleSection\":[\"PERSONALIA\"],\"inLanguage\":\"en-US\"},{\"@type\":\"WebPage\",\"@id\":\"https:\\\/\\\/www.immobilienbusiness.ch\\\/de\\\/personalia\\\/2022-03-31\\\/stabuebergabe-bei-la-fonciere\\\/\",\"url\":\"https:\\\/\\\/www.immobilienbusiness.ch\\\/de\\\/personalia\\\/2022-03-31\\\/stabuebergabe-bei-la-fonciere\\\/\",\"name\":\"Stab\u00fcbergabe bei La Fonci\u00e8re - IMMOBILIEN Business\",\"isPartOf\":{\"@id\":\"https:\\\/\\\/www.immobilienbusiness.ch\\\/#website\"},\"primaryImageOfPage\":{\"@id\":\"https:\\\/\\\/www.immobilienbusiness.ch\\\/de\\\/personalia\\\/2022-03-31\\\/stabuebergabe-bei-la-fonciere\\\/#primaryimage\"},\"image\":{\"@id\":\"https:\\\/\\\/www.immobilienbusiness.ch\\\/de\\\/personalia\\\/2022-03-31\\\/stabuebergabe-bei-la-fonciere\\\/#primaryimage\"},\"thumbnailUrl\":\"https:\\\/\\\/www.immobilienbusiness.ch\\\/wp-content\\\/uploads\\\/2022\\\/03\\\/Arnaud-de-Jamblinne-et-Michael-Loose-scaled.jpg\",\"datePublished\":\"2022-03-31T06:20:38+00:00\",\"description\":\"Michael Loose ist neuer Generaldirektor des La Fonci\u00e8re. Er folgt auf Arnaud de Jamblinne, der seit 1997 an der Spitze des Fonds stand.\",\"breadcrumb\":{\"@id\":\"https:\\\/\\\/www.immobilienbusiness.ch\\\/de\\\/personalia\\\/2022-03-31\\\/stabuebergabe-bei-la-fonciere\\\/#breadcrumb\"},\"inLanguage\":\"en-US\",\"potentialAction\":[{\"@type\":\"ReadAction\",\"target\":[\"https:\\\/\\\/www.immobilienbusiness.ch\\\/de\\\/personalia\\\/2022-03-31\\\/stabuebergabe-bei-la-fonciere\\\/\"]}]},{\"@type\":\"ImageObject\",\"inLanguage\":\"en-US\",\"@id\":\"https:\\\/\\\/www.immobilienbusiness.ch\\\/de\\\/personalia\\\/2022-03-31\\\/stabuebergabe-bei-la-fonciere\\\/#primaryimage\",\"url\":\"https:\\\/\\\/www.immobilienbusiness.ch\\\/wp-content\\\/uploads\\\/2022\\\/03\\\/Arnaud-de-Jamblinne-et-Michael-Loose-scaled.jpg\",\"contentUrl\":\"https:\\\/\\\/www.immobilienbusiness.ch\\\/wp-content\\\/uploads\\\/2022\\\/03\\\/Arnaud-de-Jamblinne-et-Michael-Loose-scaled.jpg\",\"width\":1200,\"height\":801,\"caption\":\"Arnaud de Jamblinne und Michael Loose (Quelle: Investissements Fonciers)\"},{\"@type\":\"BreadcrumbList\",\"@id\":\"https:\\\/\\\/www.immobilienbusiness.ch\\\/de\\\/personalia\\\/2022-03-31\\\/stabuebergabe-bei-la-fonciere\\\/#breadcrumb\",\"itemListElement\":[{\"@type\":\"ListItem\",\"position\":1,\"name\":\"Home\",\"item\":\"https:\\\/\\\/www.immobilienbusiness.ch\\\/\"},{\"@type\":\"ListItem\",\"position\":2,\"name\":\"Stab\u00fcbergabe bei La Fonci\u00e8re\"}]},{\"@type\":\"WebSite\",\"@id\":\"https:\\\/\\\/www.immobilienbusiness.ch\\\/#website\",\"url\":\"https:\\\/\\\/www.immobilienbusiness.ch\\\/\",\"name\":\"IMMOBILIEN Business\",\"description\":\"Unabh\u00e4ngiges Schweizer Wirtschaftsmagazin mit Fokus auf Immobilien, Architektur- und Bau sowie Investment- und Finanzierung.\",\"publisher\":{\"@id\":\"https:\\\/\\\/www.immobilienbusiness.ch\\\/#organization\"},\"potentialAction\":[{\"@type\":\"SearchAction\",\"target\":{\"@type\":\"EntryPoint\",\"urlTemplate\":\"https:\\\/\\\/www.immobilienbusiness.ch\\\/?s={search_term_string}\"},\"query-input\":{\"@type\":\"PropertyValueSpecification\",\"valueRequired\":true,\"valueName\":\"search_term_string\"}}],\"inLanguage\":\"en-US\"},{\"@type\":\"Organization\",\"@id\":\"https:\\\/\\\/www.immobilienbusiness.ch\\\/#organization\",\"name\":\"IMMOBILIEN Business\",\"url\":\"https:\\\/\\\/www.immobilienbusiness.ch\\\/\",\"logo\":{\"@type\":\"ImageObject\",\"inLanguage\":\"en-US\",\"@id\":\"https:\\\/\\\/www.immobilienbusiness.ch\\\/#\\\/schema\\\/logo\\\/image\\\/\",\"url\":\"https:\\\/\\\/www.immobilienbusiness.ch\\\/wp-content\\\/uploads\\\/2021\\\/07\\\/logo_ib.png\",\"contentUrl\":\"https:\\\/\\\/www.immobilienbusiness.ch\\\/wp-content\\\/uploads\\\/2021\\\/07\\\/logo_ib.png\",\"width\":800,\"height\":181,\"caption\":\"IMMOBILIEN Business\"},\"image\":{\"@id\":\"https:\\\/\\\/www.immobilienbusiness.ch\\\/#\\\/schema\\\/logo\\\/image\\\/\"},\"sameAs\":[\"https:\\\/\\\/www.facebook.com\\\/immobilienbusiness\\\/\"]},{\"@type\":\"Person\",\"@id\":\"https:\\\/\\\/www.immobilienbusiness.ch\\\/#\\\/schema\\\/person\\\/3fc036297b10b9f42d6db5ee932af8c8\",\"name\":\"anja.hall\",\"image\":{\"@type\":\"ImageObject\",\"inLanguage\":\"en-US\",\"@id\":\"https:\\\/\\\/secure.gravatar.com\\\/avatar\\\/066b5a0d447013502c71a5782f4f3469f03cfe595cc2329fb94652fe47511bfb?s=96&d=mm&r=g\",\"url\":\"https:\\\/\\\/secure.gravatar.com\\\/avatar\\\/066b5a0d447013502c71a5782f4f3469f03cfe595cc2329fb94652fe47511bfb?s=96&d=mm&r=g\",\"contentUrl\":\"https:\\\/\\\/secure.gravatar.com\\\/avatar\\\/066b5a0d447013502c71a5782f4f3469f03cfe595cc2329fb94652fe47511bfb?s=96&d=mm&r=g\",\"caption\":\"anja.hall\"},\"url\":\"https:\\\/\\\/www.immobilienbusiness.ch\\\/en\\\/author\\\/anja-hall\\\/\"}]}<\/script>\n<!-- \/ Yoast SEO plugin. -->","yoast_head_json":{"title":"Stab\u00fcbergabe bei La Fonci\u00e8re - IMMOBILIEN Business","description":"Michael Loose is the new general manager of La Fonci\u00e8re. He succeeds Arnaud de Jamblinne, who had been at the helm of the fund since 1997.","robots":{"index":"index","follow":"follow","max-snippet":"max-snippet:-1","max-image-preview":"max-image-preview:large","max-video-preview":"max-video-preview:-1"},"canonical":"https:\/\/www.immobilienbusiness.ch\/en\/personalia\/2022-03-31\/stabuebergabe-bei-la-fonciere\/","og_locale":"en_US","og_type":"article","og_title":"Stab\u00fcbergabe bei La Fonci\u00e8re - IMMOBILIEN Business","og_description":"Michael Loose ist neuer Generaldirektor des La Fonci\u00e8re. Er folgt auf Arnaud de Jamblinne, der seit 1997 an der Spitze des Fonds stand.","og_url":"https:\/\/www.immobilienbusiness.ch\/en\/personalia\/2022-03-31\/stabuebergabe-bei-la-fonciere\/","og_site_name":"IMMOBILIEN Business","article_publisher":"https:\/\/www.facebook.com\/immobilienbusiness\/","article_published_time":"2022-03-31T06:20:38+00:00","og_image":[{"width":1200,"height":801,"url":"https:\/\/www.immobilienbusiness.ch\/wp-content\/uploads\/2022\/03\/Arnaud-de-Jamblinne-et-Michael-Loose-scaled.jpg","type":"image\/jpeg"}],"author":"anja.hall","twitter_card":"summary_large_image","twitter_image":"https:\/\/www.immobilienbusiness.ch\/wp-content\/uploads\/2022\/03\/Arnaud-de-Jamblinne-et-Michael-Loose-scaled.jpg","schema":{"@context":"https:\/\/schema.org","@graph":[{"@type":"Article","@id":"https:\/\/www.immobilienbusiness.ch\/de\/personalia\/2022-03-31\/stabuebergabe-bei-la-fonciere\/#article","isPartOf":{"@id":"https:\/\/www.immobilienbusiness.ch\/de\/personalia\/2022-03-31\/stabuebergabe-bei-la-fonciere\/"},"author":{"name":"anja.hall","@id":"https:\/\/www.immobilienbusiness.ch\/#\/schema\/person\/3fc036297b10b9f42d6db5ee932af8c8"},"headline":"Stab\u00fcbergabe bei La Fonci\u00e8re","datePublished":"2022-03-31T06:20:38+00:00","mainEntityOfPage":{"@id":"https:\/\/www.immobilienbusiness.ch\/de\/personalia\/2022-03-31\/stabuebergabe-bei-la-fonciere\/"},"wordCount":261,"publisher":{"@id":"https:\/\/www.immobilienbusiness.ch\/#organization"},"image":{"@id":"https:\/\/www.immobilienbusiness.ch\/de\/personalia\/2022-03-31\/stabuebergabe-bei-la-fonciere\/#primaryimage"},"thumbnailUrl":"https:\/\/www.immobilienbusiness.ch\/wp-content\/uploads\/2022\/03\/Arnaud-de-Jamblinne-et-Michael-Loose-scaled.jpg","keywords":["Immobilienfonds","La Fonci\u00e8re","Personalia"],"articleSection":["PERSONALIA"],"inLanguage":"en-US"},{"@type":"WebPage","@id":"https:\/\/www.immobilienbusiness.ch\/de\/personalia\/2022-03-31\/stabuebergabe-bei-la-fonciere\/","url":"https:\/\/www.immobilienbusiness.ch\/de\/personalia\/2022-03-31\/stabuebergabe-bei-la-fonciere\/","name":"Stab\u00fcbergabe bei La Fonci\u00e8re - IMMOBILIEN Business","isPartOf":{"@id":"https:\/\/www.immobilienbusiness.ch\/#website"},"primaryImageOfPage":{"@id":"https:\/\/www.immobilienbusiness.ch\/de\/personalia\/2022-03-31\/stabuebergabe-bei-la-fonciere\/#primaryimage"},"image":{"@id":"https:\/\/www.immobilienbusiness.ch\/de\/personalia\/2022-03-31\/stabuebergabe-bei-la-fonciere\/#primaryimage"},"thumbnailUrl":"https:\/\/www.immobilienbusiness.ch\/wp-content\/uploads\/2022\/03\/Arnaud-de-Jamblinne-et-Michael-Loose-scaled.jpg","datePublished":"2022-03-31T06:20:38+00:00","description":"Michael Loose is the new general manager of La Fonci\u00e8re. He succeeds Arnaud de Jamblinne, who had been at the helm of the fund since 1997.","breadcrumb":{"@id":"https:\/\/www.immobilienbusiness.ch\/de\/personalia\/2022-03-31\/stabuebergabe-bei-la-fonciere\/#breadcrumb"},"inLanguage":"en-US","potentialAction":[{"@type":"ReadAction","target":["https:\/\/www.immobilienbusiness.ch\/de\/personalia\/2022-03-31\/stabuebergabe-bei-la-fonciere\/"]}]},{"@type":"ImageObject","inLanguage":"en-US","@id":"https:\/\/www.immobilienbusiness.ch\/de\/personalia\/2022-03-31\/stabuebergabe-bei-la-fonciere\/#primaryimage","url":"https:\/\/www.immobilienbusiness.ch\/wp-content\/uploads\/2022\/03\/Arnaud-de-Jamblinne-et-Michael-Loose-scaled.jpg","contentUrl":"https:\/\/www.immobilienbusiness.ch\/wp-content\/uploads\/2022\/03\/Arnaud-de-Jamblinne-et-Michael-Loose-scaled.jpg","width":1200,"height":801,"caption":"Arnaud de Jamblinne und Michael Loose (Quelle: Investissements Fonciers)"},{"@type":"BreadcrumbList","@id":"https:\/\/www.immobilienbusiness.ch\/de\/personalia\/2022-03-31\/stabuebergabe-bei-la-fonciere\/#breadcrumb","itemListElement":[{"@type":"ListItem","position":1,"name":"Home","item":"https:\/\/www.immobilienbusiness.ch\/"},{"@type":"ListItem","position":2,"name":"Stab\u00fcbergabe bei La Fonci\u00e8re"}]},{"@type":"WebSite","@id":"https:\/\/www.immobilienbusiness.ch\/#website","url":"https:\/\/www.immobilienbusiness.ch\/","name":"REAL ESTATE Business","description":"Independent Swiss business magazine focusing on real estate, architecture and construction as well as investment and financing.","publisher":{"@id":"https:\/\/www.immobilienbusiness.ch\/#organization"},"potentialAction":[{"@type":"SearchAction","target":{"@type":"EntryPoint","urlTemplate":"https:\/\/www.immobilienbusiness.ch\/?s={search_term_string}"},"query-input":{"@type":"PropertyValueSpecification","valueRequired":true,"valueName":"search_term_string"}}],"inLanguage":"en-US"},{"@type":"Organization","@id":"https:\/\/www.immobilienbusiness.ch\/#organization","name":"REAL ESTATE Business","url":"https:\/\/www.immobilienbusiness.ch\/","logo":{"@type":"ImageObject","inLanguage":"en-US","@id":"https:\/\/www.immobilienbusiness.ch\/#\/schema\/logo\/image\/","url":"https:\/\/www.immobilienbusiness.ch\/wp-content\/uploads\/2021\/07\/logo_ib.png","contentUrl":"https:\/\/www.immobilienbusiness.ch\/wp-content\/uploads\/2021\/07\/logo_ib.png","width":800,"height":181,"caption":"IMMOBILIEN Business"},"image":{"@id":"https:\/\/www.immobilienbusiness.ch\/#\/schema\/logo\/image\/"},"sameAs":["https:\/\/www.facebook.com\/immobilienbusiness\/"]},{"@type":"Person","@id":"https:\/\/www.immobilienbusiness.ch\/#\/schema\/person\/3fc036297b10b9f42d6db5ee932af8c8","name":"anja.hall","image":{"@type":"ImageObject","inLanguage":"en-US","@id":"https:\/\/secure.gravatar.com\/avatar\/066b5a0d447013502c71a5782f4f3469f03cfe595cc2329fb94652fe47511bfb?s=96&d=mm&r=g","url":"https:\/\/secure.gravatar.com\/avatar\/066b5a0d447013502c71a5782f4f3469f03cfe595cc2329fb94652fe47511bfb?s=96&d=mm&r=g","contentUrl":"https:\/\/secure.gravatar.com\/avatar\/066b5a0d447013502c71a5782f4f3469f03cfe595cc2329fb94652fe47511bfb?s=96&d=mm&r=g","caption":"anja.hall"},"url":"https:\/\/www.immobilienbusiness.ch\/en\/author\/anja-hall\/"}]}},"_links":{"self":[{"href":"https:\/\/www.immobilienbusiness.ch\/en\/wp-json\/wp\/v2\/posts\/41995","targetHints":{"allow":["GET"]}}],"collection":[{"href":"https:\/\/www.immobilienbusiness.ch\/en\/wp-json\/wp\/v2\/posts"}],"about":[{"href":"https:\/\/www.immobilienbusiness.ch\/en\/wp-json\/wp\/v2\/types\/post"}],"author":[{"embeddable":true,"href":"https:\/\/www.immobilienbusiness.ch\/en\/wp-json\/wp\/v2\/users\/3"}],"replies":[{"embeddable":true,"href":"https:\/\/www.immobilienbusiness.ch\/en\/wp-json\/wp\/v2\/comments?post=41995"}],"version-history":[{"count":2,"href":"https:\/\/www.immobilienbusiness.ch\/en\/wp-json\/wp\/v2\/posts\/41995\/revisions"}],"predecessor-version":[{"id":41998,"href":"https:\/\/www.immobilienbusiness.ch\/en\/wp-json\/wp\/v2\/posts\/41995\/revisions\/41998"}],"wp:featuredmedia":[{"embeddable":true,"href":"https:\/\/www.immobilienbusiness.ch\/en\/wp-json\/wp\/v2\/media\/41996"}],"wp:attachment":[{"href":"https:\/\/www.immobilienbusiness.ch\/en\/wp-json\/wp\/v2\/media?parent=41995"}],"wp:term":[{"taxonomy":"category","embeddable":true,"href":"https:\/\/www.immobilienbusiness.ch\/en\/wp-json\/wp\/v2\/categories?post=41995"},{"taxonomy":"post_tag","embeddable":true,"href":"https:\/\/www.immobilienbusiness.ch\/en\/wp-json\/wp\/v2\/tags?post=41995"}],"curies":[{"name":"wp","href":"https:\/\/api.w.org\/{rel}","templated":true}]}}