{"id":41700,"date":"2021-11-12T08:59:44","date_gmt":"2021-11-12T07:59:44","guid":{"rendered":"https:\/\/develop.immobilienbusiness.ch\/de\/allgemein\/2021-11-12\/nyon-baustart-fur-residenz-domaine-du-lac\/"},"modified":"2023-06-27T07:23:43","modified_gmt":"2023-06-27T05:23:43","slug":"nyon-baustart-fur-residenz-domaine-du-lac","status":"publish","type":"post","link":"https:\/\/www.immobilienbusiness.ch\/en\/ib\/2021-11-12\/nyon-baustart-fur-residenz-domaine-du-lac\/","title":{"rendered":"Nyon: Start of construction for Domaine du Lac residence"},"content":{"rendered":"<div class=\"swpm-post-not-logged-in-msg\">You need to be logged in to view this content. Please <a class=\"swpm-login-link\" href=\"https:\/\/www.immobilienbusiness.ch\/en\/login\/?swpm_redirect_to=https%3A%2F%2Fwww.immobilienbusiness.ch%2Fen%2Fwp-json%2Fwp%2Fv2%2Fposts%2F41700\">Log In<\/a>. Not a member? <a href=\"https:\/\/www.immobilienbusiness.ch\/en\/registrieren\/\">Join Us<\/a><\/div>","protected":false},"excerpt":{"rendered":"<p><span><span><span>Work has begun on the shell of the Domaine du Lac residential development in Nyon. Halter AG is building 49 apartments in three apartment buildings on the shores of Lake Geneva.<\/span><\/span><\/span><\/p>","protected":false},"author":3,"featured_media":0,"comment_status":"closed","ping_status":"closed","sticky":false,"template":"","format":"standard","meta":{"_acf_changed":false,"_yoast_wpseo_focuskw":"Domaine du Lac Nyon","_yoast_wpseo_title":"","_yoast_wpseo_metadesc":"In Nyon ist mit den Rohbauarbeiten f\u00fcr die Wohn\u00fcberbauung Domaine du Lac begonnen worden. Die Halter AG erstellt am Ufer des Genfersees 49 Wohnungen in drei Mehrfamilienh\u00e4usern.","_yoast_wpseo_linkdex":44,"pgc_sgb_lightbox_settings":"","footnotes":""},"categories":[1951],"tags":[1964,1959,1990],"class_list":["post-41700","post","type-post","status-publish","format-standard","hentry","category-ib","tag-in-bau","tag-mfh-stockwerkeigentum","tag-vd"],"acf":[],"yoast_head":"<!-- This site is optimized with the Yoast SEO plugin v27.4 - https:\/\/yoast.com\/product\/yoast-seo-wordpress\/ -->\n<title>Nyon: Baustart f\u00fcr Residenz Domaine du Lac - IMMOBILIEN Business<\/title>\n<meta name=\"description\" content=\"In Nyon ist mit den Rohbauarbeiten f\u00fcr die Wohn\u00fcberbauung Domaine du Lac begonnen worden. Die Halter AG erstellt am Ufer des Genfersees 49 Wohnungen in drei Mehrfamilienh\u00e4usern.\" \/>\n<meta name=\"robots\" content=\"index, follow, max-snippet:-1, max-image-preview:large, max-video-preview:-1\" \/>\n<link rel=\"canonical\" href=\"https:\/\/www.immobilienbusiness.ch\/en\/ib\/2021-11-12\/nyon-baustart-fur-residenz-domaine-du-lac\/\" \/>\n<meta property=\"og:locale\" content=\"en_US\" \/>\n<meta property=\"og:type\" content=\"article\" \/>\n<meta property=\"og:title\" content=\"Nyon: Baustart f\u00fcr Residenz Domaine du Lac - IMMOBILIEN Business\" \/>\n<meta property=\"og:description\" content=\"In Nyon ist mit den Rohbauarbeiten f\u00fcr die Wohn\u00fcberbauung Domaine du Lac begonnen worden. Die Halter AG erstellt am Ufer des Genfersees 49 Wohnungen in drei Mehrfamilienh\u00e4usern.\" \/>\n<meta property=\"og:url\" content=\"https:\/\/www.immobilienbusiness.ch\/en\/ib\/2021-11-12\/nyon-baustart-fur-residenz-domaine-du-lac\/\" \/>\n<meta property=\"og:site_name\" content=\"IMMOBILIEN Business\" \/>\n<meta property=\"article:publisher\" content=\"https:\/\/www.facebook.com\/immobilienbusiness\/\" \/>\n<meta property=\"article:published_time\" content=\"2021-11-12T07:59:44+00:00\" \/>\n<meta property=\"article:modified_time\" content=\"2023-06-27T05:23:43+00:00\" \/>\n<meta name=\"author\" content=\"anja.hall\" \/>\n<meta name=\"twitter:card\" content=\"summary_large_image\" \/>\n<script type=\"application\/ld+json\" class=\"yoast-schema-graph\">{\"@context\":\"https:\\\/\\\/schema.org\",\"@graph\":[{\"@type\":\"Article\",\"@id\":\"https:\\\/\\\/www.immobilienbusiness.ch\\\/ib\\\/2021-11-12\\\/nyon-baustart-fur-residenz-domaine-du-lac\\\/#article\",\"isPartOf\":{\"@id\":\"https:\\\/\\\/www.immobilienbusiness.ch\\\/ib\\\/2021-11-12\\\/nyon-baustart-fur-residenz-domaine-du-lac\\\/\"},\"author\":{\"name\":\"anja.hall\",\"@id\":\"https:\\\/\\\/www.immobilienbusiness.ch\\\/#\\\/schema\\\/person\\\/3fc036297b10b9f42d6db5ee932af8c8\"},\"headline\":\"Nyon: Baustart f\u00fcr Residenz Domaine du Lac\",\"datePublished\":\"2021-11-12T07:59:44+00:00\",\"dateModified\":\"2023-06-27T05:23:43+00:00\",\"mainEntityOfPage\":{\"@id\":\"https:\\\/\\\/www.immobilienbusiness.ch\\\/ib\\\/2021-11-12\\\/nyon-baustart-fur-residenz-domaine-du-lac\\\/\"},\"wordCount\":209,\"publisher\":{\"@id\":\"https:\\\/\\\/www.immobilienbusiness.ch\\\/#organization\"},\"keywords\":[\"in Bau\",\"MFH Stockwerkeigentum\",\"VD\"],\"articleSection\":[\"IB+\"],\"inLanguage\":\"en-US\"},{\"@type\":\"WebPage\",\"@id\":\"https:\\\/\\\/www.immobilienbusiness.ch\\\/ib\\\/2021-11-12\\\/nyon-baustart-fur-residenz-domaine-du-lac\\\/\",\"url\":\"https:\\\/\\\/www.immobilienbusiness.ch\\\/ib\\\/2021-11-12\\\/nyon-baustart-fur-residenz-domaine-du-lac\\\/\",\"name\":\"Nyon: Baustart f\u00fcr Residenz Domaine du Lac - IMMOBILIEN Business\",\"isPartOf\":{\"@id\":\"https:\\\/\\\/www.immobilienbusiness.ch\\\/#website\"},\"datePublished\":\"2021-11-12T07:59:44+00:00\",\"dateModified\":\"2023-06-27T05:23:43+00:00\",\"description\":\"In Nyon ist mit den Rohbauarbeiten f\u00fcr die Wohn\u00fcberbauung Domaine du Lac begonnen worden. Die Halter AG erstellt am Ufer des Genfersees 49 Wohnungen in drei Mehrfamilienh\u00e4usern.\",\"breadcrumb\":{\"@id\":\"https:\\\/\\\/www.immobilienbusiness.ch\\\/ib\\\/2021-11-12\\\/nyon-baustart-fur-residenz-domaine-du-lac\\\/#breadcrumb\"},\"inLanguage\":\"en-US\",\"potentialAction\":[{\"@type\":\"ReadAction\",\"target\":[\"https:\\\/\\\/www.immobilienbusiness.ch\\\/ib\\\/2021-11-12\\\/nyon-baustart-fur-residenz-domaine-du-lac\\\/\"]}]},{\"@type\":\"BreadcrumbList\",\"@id\":\"https:\\\/\\\/www.immobilienbusiness.ch\\\/ib\\\/2021-11-12\\\/nyon-baustart-fur-residenz-domaine-du-lac\\\/#breadcrumb\",\"itemListElement\":[{\"@type\":\"ListItem\",\"position\":1,\"name\":\"Home\",\"item\":\"https:\\\/\\\/www.immobilienbusiness.ch\\\/\"},{\"@type\":\"ListItem\",\"position\":2,\"name\":\"Nyon: Baustart f\u00fcr Residenz Domaine du Lac\"}]},{\"@type\":\"WebSite\",\"@id\":\"https:\\\/\\\/www.immobilienbusiness.ch\\\/#website\",\"url\":\"https:\\\/\\\/www.immobilienbusiness.ch\\\/\",\"name\":\"IMMOBILIEN Business\",\"description\":\"Unabh\u00e4ngiges Schweizer Wirtschaftsmagazin mit Fokus auf Immobilien, Architektur- und Bau sowie Investment- und Finanzierung.\",\"publisher\":{\"@id\":\"https:\\\/\\\/www.immobilienbusiness.ch\\\/#organization\"},\"potentialAction\":[{\"@type\":\"SearchAction\",\"target\":{\"@type\":\"EntryPoint\",\"urlTemplate\":\"https:\\\/\\\/www.immobilienbusiness.ch\\\/?s={search_term_string}\"},\"query-input\":{\"@type\":\"PropertyValueSpecification\",\"valueRequired\":true,\"valueName\":\"search_term_string\"}}],\"inLanguage\":\"en-US\"},{\"@type\":\"Organization\",\"@id\":\"https:\\\/\\\/www.immobilienbusiness.ch\\\/#organization\",\"name\":\"IMMOBILIEN Business\",\"url\":\"https:\\\/\\\/www.immobilienbusiness.ch\\\/\",\"logo\":{\"@type\":\"ImageObject\",\"inLanguage\":\"en-US\",\"@id\":\"https:\\\/\\\/www.immobilienbusiness.ch\\\/#\\\/schema\\\/logo\\\/image\\\/\",\"url\":\"https:\\\/\\\/www.immobilienbusiness.ch\\\/wp-content\\\/uploads\\\/2021\\\/07\\\/logo_ib.png\",\"contentUrl\":\"https:\\\/\\\/www.immobilienbusiness.ch\\\/wp-content\\\/uploads\\\/2021\\\/07\\\/logo_ib.png\",\"width\":800,\"height\":181,\"caption\":\"IMMOBILIEN Business\"},\"image\":{\"@id\":\"https:\\\/\\\/www.immobilienbusiness.ch\\\/#\\\/schema\\\/logo\\\/image\\\/\"},\"sameAs\":[\"https:\\\/\\\/www.facebook.com\\\/immobilienbusiness\\\/\"]},{\"@type\":\"Person\",\"@id\":\"https:\\\/\\\/www.immobilienbusiness.ch\\\/#\\\/schema\\\/person\\\/3fc036297b10b9f42d6db5ee932af8c8\",\"name\":\"anja.hall\",\"image\":{\"@type\":\"ImageObject\",\"inLanguage\":\"en-US\",\"@id\":\"https:\\\/\\\/secure.gravatar.com\\\/avatar\\\/066b5a0d447013502c71a5782f4f3469f03cfe595cc2329fb94652fe47511bfb?s=96&d=mm&r=g\",\"url\":\"https:\\\/\\\/secure.gravatar.com\\\/avatar\\\/066b5a0d447013502c71a5782f4f3469f03cfe595cc2329fb94652fe47511bfb?s=96&d=mm&r=g\",\"contentUrl\":\"https:\\\/\\\/secure.gravatar.com\\\/avatar\\\/066b5a0d447013502c71a5782f4f3469f03cfe595cc2329fb94652fe47511bfb?s=96&d=mm&r=g\",\"caption\":\"anja.hall\"},\"url\":\"https:\\\/\\\/www.immobilienbusiness.ch\\\/en\\\/author\\\/anja-hall\\\/\"}]}<\/script>\n<!-- \/ Yoast SEO plugin. -->","yoast_head_json":{"title":"Nyon: Start of construction for Domaine du Lac residence - IMMOBILIEN Business","description":"Work has begun on the shell of the Domaine du Lac residential development in Nyon. Halter AG is building 49 apartments in three apartment buildings on the shores of Lake Geneva.","robots":{"index":"index","follow":"follow","max-snippet":"max-snippet:-1","max-image-preview":"max-image-preview:large","max-video-preview":"max-video-preview:-1"},"canonical":"https:\/\/www.immobilienbusiness.ch\/en\/ib\/2021-11-12\/nyon-baustart-fur-residenz-domaine-du-lac\/","og_locale":"en_US","og_type":"article","og_title":"Nyon: Baustart f\u00fcr Residenz Domaine du Lac - IMMOBILIEN Business","og_description":"In Nyon ist mit den Rohbauarbeiten f\u00fcr die Wohn\u00fcberbauung Domaine du Lac begonnen worden. Die Halter AG erstellt am Ufer des Genfersees 49 Wohnungen in drei Mehrfamilienh\u00e4usern.","og_url":"https:\/\/www.immobilienbusiness.ch\/en\/ib\/2021-11-12\/nyon-baustart-fur-residenz-domaine-du-lac\/","og_site_name":"IMMOBILIEN Business","article_publisher":"https:\/\/www.facebook.com\/immobilienbusiness\/","article_published_time":"2021-11-12T07:59:44+00:00","article_modified_time":"2023-06-27T05:23:43+00:00","author":"anja.hall","twitter_card":"summary_large_image","schema":{"@context":"https:\/\/schema.org","@graph":[{"@type":"Article","@id":"https:\/\/www.immobilienbusiness.ch\/ib\/2021-11-12\/nyon-baustart-fur-residenz-domaine-du-lac\/#article","isPartOf":{"@id":"https:\/\/www.immobilienbusiness.ch\/ib\/2021-11-12\/nyon-baustart-fur-residenz-domaine-du-lac\/"},"author":{"name":"anja.hall","@id":"https:\/\/www.immobilienbusiness.ch\/#\/schema\/person\/3fc036297b10b9f42d6db5ee932af8c8"},"headline":"Nyon: Baustart f\u00fcr Residenz Domaine du Lac","datePublished":"2021-11-12T07:59:44+00:00","dateModified":"2023-06-27T05:23:43+00:00","mainEntityOfPage":{"@id":"https:\/\/www.immobilienbusiness.ch\/ib\/2021-11-12\/nyon-baustart-fur-residenz-domaine-du-lac\/"},"wordCount":209,"publisher":{"@id":"https:\/\/www.immobilienbusiness.ch\/#organization"},"keywords":["in Bau","MFH Stockwerkeigentum","VD"],"articleSection":["IB+"],"inLanguage":"en-US"},{"@type":"WebPage","@id":"https:\/\/www.immobilienbusiness.ch\/ib\/2021-11-12\/nyon-baustart-fur-residenz-domaine-du-lac\/","url":"https:\/\/www.immobilienbusiness.ch\/ib\/2021-11-12\/nyon-baustart-fur-residenz-domaine-du-lac\/","name":"Nyon: Start of construction for Domaine du Lac residence - IMMOBILIEN Business","isPartOf":{"@id":"https:\/\/www.immobilienbusiness.ch\/#website"},"datePublished":"2021-11-12T07:59:44+00:00","dateModified":"2023-06-27T05:23:43+00:00","description":"Work has begun on the shell of the Domaine du Lac residential development in Nyon. Halter AG is building 49 apartments in three apartment buildings on the shores of Lake Geneva.","breadcrumb":{"@id":"https:\/\/www.immobilienbusiness.ch\/ib\/2021-11-12\/nyon-baustart-fur-residenz-domaine-du-lac\/#breadcrumb"},"inLanguage":"en-US","potentialAction":[{"@type":"ReadAction","target":["https:\/\/www.immobilienbusiness.ch\/ib\/2021-11-12\/nyon-baustart-fur-residenz-domaine-du-lac\/"]}]},{"@type":"BreadcrumbList","@id":"https:\/\/www.immobilienbusiness.ch\/ib\/2021-11-12\/nyon-baustart-fur-residenz-domaine-du-lac\/#breadcrumb","itemListElement":[{"@type":"ListItem","position":1,"name":"Home","item":"https:\/\/www.immobilienbusiness.ch\/"},{"@type":"ListItem","position":2,"name":"Nyon: Baustart f\u00fcr Residenz Domaine du Lac"}]},{"@type":"WebSite","@id":"https:\/\/www.immobilienbusiness.ch\/#website","url":"https:\/\/www.immobilienbusiness.ch\/","name":"REAL ESTATE Business","description":"Independent Swiss business magazine focusing on real estate, architecture and construction as well as investment and financing.","publisher":{"@id":"https:\/\/www.immobilienbusiness.ch\/#organization"},"potentialAction":[{"@type":"SearchAction","target":{"@type":"EntryPoint","urlTemplate":"https:\/\/www.immobilienbusiness.ch\/?s={search_term_string}"},"query-input":{"@type":"PropertyValueSpecification","valueRequired":true,"valueName":"search_term_string"}}],"inLanguage":"en-US"},{"@type":"Organization","@id":"https:\/\/www.immobilienbusiness.ch\/#organization","name":"REAL ESTATE Business","url":"https:\/\/www.immobilienbusiness.ch\/","logo":{"@type":"ImageObject","inLanguage":"en-US","@id":"https:\/\/www.immobilienbusiness.ch\/#\/schema\/logo\/image\/","url":"https:\/\/www.immobilienbusiness.ch\/wp-content\/uploads\/2021\/07\/logo_ib.png","contentUrl":"https:\/\/www.immobilienbusiness.ch\/wp-content\/uploads\/2021\/07\/logo_ib.png","width":800,"height":181,"caption":"IMMOBILIEN Business"},"image":{"@id":"https:\/\/www.immobilienbusiness.ch\/#\/schema\/logo\/image\/"},"sameAs":["https:\/\/www.facebook.com\/immobilienbusiness\/"]},{"@type":"Person","@id":"https:\/\/www.immobilienbusiness.ch\/#\/schema\/person\/3fc036297b10b9f42d6db5ee932af8c8","name":"anja.hall","image":{"@type":"ImageObject","inLanguage":"en-US","@id":"https:\/\/secure.gravatar.com\/avatar\/066b5a0d447013502c71a5782f4f3469f03cfe595cc2329fb94652fe47511bfb?s=96&d=mm&r=g","url":"https:\/\/secure.gravatar.com\/avatar\/066b5a0d447013502c71a5782f4f3469f03cfe595cc2329fb94652fe47511bfb?s=96&d=mm&r=g","contentUrl":"https:\/\/secure.gravatar.com\/avatar\/066b5a0d447013502c71a5782f4f3469f03cfe595cc2329fb94652fe47511bfb?s=96&d=mm&r=g","caption":"anja.hall"},"url":"https:\/\/www.immobilienbusiness.ch\/en\/author\/anja-hall\/"}]}},"_links":{"self":[{"href":"https:\/\/www.immobilienbusiness.ch\/en\/wp-json\/wp\/v2\/posts\/41700","targetHints":{"allow":["GET"]}}],"collection":[{"href":"https:\/\/www.immobilienbusiness.ch\/en\/wp-json\/wp\/v2\/posts"}],"about":[{"href":"https:\/\/www.immobilienbusiness.ch\/en\/wp-json\/wp\/v2\/types\/post"}],"author":[{"embeddable":true,"href":"https:\/\/www.immobilienbusiness.ch\/en\/wp-json\/wp\/v2\/users\/3"}],"replies":[{"embeddable":true,"href":"https:\/\/www.immobilienbusiness.ch\/en\/wp-json\/wp\/v2\/comments?post=41700"}],"version-history":[{"count":1,"href":"https:\/\/www.immobilienbusiness.ch\/en\/wp-json\/wp\/v2\/posts\/41700\/revisions"}],"predecessor-version":[{"id":48343,"href":"https:\/\/www.immobilienbusiness.ch\/en\/wp-json\/wp\/v2\/posts\/41700\/revisions\/48343"}],"wp:attachment":[{"href":"https:\/\/www.immobilienbusiness.ch\/en\/wp-json\/wp\/v2\/media?parent=41700"}],"wp:term":[{"taxonomy":"category","embeddable":true,"href":"https:\/\/www.immobilienbusiness.ch\/en\/wp-json\/wp\/v2\/categories?post=41700"},{"taxonomy":"post_tag","embeddable":true,"href":"https:\/\/www.immobilienbusiness.ch\/en\/wp-json\/wp\/v2\/tags?post=41700"}],"curies":[{"name":"wp","href":"https:\/\/api.w.org\/{rel}","templated":true}]}}