{"id":41292,"date":"2021-05-14T09:05:49","date_gmt":"2021-05-14T07:05:49","guid":{"rendered":"https:\/\/develop.immobilienbusiness.ch\/de\/allgemein\/2021-05-14\/basel-regierung-stellt-hauser-an-der-elasserstrasse-unter-schutz\/"},"modified":"2023-07-01T14:08:23","modified_gmt":"2023-07-01T12:08:23","slug":"basel-regierung-stellt-hauser-an-der-elasserstrasse-unter-schutz","status":"publish","type":"post","link":"https:\/\/www.immobilienbusiness.ch\/en\/ib\/2021-05-14\/basel-regierung-stellt-hauser-an-der-elasserstrasse-unter-schutz\/","title":{"rendered":"Basel: Government places houses on El\u00e4sserstrasse under protection"},"content":{"rendered":"<div class=\"swpm-post-not-logged-in-msg\">You need to be logged in to view this content. Please <a class=\"swpm-login-link\" href=\"https:\/\/www.immobilienbusiness.ch\/en\/login\/?swpm_redirect_to=https%3A%2F%2Fwww.immobilienbusiness.ch%2Fen%2Fwp-json%2Fwp%2Fv2%2Fposts%2F41292\">Log In<\/a>. Not a member? <a href=\"https:\/\/www.immobilienbusiness.ch\/en\/registrieren\/\">Join Us<\/a><\/div>","protected":false},"excerpt":{"rendered":"<p><span><span><span><span lang=\"DE\" xml:lang=\"DE\"><span><span><span>The Basel government council includes the properties at Els\u00e4sserstrasse 128, 130 and 132 in the cantonal list of listed buildings. This means that the owner cannot demolish the three apartment buildings as planned.<\/span><\/span><\/span><\/span><\/span><\/span><\/span><\/p>","protected":false},"author":3,"featured_media":0,"comment_status":"closed","ping_status":"closed","sticky":false,"template":"","format":"standard","meta":{"_acf_changed":false,"_yoast_wpseo_focuskw":"Els\u00e4sserstrasse","_yoast_wpseo_title":"","_yoast_wpseo_metadesc":"Der Basler Regierungsrat nimmt die Liegenschaften Els\u00e4sserstrasse 128, 130 und 132 ins kantonale Denkmalverzeichnis auf. Damit kann der Eigent\u00fcmer die drei Mehrfamilienh\u00e4user nicht wie geplant abreissen.","_yoast_wpseo_linkdex":56,"pgc_sgb_lightbox_settings":"","footnotes":""},"categories":[1951],"tags":[1954,1579],"class_list":["post-41292","post","type-post","status-publish","format-standard","hentry","category-ib","tag-bs","tag-politik"],"acf":[],"yoast_head":"<!-- This site is optimized with the Yoast SEO plugin v27.4 - https:\/\/yoast.com\/product\/yoast-seo-wordpress\/ -->\n<title>Basel: Regierung stellt H\u00e4user an der El\u00e4sserstrasse unter Schutz - IMMOBILIEN Business<\/title>\n<meta name=\"description\" content=\"Der Basler Regierungsrat nimmt die Liegenschaften Els\u00e4sserstrasse 128, 130 und 132 ins kantonale Denkmalverzeichnis auf. Damit kann der Eigent\u00fcmer die drei Mehrfamilienh\u00e4user nicht wie geplant abreissen.\" \/>\n<meta name=\"robots\" content=\"index, follow, max-snippet:-1, max-image-preview:large, max-video-preview:-1\" \/>\n<link rel=\"canonical\" href=\"https:\/\/www.immobilienbusiness.ch\/en\/ib\/2021-05-14\/basel-regierung-stellt-hauser-an-der-elasserstrasse-unter-schutz\/\" \/>\n<meta property=\"og:locale\" content=\"en_US\" \/>\n<meta property=\"og:type\" content=\"article\" \/>\n<meta property=\"og:title\" content=\"Basel: Regierung stellt H\u00e4user an der El\u00e4sserstrasse unter Schutz - IMMOBILIEN Business\" \/>\n<meta property=\"og:description\" content=\"Der Basler Regierungsrat nimmt die Liegenschaften Els\u00e4sserstrasse 128, 130 und 132 ins kantonale Denkmalverzeichnis auf. Damit kann der Eigent\u00fcmer die drei Mehrfamilienh\u00e4user nicht wie geplant abreissen.\" \/>\n<meta property=\"og:url\" content=\"https:\/\/www.immobilienbusiness.ch\/en\/ib\/2021-05-14\/basel-regierung-stellt-hauser-an-der-elasserstrasse-unter-schutz\/\" \/>\n<meta property=\"og:site_name\" content=\"IMMOBILIEN Business\" \/>\n<meta property=\"article:publisher\" content=\"https:\/\/www.facebook.com\/immobilienbusiness\/\" \/>\n<meta property=\"article:published_time\" content=\"2021-05-14T07:05:49+00:00\" \/>\n<meta property=\"article:modified_time\" content=\"2023-07-01T12:08:23+00:00\" \/>\n<meta name=\"author\" content=\"anja.hall\" \/>\n<meta name=\"twitter:card\" content=\"summary_large_image\" \/>\n<script type=\"application\/ld+json\" class=\"yoast-schema-graph\">{\"@context\":\"https:\\\/\\\/schema.org\",\"@graph\":[{\"@type\":\"Article\",\"@id\":\"https:\\\/\\\/www.immobilienbusiness.ch\\\/ib\\\/2021-05-14\\\/basel-regierung-stellt-hauser-an-der-elasserstrasse-unter-schutz\\\/#article\",\"isPartOf\":{\"@id\":\"https:\\\/\\\/www.immobilienbusiness.ch\\\/ib\\\/2021-05-14\\\/basel-regierung-stellt-hauser-an-der-elasserstrasse-unter-schutz\\\/\"},\"author\":{\"name\":\"anja.hall\",\"@id\":\"https:\\\/\\\/www.immobilienbusiness.ch\\\/#\\\/schema\\\/person\\\/3fc036297b10b9f42d6db5ee932af8c8\"},\"headline\":\"Basel: Regierung stellt H\u00e4user an der El\u00e4sserstrasse unter Schutz\",\"datePublished\":\"2021-05-14T07:05:49+00:00\",\"dateModified\":\"2023-07-01T12:08:23+00:00\",\"mainEntityOfPage\":{\"@id\":\"https:\\\/\\\/www.immobilienbusiness.ch\\\/ib\\\/2021-05-14\\\/basel-regierung-stellt-hauser-an-der-elasserstrasse-unter-schutz\\\/\"},\"wordCount\":257,\"publisher\":{\"@id\":\"https:\\\/\\\/www.immobilienbusiness.ch\\\/#organization\"},\"keywords\":[\"BS\",\"Politik\"],\"articleSection\":[\"IB+\"],\"inLanguage\":\"en-US\"},{\"@type\":\"WebPage\",\"@id\":\"https:\\\/\\\/www.immobilienbusiness.ch\\\/ib\\\/2021-05-14\\\/basel-regierung-stellt-hauser-an-der-elasserstrasse-unter-schutz\\\/\",\"url\":\"https:\\\/\\\/www.immobilienbusiness.ch\\\/ib\\\/2021-05-14\\\/basel-regierung-stellt-hauser-an-der-elasserstrasse-unter-schutz\\\/\",\"name\":\"Basel: Regierung stellt H\u00e4user an der El\u00e4sserstrasse unter Schutz - IMMOBILIEN Business\",\"isPartOf\":{\"@id\":\"https:\\\/\\\/www.immobilienbusiness.ch\\\/#website\"},\"datePublished\":\"2021-05-14T07:05:49+00:00\",\"dateModified\":\"2023-07-01T12:08:23+00:00\",\"description\":\"Der Basler Regierungsrat nimmt die Liegenschaften Els\u00e4sserstrasse 128, 130 und 132 ins kantonale Denkmalverzeichnis auf. Damit kann der Eigent\u00fcmer die drei Mehrfamilienh\u00e4user nicht wie geplant abreissen.\",\"breadcrumb\":{\"@id\":\"https:\\\/\\\/www.immobilienbusiness.ch\\\/ib\\\/2021-05-14\\\/basel-regierung-stellt-hauser-an-der-elasserstrasse-unter-schutz\\\/#breadcrumb\"},\"inLanguage\":\"en-US\",\"potentialAction\":[{\"@type\":\"ReadAction\",\"target\":[\"https:\\\/\\\/www.immobilienbusiness.ch\\\/ib\\\/2021-05-14\\\/basel-regierung-stellt-hauser-an-der-elasserstrasse-unter-schutz\\\/\"]}]},{\"@type\":\"BreadcrumbList\",\"@id\":\"https:\\\/\\\/www.immobilienbusiness.ch\\\/ib\\\/2021-05-14\\\/basel-regierung-stellt-hauser-an-der-elasserstrasse-unter-schutz\\\/#breadcrumb\",\"itemListElement\":[{\"@type\":\"ListItem\",\"position\":1,\"name\":\"Home\",\"item\":\"https:\\\/\\\/www.immobilienbusiness.ch\\\/\"},{\"@type\":\"ListItem\",\"position\":2,\"name\":\"Basel: Regierung stellt H\u00e4user an der El\u00e4sserstrasse unter Schutz\"}]},{\"@type\":\"WebSite\",\"@id\":\"https:\\\/\\\/www.immobilienbusiness.ch\\\/#website\",\"url\":\"https:\\\/\\\/www.immobilienbusiness.ch\\\/\",\"name\":\"IMMOBILIEN Business\",\"description\":\"Unabh\u00e4ngiges Schweizer Wirtschaftsmagazin mit Fokus auf Immobilien, Architektur- und Bau sowie Investment- und Finanzierung.\",\"publisher\":{\"@id\":\"https:\\\/\\\/www.immobilienbusiness.ch\\\/#organization\"},\"potentialAction\":[{\"@type\":\"SearchAction\",\"target\":{\"@type\":\"EntryPoint\",\"urlTemplate\":\"https:\\\/\\\/www.immobilienbusiness.ch\\\/?s={search_term_string}\"},\"query-input\":{\"@type\":\"PropertyValueSpecification\",\"valueRequired\":true,\"valueName\":\"search_term_string\"}}],\"inLanguage\":\"en-US\"},{\"@type\":\"Organization\",\"@id\":\"https:\\\/\\\/www.immobilienbusiness.ch\\\/#organization\",\"name\":\"IMMOBILIEN Business\",\"url\":\"https:\\\/\\\/www.immobilienbusiness.ch\\\/\",\"logo\":{\"@type\":\"ImageObject\",\"inLanguage\":\"en-US\",\"@id\":\"https:\\\/\\\/www.immobilienbusiness.ch\\\/#\\\/schema\\\/logo\\\/image\\\/\",\"url\":\"https:\\\/\\\/www.immobilienbusiness.ch\\\/wp-content\\\/uploads\\\/2021\\\/07\\\/logo_ib.png\",\"contentUrl\":\"https:\\\/\\\/www.immobilienbusiness.ch\\\/wp-content\\\/uploads\\\/2021\\\/07\\\/logo_ib.png\",\"width\":800,\"height\":181,\"caption\":\"IMMOBILIEN Business\"},\"image\":{\"@id\":\"https:\\\/\\\/www.immobilienbusiness.ch\\\/#\\\/schema\\\/logo\\\/image\\\/\"},\"sameAs\":[\"https:\\\/\\\/www.facebook.com\\\/immobilienbusiness\\\/\"]},{\"@type\":\"Person\",\"@id\":\"https:\\\/\\\/www.immobilienbusiness.ch\\\/#\\\/schema\\\/person\\\/3fc036297b10b9f42d6db5ee932af8c8\",\"name\":\"anja.hall\",\"image\":{\"@type\":\"ImageObject\",\"inLanguage\":\"en-US\",\"@id\":\"https:\\\/\\\/secure.gravatar.com\\\/avatar\\\/066b5a0d447013502c71a5782f4f3469f03cfe595cc2329fb94652fe47511bfb?s=96&d=mm&r=g\",\"url\":\"https:\\\/\\\/secure.gravatar.com\\\/avatar\\\/066b5a0d447013502c71a5782f4f3469f03cfe595cc2329fb94652fe47511bfb?s=96&d=mm&r=g\",\"contentUrl\":\"https:\\\/\\\/secure.gravatar.com\\\/avatar\\\/066b5a0d447013502c71a5782f4f3469f03cfe595cc2329fb94652fe47511bfb?s=96&d=mm&r=g\",\"caption\":\"anja.hall\"},\"url\":\"https:\\\/\\\/www.immobilienbusiness.ch\\\/en\\\/author\\\/anja-hall\\\/\"}]}<\/script>\n<!-- \/ Yoast SEO plugin. -->","yoast_head_json":{"title":"Basel: Regierung stellt H\u00e4user an der El\u00e4sserstrasse unter Schutz - IMMOBILIEN Business","description":"The Basel government council includes the properties at Els\u00e4sserstrasse 128, 130 and 132 in the cantonal list of listed buildings. This means that the owner cannot demolish the three apartment buildings as planned.","robots":{"index":"index","follow":"follow","max-snippet":"max-snippet:-1","max-image-preview":"max-image-preview:large","max-video-preview":"max-video-preview:-1"},"canonical":"https:\/\/www.immobilienbusiness.ch\/en\/ib\/2021-05-14\/basel-regierung-stellt-hauser-an-der-elasserstrasse-unter-schutz\/","og_locale":"en_US","og_type":"article","og_title":"Basel: Regierung stellt H\u00e4user an der El\u00e4sserstrasse unter Schutz - IMMOBILIEN Business","og_description":"Der Basler Regierungsrat nimmt die Liegenschaften Els\u00e4sserstrasse 128, 130 und 132 ins kantonale Denkmalverzeichnis auf. Damit kann der Eigent\u00fcmer die drei Mehrfamilienh\u00e4user nicht wie geplant abreissen.","og_url":"https:\/\/www.immobilienbusiness.ch\/en\/ib\/2021-05-14\/basel-regierung-stellt-hauser-an-der-elasserstrasse-unter-schutz\/","og_site_name":"IMMOBILIEN Business","article_publisher":"https:\/\/www.facebook.com\/immobilienbusiness\/","article_published_time":"2021-05-14T07:05:49+00:00","article_modified_time":"2023-07-01T12:08:23+00:00","author":"anja.hall","twitter_card":"summary_large_image","schema":{"@context":"https:\/\/schema.org","@graph":[{"@type":"Article","@id":"https:\/\/www.immobilienbusiness.ch\/ib\/2021-05-14\/basel-regierung-stellt-hauser-an-der-elasserstrasse-unter-schutz\/#article","isPartOf":{"@id":"https:\/\/www.immobilienbusiness.ch\/ib\/2021-05-14\/basel-regierung-stellt-hauser-an-der-elasserstrasse-unter-schutz\/"},"author":{"name":"anja.hall","@id":"https:\/\/www.immobilienbusiness.ch\/#\/schema\/person\/3fc036297b10b9f42d6db5ee932af8c8"},"headline":"Basel: Regierung stellt H\u00e4user an der El\u00e4sserstrasse unter Schutz","datePublished":"2021-05-14T07:05:49+00:00","dateModified":"2023-07-01T12:08:23+00:00","mainEntityOfPage":{"@id":"https:\/\/www.immobilienbusiness.ch\/ib\/2021-05-14\/basel-regierung-stellt-hauser-an-der-elasserstrasse-unter-schutz\/"},"wordCount":257,"publisher":{"@id":"https:\/\/www.immobilienbusiness.ch\/#organization"},"keywords":["BS","Politik"],"articleSection":["IB+"],"inLanguage":"en-US"},{"@type":"WebPage","@id":"https:\/\/www.immobilienbusiness.ch\/ib\/2021-05-14\/basel-regierung-stellt-hauser-an-der-elasserstrasse-unter-schutz\/","url":"https:\/\/www.immobilienbusiness.ch\/ib\/2021-05-14\/basel-regierung-stellt-hauser-an-der-elasserstrasse-unter-schutz\/","name":"Basel: Regierung stellt H\u00e4user an der El\u00e4sserstrasse unter Schutz - IMMOBILIEN Business","isPartOf":{"@id":"https:\/\/www.immobilienbusiness.ch\/#website"},"datePublished":"2021-05-14T07:05:49+00:00","dateModified":"2023-07-01T12:08:23+00:00","description":"The Basel government council includes the properties at Els\u00e4sserstrasse 128, 130 and 132 in the cantonal list of listed buildings. This means that the owner cannot demolish the three apartment buildings as planned.","breadcrumb":{"@id":"https:\/\/www.immobilienbusiness.ch\/ib\/2021-05-14\/basel-regierung-stellt-hauser-an-der-elasserstrasse-unter-schutz\/#breadcrumb"},"inLanguage":"en-US","potentialAction":[{"@type":"ReadAction","target":["https:\/\/www.immobilienbusiness.ch\/ib\/2021-05-14\/basel-regierung-stellt-hauser-an-der-elasserstrasse-unter-schutz\/"]}]},{"@type":"BreadcrumbList","@id":"https:\/\/www.immobilienbusiness.ch\/ib\/2021-05-14\/basel-regierung-stellt-hauser-an-der-elasserstrasse-unter-schutz\/#breadcrumb","itemListElement":[{"@type":"ListItem","position":1,"name":"Home","item":"https:\/\/www.immobilienbusiness.ch\/"},{"@type":"ListItem","position":2,"name":"Basel: Regierung stellt H\u00e4user an der El\u00e4sserstrasse unter Schutz"}]},{"@type":"WebSite","@id":"https:\/\/www.immobilienbusiness.ch\/#website","url":"https:\/\/www.immobilienbusiness.ch\/","name":"REAL ESTATE Business","description":"Independent Swiss business magazine focusing on real estate, architecture and construction as well as investment and financing.","publisher":{"@id":"https:\/\/www.immobilienbusiness.ch\/#organization"},"potentialAction":[{"@type":"SearchAction","target":{"@type":"EntryPoint","urlTemplate":"https:\/\/www.immobilienbusiness.ch\/?s={search_term_string}"},"query-input":{"@type":"PropertyValueSpecification","valueRequired":true,"valueName":"search_term_string"}}],"inLanguage":"en-US"},{"@type":"Organization","@id":"https:\/\/www.immobilienbusiness.ch\/#organization","name":"REAL ESTATE Business","url":"https:\/\/www.immobilienbusiness.ch\/","logo":{"@type":"ImageObject","inLanguage":"en-US","@id":"https:\/\/www.immobilienbusiness.ch\/#\/schema\/logo\/image\/","url":"https:\/\/www.immobilienbusiness.ch\/wp-content\/uploads\/2021\/07\/logo_ib.png","contentUrl":"https:\/\/www.immobilienbusiness.ch\/wp-content\/uploads\/2021\/07\/logo_ib.png","width":800,"height":181,"caption":"IMMOBILIEN Business"},"image":{"@id":"https:\/\/www.immobilienbusiness.ch\/#\/schema\/logo\/image\/"},"sameAs":["https:\/\/www.facebook.com\/immobilienbusiness\/"]},{"@type":"Person","@id":"https:\/\/www.immobilienbusiness.ch\/#\/schema\/person\/3fc036297b10b9f42d6db5ee932af8c8","name":"anja.hall","image":{"@type":"ImageObject","inLanguage":"en-US","@id":"https:\/\/secure.gravatar.com\/avatar\/066b5a0d447013502c71a5782f4f3469f03cfe595cc2329fb94652fe47511bfb?s=96&d=mm&r=g","url":"https:\/\/secure.gravatar.com\/avatar\/066b5a0d447013502c71a5782f4f3469f03cfe595cc2329fb94652fe47511bfb?s=96&d=mm&r=g","contentUrl":"https:\/\/secure.gravatar.com\/avatar\/066b5a0d447013502c71a5782f4f3469f03cfe595cc2329fb94652fe47511bfb?s=96&d=mm&r=g","caption":"anja.hall"},"url":"https:\/\/www.immobilienbusiness.ch\/en\/author\/anja-hall\/"}]}},"_links":{"self":[{"href":"https:\/\/www.immobilienbusiness.ch\/en\/wp-json\/wp\/v2\/posts\/41292","targetHints":{"allow":["GET"]}}],"collection":[{"href":"https:\/\/www.immobilienbusiness.ch\/en\/wp-json\/wp\/v2\/posts"}],"about":[{"href":"https:\/\/www.immobilienbusiness.ch\/en\/wp-json\/wp\/v2\/types\/post"}],"author":[{"embeddable":true,"href":"https:\/\/www.immobilienbusiness.ch\/en\/wp-json\/wp\/v2\/users\/3"}],"replies":[{"embeddable":true,"href":"https:\/\/www.immobilienbusiness.ch\/en\/wp-json\/wp\/v2\/comments?post=41292"}],"version-history":[{"count":1,"href":"https:\/\/www.immobilienbusiness.ch\/en\/wp-json\/wp\/v2\/posts\/41292\/revisions"}],"predecessor-version":[{"id":49140,"href":"https:\/\/www.immobilienbusiness.ch\/en\/wp-json\/wp\/v2\/posts\/41292\/revisions\/49140"}],"wp:attachment":[{"href":"https:\/\/www.immobilienbusiness.ch\/en\/wp-json\/wp\/v2\/media?parent=41292"}],"wp:term":[{"taxonomy":"category","embeddable":true,"href":"https:\/\/www.immobilienbusiness.ch\/en\/wp-json\/wp\/v2\/categories?post=41292"},{"taxonomy":"post_tag","embeddable":true,"href":"https:\/\/www.immobilienbusiness.ch\/en\/wp-json\/wp\/v2\/tags?post=41292"}],"curies":[{"name":"wp","href":"https:\/\/api.w.org\/{rel}","templated":true}]}}