{"id":41246,"date":"2021-05-04T08:50:33","date_gmt":"2021-05-04T06:50:33","guid":{"rendered":"https:\/\/develop.immobilienbusiness.ch\/de\/allgemein\/2021-05-04\/procimmo-publiziert-fur-zwei-fonds-keine-marktkurse-mehr\/"},"modified":"2023-07-03T08:38:45","modified_gmt":"2023-07-03T06:38:45","slug":"procimmo-publiziert-fur-zwei-fonds-keine-marktkurse-mehr","status":"publish","type":"post","link":"https:\/\/www.immobilienbusiness.ch\/en\/ib\/2021-05-04\/procimmo-publiziert-fur-zwei-fonds-keine-marktkurse-mehr\/","title":{"rendered":"Procimmo no longer publishes market prices for two funds"},"content":{"rendered":"<div class=\"swpm-post-not-logged-in-msg\">You need to be logged in to view this content. Please <a class=\"swpm-login-link\" href=\"https:\/\/www.immobilienbusiness.ch\/en\/login\/?swpm_redirect_to=https%3A%2F%2Fwww.immobilienbusiness.ch%2Fen%2Fwp-json%2Fwp%2Fv2%2Fposts%2F41246\">Log In<\/a>. Not a member? <a href=\"https:\/\/www.immobilienbusiness.ch\/en\/registrieren\/\">Join Us<\/a><\/div>","protected":false},"excerpt":{"rendered":"<p><span><span><span>The <span><span><span><span>In future, units in the two funds Procimmo 56 and Immo 56 will only be valued on the basis of net asset value. According to Procimmo, market prices will no longer be published.<\/span><\/span><\/span><\/span><\/span><\/span><\/span><\/p>","protected":false},"author":3,"featured_media":0,"comment_status":"closed","ping_status":"closed","sticky":false,"template":"","format":"standard","meta":{"_acf_changed":false,"_yoast_wpseo_focuskw":"Procimmo","_yoast_wpseo_title":"","_yoast_wpseo_metadesc":"Die Anteile der beiden Fonds Procimmo 56 und Immo 56 werden k\u00fcnftig nur noch auf Basis des Net Asset Values bewertet. Marktkurse w\u00fcrden keine mehr ver\u00f6ffentlicht, teilt Procimmo mit.","_yoast_wpseo_linkdex":35,"pgc_sgb_lightbox_settings":"","footnotes":""},"categories":[1951],"tags":[1344],"class_list":["post-41246","post","type-post","status-publish","format-standard","hentry","category-ib","tag-immobilienfonds"],"acf":[],"yoast_head":"<!-- This site is optimized with the Yoast SEO plugin v27.5 - https:\/\/yoast.com\/product\/yoast-seo-wordpress\/ -->\n<title>Procimmo publiziert f\u00fcr zwei Fonds keine Marktkurse mehr - IMMOBILIEN Business<\/title>\n<meta name=\"description\" content=\"Die Anteile der beiden Fonds Procimmo 56 und Immo 56 werden k\u00fcnftig nur noch auf Basis des Net Asset Values bewertet. Marktkurse w\u00fcrden keine mehr ver\u00f6ffentlicht, teilt Procimmo mit.\" \/>\n<meta name=\"robots\" content=\"index, follow, max-snippet:-1, max-image-preview:large, max-video-preview:-1\" \/>\n<link rel=\"canonical\" href=\"https:\/\/www.immobilienbusiness.ch\/en\/ib\/2021-05-04\/procimmo-publiziert-fur-zwei-fonds-keine-marktkurse-mehr\/\" \/>\n<meta property=\"og:locale\" content=\"en_US\" \/>\n<meta property=\"og:type\" content=\"article\" \/>\n<meta property=\"og:title\" content=\"Procimmo publiziert f\u00fcr zwei Fonds keine Marktkurse mehr - IMMOBILIEN Business\" \/>\n<meta property=\"og:description\" content=\"Die Anteile der beiden Fonds Procimmo 56 und Immo 56 werden k\u00fcnftig nur noch auf Basis des Net Asset Values bewertet. Marktkurse w\u00fcrden keine mehr ver\u00f6ffentlicht, teilt Procimmo mit.\" \/>\n<meta property=\"og:url\" content=\"https:\/\/www.immobilienbusiness.ch\/en\/ib\/2021-05-04\/procimmo-publiziert-fur-zwei-fonds-keine-marktkurse-mehr\/\" \/>\n<meta property=\"og:site_name\" content=\"IMMOBILIEN Business\" \/>\n<meta property=\"article:publisher\" content=\"https:\/\/www.facebook.com\/immobilienbusiness\/\" \/>\n<meta property=\"article:published_time\" content=\"2021-05-04T06:50:33+00:00\" \/>\n<meta property=\"article:modified_time\" content=\"2023-07-03T06:38:45+00:00\" \/>\n<meta name=\"author\" content=\"anja.hall\" \/>\n<meta name=\"twitter:card\" content=\"summary_large_image\" \/>\n<script type=\"application\/ld+json\" class=\"yoast-schema-graph\">{\"@context\":\"https:\\\/\\\/schema.org\",\"@graph\":[{\"@type\":\"Article\",\"@id\":\"https:\\\/\\\/www.immobilienbusiness.ch\\\/de\\\/ib\\\/2021-05-04\\\/procimmo-publiziert-fur-zwei-fonds-keine-marktkurse-mehr\\\/#article\",\"isPartOf\":{\"@id\":\"https:\\\/\\\/www.immobilienbusiness.ch\\\/de\\\/ib\\\/2021-05-04\\\/procimmo-publiziert-fur-zwei-fonds-keine-marktkurse-mehr\\\/\"},\"author\":{\"name\":\"anja.hall\",\"@id\":\"https:\\\/\\\/www.immobilienbusiness.ch\\\/#\\\/schema\\\/person\\\/3fc036297b10b9f42d6db5ee932af8c8\"},\"headline\":\"Procimmo publiziert f\u00fcr zwei Fonds keine Marktkurse mehr\",\"datePublished\":\"2021-05-04T06:50:33+00:00\",\"dateModified\":\"2023-07-03T06:38:45+00:00\",\"mainEntityOfPage\":{\"@id\":\"https:\\\/\\\/www.immobilienbusiness.ch\\\/de\\\/ib\\\/2021-05-04\\\/procimmo-publiziert-fur-zwei-fonds-keine-marktkurse-mehr\\\/\"},\"wordCount\":106,\"publisher\":{\"@id\":\"https:\\\/\\\/www.immobilienbusiness.ch\\\/#organization\"},\"keywords\":[\"Immobilienfonds\"],\"articleSection\":[\"IB+\"],\"inLanguage\":\"en-US\"},{\"@type\":\"WebPage\",\"@id\":\"https:\\\/\\\/www.immobilienbusiness.ch\\\/de\\\/ib\\\/2021-05-04\\\/procimmo-publiziert-fur-zwei-fonds-keine-marktkurse-mehr\\\/\",\"url\":\"https:\\\/\\\/www.immobilienbusiness.ch\\\/de\\\/ib\\\/2021-05-04\\\/procimmo-publiziert-fur-zwei-fonds-keine-marktkurse-mehr\\\/\",\"name\":\"Procimmo publiziert f\u00fcr zwei Fonds keine Marktkurse mehr - IMMOBILIEN Business\",\"isPartOf\":{\"@id\":\"https:\\\/\\\/www.immobilienbusiness.ch\\\/#website\"},\"datePublished\":\"2021-05-04T06:50:33+00:00\",\"dateModified\":\"2023-07-03T06:38:45+00:00\",\"description\":\"Die Anteile der beiden Fonds Procimmo 56 und Immo 56 werden k\u00fcnftig nur noch auf Basis des Net Asset Values bewertet. Marktkurse w\u00fcrden keine mehr ver\u00f6ffentlicht, teilt Procimmo mit.\",\"breadcrumb\":{\"@id\":\"https:\\\/\\\/www.immobilienbusiness.ch\\\/de\\\/ib\\\/2021-05-04\\\/procimmo-publiziert-fur-zwei-fonds-keine-marktkurse-mehr\\\/#breadcrumb\"},\"inLanguage\":\"en-US\",\"potentialAction\":[{\"@type\":\"ReadAction\",\"target\":[\"https:\\\/\\\/www.immobilienbusiness.ch\\\/de\\\/ib\\\/2021-05-04\\\/procimmo-publiziert-fur-zwei-fonds-keine-marktkurse-mehr\\\/\"]}]},{\"@type\":\"BreadcrumbList\",\"@id\":\"https:\\\/\\\/www.immobilienbusiness.ch\\\/de\\\/ib\\\/2021-05-04\\\/procimmo-publiziert-fur-zwei-fonds-keine-marktkurse-mehr\\\/#breadcrumb\",\"itemListElement\":[{\"@type\":\"ListItem\",\"position\":1,\"name\":\"Home\",\"item\":\"https:\\\/\\\/www.immobilienbusiness.ch\\\/\"},{\"@type\":\"ListItem\",\"position\":2,\"name\":\"Procimmo publiziert f\u00fcr zwei Fonds keine Marktkurse mehr\"}]},{\"@type\":\"WebSite\",\"@id\":\"https:\\\/\\\/www.immobilienbusiness.ch\\\/#website\",\"url\":\"https:\\\/\\\/www.immobilienbusiness.ch\\\/\",\"name\":\"IMMOBILIEN Business\",\"description\":\"Unabh\u00e4ngiges Schweizer Wirtschaftsmagazin mit Fokus auf Immobilien, Architektur- und Bau sowie Investment- und Finanzierung.\",\"publisher\":{\"@id\":\"https:\\\/\\\/www.immobilienbusiness.ch\\\/#organization\"},\"potentialAction\":[{\"@type\":\"SearchAction\",\"target\":{\"@type\":\"EntryPoint\",\"urlTemplate\":\"https:\\\/\\\/www.immobilienbusiness.ch\\\/?s={search_term_string}\"},\"query-input\":{\"@type\":\"PropertyValueSpecification\",\"valueRequired\":true,\"valueName\":\"search_term_string\"}}],\"inLanguage\":\"en-US\"},{\"@type\":\"Organization\",\"@id\":\"https:\\\/\\\/www.immobilienbusiness.ch\\\/#organization\",\"name\":\"IMMOBILIEN Business\",\"url\":\"https:\\\/\\\/www.immobilienbusiness.ch\\\/\",\"logo\":{\"@type\":\"ImageObject\",\"inLanguage\":\"en-US\",\"@id\":\"https:\\\/\\\/www.immobilienbusiness.ch\\\/#\\\/schema\\\/logo\\\/image\\\/\",\"url\":\"https:\\\/\\\/www.immobilienbusiness.ch\\\/wp-content\\\/uploads\\\/2021\\\/07\\\/logo_ib.png\",\"contentUrl\":\"https:\\\/\\\/www.immobilienbusiness.ch\\\/wp-content\\\/uploads\\\/2021\\\/07\\\/logo_ib.png\",\"width\":800,\"height\":181,\"caption\":\"IMMOBILIEN Business\"},\"image\":{\"@id\":\"https:\\\/\\\/www.immobilienbusiness.ch\\\/#\\\/schema\\\/logo\\\/image\\\/\"},\"sameAs\":[\"https:\\\/\\\/www.facebook.com\\\/immobilienbusiness\\\/\"]},{\"@type\":\"Person\",\"@id\":\"https:\\\/\\\/www.immobilienbusiness.ch\\\/#\\\/schema\\\/person\\\/3fc036297b10b9f42d6db5ee932af8c8\",\"name\":\"anja.hall\",\"image\":{\"@type\":\"ImageObject\",\"inLanguage\":\"en-US\",\"@id\":\"https:\\\/\\\/secure.gravatar.com\\\/avatar\\\/066b5a0d447013502c71a5782f4f3469f03cfe595cc2329fb94652fe47511bfb?s=96&d=mm&r=g\",\"url\":\"https:\\\/\\\/secure.gravatar.com\\\/avatar\\\/066b5a0d447013502c71a5782f4f3469f03cfe595cc2329fb94652fe47511bfb?s=96&d=mm&r=g\",\"contentUrl\":\"https:\\\/\\\/secure.gravatar.com\\\/avatar\\\/066b5a0d447013502c71a5782f4f3469f03cfe595cc2329fb94652fe47511bfb?s=96&d=mm&r=g\",\"caption\":\"anja.hall\"},\"url\":\"https:\\\/\\\/www.immobilienbusiness.ch\\\/en\\\/author\\\/anja-hall\\\/\"}]}<\/script>\n<!-- \/ Yoast SEO plugin. -->","yoast_head_json":{"title":"Procimmo no longer publishes market prices for two funds - IMMOBILIEN Business","description":"In future, the units of the two funds Procimmo 56 and Immo 56 will only be valued on the basis of net asset value. According to Procimmo, market prices will no longer be published.","robots":{"index":"index","follow":"follow","max-snippet":"max-snippet:-1","max-image-preview":"max-image-preview:large","max-video-preview":"max-video-preview:-1"},"canonical":"https:\/\/www.immobilienbusiness.ch\/en\/ib\/2021-05-04\/procimmo-publiziert-fur-zwei-fonds-keine-marktkurse-mehr\/","og_locale":"en_US","og_type":"article","og_title":"Procimmo publiziert f\u00fcr zwei Fonds keine Marktkurse mehr - IMMOBILIEN Business","og_description":"Die Anteile der beiden Fonds Procimmo 56 und Immo 56 werden k\u00fcnftig nur noch auf Basis des Net Asset Values bewertet. Marktkurse w\u00fcrden keine mehr ver\u00f6ffentlicht, teilt Procimmo mit.","og_url":"https:\/\/www.immobilienbusiness.ch\/en\/ib\/2021-05-04\/procimmo-publiziert-fur-zwei-fonds-keine-marktkurse-mehr\/","og_site_name":"IMMOBILIEN Business","article_publisher":"https:\/\/www.facebook.com\/immobilienbusiness\/","article_published_time":"2021-05-04T06:50:33+00:00","article_modified_time":"2023-07-03T06:38:45+00:00","author":"anja.hall","twitter_card":"summary_large_image","schema":{"@context":"https:\/\/schema.org","@graph":[{"@type":"Article","@id":"https:\/\/www.immobilienbusiness.ch\/de\/ib\/2021-05-04\/procimmo-publiziert-fur-zwei-fonds-keine-marktkurse-mehr\/#article","isPartOf":{"@id":"https:\/\/www.immobilienbusiness.ch\/de\/ib\/2021-05-04\/procimmo-publiziert-fur-zwei-fonds-keine-marktkurse-mehr\/"},"author":{"name":"anja.hall","@id":"https:\/\/www.immobilienbusiness.ch\/#\/schema\/person\/3fc036297b10b9f42d6db5ee932af8c8"},"headline":"Procimmo publiziert f\u00fcr zwei Fonds keine Marktkurse mehr","datePublished":"2021-05-04T06:50:33+00:00","dateModified":"2023-07-03T06:38:45+00:00","mainEntityOfPage":{"@id":"https:\/\/www.immobilienbusiness.ch\/de\/ib\/2021-05-04\/procimmo-publiziert-fur-zwei-fonds-keine-marktkurse-mehr\/"},"wordCount":106,"publisher":{"@id":"https:\/\/www.immobilienbusiness.ch\/#organization"},"keywords":["Immobilienfonds"],"articleSection":["IB+"],"inLanguage":"en-US"},{"@type":"WebPage","@id":"https:\/\/www.immobilienbusiness.ch\/de\/ib\/2021-05-04\/procimmo-publiziert-fur-zwei-fonds-keine-marktkurse-mehr\/","url":"https:\/\/www.immobilienbusiness.ch\/de\/ib\/2021-05-04\/procimmo-publiziert-fur-zwei-fonds-keine-marktkurse-mehr\/","name":"Procimmo no longer publishes market prices for two funds - IMMOBILIEN Business","isPartOf":{"@id":"https:\/\/www.immobilienbusiness.ch\/#website"},"datePublished":"2021-05-04T06:50:33+00:00","dateModified":"2023-07-03T06:38:45+00:00","description":"In future, the units of the two funds Procimmo 56 and Immo 56 will only be valued on the basis of net asset value. According to Procimmo, market prices will no longer be published.","breadcrumb":{"@id":"https:\/\/www.immobilienbusiness.ch\/de\/ib\/2021-05-04\/procimmo-publiziert-fur-zwei-fonds-keine-marktkurse-mehr\/#breadcrumb"},"inLanguage":"en-US","potentialAction":[{"@type":"ReadAction","target":["https:\/\/www.immobilienbusiness.ch\/de\/ib\/2021-05-04\/procimmo-publiziert-fur-zwei-fonds-keine-marktkurse-mehr\/"]}]},{"@type":"BreadcrumbList","@id":"https:\/\/www.immobilienbusiness.ch\/de\/ib\/2021-05-04\/procimmo-publiziert-fur-zwei-fonds-keine-marktkurse-mehr\/#breadcrumb","itemListElement":[{"@type":"ListItem","position":1,"name":"Home","item":"https:\/\/www.immobilienbusiness.ch\/"},{"@type":"ListItem","position":2,"name":"Procimmo publiziert f\u00fcr zwei Fonds keine Marktkurse mehr"}]},{"@type":"WebSite","@id":"https:\/\/www.immobilienbusiness.ch\/#website","url":"https:\/\/www.immobilienbusiness.ch\/","name":"REAL ESTATE Business","description":"Independent Swiss business magazine focusing on real estate, architecture and construction as well as investment and financing.","publisher":{"@id":"https:\/\/www.immobilienbusiness.ch\/#organization"},"potentialAction":[{"@type":"SearchAction","target":{"@type":"EntryPoint","urlTemplate":"https:\/\/www.immobilienbusiness.ch\/?s={search_term_string}"},"query-input":{"@type":"PropertyValueSpecification","valueRequired":true,"valueName":"search_term_string"}}],"inLanguage":"en-US"},{"@type":"Organization","@id":"https:\/\/www.immobilienbusiness.ch\/#organization","name":"REAL ESTATE Business","url":"https:\/\/www.immobilienbusiness.ch\/","logo":{"@type":"ImageObject","inLanguage":"en-US","@id":"https:\/\/www.immobilienbusiness.ch\/#\/schema\/logo\/image\/","url":"https:\/\/www.immobilienbusiness.ch\/wp-content\/uploads\/2021\/07\/logo_ib.png","contentUrl":"https:\/\/www.immobilienbusiness.ch\/wp-content\/uploads\/2021\/07\/logo_ib.png","width":800,"height":181,"caption":"IMMOBILIEN Business"},"image":{"@id":"https:\/\/www.immobilienbusiness.ch\/#\/schema\/logo\/image\/"},"sameAs":["https:\/\/www.facebook.com\/immobilienbusiness\/"]},{"@type":"Person","@id":"https:\/\/www.immobilienbusiness.ch\/#\/schema\/person\/3fc036297b10b9f42d6db5ee932af8c8","name":"anja.hall","image":{"@type":"ImageObject","inLanguage":"en-US","@id":"https:\/\/secure.gravatar.com\/avatar\/066b5a0d447013502c71a5782f4f3469f03cfe595cc2329fb94652fe47511bfb?s=96&d=mm&r=g","url":"https:\/\/secure.gravatar.com\/avatar\/066b5a0d447013502c71a5782f4f3469f03cfe595cc2329fb94652fe47511bfb?s=96&d=mm&r=g","contentUrl":"https:\/\/secure.gravatar.com\/avatar\/066b5a0d447013502c71a5782f4f3469f03cfe595cc2329fb94652fe47511bfb?s=96&d=mm&r=g","caption":"anja.hall"},"url":"https:\/\/www.immobilienbusiness.ch\/en\/author\/anja-hall\/"}]}},"_links":{"self":[{"href":"https:\/\/www.immobilienbusiness.ch\/en\/wp-json\/wp\/v2\/posts\/41246","targetHints":{"allow":["GET"]}}],"collection":[{"href":"https:\/\/www.immobilienbusiness.ch\/en\/wp-json\/wp\/v2\/posts"}],"about":[{"href":"https:\/\/www.immobilienbusiness.ch\/en\/wp-json\/wp\/v2\/types\/post"}],"author":[{"embeddable":true,"href":"https:\/\/www.immobilienbusiness.ch\/en\/wp-json\/wp\/v2\/users\/3"}],"replies":[{"embeddable":true,"href":"https:\/\/www.immobilienbusiness.ch\/en\/wp-json\/wp\/v2\/comments?post=41246"}],"version-history":[{"count":1,"href":"https:\/\/www.immobilienbusiness.ch\/en\/wp-json\/wp\/v2\/posts\/41246\/revisions"}],"predecessor-version":[{"id":49208,"href":"https:\/\/www.immobilienbusiness.ch\/en\/wp-json\/wp\/v2\/posts\/41246\/revisions\/49208"}],"wp:attachment":[{"href":"https:\/\/www.immobilienbusiness.ch\/en\/wp-json\/wp\/v2\/media?parent=41246"}],"wp:term":[{"taxonomy":"category","embeddable":true,"href":"https:\/\/www.immobilienbusiness.ch\/en\/wp-json\/wp\/v2\/categories?post=41246"},{"taxonomy":"post_tag","embeddable":true,"href":"https:\/\/www.immobilienbusiness.ch\/en\/wp-json\/wp\/v2\/tags?post=41246"}],"curies":[{"name":"wp","href":"https:\/\/api.w.org\/{rel}","templated":true}]}}