{"id":41225,"date":"2021-04-29T07:03:47","date_gmt":"2021-04-29T05:03:47","guid":{"rendered":"https:\/\/develop.immobilienbusiness.ch\/de\/allgemein\/2021-04-29\/hiag-neuer-finanzchef\/"},"modified":"2023-07-03T09:06:38","modified_gmt":"2023-07-03T07:06:38","slug":"hiag-neuer-finanzchef","status":"publish","type":"post","link":"https:\/\/www.immobilienbusiness.ch\/en\/ib\/2021-04-29\/hiag-neuer-finanzchef\/","title":{"rendered":"Hiag: New Chief Financial Officer"},"content":{"rendered":"<div class=\"swpm-post-not-logged-in-msg\">You need to be logged in to view this content. Please <a class=\"swpm-login-link\" href=\"https:\/\/www.immobilienbusiness.ch\/en\/login\/?swpm_redirect_to=https%3A%2F%2Fwww.immobilienbusiness.ch%2Fen%2Fwp-json%2Fwp%2Fv2%2Fposts%2F41225\">Log In<\/a>. Not a member? <a href=\"https:\/\/www.immobilienbusiness.ch\/en\/registrieren\/\">Join Us<\/a><\/div>","protected":false},"excerpt":{"rendered":"<p><span><span>The Board of Directors of Hiag Immobilien Holding AG has appointed financial specialist Rico M\u00fcller as Head of Finance (CFO) and member of HIAG's Executive Board. As announced by the real estate company, Rico M\u00fcller will take office on September 1, 2021.<\/span><\/span><\/p>","protected":false},"author":8,"featured_media":0,"comment_status":"closed","ping_status":"closed","sticky":false,"template":"","format":"standard","meta":{"_acf_changed":false,"_yoast_wpseo_focuskw":"Rico M\u00fcller","_yoast_wpseo_title":"","_yoast_wpseo_metadesc":"Der Verwaltungsrat der Hiag Immobilien Holding AG hat den Finanzspezialisten Rico M\u00fcller zum Leiter Finanzen (CFO) und Mitglied der Gesch\u00e4ftsleitung von HIAG ernannt. Wie die Immobiliengesellschaft mitteilt, wird Rico M\u00fcller sein Amt am 1. September 2021 antreten.","_yoast_wpseo_linkdex":36,"pgc_sgb_lightbox_settings":"","footnotes":""},"categories":[1951],"tags":[1329,1563],"class_list":["post-41225","post","type-post","status-publish","format-standard","hentry","category-ib","tag-immobilien-ag","tag-personalia"],"acf":[],"yoast_head":"<!-- This site is optimized with the Yoast SEO plugin v27.4 - https:\/\/yoast.com\/product\/yoast-seo-wordpress\/ -->\n<title>Hiag: Neuer Finanzchef - IMMOBILIEN Business<\/title>\n<meta name=\"description\" content=\"Der Verwaltungsrat der Hiag Immobilien Holding AG hat den Finanzspezialisten Rico M\u00fcller zum Leiter Finanzen (CFO) und Mitglied der Gesch\u00e4ftsleitung von HIAG ernannt. Wie die Immobiliengesellschaft mitteilt, wird Rico M\u00fcller sein Amt am 1. September 2021 antreten.\" \/>\n<meta name=\"robots\" content=\"index, follow, max-snippet:-1, max-image-preview:large, max-video-preview:-1\" \/>\n<link rel=\"canonical\" href=\"https:\/\/www.immobilienbusiness.ch\/en\/ib\/2021-04-29\/hiag-neuer-finanzchef\/\" \/>\n<meta property=\"og:locale\" content=\"en_US\" \/>\n<meta property=\"og:type\" content=\"article\" \/>\n<meta property=\"og:title\" content=\"Hiag: Neuer Finanzchef - IMMOBILIEN Business\" \/>\n<meta property=\"og:description\" content=\"Der Verwaltungsrat der Hiag Immobilien Holding AG hat den Finanzspezialisten Rico M\u00fcller zum Leiter Finanzen (CFO) und Mitglied der Gesch\u00e4ftsleitung von HIAG ernannt. Wie die Immobiliengesellschaft mitteilt, wird Rico M\u00fcller sein Amt am 1. September 2021 antreten.\" \/>\n<meta property=\"og:url\" content=\"https:\/\/www.immobilienbusiness.ch\/en\/ib\/2021-04-29\/hiag-neuer-finanzchef\/\" \/>\n<meta property=\"og:site_name\" content=\"IMMOBILIEN Business\" \/>\n<meta property=\"article:publisher\" content=\"https:\/\/www.facebook.com\/immobilienbusiness\/\" \/>\n<meta property=\"article:published_time\" content=\"2021-04-29T05:03:47+00:00\" \/>\n<meta property=\"article:modified_time\" content=\"2023-07-03T07:06:38+00:00\" \/>\n<meta name=\"author\" content=\"birgitt.wuest\" \/>\n<meta name=\"twitter:card\" content=\"summary_large_image\" \/>\n<script type=\"application\/ld+json\" class=\"yoast-schema-graph\">{\"@context\":\"https:\\\/\\\/schema.org\",\"@graph\":[{\"@type\":\"Article\",\"@id\":\"https:\\\/\\\/www.immobilienbusiness.ch\\\/fr\\\/ib\\\/2021-04-29\\\/hiag-neuer-finanzchef\\\/#article\",\"isPartOf\":{\"@id\":\"https:\\\/\\\/www.immobilienbusiness.ch\\\/fr\\\/ib\\\/2021-04-29\\\/hiag-neuer-finanzchef\\\/\"},\"author\":{\"name\":\"birgitt.wuest\",\"@id\":\"https:\\\/\\\/www.immobilienbusiness.ch\\\/#\\\/schema\\\/person\\\/9071de3b430793052e78768378adb039\"},\"headline\":\"Hiag: Neuer Finanzchef\",\"datePublished\":\"2021-04-29T05:03:47+00:00\",\"dateModified\":\"2023-07-03T07:06:38+00:00\",\"mainEntityOfPage\":{\"@id\":\"https:\\\/\\\/www.immobilienbusiness.ch\\\/fr\\\/ib\\\/2021-04-29\\\/hiag-neuer-finanzchef\\\/\"},\"wordCount\":110,\"publisher\":{\"@id\":\"https:\\\/\\\/www.immobilienbusiness.ch\\\/#organization\"},\"keywords\":[\"Immobilien-AG\",\"Personalia\"],\"articleSection\":[\"IB+\"],\"inLanguage\":\"en-US\"},{\"@type\":\"WebPage\",\"@id\":\"https:\\\/\\\/www.immobilienbusiness.ch\\\/fr\\\/ib\\\/2021-04-29\\\/hiag-neuer-finanzchef\\\/\",\"url\":\"https:\\\/\\\/www.immobilienbusiness.ch\\\/fr\\\/ib\\\/2021-04-29\\\/hiag-neuer-finanzchef\\\/\",\"name\":\"Hiag: Neuer Finanzchef - IMMOBILIEN Business\",\"isPartOf\":{\"@id\":\"https:\\\/\\\/www.immobilienbusiness.ch\\\/#website\"},\"datePublished\":\"2021-04-29T05:03:47+00:00\",\"dateModified\":\"2023-07-03T07:06:38+00:00\",\"description\":\"Der Verwaltungsrat der Hiag Immobilien Holding AG hat den Finanzspezialisten Rico M\u00fcller zum Leiter Finanzen (CFO) und Mitglied der Gesch\u00e4ftsleitung von HIAG ernannt. Wie die Immobiliengesellschaft mitteilt, wird Rico M\u00fcller sein Amt am 1. September 2021 antreten.\",\"breadcrumb\":{\"@id\":\"https:\\\/\\\/www.immobilienbusiness.ch\\\/fr\\\/ib\\\/2021-04-29\\\/hiag-neuer-finanzchef\\\/#breadcrumb\"},\"inLanguage\":\"en-US\",\"potentialAction\":[{\"@type\":\"ReadAction\",\"target\":[\"https:\\\/\\\/www.immobilienbusiness.ch\\\/fr\\\/ib\\\/2021-04-29\\\/hiag-neuer-finanzchef\\\/\"]}]},{\"@type\":\"BreadcrumbList\",\"@id\":\"https:\\\/\\\/www.immobilienbusiness.ch\\\/fr\\\/ib\\\/2021-04-29\\\/hiag-neuer-finanzchef\\\/#breadcrumb\",\"itemListElement\":[{\"@type\":\"ListItem\",\"position\":1,\"name\":\"Home\",\"item\":\"https:\\\/\\\/www.immobilienbusiness.ch\\\/\"},{\"@type\":\"ListItem\",\"position\":2,\"name\":\"Hiag: Neuer Finanzchef\"}]},{\"@type\":\"WebSite\",\"@id\":\"https:\\\/\\\/www.immobilienbusiness.ch\\\/#website\",\"url\":\"https:\\\/\\\/www.immobilienbusiness.ch\\\/\",\"name\":\"IMMOBILIEN Business\",\"description\":\"Unabh\u00e4ngiges Schweizer Wirtschaftsmagazin mit Fokus auf Immobilien, Architektur- und Bau sowie Investment- und Finanzierung.\",\"publisher\":{\"@id\":\"https:\\\/\\\/www.immobilienbusiness.ch\\\/#organization\"},\"potentialAction\":[{\"@type\":\"SearchAction\",\"target\":{\"@type\":\"EntryPoint\",\"urlTemplate\":\"https:\\\/\\\/www.immobilienbusiness.ch\\\/?s={search_term_string}\"},\"query-input\":{\"@type\":\"PropertyValueSpecification\",\"valueRequired\":true,\"valueName\":\"search_term_string\"}}],\"inLanguage\":\"en-US\"},{\"@type\":\"Organization\",\"@id\":\"https:\\\/\\\/www.immobilienbusiness.ch\\\/#organization\",\"name\":\"IMMOBILIEN Business\",\"url\":\"https:\\\/\\\/www.immobilienbusiness.ch\\\/\",\"logo\":{\"@type\":\"ImageObject\",\"inLanguage\":\"en-US\",\"@id\":\"https:\\\/\\\/www.immobilienbusiness.ch\\\/#\\\/schema\\\/logo\\\/image\\\/\",\"url\":\"https:\\\/\\\/www.immobilienbusiness.ch\\\/wp-content\\\/uploads\\\/2021\\\/07\\\/logo_ib.png\",\"contentUrl\":\"https:\\\/\\\/www.immobilienbusiness.ch\\\/wp-content\\\/uploads\\\/2021\\\/07\\\/logo_ib.png\",\"width\":800,\"height\":181,\"caption\":\"IMMOBILIEN Business\"},\"image\":{\"@id\":\"https:\\\/\\\/www.immobilienbusiness.ch\\\/#\\\/schema\\\/logo\\\/image\\\/\"},\"sameAs\":[\"https:\\\/\\\/www.facebook.com\\\/immobilienbusiness\\\/\"]},{\"@type\":\"Person\",\"@id\":\"https:\\\/\\\/www.immobilienbusiness.ch\\\/#\\\/schema\\\/person\\\/9071de3b430793052e78768378adb039\",\"name\":\"birgitt.wuest\",\"image\":{\"@type\":\"ImageObject\",\"inLanguage\":\"en-US\",\"@id\":\"https:\\\/\\\/secure.gravatar.com\\\/avatar\\\/938f7e46a2aa35420af239a36e5ed08a1034598c7d4a6d4dccff5f20b49eefca?s=96&d=mm&r=g\",\"url\":\"https:\\\/\\\/secure.gravatar.com\\\/avatar\\\/938f7e46a2aa35420af239a36e5ed08a1034598c7d4a6d4dccff5f20b49eefca?s=96&d=mm&r=g\",\"contentUrl\":\"https:\\\/\\\/secure.gravatar.com\\\/avatar\\\/938f7e46a2aa35420af239a36e5ed08a1034598c7d4a6d4dccff5f20b49eefca?s=96&d=mm&r=g\",\"caption\":\"birgitt.wuest\"},\"url\":\"https:\\\/\\\/www.immobilienbusiness.ch\\\/en\\\/author\\\/birgitt-wuest\\\/\"}]}<\/script>\n<!-- \/ Yoast SEO plugin. -->","yoast_head_json":{"title":"Hiag: Neuer Finanzchef - IMMOBILIEN Business","description":"The Board of Directors of Hiag Immobilien Holding AG has appointed financial specialist Rico M\u00fcller as Head of Finance (CFO) and member of HIAG's Executive Board. As announced by the real estate company, Rico M\u00fcller will take office on September 1, 2021.","robots":{"index":"index","follow":"follow","max-snippet":"max-snippet:-1","max-image-preview":"max-image-preview:large","max-video-preview":"max-video-preview:-1"},"canonical":"https:\/\/www.immobilienbusiness.ch\/en\/ib\/2021-04-29\/hiag-neuer-finanzchef\/","og_locale":"en_US","og_type":"article","og_title":"Hiag: Neuer Finanzchef - IMMOBILIEN Business","og_description":"Der Verwaltungsrat der Hiag Immobilien Holding AG hat den Finanzspezialisten Rico M\u00fcller zum Leiter Finanzen (CFO) und Mitglied der Gesch\u00e4ftsleitung von HIAG ernannt. Wie die Immobiliengesellschaft mitteilt, wird Rico M\u00fcller sein Amt am 1. September 2021 antreten.","og_url":"https:\/\/www.immobilienbusiness.ch\/en\/ib\/2021-04-29\/hiag-neuer-finanzchef\/","og_site_name":"IMMOBILIEN Business","article_publisher":"https:\/\/www.facebook.com\/immobilienbusiness\/","article_published_time":"2021-04-29T05:03:47+00:00","article_modified_time":"2023-07-03T07:06:38+00:00","author":"birgitt.wuest","twitter_card":"summary_large_image","schema":{"@context":"https:\/\/schema.org","@graph":[{"@type":"Article","@id":"https:\/\/www.immobilienbusiness.ch\/fr\/ib\/2021-04-29\/hiag-neuer-finanzchef\/#article","isPartOf":{"@id":"https:\/\/www.immobilienbusiness.ch\/fr\/ib\/2021-04-29\/hiag-neuer-finanzchef\/"},"author":{"name":"birgitt.wuest","@id":"https:\/\/www.immobilienbusiness.ch\/#\/schema\/person\/9071de3b430793052e78768378adb039"},"headline":"Hiag: Neuer Finanzchef","datePublished":"2021-04-29T05:03:47+00:00","dateModified":"2023-07-03T07:06:38+00:00","mainEntityOfPage":{"@id":"https:\/\/www.immobilienbusiness.ch\/fr\/ib\/2021-04-29\/hiag-neuer-finanzchef\/"},"wordCount":110,"publisher":{"@id":"https:\/\/www.immobilienbusiness.ch\/#organization"},"keywords":["Immobilien-AG","Personalia"],"articleSection":["IB+"],"inLanguage":"en-US"},{"@type":"WebPage","@id":"https:\/\/www.immobilienbusiness.ch\/fr\/ib\/2021-04-29\/hiag-neuer-finanzchef\/","url":"https:\/\/www.immobilienbusiness.ch\/fr\/ib\/2021-04-29\/hiag-neuer-finanzchef\/","name":"Hiag: Neuer Finanzchef - IMMOBILIEN Business","isPartOf":{"@id":"https:\/\/www.immobilienbusiness.ch\/#website"},"datePublished":"2021-04-29T05:03:47+00:00","dateModified":"2023-07-03T07:06:38+00:00","description":"The Board of Directors of Hiag Immobilien Holding AG has appointed financial specialist Rico M\u00fcller as Head of Finance (CFO) and member of HIAG's Executive Board. As announced by the real estate company, Rico M\u00fcller will take office on September 1, 2021.","breadcrumb":{"@id":"https:\/\/www.immobilienbusiness.ch\/fr\/ib\/2021-04-29\/hiag-neuer-finanzchef\/#breadcrumb"},"inLanguage":"en-US","potentialAction":[{"@type":"ReadAction","target":["https:\/\/www.immobilienbusiness.ch\/fr\/ib\/2021-04-29\/hiag-neuer-finanzchef\/"]}]},{"@type":"BreadcrumbList","@id":"https:\/\/www.immobilienbusiness.ch\/fr\/ib\/2021-04-29\/hiag-neuer-finanzchef\/#breadcrumb","itemListElement":[{"@type":"ListItem","position":1,"name":"Home","item":"https:\/\/www.immobilienbusiness.ch\/"},{"@type":"ListItem","position":2,"name":"Hiag: Neuer Finanzchef"}]},{"@type":"WebSite","@id":"https:\/\/www.immobilienbusiness.ch\/#website","url":"https:\/\/www.immobilienbusiness.ch\/","name":"REAL ESTATE Business","description":"Independent Swiss business magazine focusing on real estate, architecture and construction as well as investment and financing.","publisher":{"@id":"https:\/\/www.immobilienbusiness.ch\/#organization"},"potentialAction":[{"@type":"SearchAction","target":{"@type":"EntryPoint","urlTemplate":"https:\/\/www.immobilienbusiness.ch\/?s={search_term_string}"},"query-input":{"@type":"PropertyValueSpecification","valueRequired":true,"valueName":"search_term_string"}}],"inLanguage":"en-US"},{"@type":"Organization","@id":"https:\/\/www.immobilienbusiness.ch\/#organization","name":"REAL ESTATE Business","url":"https:\/\/www.immobilienbusiness.ch\/","logo":{"@type":"ImageObject","inLanguage":"en-US","@id":"https:\/\/www.immobilienbusiness.ch\/#\/schema\/logo\/image\/","url":"https:\/\/www.immobilienbusiness.ch\/wp-content\/uploads\/2021\/07\/logo_ib.png","contentUrl":"https:\/\/www.immobilienbusiness.ch\/wp-content\/uploads\/2021\/07\/logo_ib.png","width":800,"height":181,"caption":"IMMOBILIEN Business"},"image":{"@id":"https:\/\/www.immobilienbusiness.ch\/#\/schema\/logo\/image\/"},"sameAs":["https:\/\/www.facebook.com\/immobilienbusiness\/"]},{"@type":"Person","@id":"https:\/\/www.immobilienbusiness.ch\/#\/schema\/person\/9071de3b430793052e78768378adb039","name":"birgitt.wuest","image":{"@type":"ImageObject","inLanguage":"en-US","@id":"https:\/\/secure.gravatar.com\/avatar\/938f7e46a2aa35420af239a36e5ed08a1034598c7d4a6d4dccff5f20b49eefca?s=96&d=mm&r=g","url":"https:\/\/secure.gravatar.com\/avatar\/938f7e46a2aa35420af239a36e5ed08a1034598c7d4a6d4dccff5f20b49eefca?s=96&d=mm&r=g","contentUrl":"https:\/\/secure.gravatar.com\/avatar\/938f7e46a2aa35420af239a36e5ed08a1034598c7d4a6d4dccff5f20b49eefca?s=96&d=mm&r=g","caption":"birgitt.wuest"},"url":"https:\/\/www.immobilienbusiness.ch\/en\/author\/birgitt-wuest\/"}]}},"_links":{"self":[{"href":"https:\/\/www.immobilienbusiness.ch\/en\/wp-json\/wp\/v2\/posts\/41225","targetHints":{"allow":["GET"]}}],"collection":[{"href":"https:\/\/www.immobilienbusiness.ch\/en\/wp-json\/wp\/v2\/posts"}],"about":[{"href":"https:\/\/www.immobilienbusiness.ch\/en\/wp-json\/wp\/v2\/types\/post"}],"author":[{"embeddable":true,"href":"https:\/\/www.immobilienbusiness.ch\/en\/wp-json\/wp\/v2\/users\/8"}],"replies":[{"embeddable":true,"href":"https:\/\/www.immobilienbusiness.ch\/en\/wp-json\/wp\/v2\/comments?post=41225"}],"version-history":[{"count":1,"href":"https:\/\/www.immobilienbusiness.ch\/en\/wp-json\/wp\/v2\/posts\/41225\/revisions"}],"predecessor-version":[{"id":49235,"href":"https:\/\/www.immobilienbusiness.ch\/en\/wp-json\/wp\/v2\/posts\/41225\/revisions\/49235"}],"wp:attachment":[{"href":"https:\/\/www.immobilienbusiness.ch\/en\/wp-json\/wp\/v2\/media?parent=41225"}],"wp:term":[{"taxonomy":"category","embeddable":true,"href":"https:\/\/www.immobilienbusiness.ch\/en\/wp-json\/wp\/v2\/categories?post=41225"},{"taxonomy":"post_tag","embeddable":true,"href":"https:\/\/www.immobilienbusiness.ch\/en\/wp-json\/wp\/v2\/tags?post=41225"}],"curies":[{"name":"wp","href":"https:\/\/api.w.org\/{rel}","templated":true}]}}