{"id":4101,"date":"2016-09-27T09:00:05","date_gmt":"2016-09-27T07:00:05","guid":{"rendered":"http:\/\/dev.immobilienbusiness.ch\/?p=4101"},"modified":"2016-09-27T09:00:05","modified_gmt":"2016-09-27T07:00:05","slug":"chur-erhaelt-einen-kinokomplex","status":"publish","type":"post","link":"https:\/\/www.immobilienbusiness.ch\/en\/allgemein\/2016-09-27\/chur-erhaelt-einen-kinokomplex\/","title":{"rendered":"Chur gets a cinema complex"},"content":{"rendered":"<figure id=\"attachment_4103\" aria-describedby=\"caption-attachment-4103\" style=\"width: 680px\" class=\"wp-caption alignnone\"><img loading=\"lazy\" decoding=\"async\" class=\"size-medium wp-image-4103\" src=\"https:\/\/immobilienbusiness.ch\/wp-content\/uploads\/2016\/12\/Chur-erh\u00e4lt-einen-Kinokomplex-immobilien-business.jpg\" alt=\"Im Churer Westen ist ein Kinokomplex geplant (Foto: Stadt Chur\/Walter Schmid)\" width=\"680\" height=\"454\" \/><figcaption id=\"caption-attachment-4103\" class=\"wp-caption-text\">A cinema complex is planned in the west of Chur (Photo: City of Chur\/Walter Schmid)<\/figcaption><\/figure>\n<p>Specifically, the cinema complex is to be built according to a report by the <em>S\u00fcdostschweiz <\/em>According to the plans, the building is to be erected on a plot of land on Sommeraustrasse along the railroad line next to the Coop Bau und Hobby building supplies store. The foyer and the restaurants on the top floor of the building are to be connected to the City West shopping center via a passageway. Furthermore, an underground parking lot and outdoor parking spaces are planned.<\/p>\n<p>As operator is according to <em>SRF <\/em>the company Cinetrade, which already operates cinemas in various Swiss cities. The Chur cinema complex is scheduled to open in mid-2018. (ah)<\/p>","protected":false},"excerpt":{"rendered":"<p>A cinema complex with eight screens and restaurants is planned in the west of Chur. The construction company City West around the architectural office Domenig and the Chur civic community signed the corresponding building lease contract in mid-September, local media report.<\/p>","protected":false},"author":1,"featured_media":4103,"comment_status":"open","ping_status":"open","sticky":false,"template":"","format":"standard","meta":{"_acf_changed":false,"_yoast_wpseo_focuskw":"Kinokomplex","_yoast_wpseo_title":"","_yoast_wpseo_metadesc":"Ein Kinokomplex mit acht S\u00e4len und Restaurants ist geplant. Die Baugesellschaft City West und die B\u00fcrgergemeinde haben den Baurechtsvertrag unterzeichnet.","_yoast_wpseo_linkdex":60,"pgc_sgb_lightbox_settings":"","footnotes":""},"categories":[1],"tags":[1546,1714],"class_list":["post-4101","post","type-post","status-publish","format-standard","has-post-thumbnail","hentry","category-allgemein","tag-ost-schweiz","tag-spezial-immobilien"],"acf":[],"yoast_head":"<!-- This site is optimized with the Yoast SEO plugin v27.4 - https:\/\/yoast.com\/product\/yoast-seo-wordpress\/ -->\n<title>Chur erh\u00e4lt einen Kinokomplex - IMMOBILIEN Business<\/title>\n<meta name=\"description\" content=\"Ein Kinokomplex mit acht S\u00e4len und Restaurants ist geplant. Die Baugesellschaft City West und die B\u00fcrgergemeinde haben den Baurechtsvertrag unterzeichnet.\" \/>\n<meta name=\"robots\" content=\"index, follow, max-snippet:-1, max-image-preview:large, max-video-preview:-1\" \/>\n<link rel=\"canonical\" href=\"https:\/\/www.immobilienbusiness.ch\/en\/allgemein\/2016-09-27\/chur-erhaelt-einen-kinokomplex\/\" \/>\n<meta property=\"og:locale\" content=\"en_US\" \/>\n<meta property=\"og:type\" content=\"article\" \/>\n<meta property=\"og:title\" content=\"Chur erh\u00e4lt einen Kinokomplex\" \/>\n<meta property=\"og:description\" content=\"Im Westen von Chur ist ein Kinokomplex mit acht S\u00e4len und Restaurants geplant. Die Baugesellschaft City West um das Architekturb\u00fcro Domenig und die Churer B\u00fcrgergemeinde haben den entsprechenden Baurechtsvertrag Mitte September unterzeichnet, berichten lokale Medien.\" \/>\n<meta property=\"og:url\" content=\"https:\/\/www.immobilienbusiness.ch\/en\/allgemein\/2016-09-27\/chur-erhaelt-einen-kinokomplex\/\" \/>\n<meta property=\"og:site_name\" content=\"IMMOBILIEN Business\" \/>\n<meta property=\"article:publisher\" content=\"https:\/\/www.facebook.com\/immobilienbusiness\/\" \/>\n<meta property=\"article:published_time\" content=\"2016-09-27T07:00:05+00:00\" \/>\n<meta name=\"author\" content=\"Redaktion\" \/>\n<meta name=\"twitter:card\" content=\"summary_large_image\" \/>\n<meta name=\"twitter:image\" content=\"https:\/\/www.immobilienbusiness.ch\/wp-content\/uploads\/2016\/12\/Chur-erhaelt-einen-Kinokomplex-immobilien-business.jpg\" \/>\n<script type=\"application\/ld+json\" class=\"yoast-schema-graph\">{\"@context\":\"https:\\\/\\\/schema.org\",\"@graph\":[{\"@type\":\"Article\",\"@id\":\"https:\\\/\\\/www.immobilienbusiness.ch\\\/en\\\/allgemein\\\/2016-09-27\\\/chur-erhaelt-einen-kinokomplex\\\/#article\",\"isPartOf\":{\"@id\":\"https:\\\/\\\/www.immobilienbusiness.ch\\\/en\\\/allgemein\\\/2016-09-27\\\/chur-erhaelt-einen-kinokomplex\\\/\"},\"author\":{\"name\":\"Redaktion\",\"@id\":\"https:\\\/\\\/www.immobilienbusiness.ch\\\/#\\\/schema\\\/person\\\/aa2bace6c5c5aad60102004a50c4eb1c\"},\"headline\":\"Chur erh\u00e4lt einen Kinokomplex\",\"datePublished\":\"2016-09-27T07:00:05+00:00\",\"mainEntityOfPage\":{\"@id\":\"https:\\\/\\\/www.immobilienbusiness.ch\\\/en\\\/allgemein\\\/2016-09-27\\\/chur-erhaelt-einen-kinokomplex\\\/\"},\"wordCount\":111,\"commentCount\":0,\"publisher\":{\"@id\":\"https:\\\/\\\/www.immobilienbusiness.ch\\\/#organization\"},\"image\":{\"@id\":\"https:\\\/\\\/www.immobilienbusiness.ch\\\/en\\\/allgemein\\\/2016-09-27\\\/chur-erhaelt-einen-kinokomplex\\\/#primaryimage\"},\"thumbnailUrl\":\"https:\\\/\\\/www.immobilienbusiness.ch\\\/wp-content\\\/uploads\\\/2016\\\/12\\\/Chur-erhaelt-einen-Kinokomplex-immobilien-business.jpg\",\"keywords\":[\"Ost-Schweiz\",\"Spezial Immobilien\"],\"articleSection\":[\"Allgemein\"],\"inLanguage\":\"en-US\"},{\"@type\":\"WebPage\",\"@id\":\"https:\\\/\\\/www.immobilienbusiness.ch\\\/en\\\/allgemein\\\/2016-09-27\\\/chur-erhaelt-einen-kinokomplex\\\/\",\"url\":\"https:\\\/\\\/www.immobilienbusiness.ch\\\/en\\\/allgemein\\\/2016-09-27\\\/chur-erhaelt-einen-kinokomplex\\\/\",\"name\":\"Chur erh\u00e4lt einen Kinokomplex - IMMOBILIEN Business\",\"isPartOf\":{\"@id\":\"https:\\\/\\\/www.immobilienbusiness.ch\\\/#website\"},\"primaryImageOfPage\":{\"@id\":\"https:\\\/\\\/www.immobilienbusiness.ch\\\/en\\\/allgemein\\\/2016-09-27\\\/chur-erhaelt-einen-kinokomplex\\\/#primaryimage\"},\"image\":{\"@id\":\"https:\\\/\\\/www.immobilienbusiness.ch\\\/en\\\/allgemein\\\/2016-09-27\\\/chur-erhaelt-einen-kinokomplex\\\/#primaryimage\"},\"thumbnailUrl\":\"https:\\\/\\\/www.immobilienbusiness.ch\\\/wp-content\\\/uploads\\\/2016\\\/12\\\/Chur-erhaelt-einen-Kinokomplex-immobilien-business.jpg\",\"datePublished\":\"2016-09-27T07:00:05+00:00\",\"description\":\"Ein Kinokomplex mit acht S\u00e4len und Restaurants ist geplant. Die Baugesellschaft City West und die B\u00fcrgergemeinde haben den Baurechtsvertrag unterzeichnet.\",\"breadcrumb\":{\"@id\":\"https:\\\/\\\/www.immobilienbusiness.ch\\\/en\\\/allgemein\\\/2016-09-27\\\/chur-erhaelt-einen-kinokomplex\\\/#breadcrumb\"},\"inLanguage\":\"en-US\",\"potentialAction\":[{\"@type\":\"ReadAction\",\"target\":[\"https:\\\/\\\/www.immobilienbusiness.ch\\\/en\\\/allgemein\\\/2016-09-27\\\/chur-erhaelt-einen-kinokomplex\\\/\"]}]},{\"@type\":\"ImageObject\",\"inLanguage\":\"en-US\",\"@id\":\"https:\\\/\\\/www.immobilienbusiness.ch\\\/en\\\/allgemein\\\/2016-09-27\\\/chur-erhaelt-einen-kinokomplex\\\/#primaryimage\",\"url\":\"https:\\\/\\\/www.immobilienbusiness.ch\\\/wp-content\\\/uploads\\\/2016\\\/12\\\/Chur-erhaelt-einen-Kinokomplex-immobilien-business.jpg\",\"contentUrl\":\"https:\\\/\\\/www.immobilienbusiness.ch\\\/wp-content\\\/uploads\\\/2016\\\/12\\\/Chur-erhaelt-einen-Kinokomplex-immobilien-business.jpg\",\"width\":2560,\"height\":1709,\"caption\":\"Im Churer Westen ist ein Kinokomplex geplant (Foto: Stadt Chur\\\/Walter Schmid)\"},{\"@type\":\"BreadcrumbList\",\"@id\":\"https:\\\/\\\/www.immobilienbusiness.ch\\\/en\\\/allgemein\\\/2016-09-27\\\/chur-erhaelt-einen-kinokomplex\\\/#breadcrumb\",\"itemListElement\":[{\"@type\":\"ListItem\",\"position\":1,\"name\":\"Home\",\"item\":\"https:\\\/\\\/www.immobilienbusiness.ch\\\/\"},{\"@type\":\"ListItem\",\"position\":2,\"name\":\"Chur erh\u00e4lt einen Kinokomplex\"}]},{\"@type\":\"WebSite\",\"@id\":\"https:\\\/\\\/www.immobilienbusiness.ch\\\/#website\",\"url\":\"https:\\\/\\\/www.immobilienbusiness.ch\\\/\",\"name\":\"IMMOBILIEN Business\",\"description\":\"Unabh\u00e4ngiges Schweizer Wirtschaftsmagazin mit Fokus auf Immobilien, Architektur- und Bau sowie Investment- und Finanzierung.\",\"publisher\":{\"@id\":\"https:\\\/\\\/www.immobilienbusiness.ch\\\/#organization\"},\"potentialAction\":[{\"@type\":\"SearchAction\",\"target\":{\"@type\":\"EntryPoint\",\"urlTemplate\":\"https:\\\/\\\/www.immobilienbusiness.ch\\\/?s={search_term_string}\"},\"query-input\":{\"@type\":\"PropertyValueSpecification\",\"valueRequired\":true,\"valueName\":\"search_term_string\"}}],\"inLanguage\":\"en-US\"},{\"@type\":\"Organization\",\"@id\":\"https:\\\/\\\/www.immobilienbusiness.ch\\\/#organization\",\"name\":\"IMMOBILIEN Business\",\"url\":\"https:\\\/\\\/www.immobilienbusiness.ch\\\/\",\"logo\":{\"@type\":\"ImageObject\",\"inLanguage\":\"en-US\",\"@id\":\"https:\\\/\\\/www.immobilienbusiness.ch\\\/#\\\/schema\\\/logo\\\/image\\\/\",\"url\":\"https:\\\/\\\/www.immobilienbusiness.ch\\\/wp-content\\\/uploads\\\/2021\\\/07\\\/logo_ib.png\",\"contentUrl\":\"https:\\\/\\\/www.immobilienbusiness.ch\\\/wp-content\\\/uploads\\\/2021\\\/07\\\/logo_ib.png\",\"width\":800,\"height\":181,\"caption\":\"IMMOBILIEN Business\"},\"image\":{\"@id\":\"https:\\\/\\\/www.immobilienbusiness.ch\\\/#\\\/schema\\\/logo\\\/image\\\/\"},\"sameAs\":[\"https:\\\/\\\/www.facebook.com\\\/immobilienbusiness\\\/\"]},{\"@type\":\"Person\",\"@id\":\"https:\\\/\\\/www.immobilienbusiness.ch\\\/#\\\/schema\\\/person\\\/aa2bace6c5c5aad60102004a50c4eb1c\",\"name\":\"Redaktion\",\"image\":{\"@type\":\"ImageObject\",\"inLanguage\":\"en-US\",\"@id\":\"https:\\\/\\\/secure.gravatar.com\\\/avatar\\\/ae2f4d718e6c49043e314ce431e7e645d646302a24a5ef5a8bc8e3f5a032e319?s=96&d=mm&r=g\",\"url\":\"https:\\\/\\\/secure.gravatar.com\\\/avatar\\\/ae2f4d718e6c49043e314ce431e7e645d646302a24a5ef5a8bc8e3f5a032e319?s=96&d=mm&r=g\",\"contentUrl\":\"https:\\\/\\\/secure.gravatar.com\\\/avatar\\\/ae2f4d718e6c49043e314ce431e7e645d646302a24a5ef5a8bc8e3f5a032e319?s=96&d=mm&r=g\",\"caption\":\"Redaktion\"},\"sameAs\":[\"http:\\\/\\\/develop.organisator.galledia.ch\"],\"url\":\"https:\\\/\\\/www.immobilienbusiness.ch\\\/en\\\/author\\\/admin\\\/\"}]}<\/script>\n<!-- \/ Yoast SEO plugin. -->","yoast_head_json":{"title":"Chur erh\u00e4lt einen Kinokomplex - IMMOBILIEN Business","description":"Ein Kinokomplex mit acht S\u00e4len und Restaurants ist geplant. Die Baugesellschaft City West und die B\u00fcrgergemeinde haben den Baurechtsvertrag unterzeichnet.","robots":{"index":"index","follow":"follow","max-snippet":"max-snippet:-1","max-image-preview":"max-image-preview:large","max-video-preview":"max-video-preview:-1"},"canonical":"https:\/\/www.immobilienbusiness.ch\/en\/allgemein\/2016-09-27\/chur-erhaelt-einen-kinokomplex\/","og_locale":"en_US","og_type":"article","og_title":"Chur erh\u00e4lt einen Kinokomplex","og_description":"Im Westen von Chur ist ein Kinokomplex mit acht S\u00e4len und Restaurants geplant. Die Baugesellschaft City West um das Architekturb\u00fcro Domenig und die Churer B\u00fcrgergemeinde haben den entsprechenden Baurechtsvertrag Mitte September unterzeichnet, berichten lokale Medien.","og_url":"https:\/\/www.immobilienbusiness.ch\/en\/allgemein\/2016-09-27\/chur-erhaelt-einen-kinokomplex\/","og_site_name":"IMMOBILIEN Business","article_publisher":"https:\/\/www.facebook.com\/immobilienbusiness\/","article_published_time":"2016-09-27T07:00:05+00:00","author":"Redaktion","twitter_card":"summary_large_image","twitter_image":"https:\/\/www.immobilienbusiness.ch\/wp-content\/uploads\/2016\/12\/Chur-erhaelt-einen-Kinokomplex-immobilien-business.jpg","schema":{"@context":"https:\/\/schema.org","@graph":[{"@type":"Article","@id":"https:\/\/www.immobilienbusiness.ch\/en\/allgemein\/2016-09-27\/chur-erhaelt-einen-kinokomplex\/#article","isPartOf":{"@id":"https:\/\/www.immobilienbusiness.ch\/en\/allgemein\/2016-09-27\/chur-erhaelt-einen-kinokomplex\/"},"author":{"name":"Redaktion","@id":"https:\/\/www.immobilienbusiness.ch\/#\/schema\/person\/aa2bace6c5c5aad60102004a50c4eb1c"},"headline":"Chur erh\u00e4lt einen Kinokomplex","datePublished":"2016-09-27T07:00:05+00:00","mainEntityOfPage":{"@id":"https:\/\/www.immobilienbusiness.ch\/en\/allgemein\/2016-09-27\/chur-erhaelt-einen-kinokomplex\/"},"wordCount":111,"commentCount":0,"publisher":{"@id":"https:\/\/www.immobilienbusiness.ch\/#organization"},"image":{"@id":"https:\/\/www.immobilienbusiness.ch\/en\/allgemein\/2016-09-27\/chur-erhaelt-einen-kinokomplex\/#primaryimage"},"thumbnailUrl":"https:\/\/www.immobilienbusiness.ch\/wp-content\/uploads\/2016\/12\/Chur-erhaelt-einen-Kinokomplex-immobilien-business.jpg","keywords":["Ost-Schweiz","Spezial Immobilien"],"articleSection":["Allgemein"],"inLanguage":"en-US"},{"@type":"WebPage","@id":"https:\/\/www.immobilienbusiness.ch\/en\/allgemein\/2016-09-27\/chur-erhaelt-einen-kinokomplex\/","url":"https:\/\/www.immobilienbusiness.ch\/en\/allgemein\/2016-09-27\/chur-erhaelt-einen-kinokomplex\/","name":"Chur erh\u00e4lt einen Kinokomplex - IMMOBILIEN Business","isPartOf":{"@id":"https:\/\/www.immobilienbusiness.ch\/#website"},"primaryImageOfPage":{"@id":"https:\/\/www.immobilienbusiness.ch\/en\/allgemein\/2016-09-27\/chur-erhaelt-einen-kinokomplex\/#primaryimage"},"image":{"@id":"https:\/\/www.immobilienbusiness.ch\/en\/allgemein\/2016-09-27\/chur-erhaelt-einen-kinokomplex\/#primaryimage"},"thumbnailUrl":"https:\/\/www.immobilienbusiness.ch\/wp-content\/uploads\/2016\/12\/Chur-erhaelt-einen-Kinokomplex-immobilien-business.jpg","datePublished":"2016-09-27T07:00:05+00:00","description":"Ein Kinokomplex mit acht S\u00e4len und Restaurants ist geplant. Die Baugesellschaft City West und die B\u00fcrgergemeinde haben den Baurechtsvertrag unterzeichnet.","breadcrumb":{"@id":"https:\/\/www.immobilienbusiness.ch\/en\/allgemein\/2016-09-27\/chur-erhaelt-einen-kinokomplex\/#breadcrumb"},"inLanguage":"en-US","potentialAction":[{"@type":"ReadAction","target":["https:\/\/www.immobilienbusiness.ch\/en\/allgemein\/2016-09-27\/chur-erhaelt-einen-kinokomplex\/"]}]},{"@type":"ImageObject","inLanguage":"en-US","@id":"https:\/\/www.immobilienbusiness.ch\/en\/allgemein\/2016-09-27\/chur-erhaelt-einen-kinokomplex\/#primaryimage","url":"https:\/\/www.immobilienbusiness.ch\/wp-content\/uploads\/2016\/12\/Chur-erhaelt-einen-Kinokomplex-immobilien-business.jpg","contentUrl":"https:\/\/www.immobilienbusiness.ch\/wp-content\/uploads\/2016\/12\/Chur-erhaelt-einen-Kinokomplex-immobilien-business.jpg","width":2560,"height":1709,"caption":"Im Churer Westen ist ein Kinokomplex geplant (Foto: Stadt Chur\/Walter Schmid)"},{"@type":"BreadcrumbList","@id":"https:\/\/www.immobilienbusiness.ch\/en\/allgemein\/2016-09-27\/chur-erhaelt-einen-kinokomplex\/#breadcrumb","itemListElement":[{"@type":"ListItem","position":1,"name":"Home","item":"https:\/\/www.immobilienbusiness.ch\/"},{"@type":"ListItem","position":2,"name":"Chur erh\u00e4lt einen Kinokomplex"}]},{"@type":"WebSite","@id":"https:\/\/www.immobilienbusiness.ch\/#website","url":"https:\/\/www.immobilienbusiness.ch\/","name":"REAL ESTATE Business","description":"Independent Swiss business magazine focusing on real estate, architecture and construction as well as investment and financing.","publisher":{"@id":"https:\/\/www.immobilienbusiness.ch\/#organization"},"potentialAction":[{"@type":"SearchAction","target":{"@type":"EntryPoint","urlTemplate":"https:\/\/www.immobilienbusiness.ch\/?s={search_term_string}"},"query-input":{"@type":"PropertyValueSpecification","valueRequired":true,"valueName":"search_term_string"}}],"inLanguage":"en-US"},{"@type":"Organization","@id":"https:\/\/www.immobilienbusiness.ch\/#organization","name":"REAL ESTATE Business","url":"https:\/\/www.immobilienbusiness.ch\/","logo":{"@type":"ImageObject","inLanguage":"en-US","@id":"https:\/\/www.immobilienbusiness.ch\/#\/schema\/logo\/image\/","url":"https:\/\/www.immobilienbusiness.ch\/wp-content\/uploads\/2021\/07\/logo_ib.png","contentUrl":"https:\/\/www.immobilienbusiness.ch\/wp-content\/uploads\/2021\/07\/logo_ib.png","width":800,"height":181,"caption":"IMMOBILIEN Business"},"image":{"@id":"https:\/\/www.immobilienbusiness.ch\/#\/schema\/logo\/image\/"},"sameAs":["https:\/\/www.facebook.com\/immobilienbusiness\/"]},{"@type":"Person","@id":"https:\/\/www.immobilienbusiness.ch\/#\/schema\/person\/aa2bace6c5c5aad60102004a50c4eb1c","name":"Editorial","image":{"@type":"ImageObject","inLanguage":"en-US","@id":"https:\/\/secure.gravatar.com\/avatar\/ae2f4d718e6c49043e314ce431e7e645d646302a24a5ef5a8bc8e3f5a032e319?s=96&d=mm&r=g","url":"https:\/\/secure.gravatar.com\/avatar\/ae2f4d718e6c49043e314ce431e7e645d646302a24a5ef5a8bc8e3f5a032e319?s=96&d=mm&r=g","contentUrl":"https:\/\/secure.gravatar.com\/avatar\/ae2f4d718e6c49043e314ce431e7e645d646302a24a5ef5a8bc8e3f5a032e319?s=96&d=mm&r=g","caption":"Redaktion"},"sameAs":["http:\/\/develop.organisator.galledia.ch"],"url":"https:\/\/www.immobilienbusiness.ch\/en\/author\/admin\/"}]}},"_links":{"self":[{"href":"https:\/\/www.immobilienbusiness.ch\/en\/wp-json\/wp\/v2\/posts\/4101","targetHints":{"allow":["GET"]}}],"collection":[{"href":"https:\/\/www.immobilienbusiness.ch\/en\/wp-json\/wp\/v2\/posts"}],"about":[{"href":"https:\/\/www.immobilienbusiness.ch\/en\/wp-json\/wp\/v2\/types\/post"}],"author":[{"embeddable":true,"href":"https:\/\/www.immobilienbusiness.ch\/en\/wp-json\/wp\/v2\/users\/1"}],"replies":[{"embeddable":true,"href":"https:\/\/www.immobilienbusiness.ch\/en\/wp-json\/wp\/v2\/comments?post=4101"}],"version-history":[{"count":0,"href":"https:\/\/www.immobilienbusiness.ch\/en\/wp-json\/wp\/v2\/posts\/4101\/revisions"}],"wp:featuredmedia":[{"embeddable":true,"href":"https:\/\/www.immobilienbusiness.ch\/en\/wp-json\/wp\/v2\/media\/4103"}],"wp:attachment":[{"href":"https:\/\/www.immobilienbusiness.ch\/en\/wp-json\/wp\/v2\/media?parent=4101"}],"wp:term":[{"taxonomy":"category","embeddable":true,"href":"https:\/\/www.immobilienbusiness.ch\/en\/wp-json\/wp\/v2\/categories?post=4101"},{"taxonomy":"post_tag","embeddable":true,"href":"https:\/\/www.immobilienbusiness.ch\/en\/wp-json\/wp\/v2\/tags?post=4101"}],"curies":[{"name":"wp","href":"https:\/\/api.w.org\/{rel}","templated":true}]}}