{"id":4079,"date":"2016-06-08T08:33:07","date_gmt":"2016-06-08T06:33:07","guid":{"rendered":"http:\/\/dev.immobilienbusiness.ch\/?p=4079"},"modified":"2016-06-08T08:33:07","modified_gmt":"2016-06-08T06:33:07","slug":"ubs-re-opening-und-zukauf-fuer-anlagegruppe-ast-kis","status":"publish","type":"post","link":"https:\/\/www.immobilienbusiness.ch\/en\/allgemein\/2016-06-08\/ubs-re-opening-und-zukauf-fuer-anlagegruppe-ast-kis\/","title":{"rendered":"UBS: Re-opening and acquisition for investment group AST-KIS"},"content":{"rendered":"<figure id=\"attachment_4083\" aria-describedby=\"caption-attachment-4083\" style=\"width: 680px\" class=\"wp-caption alignnone\"><img loading=\"lazy\" decoding=\"async\" class=\"size-medium wp-image-4083\" src=\"https:\/\/immobilienbusiness.ch\/wp-content\/uploads\/2016\/12\/UBS-Re-Opening-und-Zukauf-f\u00fcr-Anlagegruppe-AST-KIS-immobilien-business.jpg\" alt=\"Re-Opening f\u00fcr den UBS AST-KIS (Foto: Pixabay)\" width=\"680\" height=\"455\" \/><figcaption id=\"caption-attachment-4083\" class=\"wp-caption-text\">Re-opening for the UBS AST-KIS (Photo: Pixabay)<\/figcaption><\/figure>\n<p>Re-opening takes place under special conditions and according to a special procedure. Only Swiss pension funds in investment groups of the UBS Investment Foundation for Pension Plans can invest in UBS AST-KIS1. The proceeds of the issue will be used to repay debt financing, to finance construction projects and to purchase real estate, UBS says.<\/p>\n<p>The portfolio of the UBS AST-KIS investment group currently comprises 38 properties and has a market value volume of around CHF 580 million. As of June 1, 2016, the investment group acquired a portfolio with four portfolio properties in Basel, Chiasso (TI), Muttenz (BL) and Reinach (BL). The properties are primarily used for commercial purposes (office, retail, commercial), two properties also have a small residential component. All four buildings contain a UBS office. (ah)<\/p>","protected":false},"excerpt":{"rendered":"<p>The UBS AST Commercial Real Estate Switzerland (UBS AST-KIS) investment group of the UBS Investment Foundation for Employee Pensions will be open for subscriptions until 24 June 2016. It is planned to allocate subscriptions in the amount of approximately CHF 75 million.<\/p>","protected":false},"author":1,"featured_media":4083,"comment_status":"open","ping_status":"open","sticky":false,"template":"","format":"standard","meta":{"_acf_changed":false,"_yoast_wpseo_focuskw":"Re-Opening","_yoast_wpseo_title":"","_yoast_wpseo_metadesc":"Re-Opening: Die Anlagegruppe UBS AST Kommerzielle Immobilien Schweiz der wird bis am 24. Juni 2016 f\u00fcr Zeichnungen ge\u00f6ffnet.","_yoast_wpseo_linkdex":71,"pgc_sgb_lightbox_settings":"","footnotes":""},"categories":[1],"tags":[1222,1362],"class_list":["post-4079","post","type-post","status-publish","format-standard","has-post-thumbnail","hentry","category-allgemein","tag-finanzierung","tag-indirekte-immobilienanlagen"],"acf":[],"yoast_head":"<!-- This site is optimized with the Yoast SEO plugin v27.4 - https:\/\/yoast.com\/product\/yoast-seo-wordpress\/ -->\n<title>UBS: Re-Opening und Zukauf f\u00fcr Anlagegruppe AST-KIS - IMMOBILIEN Business<\/title>\n<meta name=\"description\" content=\"Re-Opening: Die Anlagegruppe UBS AST Kommerzielle Immobilien Schweiz der wird bis am 24. Juni 2016 f\u00fcr Zeichnungen ge\u00f6ffnet.\" \/>\n<meta name=\"robots\" content=\"index, follow, max-snippet:-1, max-image-preview:large, max-video-preview:-1\" \/>\n<link rel=\"canonical\" href=\"https:\/\/www.immobilienbusiness.ch\/en\/allgemein\/2016-06-08\/ubs-re-opening-und-zukauf-fuer-anlagegruppe-ast-kis\/\" \/>\n<meta property=\"og:locale\" content=\"en_US\" \/>\n<meta property=\"og:type\" content=\"article\" \/>\n<meta property=\"og:title\" content=\"UBS: Re-Opening und Zukauf f\u00fcr Anlagegruppe AST-KIS\" \/>\n<meta property=\"og:description\" content=\"Die Anlagegruppe UBS AST Kommerzielle Immobilien Schweiz (UBS AST-KIS) der Anlagestiftung der UBS f\u00fcr Personalvorsorge wird bis am 24. Juni 2016 f\u00fcr Zeichnungen ge\u00f6ffnet. Geplant ist, Zeichnungen im Umfang von rund 75 Millionen CHF zuzuteilen.\" \/>\n<meta property=\"og:url\" content=\"https:\/\/www.immobilienbusiness.ch\/en\/allgemein\/2016-06-08\/ubs-re-opening-und-zukauf-fuer-anlagegruppe-ast-kis\/\" \/>\n<meta property=\"og:site_name\" content=\"IMMOBILIEN Business\" \/>\n<meta property=\"article:publisher\" content=\"https:\/\/www.facebook.com\/immobilienbusiness\/\" \/>\n<meta property=\"article:published_time\" content=\"2016-06-08T06:33:07+00:00\" \/>\n<meta name=\"author\" content=\"Redaktion\" \/>\n<meta name=\"twitter:card\" content=\"summary_large_image\" \/>\n<meta name=\"twitter:image\" content=\"https:\/\/www.immobilienbusiness.ch\/wp-content\/uploads\/2016\/12\/UBS-Re-Opening-und-Zukauf-fuer-Anlagegruppe-AST-KIS-immobilien-business.jpg\" \/>\n<script type=\"application\/ld+json\" class=\"yoast-schema-graph\">{\"@context\":\"https:\\\/\\\/schema.org\",\"@graph\":[{\"@type\":\"Article\",\"@id\":\"https:\\\/\\\/www.immobilienbusiness.ch\\\/en\\\/allgemein\\\/2016-06-08\\\/ubs-re-opening-und-zukauf-fuer-anlagegruppe-ast-kis\\\/#article\",\"isPartOf\":{\"@id\":\"https:\\\/\\\/www.immobilienbusiness.ch\\\/en\\\/allgemein\\\/2016-06-08\\\/ubs-re-opening-und-zukauf-fuer-anlagegruppe-ast-kis\\\/\"},\"author\":{\"name\":\"Redaktion\",\"@id\":\"https:\\\/\\\/www.immobilienbusiness.ch\\\/#\\\/schema\\\/person\\\/aa2bace6c5c5aad60102004a50c4eb1c\"},\"headline\":\"UBS: Re-Opening und Zukauf f\u00fcr Anlagegruppe AST-KIS\",\"datePublished\":\"2016-06-08T06:33:07+00:00\",\"mainEntityOfPage\":{\"@id\":\"https:\\\/\\\/www.immobilienbusiness.ch\\\/en\\\/allgemein\\\/2016-06-08\\\/ubs-re-opening-und-zukauf-fuer-anlagegruppe-ast-kis\\\/\"},\"wordCount\":141,\"commentCount\":0,\"publisher\":{\"@id\":\"https:\\\/\\\/www.immobilienbusiness.ch\\\/#organization\"},\"image\":{\"@id\":\"https:\\\/\\\/www.immobilienbusiness.ch\\\/en\\\/allgemein\\\/2016-06-08\\\/ubs-re-opening-und-zukauf-fuer-anlagegruppe-ast-kis\\\/#primaryimage\"},\"thumbnailUrl\":\"https:\\\/\\\/www.immobilienbusiness.ch\\\/wp-content\\\/uploads\\\/2016\\\/12\\\/UBS-Re-Opening-und-Zukauf-fuer-Anlagegruppe-AST-KIS-immobilien-business.jpg\",\"keywords\":[\"Finanzierung\",\"Indirekte Immobilienanlagen\"],\"articleSection\":[\"Allgemein\"],\"inLanguage\":\"en-US\"},{\"@type\":\"WebPage\",\"@id\":\"https:\\\/\\\/www.immobilienbusiness.ch\\\/en\\\/allgemein\\\/2016-06-08\\\/ubs-re-opening-und-zukauf-fuer-anlagegruppe-ast-kis\\\/\",\"url\":\"https:\\\/\\\/www.immobilienbusiness.ch\\\/en\\\/allgemein\\\/2016-06-08\\\/ubs-re-opening-und-zukauf-fuer-anlagegruppe-ast-kis\\\/\",\"name\":\"UBS: Re-Opening und Zukauf f\u00fcr Anlagegruppe AST-KIS - IMMOBILIEN Business\",\"isPartOf\":{\"@id\":\"https:\\\/\\\/www.immobilienbusiness.ch\\\/#website\"},\"primaryImageOfPage\":{\"@id\":\"https:\\\/\\\/www.immobilienbusiness.ch\\\/en\\\/allgemein\\\/2016-06-08\\\/ubs-re-opening-und-zukauf-fuer-anlagegruppe-ast-kis\\\/#primaryimage\"},\"image\":{\"@id\":\"https:\\\/\\\/www.immobilienbusiness.ch\\\/en\\\/allgemein\\\/2016-06-08\\\/ubs-re-opening-und-zukauf-fuer-anlagegruppe-ast-kis\\\/#primaryimage\"},\"thumbnailUrl\":\"https:\\\/\\\/www.immobilienbusiness.ch\\\/wp-content\\\/uploads\\\/2016\\\/12\\\/UBS-Re-Opening-und-Zukauf-fuer-Anlagegruppe-AST-KIS-immobilien-business.jpg\",\"datePublished\":\"2016-06-08T06:33:07+00:00\",\"description\":\"Re-Opening: Die Anlagegruppe UBS AST Kommerzielle Immobilien Schweiz der wird bis am 24. Juni 2016 f\u00fcr Zeichnungen ge\u00f6ffnet.\",\"breadcrumb\":{\"@id\":\"https:\\\/\\\/www.immobilienbusiness.ch\\\/en\\\/allgemein\\\/2016-06-08\\\/ubs-re-opening-und-zukauf-fuer-anlagegruppe-ast-kis\\\/#breadcrumb\"},\"inLanguage\":\"en-US\",\"potentialAction\":[{\"@type\":\"ReadAction\",\"target\":[\"https:\\\/\\\/www.immobilienbusiness.ch\\\/en\\\/allgemein\\\/2016-06-08\\\/ubs-re-opening-und-zukauf-fuer-anlagegruppe-ast-kis\\\/\"]}]},{\"@type\":\"ImageObject\",\"inLanguage\":\"en-US\",\"@id\":\"https:\\\/\\\/www.immobilienbusiness.ch\\\/en\\\/allgemein\\\/2016-06-08\\\/ubs-re-opening-und-zukauf-fuer-anlagegruppe-ast-kis\\\/#primaryimage\",\"url\":\"https:\\\/\\\/www.immobilienbusiness.ch\\\/wp-content\\\/uploads\\\/2016\\\/12\\\/UBS-Re-Opening-und-Zukauf-fuer-Anlagegruppe-AST-KIS-immobilien-business.jpg\",\"contentUrl\":\"https:\\\/\\\/www.immobilienbusiness.ch\\\/wp-content\\\/uploads\\\/2016\\\/12\\\/UBS-Re-Opening-und-Zukauf-fuer-Anlagegruppe-AST-KIS-immobilien-business.jpg\",\"width\":1280,\"height\":856,\"caption\":\"(Foto: Pixabay)\"},{\"@type\":\"BreadcrumbList\",\"@id\":\"https:\\\/\\\/www.immobilienbusiness.ch\\\/en\\\/allgemein\\\/2016-06-08\\\/ubs-re-opening-und-zukauf-fuer-anlagegruppe-ast-kis\\\/#breadcrumb\",\"itemListElement\":[{\"@type\":\"ListItem\",\"position\":1,\"name\":\"Home\",\"item\":\"https:\\\/\\\/www.immobilienbusiness.ch\\\/\"},{\"@type\":\"ListItem\",\"position\":2,\"name\":\"UBS: Re-Opening und Zukauf f\u00fcr Anlagegruppe AST-KIS\"}]},{\"@type\":\"WebSite\",\"@id\":\"https:\\\/\\\/www.immobilienbusiness.ch\\\/#website\",\"url\":\"https:\\\/\\\/www.immobilienbusiness.ch\\\/\",\"name\":\"IMMOBILIEN Business\",\"description\":\"Unabh\u00e4ngiges Schweizer Wirtschaftsmagazin mit Fokus auf Immobilien, Architektur- und Bau sowie Investment- und Finanzierung.\",\"publisher\":{\"@id\":\"https:\\\/\\\/www.immobilienbusiness.ch\\\/#organization\"},\"potentialAction\":[{\"@type\":\"SearchAction\",\"target\":{\"@type\":\"EntryPoint\",\"urlTemplate\":\"https:\\\/\\\/www.immobilienbusiness.ch\\\/?s={search_term_string}\"},\"query-input\":{\"@type\":\"PropertyValueSpecification\",\"valueRequired\":true,\"valueName\":\"search_term_string\"}}],\"inLanguage\":\"en-US\"},{\"@type\":\"Organization\",\"@id\":\"https:\\\/\\\/www.immobilienbusiness.ch\\\/#organization\",\"name\":\"IMMOBILIEN Business\",\"url\":\"https:\\\/\\\/www.immobilienbusiness.ch\\\/\",\"logo\":{\"@type\":\"ImageObject\",\"inLanguage\":\"en-US\",\"@id\":\"https:\\\/\\\/www.immobilienbusiness.ch\\\/#\\\/schema\\\/logo\\\/image\\\/\",\"url\":\"https:\\\/\\\/www.immobilienbusiness.ch\\\/wp-content\\\/uploads\\\/2021\\\/07\\\/logo_ib.png\",\"contentUrl\":\"https:\\\/\\\/www.immobilienbusiness.ch\\\/wp-content\\\/uploads\\\/2021\\\/07\\\/logo_ib.png\",\"width\":800,\"height\":181,\"caption\":\"IMMOBILIEN Business\"},\"image\":{\"@id\":\"https:\\\/\\\/www.immobilienbusiness.ch\\\/#\\\/schema\\\/logo\\\/image\\\/\"},\"sameAs\":[\"https:\\\/\\\/www.facebook.com\\\/immobilienbusiness\\\/\"]},{\"@type\":\"Person\",\"@id\":\"https:\\\/\\\/www.immobilienbusiness.ch\\\/#\\\/schema\\\/person\\\/aa2bace6c5c5aad60102004a50c4eb1c\",\"name\":\"Redaktion\",\"image\":{\"@type\":\"ImageObject\",\"inLanguage\":\"en-US\",\"@id\":\"https:\\\/\\\/secure.gravatar.com\\\/avatar\\\/ae2f4d718e6c49043e314ce431e7e645d646302a24a5ef5a8bc8e3f5a032e319?s=96&d=mm&r=g\",\"url\":\"https:\\\/\\\/secure.gravatar.com\\\/avatar\\\/ae2f4d718e6c49043e314ce431e7e645d646302a24a5ef5a8bc8e3f5a032e319?s=96&d=mm&r=g\",\"contentUrl\":\"https:\\\/\\\/secure.gravatar.com\\\/avatar\\\/ae2f4d718e6c49043e314ce431e7e645d646302a24a5ef5a8bc8e3f5a032e319?s=96&d=mm&r=g\",\"caption\":\"Redaktion\"},\"sameAs\":[\"http:\\\/\\\/develop.organisator.galledia.ch\"],\"url\":\"https:\\\/\\\/www.immobilienbusiness.ch\\\/en\\\/author\\\/admin\\\/\"}]}<\/script>\n<!-- \/ Yoast SEO plugin. -->","yoast_head_json":{"title":"UBS: Re-Opening und Zukauf f\u00fcr Anlagegruppe AST-KIS - IMMOBILIEN Business","description":"Re-Opening: Die Anlagegruppe UBS AST Kommerzielle Immobilien Schweiz der wird bis am 24. Juni 2016 f\u00fcr Zeichnungen ge\u00f6ffnet.","robots":{"index":"index","follow":"follow","max-snippet":"max-snippet:-1","max-image-preview":"max-image-preview:large","max-video-preview":"max-video-preview:-1"},"canonical":"https:\/\/www.immobilienbusiness.ch\/en\/allgemein\/2016-06-08\/ubs-re-opening-und-zukauf-fuer-anlagegruppe-ast-kis\/","og_locale":"en_US","og_type":"article","og_title":"UBS: Re-Opening und Zukauf f\u00fcr Anlagegruppe AST-KIS","og_description":"Die Anlagegruppe UBS AST Kommerzielle Immobilien Schweiz (UBS AST-KIS) der Anlagestiftung der UBS f\u00fcr Personalvorsorge wird bis am 24. Juni 2016 f\u00fcr Zeichnungen ge\u00f6ffnet. Geplant ist, Zeichnungen im Umfang von rund 75 Millionen CHF zuzuteilen.","og_url":"https:\/\/www.immobilienbusiness.ch\/en\/allgemein\/2016-06-08\/ubs-re-opening-und-zukauf-fuer-anlagegruppe-ast-kis\/","og_site_name":"IMMOBILIEN Business","article_publisher":"https:\/\/www.facebook.com\/immobilienbusiness\/","article_published_time":"2016-06-08T06:33:07+00:00","author":"Redaktion","twitter_card":"summary_large_image","twitter_image":"https:\/\/www.immobilienbusiness.ch\/wp-content\/uploads\/2016\/12\/UBS-Re-Opening-und-Zukauf-fuer-Anlagegruppe-AST-KIS-immobilien-business.jpg","schema":{"@context":"https:\/\/schema.org","@graph":[{"@type":"Article","@id":"https:\/\/www.immobilienbusiness.ch\/en\/allgemein\/2016-06-08\/ubs-re-opening-und-zukauf-fuer-anlagegruppe-ast-kis\/#article","isPartOf":{"@id":"https:\/\/www.immobilienbusiness.ch\/en\/allgemein\/2016-06-08\/ubs-re-opening-und-zukauf-fuer-anlagegruppe-ast-kis\/"},"author":{"name":"Redaktion","@id":"https:\/\/www.immobilienbusiness.ch\/#\/schema\/person\/aa2bace6c5c5aad60102004a50c4eb1c"},"headline":"UBS: Re-Opening und Zukauf f\u00fcr Anlagegruppe AST-KIS","datePublished":"2016-06-08T06:33:07+00:00","mainEntityOfPage":{"@id":"https:\/\/www.immobilienbusiness.ch\/en\/allgemein\/2016-06-08\/ubs-re-opening-und-zukauf-fuer-anlagegruppe-ast-kis\/"},"wordCount":141,"commentCount":0,"publisher":{"@id":"https:\/\/www.immobilienbusiness.ch\/#organization"},"image":{"@id":"https:\/\/www.immobilienbusiness.ch\/en\/allgemein\/2016-06-08\/ubs-re-opening-und-zukauf-fuer-anlagegruppe-ast-kis\/#primaryimage"},"thumbnailUrl":"https:\/\/www.immobilienbusiness.ch\/wp-content\/uploads\/2016\/12\/UBS-Re-Opening-und-Zukauf-fuer-Anlagegruppe-AST-KIS-immobilien-business.jpg","keywords":["Finanzierung","Indirekte Immobilienanlagen"],"articleSection":["Allgemein"],"inLanguage":"en-US"},{"@type":"WebPage","@id":"https:\/\/www.immobilienbusiness.ch\/en\/allgemein\/2016-06-08\/ubs-re-opening-und-zukauf-fuer-anlagegruppe-ast-kis\/","url":"https:\/\/www.immobilienbusiness.ch\/en\/allgemein\/2016-06-08\/ubs-re-opening-und-zukauf-fuer-anlagegruppe-ast-kis\/","name":"UBS: Re-Opening und Zukauf f\u00fcr Anlagegruppe AST-KIS - IMMOBILIEN Business","isPartOf":{"@id":"https:\/\/www.immobilienbusiness.ch\/#website"},"primaryImageOfPage":{"@id":"https:\/\/www.immobilienbusiness.ch\/en\/allgemein\/2016-06-08\/ubs-re-opening-und-zukauf-fuer-anlagegruppe-ast-kis\/#primaryimage"},"image":{"@id":"https:\/\/www.immobilienbusiness.ch\/en\/allgemein\/2016-06-08\/ubs-re-opening-und-zukauf-fuer-anlagegruppe-ast-kis\/#primaryimage"},"thumbnailUrl":"https:\/\/www.immobilienbusiness.ch\/wp-content\/uploads\/2016\/12\/UBS-Re-Opening-und-Zukauf-fuer-Anlagegruppe-AST-KIS-immobilien-business.jpg","datePublished":"2016-06-08T06:33:07+00:00","description":"Re-Opening: Die Anlagegruppe UBS AST Kommerzielle Immobilien Schweiz der wird bis am 24. Juni 2016 f\u00fcr Zeichnungen ge\u00f6ffnet.","breadcrumb":{"@id":"https:\/\/www.immobilienbusiness.ch\/en\/allgemein\/2016-06-08\/ubs-re-opening-und-zukauf-fuer-anlagegruppe-ast-kis\/#breadcrumb"},"inLanguage":"en-US","potentialAction":[{"@type":"ReadAction","target":["https:\/\/www.immobilienbusiness.ch\/en\/allgemein\/2016-06-08\/ubs-re-opening-und-zukauf-fuer-anlagegruppe-ast-kis\/"]}]},{"@type":"ImageObject","inLanguage":"en-US","@id":"https:\/\/www.immobilienbusiness.ch\/en\/allgemein\/2016-06-08\/ubs-re-opening-und-zukauf-fuer-anlagegruppe-ast-kis\/#primaryimage","url":"https:\/\/www.immobilienbusiness.ch\/wp-content\/uploads\/2016\/12\/UBS-Re-Opening-und-Zukauf-fuer-Anlagegruppe-AST-KIS-immobilien-business.jpg","contentUrl":"https:\/\/www.immobilienbusiness.ch\/wp-content\/uploads\/2016\/12\/UBS-Re-Opening-und-Zukauf-fuer-Anlagegruppe-AST-KIS-immobilien-business.jpg","width":1280,"height":856,"caption":"(Foto: Pixabay)"},{"@type":"BreadcrumbList","@id":"https:\/\/www.immobilienbusiness.ch\/en\/allgemein\/2016-06-08\/ubs-re-opening-und-zukauf-fuer-anlagegruppe-ast-kis\/#breadcrumb","itemListElement":[{"@type":"ListItem","position":1,"name":"Home","item":"https:\/\/www.immobilienbusiness.ch\/"},{"@type":"ListItem","position":2,"name":"UBS: Re-Opening und Zukauf f\u00fcr Anlagegruppe AST-KIS"}]},{"@type":"WebSite","@id":"https:\/\/www.immobilienbusiness.ch\/#website","url":"https:\/\/www.immobilienbusiness.ch\/","name":"REAL ESTATE Business","description":"Independent Swiss business magazine focusing on real estate, architecture and construction as well as investment and financing.","publisher":{"@id":"https:\/\/www.immobilienbusiness.ch\/#organization"},"potentialAction":[{"@type":"SearchAction","target":{"@type":"EntryPoint","urlTemplate":"https:\/\/www.immobilienbusiness.ch\/?s={search_term_string}"},"query-input":{"@type":"PropertyValueSpecification","valueRequired":true,"valueName":"search_term_string"}}],"inLanguage":"en-US"},{"@type":"Organization","@id":"https:\/\/www.immobilienbusiness.ch\/#organization","name":"REAL ESTATE Business","url":"https:\/\/www.immobilienbusiness.ch\/","logo":{"@type":"ImageObject","inLanguage":"en-US","@id":"https:\/\/www.immobilienbusiness.ch\/#\/schema\/logo\/image\/","url":"https:\/\/www.immobilienbusiness.ch\/wp-content\/uploads\/2021\/07\/logo_ib.png","contentUrl":"https:\/\/www.immobilienbusiness.ch\/wp-content\/uploads\/2021\/07\/logo_ib.png","width":800,"height":181,"caption":"IMMOBILIEN Business"},"image":{"@id":"https:\/\/www.immobilienbusiness.ch\/#\/schema\/logo\/image\/"},"sameAs":["https:\/\/www.facebook.com\/immobilienbusiness\/"]},{"@type":"Person","@id":"https:\/\/www.immobilienbusiness.ch\/#\/schema\/person\/aa2bace6c5c5aad60102004a50c4eb1c","name":"Editorial","image":{"@type":"ImageObject","inLanguage":"en-US","@id":"https:\/\/secure.gravatar.com\/avatar\/ae2f4d718e6c49043e314ce431e7e645d646302a24a5ef5a8bc8e3f5a032e319?s=96&d=mm&r=g","url":"https:\/\/secure.gravatar.com\/avatar\/ae2f4d718e6c49043e314ce431e7e645d646302a24a5ef5a8bc8e3f5a032e319?s=96&d=mm&r=g","contentUrl":"https:\/\/secure.gravatar.com\/avatar\/ae2f4d718e6c49043e314ce431e7e645d646302a24a5ef5a8bc8e3f5a032e319?s=96&d=mm&r=g","caption":"Redaktion"},"sameAs":["http:\/\/develop.organisator.galledia.ch"],"url":"https:\/\/www.immobilienbusiness.ch\/en\/author\/admin\/"}]}},"_links":{"self":[{"href":"https:\/\/www.immobilienbusiness.ch\/en\/wp-json\/wp\/v2\/posts\/4079","targetHints":{"allow":["GET"]}}],"collection":[{"href":"https:\/\/www.immobilienbusiness.ch\/en\/wp-json\/wp\/v2\/posts"}],"about":[{"href":"https:\/\/www.immobilienbusiness.ch\/en\/wp-json\/wp\/v2\/types\/post"}],"author":[{"embeddable":true,"href":"https:\/\/www.immobilienbusiness.ch\/en\/wp-json\/wp\/v2\/users\/1"}],"replies":[{"embeddable":true,"href":"https:\/\/www.immobilienbusiness.ch\/en\/wp-json\/wp\/v2\/comments?post=4079"}],"version-history":[{"count":0,"href":"https:\/\/www.immobilienbusiness.ch\/en\/wp-json\/wp\/v2\/posts\/4079\/revisions"}],"wp:featuredmedia":[{"embeddable":true,"href":"https:\/\/www.immobilienbusiness.ch\/en\/wp-json\/wp\/v2\/media\/4083"}],"wp:attachment":[{"href":"https:\/\/www.immobilienbusiness.ch\/en\/wp-json\/wp\/v2\/media?parent=4079"}],"wp:term":[{"taxonomy":"category","embeddable":true,"href":"https:\/\/www.immobilienbusiness.ch\/en\/wp-json\/wp\/v2\/categories?post=4079"},{"taxonomy":"post_tag","embeddable":true,"href":"https:\/\/www.immobilienbusiness.ch\/en\/wp-json\/wp\/v2\/tags?post=4079"}],"curies":[{"name":"wp","href":"https:\/\/api.w.org\/{rel}","templated":true}]}}