{"id":40403,"date":"2022-03-22T07:45:10","date_gmt":"2022-03-22T06:45:10","guid":{"rendered":"https:\/\/www.immobilienbusiness.ch\/?p=40403"},"modified":"2023-07-31T15:56:07","modified_gmt":"2023-07-31T13:56:07","slug":"lakeward-eroeffnet-standort-in-deutschland","status":"publish","type":"post","link":"https:\/\/www.immobilienbusiness.ch\/en\/personalia\/2022-03-22\/lakeward-eroeffnet-standort-in-deutschland\/","title":{"rendered":"Lakeward opens location in Germany"},"content":{"rendered":"<figure id=\"attachment_40404\" aria-describedby=\"caption-attachment-40404\" style=\"width: 799px\" class=\"wp-caption alignnone\"><a href=\"https:\/\/www.immobilienbusiness.ch\/wp-content\/uploads\/2022\/03\/photo1.jpg\"><img loading=\"lazy\" decoding=\"async\" class=\"wp-image-40404 size-full\" src=\"https:\/\/www.immobilienbusiness.ch\/wp-content\/uploads\/2022\/03\/photo1.jpg\" alt=\"Lakeward Deutschland\" width=\"799\" height=\"533\" srcset=\"https:\/\/www.immobilienbusiness.ch\/wp-content\/uploads\/2022\/03\/photo1.jpg 799w, https:\/\/www.immobilienbusiness.ch\/wp-content\/uploads\/2022\/03\/photo1-300x200.jpg 300w, https:\/\/www.immobilienbusiness.ch\/wp-content\/uploads\/2022\/03\/photo1-768x512.jpg 768w, https:\/\/www.immobilienbusiness.ch\/wp-content\/uploads\/2022\/03\/photo1-18x12.jpg 18w, https:\/\/www.immobilienbusiness.ch\/wp-content\/uploads\/2022\/03\/photo1-262x175.jpg 262w, https:\/\/www.immobilienbusiness.ch\/wp-content\/uploads\/2022\/03\/photo1-525x350.jpg 525w\" sizes=\"auto, (max-width: 799px) 100vw, 799px\" \/><\/a><figcaption id=\"caption-attachment-40404\" class=\"wp-caption-text\">Sven K\u00fcbler (\u00a9 Lakeward Management AG)<\/figcaption><\/figure>\n<p>In recent years, several successful projects have been carried out with various partners in the Stuttgart region, for example in Sindelfingen and Bad Cannstatt, and further projects are planned for the region in the future, Lakeward says. The opening of a German location is thus a logical consequence of the strategic orientation, says Lakeward CEO Simon Koenig.<\/p>\n<p>The site will be located in Ludwigsburg near Stuttgart and will belong to the newly founded Lakeward Deutschland GmbH, which is a subsidiary of the Swiss Lakeward Real Estate AG. The management of Lakeward Deutschland will be taken over by Sven K\u00fcbler, who was previously regional manager southwest at Dibag Industriebau AG for more than 20 years. Dibag is a company of the Munich-based Doblinger Group, which specializes in project development and construction. At Lakeward, K\u00fcbler will focus on the acquisition and development of new projects as well as the management of asset management, according to the company. <em>(ah)<\/em><\/p>","protected":false},"excerpt":{"rendered":"<p>The Zurich-based real estate investment boutique Lakeward Zurich is expanding into Germany and opening a location in the greater Stuttgart area. Sven K\u00fcbler becomes the local managing director.<\/p>","protected":false},"author":3,"featured_media":40404,"comment_status":"closed","ping_status":"closed","sticky":false,"template":"","format":"standard","meta":{"_acf_changed":false,"_yoast_wpseo_focuskw":"Lakeward Deutschland","_yoast_wpseo_title":"","_yoast_wpseo_metadesc":"Die Z\u00fcrcher Immobilieninvestment-Boutique Lakeward Z\u00fcrich expandiert nach Deutschland. Gesch\u00e4ftsf\u00fchrer vor Ort wird Sven K\u00fcbler.","_yoast_wpseo_linkdex":60,"pgc_sgb_lightbox_settings":"","footnotes":""},"categories":[1912],"tags":[1166,1212,1952],"class_list":["post-40403","post","type-post","status-publish","format-standard","has-post-thumbnail","hentry","category-personalia","tag-deutschland","tag-expansion","tag-lakeward"],"acf":[],"yoast_head":"<!-- This site is optimized with the Yoast SEO plugin v27.5 - https:\/\/yoast.com\/product\/yoast-seo-wordpress\/ -->\n<title>Lakeward er\u00f6ffnet Standort in Deutschland - IMMOBILIEN Business<\/title>\n<meta name=\"description\" content=\"Die Z\u00fcrcher Immobilieninvestment-Boutique Lakeward Z\u00fcrich expandiert nach Deutschland. Gesch\u00e4ftsf\u00fchrer vor Ort wird Sven K\u00fcbler.\" \/>\n<meta name=\"robots\" content=\"index, follow, max-snippet:-1, max-image-preview:large, max-video-preview:-1\" \/>\n<link rel=\"canonical\" href=\"https:\/\/www.immobilienbusiness.ch\/en\/personalia\/2022-03-22\/lakeward-eroeffnet-standort-in-deutschland\/\" \/>\n<meta property=\"og:locale\" content=\"en_US\" \/>\n<meta property=\"og:type\" content=\"article\" \/>\n<meta property=\"og:title\" content=\"Lakeward er\u00f6ffnet Standort in Deutschland - IMMOBILIEN Business\" \/>\n<meta property=\"og:description\" content=\"Die Z\u00fcrcher Immobilieninvestment-Boutique Lakeward Z\u00fcrich expandiert nach Deutschland. Gesch\u00e4ftsf\u00fchrer vor Ort wird Sven K\u00fcbler.\" \/>\n<meta property=\"og:url\" content=\"https:\/\/www.immobilienbusiness.ch\/en\/personalia\/2022-03-22\/lakeward-eroeffnet-standort-in-deutschland\/\" \/>\n<meta property=\"og:site_name\" content=\"IMMOBILIEN Business\" \/>\n<meta property=\"article:publisher\" content=\"https:\/\/www.facebook.com\/immobilienbusiness\/\" \/>\n<meta property=\"article:published_time\" content=\"2022-03-22T06:45:10+00:00\" \/>\n<meta property=\"article:modified_time\" content=\"2023-07-31T13:56:07+00:00\" \/>\n<meta property=\"og:image\" content=\"https:\/\/www.immobilienbusiness.ch\/wp-content\/uploads\/2022\/03\/photo1.jpg\" \/>\n\t<meta property=\"og:image:width\" content=\"799\" \/>\n\t<meta property=\"og:image:height\" content=\"533\" \/>\n\t<meta property=\"og:image:type\" content=\"image\/jpeg\" \/>\n<meta name=\"author\" content=\"anja.hall\" \/>\n<meta name=\"twitter:card\" content=\"summary_large_image\" \/>\n<meta name=\"twitter:image\" content=\"https:\/\/www.immobilienbusiness.ch\/wp-content\/uploads\/2022\/03\/photo1.jpg\" \/>\n<script type=\"application\/ld+json\" class=\"yoast-schema-graph\">{\"@context\":\"https:\\\/\\\/schema.org\",\"@graph\":[{\"@type\":\"Article\",\"@id\":\"https:\\\/\\\/www.immobilienbusiness.ch\\\/personalia\\\/2022-03-22\\\/lakeward-eroeffnet-standort-in-deutschland\\\/#article\",\"isPartOf\":{\"@id\":\"https:\\\/\\\/www.immobilienbusiness.ch\\\/personalia\\\/2022-03-22\\\/lakeward-eroeffnet-standort-in-deutschland\\\/\"},\"author\":{\"name\":\"anja.hall\",\"@id\":\"https:\\\/\\\/www.immobilienbusiness.ch\\\/#\\\/schema\\\/person\\\/3fc036297b10b9f42d6db5ee932af8c8\"},\"headline\":\"Lakeward er\u00f6ffnet Standort in Deutschland\",\"datePublished\":\"2022-03-22T06:45:10+00:00\",\"dateModified\":\"2023-07-31T13:56:07+00:00\",\"mainEntityOfPage\":{\"@id\":\"https:\\\/\\\/www.immobilienbusiness.ch\\\/personalia\\\/2022-03-22\\\/lakeward-eroeffnet-standort-in-deutschland\\\/\"},\"wordCount\":176,\"publisher\":{\"@id\":\"https:\\\/\\\/www.immobilienbusiness.ch\\\/#organization\"},\"image\":{\"@id\":\"https:\\\/\\\/www.immobilienbusiness.ch\\\/personalia\\\/2022-03-22\\\/lakeward-eroeffnet-standort-in-deutschland\\\/#primaryimage\"},\"thumbnailUrl\":\"https:\\\/\\\/www.immobilienbusiness.ch\\\/wp-content\\\/uploads\\\/2022\\\/03\\\/photo1.jpg\",\"keywords\":[\"Deutschland\",\"Expansion\",\"Lakeward\"],\"articleSection\":[\"PERSONALIA\"],\"inLanguage\":\"en-US\"},{\"@type\":\"WebPage\",\"@id\":\"https:\\\/\\\/www.immobilienbusiness.ch\\\/personalia\\\/2022-03-22\\\/lakeward-eroeffnet-standort-in-deutschland\\\/\",\"url\":\"https:\\\/\\\/www.immobilienbusiness.ch\\\/personalia\\\/2022-03-22\\\/lakeward-eroeffnet-standort-in-deutschland\\\/\",\"name\":\"Lakeward er\u00f6ffnet Standort in Deutschland - IMMOBILIEN Business\",\"isPartOf\":{\"@id\":\"https:\\\/\\\/www.immobilienbusiness.ch\\\/#website\"},\"primaryImageOfPage\":{\"@id\":\"https:\\\/\\\/www.immobilienbusiness.ch\\\/personalia\\\/2022-03-22\\\/lakeward-eroeffnet-standort-in-deutschland\\\/#primaryimage\"},\"image\":{\"@id\":\"https:\\\/\\\/www.immobilienbusiness.ch\\\/personalia\\\/2022-03-22\\\/lakeward-eroeffnet-standort-in-deutschland\\\/#primaryimage\"},\"thumbnailUrl\":\"https:\\\/\\\/www.immobilienbusiness.ch\\\/wp-content\\\/uploads\\\/2022\\\/03\\\/photo1.jpg\",\"datePublished\":\"2022-03-22T06:45:10+00:00\",\"dateModified\":\"2023-07-31T13:56:07+00:00\",\"description\":\"Die Z\u00fcrcher Immobilieninvestment-Boutique Lakeward Z\u00fcrich expandiert nach Deutschland. Gesch\u00e4ftsf\u00fchrer vor Ort wird Sven K\u00fcbler.\",\"breadcrumb\":{\"@id\":\"https:\\\/\\\/www.immobilienbusiness.ch\\\/personalia\\\/2022-03-22\\\/lakeward-eroeffnet-standort-in-deutschland\\\/#breadcrumb\"},\"inLanguage\":\"en-US\",\"potentialAction\":[{\"@type\":\"ReadAction\",\"target\":[\"https:\\\/\\\/www.immobilienbusiness.ch\\\/personalia\\\/2022-03-22\\\/lakeward-eroeffnet-standort-in-deutschland\\\/\"]}]},{\"@type\":\"ImageObject\",\"inLanguage\":\"en-US\",\"@id\":\"https:\\\/\\\/www.immobilienbusiness.ch\\\/personalia\\\/2022-03-22\\\/lakeward-eroeffnet-standort-in-deutschland\\\/#primaryimage\",\"url\":\"https:\\\/\\\/www.immobilienbusiness.ch\\\/wp-content\\\/uploads\\\/2022\\\/03\\\/photo1.jpg\",\"contentUrl\":\"https:\\\/\\\/www.immobilienbusiness.ch\\\/wp-content\\\/uploads\\\/2022\\\/03\\\/photo1.jpg\",\"width\":799,\"height\":533,\"caption\":\"Sven K\u00fcbler (\u00a9 Lakeward Management AG)\"},{\"@type\":\"BreadcrumbList\",\"@id\":\"https:\\\/\\\/www.immobilienbusiness.ch\\\/personalia\\\/2022-03-22\\\/lakeward-eroeffnet-standort-in-deutschland\\\/#breadcrumb\",\"itemListElement\":[{\"@type\":\"ListItem\",\"position\":1,\"name\":\"Home\",\"item\":\"https:\\\/\\\/www.immobilienbusiness.ch\\\/\"},{\"@type\":\"ListItem\",\"position\":2,\"name\":\"Lakeward er\u00f6ffnet Standort in Deutschland\"}]},{\"@type\":\"WebSite\",\"@id\":\"https:\\\/\\\/www.immobilienbusiness.ch\\\/#website\",\"url\":\"https:\\\/\\\/www.immobilienbusiness.ch\\\/\",\"name\":\"IMMOBILIEN Business\",\"description\":\"Unabh\u00e4ngiges Schweizer Wirtschaftsmagazin mit Fokus auf Immobilien, Architektur- und Bau sowie Investment- und Finanzierung.\",\"publisher\":{\"@id\":\"https:\\\/\\\/www.immobilienbusiness.ch\\\/#organization\"},\"potentialAction\":[{\"@type\":\"SearchAction\",\"target\":{\"@type\":\"EntryPoint\",\"urlTemplate\":\"https:\\\/\\\/www.immobilienbusiness.ch\\\/?s={search_term_string}\"},\"query-input\":{\"@type\":\"PropertyValueSpecification\",\"valueRequired\":true,\"valueName\":\"search_term_string\"}}],\"inLanguage\":\"en-US\"},{\"@type\":\"Organization\",\"@id\":\"https:\\\/\\\/www.immobilienbusiness.ch\\\/#organization\",\"name\":\"IMMOBILIEN Business\",\"url\":\"https:\\\/\\\/www.immobilienbusiness.ch\\\/\",\"logo\":{\"@type\":\"ImageObject\",\"inLanguage\":\"en-US\",\"@id\":\"https:\\\/\\\/www.immobilienbusiness.ch\\\/#\\\/schema\\\/logo\\\/image\\\/\",\"url\":\"https:\\\/\\\/www.immobilienbusiness.ch\\\/wp-content\\\/uploads\\\/2021\\\/07\\\/logo_ib.png\",\"contentUrl\":\"https:\\\/\\\/www.immobilienbusiness.ch\\\/wp-content\\\/uploads\\\/2021\\\/07\\\/logo_ib.png\",\"width\":800,\"height\":181,\"caption\":\"IMMOBILIEN Business\"},\"image\":{\"@id\":\"https:\\\/\\\/www.immobilienbusiness.ch\\\/#\\\/schema\\\/logo\\\/image\\\/\"},\"sameAs\":[\"https:\\\/\\\/www.facebook.com\\\/immobilienbusiness\\\/\"]},{\"@type\":\"Person\",\"@id\":\"https:\\\/\\\/www.immobilienbusiness.ch\\\/#\\\/schema\\\/person\\\/3fc036297b10b9f42d6db5ee932af8c8\",\"name\":\"anja.hall\",\"image\":{\"@type\":\"ImageObject\",\"inLanguage\":\"en-US\",\"@id\":\"https:\\\/\\\/secure.gravatar.com\\\/avatar\\\/066b5a0d447013502c71a5782f4f3469f03cfe595cc2329fb94652fe47511bfb?s=96&d=mm&r=g\",\"url\":\"https:\\\/\\\/secure.gravatar.com\\\/avatar\\\/066b5a0d447013502c71a5782f4f3469f03cfe595cc2329fb94652fe47511bfb?s=96&d=mm&r=g\",\"contentUrl\":\"https:\\\/\\\/secure.gravatar.com\\\/avatar\\\/066b5a0d447013502c71a5782f4f3469f03cfe595cc2329fb94652fe47511bfb?s=96&d=mm&r=g\",\"caption\":\"anja.hall\"},\"url\":\"https:\\\/\\\/www.immobilienbusiness.ch\\\/en\\\/author\\\/anja-hall\\\/\"}]}<\/script>\n<!-- \/ Yoast SEO plugin. -->","yoast_head_json":{"title":"Lakeward opens location in Germany - IMMOBILIEN Business","description":"The Zurich-based real estate investment boutique Lakeward Zurich is expanding into Germany. Sven K\u00fcbler becomes local Managing Director.","robots":{"index":"index","follow":"follow","max-snippet":"max-snippet:-1","max-image-preview":"max-image-preview:large","max-video-preview":"max-video-preview:-1"},"canonical":"https:\/\/www.immobilienbusiness.ch\/en\/personalia\/2022-03-22\/lakeward-eroeffnet-standort-in-deutschland\/","og_locale":"en_US","og_type":"article","og_title":"Lakeward er\u00f6ffnet Standort in Deutschland - IMMOBILIEN Business","og_description":"Die Z\u00fcrcher Immobilieninvestment-Boutique Lakeward Z\u00fcrich expandiert nach Deutschland. Gesch\u00e4ftsf\u00fchrer vor Ort wird Sven K\u00fcbler.","og_url":"https:\/\/www.immobilienbusiness.ch\/en\/personalia\/2022-03-22\/lakeward-eroeffnet-standort-in-deutschland\/","og_site_name":"IMMOBILIEN Business","article_publisher":"https:\/\/www.facebook.com\/immobilienbusiness\/","article_published_time":"2022-03-22T06:45:10+00:00","article_modified_time":"2023-07-31T13:56:07+00:00","og_image":[{"width":799,"height":533,"url":"https:\/\/www.immobilienbusiness.ch\/wp-content\/uploads\/2022\/03\/photo1.jpg","type":"image\/jpeg"}],"author":"anja.hall","twitter_card":"summary_large_image","twitter_image":"https:\/\/www.immobilienbusiness.ch\/wp-content\/uploads\/2022\/03\/photo1.jpg","schema":{"@context":"https:\/\/schema.org","@graph":[{"@type":"Article","@id":"https:\/\/www.immobilienbusiness.ch\/personalia\/2022-03-22\/lakeward-eroeffnet-standort-in-deutschland\/#article","isPartOf":{"@id":"https:\/\/www.immobilienbusiness.ch\/personalia\/2022-03-22\/lakeward-eroeffnet-standort-in-deutschland\/"},"author":{"name":"anja.hall","@id":"https:\/\/www.immobilienbusiness.ch\/#\/schema\/person\/3fc036297b10b9f42d6db5ee932af8c8"},"headline":"Lakeward er\u00f6ffnet Standort in Deutschland","datePublished":"2022-03-22T06:45:10+00:00","dateModified":"2023-07-31T13:56:07+00:00","mainEntityOfPage":{"@id":"https:\/\/www.immobilienbusiness.ch\/personalia\/2022-03-22\/lakeward-eroeffnet-standort-in-deutschland\/"},"wordCount":176,"publisher":{"@id":"https:\/\/www.immobilienbusiness.ch\/#organization"},"image":{"@id":"https:\/\/www.immobilienbusiness.ch\/personalia\/2022-03-22\/lakeward-eroeffnet-standort-in-deutschland\/#primaryimage"},"thumbnailUrl":"https:\/\/www.immobilienbusiness.ch\/wp-content\/uploads\/2022\/03\/photo1.jpg","keywords":["Deutschland","Expansion","Lakeward"],"articleSection":["PERSONALIA"],"inLanguage":"en-US"},{"@type":"WebPage","@id":"https:\/\/www.immobilienbusiness.ch\/personalia\/2022-03-22\/lakeward-eroeffnet-standort-in-deutschland\/","url":"https:\/\/www.immobilienbusiness.ch\/personalia\/2022-03-22\/lakeward-eroeffnet-standort-in-deutschland\/","name":"Lakeward opens location in Germany - IMMOBILIEN Business","isPartOf":{"@id":"https:\/\/www.immobilienbusiness.ch\/#website"},"primaryImageOfPage":{"@id":"https:\/\/www.immobilienbusiness.ch\/personalia\/2022-03-22\/lakeward-eroeffnet-standort-in-deutschland\/#primaryimage"},"image":{"@id":"https:\/\/www.immobilienbusiness.ch\/personalia\/2022-03-22\/lakeward-eroeffnet-standort-in-deutschland\/#primaryimage"},"thumbnailUrl":"https:\/\/www.immobilienbusiness.ch\/wp-content\/uploads\/2022\/03\/photo1.jpg","datePublished":"2022-03-22T06:45:10+00:00","dateModified":"2023-07-31T13:56:07+00:00","description":"The Zurich-based real estate investment boutique Lakeward Zurich is expanding into Germany. Sven K\u00fcbler becomes local Managing Director.","breadcrumb":{"@id":"https:\/\/www.immobilienbusiness.ch\/personalia\/2022-03-22\/lakeward-eroeffnet-standort-in-deutschland\/#breadcrumb"},"inLanguage":"en-US","potentialAction":[{"@type":"ReadAction","target":["https:\/\/www.immobilienbusiness.ch\/personalia\/2022-03-22\/lakeward-eroeffnet-standort-in-deutschland\/"]}]},{"@type":"ImageObject","inLanguage":"en-US","@id":"https:\/\/www.immobilienbusiness.ch\/personalia\/2022-03-22\/lakeward-eroeffnet-standort-in-deutschland\/#primaryimage","url":"https:\/\/www.immobilienbusiness.ch\/wp-content\/uploads\/2022\/03\/photo1.jpg","contentUrl":"https:\/\/www.immobilienbusiness.ch\/wp-content\/uploads\/2022\/03\/photo1.jpg","width":799,"height":533,"caption":"Sven K\u00fcbler (\u00a9 Lakeward Management AG)"},{"@type":"BreadcrumbList","@id":"https:\/\/www.immobilienbusiness.ch\/personalia\/2022-03-22\/lakeward-eroeffnet-standort-in-deutschland\/#breadcrumb","itemListElement":[{"@type":"ListItem","position":1,"name":"Home","item":"https:\/\/www.immobilienbusiness.ch\/"},{"@type":"ListItem","position":2,"name":"Lakeward er\u00f6ffnet Standort in Deutschland"}]},{"@type":"WebSite","@id":"https:\/\/www.immobilienbusiness.ch\/#website","url":"https:\/\/www.immobilienbusiness.ch\/","name":"REAL ESTATE Business","description":"Independent Swiss business magazine focusing on real estate, architecture and construction as well as investment and financing.","publisher":{"@id":"https:\/\/www.immobilienbusiness.ch\/#organization"},"potentialAction":[{"@type":"SearchAction","target":{"@type":"EntryPoint","urlTemplate":"https:\/\/www.immobilienbusiness.ch\/?s={search_term_string}"},"query-input":{"@type":"PropertyValueSpecification","valueRequired":true,"valueName":"search_term_string"}}],"inLanguage":"en-US"},{"@type":"Organization","@id":"https:\/\/www.immobilienbusiness.ch\/#organization","name":"REAL ESTATE Business","url":"https:\/\/www.immobilienbusiness.ch\/","logo":{"@type":"ImageObject","inLanguage":"en-US","@id":"https:\/\/www.immobilienbusiness.ch\/#\/schema\/logo\/image\/","url":"https:\/\/www.immobilienbusiness.ch\/wp-content\/uploads\/2021\/07\/logo_ib.png","contentUrl":"https:\/\/www.immobilienbusiness.ch\/wp-content\/uploads\/2021\/07\/logo_ib.png","width":800,"height":181,"caption":"IMMOBILIEN Business"},"image":{"@id":"https:\/\/www.immobilienbusiness.ch\/#\/schema\/logo\/image\/"},"sameAs":["https:\/\/www.facebook.com\/immobilienbusiness\/"]},{"@type":"Person","@id":"https:\/\/www.immobilienbusiness.ch\/#\/schema\/person\/3fc036297b10b9f42d6db5ee932af8c8","name":"anja.hall","image":{"@type":"ImageObject","inLanguage":"en-US","@id":"https:\/\/secure.gravatar.com\/avatar\/066b5a0d447013502c71a5782f4f3469f03cfe595cc2329fb94652fe47511bfb?s=96&d=mm&r=g","url":"https:\/\/secure.gravatar.com\/avatar\/066b5a0d447013502c71a5782f4f3469f03cfe595cc2329fb94652fe47511bfb?s=96&d=mm&r=g","contentUrl":"https:\/\/secure.gravatar.com\/avatar\/066b5a0d447013502c71a5782f4f3469f03cfe595cc2329fb94652fe47511bfb?s=96&d=mm&r=g","caption":"anja.hall"},"url":"https:\/\/www.immobilienbusiness.ch\/en\/author\/anja-hall\/"}]}},"_links":{"self":[{"href":"https:\/\/www.immobilienbusiness.ch\/en\/wp-json\/wp\/v2\/posts\/40403","targetHints":{"allow":["GET"]}}],"collection":[{"href":"https:\/\/www.immobilienbusiness.ch\/en\/wp-json\/wp\/v2\/posts"}],"about":[{"href":"https:\/\/www.immobilienbusiness.ch\/en\/wp-json\/wp\/v2\/types\/post"}],"author":[{"embeddable":true,"href":"https:\/\/www.immobilienbusiness.ch\/en\/wp-json\/wp\/v2\/users\/3"}],"replies":[{"embeddable":true,"href":"https:\/\/www.immobilienbusiness.ch\/en\/wp-json\/wp\/v2\/comments?post=40403"}],"version-history":[{"count":3,"href":"https:\/\/www.immobilienbusiness.ch\/en\/wp-json\/wp\/v2\/posts\/40403\/revisions"}],"predecessor-version":[{"id":51529,"href":"https:\/\/www.immobilienbusiness.ch\/en\/wp-json\/wp\/v2\/posts\/40403\/revisions\/51529"}],"wp:featuredmedia":[{"embeddable":true,"href":"https:\/\/www.immobilienbusiness.ch\/en\/wp-json\/wp\/v2\/media\/40404"}],"wp:attachment":[{"href":"https:\/\/www.immobilienbusiness.ch\/en\/wp-json\/wp\/v2\/media?parent=40403"}],"wp:term":[{"taxonomy":"category","embeddable":true,"href":"https:\/\/www.immobilienbusiness.ch\/en\/wp-json\/wp\/v2\/categories?post=40403"},{"taxonomy":"post_tag","embeddable":true,"href":"https:\/\/www.immobilienbusiness.ch\/en\/wp-json\/wp\/v2\/tags?post=40403"}],"curies":[{"name":"wp","href":"https:\/\/api.w.org\/{rel}","templated":true}]}}