{"id":40394,"date":"2022-03-18T08:20:43","date_gmt":"2022-03-18T07:20:43","guid":{"rendered":"https:\/\/www.immobilienbusiness.ch\/?p=40394"},"modified":"2022-03-24T09:27:27","modified_gmt":"2022-03-24T08:27:27","slug":"stadt-zuerich-ermoeglicht-alterswohnungen-in-der-greencity","status":"publish","type":"post","link":"https:\/\/www.immobilienbusiness.ch\/en\/regionen\/2022-03-18\/stadt-zuerich-ermoeglicht-alterswohnungen-in-der-greencity\/","title":{"rendered":"City of Zurich enables retirement apartments in Greencity"},"content":{"rendered":"<figure id=\"attachment_9139\" aria-describedby=\"caption-attachment-9139\" style=\"width: 2560px\" class=\"wp-caption alignnone\"><a href=\"https:\/\/www.immobilienbusiness.ch\/wp-content\/uploads\/2017\/09\/Foto1_2017_Greencity_Etappe1_-Spinnereiplatz_B3S_B4s.jpg\"><img loading=\"lazy\" decoding=\"async\" class=\"size-full wp-image-9139\" src=\"https:\/\/www.immobilienbusiness.ch\/wp-content\/uploads\/2017\/09\/Foto1_2017_Greencity_Etappe1_-Spinnereiplatz_B3S_B4s.jpg\" alt=\"\" width=\"2560\" height=\"1707\" srcset=\"https:\/\/www.immobilienbusiness.ch\/wp-content\/uploads\/2017\/09\/Foto1_2017_Greencity_Etappe1_-Spinnereiplatz_B3S_B4s.jpg 2560w, https:\/\/www.immobilienbusiness.ch\/wp-content\/uploads\/2017\/09\/Foto1_2017_Greencity_Etappe1_-Spinnereiplatz_B3S_B4s-300x200.jpg 300w, https:\/\/www.immobilienbusiness.ch\/wp-content\/uploads\/2017\/09\/Foto1_2017_Greencity_Etappe1_-Spinnereiplatz_B3S_B4s-1024x683.jpg 1024w, https:\/\/www.immobilienbusiness.ch\/wp-content\/uploads\/2017\/09\/Foto1_2017_Greencity_Etappe1_-Spinnereiplatz_B3S_B4s-768x512.jpg 768w, https:\/\/www.immobilienbusiness.ch\/wp-content\/uploads\/2017\/09\/Foto1_2017_Greencity_Etappe1_-Spinnereiplatz_B3S_B4s-1536x1024.jpg 1536w, https:\/\/www.immobilienbusiness.ch\/wp-content\/uploads\/2017\/09\/Foto1_2017_Greencity_Etappe1_-Spinnereiplatz_B3S_B4s-2048x1365.jpg 2048w, https:\/\/www.immobilienbusiness.ch\/wp-content\/uploads\/2017\/09\/Foto1_2017_Greencity_Etappe1_-Spinnereiplatz_B3S_B4s-16x12.jpg 16w, https:\/\/www.immobilienbusiness.ch\/wp-content\/uploads\/2017\/09\/Foto1_2017_Greencity_Etappe1_-Spinnereiplatz_B3S_B4s-263x175.jpg 263w, https:\/\/www.immobilienbusiness.ch\/wp-content\/uploads\/2017\/09\/Foto1_2017_Greencity_Etappe1_-Spinnereiplatz_B3S_B4s-525x350.jpg 525w, https:\/\/www.immobilienbusiness.ch\/wp-content\/uploads\/2017\/09\/Foto1_2017_Greencity_Etappe1_-Spinnereiplatz_B3S_B4s-1200x800.jpg 1200w, https:\/\/www.immobilienbusiness.ch\/wp-content\/uploads\/2017\/09\/Foto1_2017_Greencity_Etappe1_-Spinnereiplatz_B3S_B4s-920x613.jpg 920w, https:\/\/www.immobilienbusiness.ch\/wp-content\/uploads\/2017\/09\/Foto1_2017_Greencity_Etappe1_-Spinnereiplatz_B3S_B4s-1400x933.jpg 1400w\" sizes=\"auto, (max-width: 2560px) 100vw, 2560px\" \/><\/a><figcaption id=\"caption-attachment-9139\" class=\"wp-caption-text\">The spinning mill square of Greencity (visualization: Losinger Marazzi)<\/figcaption><\/figure>\n<p>Building site B6 is the last undeveloped plot of land in Greencity. In order to secure its socially and urbanistically sustainable development, the supplementary private design plan has now been partially revised, according to the city of Zurich. The reason is a change in the initial situation: The use was previously limited to services and commerce, but this no longer meets the needs of the neighborhood and the economy. Therefore, in addition to the existing commercial and service use, apartments for the elderly, care and educational facilities are also to be possible on the B6 site.<\/p>\n<p>According to the City of Zurich, the change of use will create new qualities for the entire neighborhood and enable a broader range of services in Manegg. In the event of a later need, it should also be possible to realize rooms for public school purposes. If apartments for the elderly, care facilities or school space are built, an inner courtyard connected to Maneggplatz would have to be created as a landscaped recreation area.<\/p>\n<p>Greencity is a project by Losinger Marazzi. On the eight-hectare former Sihlpapier site in the Manegg area, a sustainable urban neighborhood has been under construction since 2015. <em>(ah)<\/em><\/p>","protected":false},"excerpt":{"rendered":"<p>It should also be possible to build retirement apartments and care facilities on construction site B6 in Greencity in Zurich. The corresponding amendment to the design plan has been approved.<\/p>","protected":false},"author":3,"featured_media":9139,"comment_status":"closed","ping_status":"closed","sticky":false,"template":"","format":"standard","meta":{"_acf_changed":false,"_yoast_wpseo_focuskw":"Greencity","_yoast_wpseo_title":"","_yoast_wpseo_metadesc":"Auf dem Baufeld B6 in der Greencity in Z\u00fcrich sollen auch Alterswohnungen, Pflege- und Bildungseinrichtungen erstellt werden k\u00f6nnen.","_yoast_wpseo_linkdex":53,"pgc_sgb_lightbox_settings":"","footnotes":""},"categories":[985],"tags":[1020,1282,1454,1888],"class_list":["post-40394","post","type-post","status-publish","format-standard","has-post-thumbnail","hentry","category-regionen","tag-alterswohnungen","tag-greencity","tag-losinger-marazzi","tag-zuerich"],"acf":[],"yoast_head":"<!-- This site is optimized with the Yoast SEO plugin v27.4 - https:\/\/yoast.com\/product\/yoast-seo-wordpress\/ -->\n<title>Stadt Z\u00fcrich erm\u00f6glicht Alterswohnungen in der Greencity - IMMOBILIEN Business<\/title>\n<meta name=\"description\" content=\"Auf dem Baufeld B6 in der Greencity in Z\u00fcrich sollen auch Alterswohnungen, Pflege- und Bildungseinrichtungen erstellt werden k\u00f6nnen.\" \/>\n<meta name=\"robots\" content=\"index, follow, max-snippet:-1, max-image-preview:large, max-video-preview:-1\" \/>\n<link rel=\"canonical\" href=\"https:\/\/www.immobilienbusiness.ch\/en\/regionen\/2022-03-18\/stadt-zuerich-ermoeglicht-alterswohnungen-in-der-greencity\/\" \/>\n<meta property=\"og:locale\" content=\"en_US\" \/>\n<meta property=\"og:type\" content=\"article\" \/>\n<meta property=\"og:title\" content=\"Stadt Z\u00fcrich erm\u00f6glicht Alterswohnungen in der Greencity - IMMOBILIEN Business\" \/>\n<meta property=\"og:description\" content=\"Auf dem Baufeld B6 in der Greencity in Z\u00fcrich sollen auch Alterswohnungen, Pflege- und Bildungseinrichtungen erstellt werden k\u00f6nnen.\" \/>\n<meta property=\"og:url\" content=\"https:\/\/www.immobilienbusiness.ch\/en\/regionen\/2022-03-18\/stadt-zuerich-ermoeglicht-alterswohnungen-in-der-greencity\/\" \/>\n<meta property=\"og:site_name\" content=\"IMMOBILIEN Business\" \/>\n<meta property=\"article:publisher\" content=\"https:\/\/www.facebook.com\/immobilienbusiness\/\" \/>\n<meta property=\"article:published_time\" content=\"2022-03-18T07:20:43+00:00\" \/>\n<meta property=\"article:modified_time\" content=\"2022-03-24T08:27:27+00:00\" \/>\n<meta property=\"og:image\" content=\"https:\/\/www.immobilienbusiness.ch\/wp-content\/uploads\/2017\/09\/Foto1_2017_Greencity_Etappe1_-Spinnereiplatz_B3S_B4s.jpg\" \/>\n\t<meta property=\"og:image:width\" content=\"2560\" \/>\n\t<meta property=\"og:image:height\" content=\"1707\" \/>\n\t<meta property=\"og:image:type\" content=\"image\/jpeg\" \/>\n<meta name=\"author\" content=\"anja.hall\" \/>\n<meta name=\"twitter:card\" content=\"summary_large_image\" \/>\n<meta name=\"twitter:image\" content=\"https:\/\/www.immobilienbusiness.ch\/wp-content\/uploads\/2017\/09\/Foto1_2017_Greencity_Etappe1_-Spinnereiplatz_B3S_B4s.jpg\" \/>\n<script type=\"application\/ld+json\" class=\"yoast-schema-graph\">{\"@context\":\"https:\\\/\\\/schema.org\",\"@graph\":[{\"@type\":\"Article\",\"@id\":\"https:\\\/\\\/www.immobilienbusiness.ch\\\/it\\\/regionen\\\/2022-03-18\\\/stadt-zuerich-ermoeglicht-alterswohnungen-in-der-greencity\\\/#article\",\"isPartOf\":{\"@id\":\"https:\\\/\\\/www.immobilienbusiness.ch\\\/it\\\/regionen\\\/2022-03-18\\\/stadt-zuerich-ermoeglicht-alterswohnungen-in-der-greencity\\\/\"},\"author\":{\"name\":\"anja.hall\",\"@id\":\"https:\\\/\\\/www.immobilienbusiness.ch\\\/#\\\/schema\\\/person\\\/3fc036297b10b9f42d6db5ee932af8c8\"},\"headline\":\"Stadt Z\u00fcrich erm\u00f6glicht Alterswohnungen in der Greencity\",\"datePublished\":\"2022-03-18T07:20:43+00:00\",\"dateModified\":\"2022-03-24T08:27:27+00:00\",\"mainEntityOfPage\":{\"@id\":\"https:\\\/\\\/www.immobilienbusiness.ch\\\/it\\\/regionen\\\/2022-03-18\\\/stadt-zuerich-ermoeglicht-alterswohnungen-in-der-greencity\\\/\"},\"wordCount\":208,\"publisher\":{\"@id\":\"https:\\\/\\\/www.immobilienbusiness.ch\\\/#organization\"},\"image\":{\"@id\":\"https:\\\/\\\/www.immobilienbusiness.ch\\\/it\\\/regionen\\\/2022-03-18\\\/stadt-zuerich-ermoeglicht-alterswohnungen-in-der-greencity\\\/#primaryimage\"},\"thumbnailUrl\":\"https:\\\/\\\/www.immobilienbusiness.ch\\\/wp-content\\\/uploads\\\/2017\\\/09\\\/Foto1_2017_Greencity_Etappe1_-Spinnereiplatz_B3S_B4s.jpg\",\"keywords\":[\"Alterswohnungen\",\"Greencity\",\"Losinger Marazzi\",\"Z\u00fcrich\"],\"articleSection\":[\"REGIONEN\"],\"inLanguage\":\"en-US\"},{\"@type\":\"WebPage\",\"@id\":\"https:\\\/\\\/www.immobilienbusiness.ch\\\/it\\\/regionen\\\/2022-03-18\\\/stadt-zuerich-ermoeglicht-alterswohnungen-in-der-greencity\\\/\",\"url\":\"https:\\\/\\\/www.immobilienbusiness.ch\\\/it\\\/regionen\\\/2022-03-18\\\/stadt-zuerich-ermoeglicht-alterswohnungen-in-der-greencity\\\/\",\"name\":\"Stadt Z\u00fcrich erm\u00f6glicht Alterswohnungen in der Greencity - IMMOBILIEN Business\",\"isPartOf\":{\"@id\":\"https:\\\/\\\/www.immobilienbusiness.ch\\\/#website\"},\"primaryImageOfPage\":{\"@id\":\"https:\\\/\\\/www.immobilienbusiness.ch\\\/it\\\/regionen\\\/2022-03-18\\\/stadt-zuerich-ermoeglicht-alterswohnungen-in-der-greencity\\\/#primaryimage\"},\"image\":{\"@id\":\"https:\\\/\\\/www.immobilienbusiness.ch\\\/it\\\/regionen\\\/2022-03-18\\\/stadt-zuerich-ermoeglicht-alterswohnungen-in-der-greencity\\\/#primaryimage\"},\"thumbnailUrl\":\"https:\\\/\\\/www.immobilienbusiness.ch\\\/wp-content\\\/uploads\\\/2017\\\/09\\\/Foto1_2017_Greencity_Etappe1_-Spinnereiplatz_B3S_B4s.jpg\",\"datePublished\":\"2022-03-18T07:20:43+00:00\",\"dateModified\":\"2022-03-24T08:27:27+00:00\",\"description\":\"Auf dem Baufeld B6 in der Greencity in Z\u00fcrich sollen auch Alterswohnungen, Pflege- und Bildungseinrichtungen erstellt werden k\u00f6nnen.\",\"breadcrumb\":{\"@id\":\"https:\\\/\\\/www.immobilienbusiness.ch\\\/it\\\/regionen\\\/2022-03-18\\\/stadt-zuerich-ermoeglicht-alterswohnungen-in-der-greencity\\\/#breadcrumb\"},\"inLanguage\":\"en-US\",\"potentialAction\":[{\"@type\":\"ReadAction\",\"target\":[\"https:\\\/\\\/www.immobilienbusiness.ch\\\/it\\\/regionen\\\/2022-03-18\\\/stadt-zuerich-ermoeglicht-alterswohnungen-in-der-greencity\\\/\"]}]},{\"@type\":\"ImageObject\",\"inLanguage\":\"en-US\",\"@id\":\"https:\\\/\\\/www.immobilienbusiness.ch\\\/it\\\/regionen\\\/2022-03-18\\\/stadt-zuerich-ermoeglicht-alterswohnungen-in-der-greencity\\\/#primaryimage\",\"url\":\"https:\\\/\\\/www.immobilienbusiness.ch\\\/wp-content\\\/uploads\\\/2017\\\/09\\\/Foto1_2017_Greencity_Etappe1_-Spinnereiplatz_B3S_B4s.jpg\",\"contentUrl\":\"https:\\\/\\\/www.immobilienbusiness.ch\\\/wp-content\\\/uploads\\\/2017\\\/09\\\/Foto1_2017_Greencity_Etappe1_-Spinnereiplatz_B3S_B4s.jpg\",\"width\":2560,\"height\":1707,\"caption\":\"Der Spinnereiplatz der Greencity (Visualisierung: Losinger Marazzi)\"},{\"@type\":\"BreadcrumbList\",\"@id\":\"https:\\\/\\\/www.immobilienbusiness.ch\\\/it\\\/regionen\\\/2022-03-18\\\/stadt-zuerich-ermoeglicht-alterswohnungen-in-der-greencity\\\/#breadcrumb\",\"itemListElement\":[{\"@type\":\"ListItem\",\"position\":1,\"name\":\"Home\",\"item\":\"https:\\\/\\\/www.immobilienbusiness.ch\\\/\"},{\"@type\":\"ListItem\",\"position\":2,\"name\":\"Stadt Z\u00fcrich erm\u00f6glicht Alterswohnungen in der Greencity\"}]},{\"@type\":\"WebSite\",\"@id\":\"https:\\\/\\\/www.immobilienbusiness.ch\\\/#website\",\"url\":\"https:\\\/\\\/www.immobilienbusiness.ch\\\/\",\"name\":\"IMMOBILIEN Business\",\"description\":\"Unabh\u00e4ngiges Schweizer Wirtschaftsmagazin mit Fokus auf Immobilien, Architektur- und Bau sowie Investment- und Finanzierung.\",\"publisher\":{\"@id\":\"https:\\\/\\\/www.immobilienbusiness.ch\\\/#organization\"},\"potentialAction\":[{\"@type\":\"SearchAction\",\"target\":{\"@type\":\"EntryPoint\",\"urlTemplate\":\"https:\\\/\\\/www.immobilienbusiness.ch\\\/?s={search_term_string}\"},\"query-input\":{\"@type\":\"PropertyValueSpecification\",\"valueRequired\":true,\"valueName\":\"search_term_string\"}}],\"inLanguage\":\"en-US\"},{\"@type\":\"Organization\",\"@id\":\"https:\\\/\\\/www.immobilienbusiness.ch\\\/#organization\",\"name\":\"IMMOBILIEN Business\",\"url\":\"https:\\\/\\\/www.immobilienbusiness.ch\\\/\",\"logo\":{\"@type\":\"ImageObject\",\"inLanguage\":\"en-US\",\"@id\":\"https:\\\/\\\/www.immobilienbusiness.ch\\\/#\\\/schema\\\/logo\\\/image\\\/\",\"url\":\"https:\\\/\\\/www.immobilienbusiness.ch\\\/wp-content\\\/uploads\\\/2021\\\/07\\\/logo_ib.png\",\"contentUrl\":\"https:\\\/\\\/www.immobilienbusiness.ch\\\/wp-content\\\/uploads\\\/2021\\\/07\\\/logo_ib.png\",\"width\":800,\"height\":181,\"caption\":\"IMMOBILIEN Business\"},\"image\":{\"@id\":\"https:\\\/\\\/www.immobilienbusiness.ch\\\/#\\\/schema\\\/logo\\\/image\\\/\"},\"sameAs\":[\"https:\\\/\\\/www.facebook.com\\\/immobilienbusiness\\\/\"]},{\"@type\":\"Person\",\"@id\":\"https:\\\/\\\/www.immobilienbusiness.ch\\\/#\\\/schema\\\/person\\\/3fc036297b10b9f42d6db5ee932af8c8\",\"name\":\"anja.hall\",\"image\":{\"@type\":\"ImageObject\",\"inLanguage\":\"en-US\",\"@id\":\"https:\\\/\\\/secure.gravatar.com\\\/avatar\\\/066b5a0d447013502c71a5782f4f3469f03cfe595cc2329fb94652fe47511bfb?s=96&d=mm&r=g\",\"url\":\"https:\\\/\\\/secure.gravatar.com\\\/avatar\\\/066b5a0d447013502c71a5782f4f3469f03cfe595cc2329fb94652fe47511bfb?s=96&d=mm&r=g\",\"contentUrl\":\"https:\\\/\\\/secure.gravatar.com\\\/avatar\\\/066b5a0d447013502c71a5782f4f3469f03cfe595cc2329fb94652fe47511bfb?s=96&d=mm&r=g\",\"caption\":\"anja.hall\"},\"url\":\"https:\\\/\\\/www.immobilienbusiness.ch\\\/en\\\/author\\\/anja-hall\\\/\"}]}<\/script>\n<!-- \/ Yoast SEO plugin. -->","yoast_head_json":{"title":"Stadt Z\u00fcrich erm\u00f6glicht Alterswohnungen in der Greencity - IMMOBILIEN Business","description":"Auf dem Baufeld B6 in der Greencity in Z\u00fcrich sollen auch Alterswohnungen, Pflege- und Bildungseinrichtungen erstellt werden k\u00f6nnen.","robots":{"index":"index","follow":"follow","max-snippet":"max-snippet:-1","max-image-preview":"max-image-preview:large","max-video-preview":"max-video-preview:-1"},"canonical":"https:\/\/www.immobilienbusiness.ch\/en\/regionen\/2022-03-18\/stadt-zuerich-ermoeglicht-alterswohnungen-in-der-greencity\/","og_locale":"en_US","og_type":"article","og_title":"Stadt Z\u00fcrich erm\u00f6glicht Alterswohnungen in der Greencity - IMMOBILIEN Business","og_description":"Auf dem Baufeld B6 in der Greencity in Z\u00fcrich sollen auch Alterswohnungen, Pflege- und Bildungseinrichtungen erstellt werden k\u00f6nnen.","og_url":"https:\/\/www.immobilienbusiness.ch\/en\/regionen\/2022-03-18\/stadt-zuerich-ermoeglicht-alterswohnungen-in-der-greencity\/","og_site_name":"IMMOBILIEN Business","article_publisher":"https:\/\/www.facebook.com\/immobilienbusiness\/","article_published_time":"2022-03-18T07:20:43+00:00","article_modified_time":"2022-03-24T08:27:27+00:00","og_image":[{"width":2560,"height":1707,"url":"https:\/\/www.immobilienbusiness.ch\/wp-content\/uploads\/2017\/09\/Foto1_2017_Greencity_Etappe1_-Spinnereiplatz_B3S_B4s.jpg","type":"image\/jpeg"}],"author":"anja.hall","twitter_card":"summary_large_image","twitter_image":"https:\/\/www.immobilienbusiness.ch\/wp-content\/uploads\/2017\/09\/Foto1_2017_Greencity_Etappe1_-Spinnereiplatz_B3S_B4s.jpg","schema":{"@context":"https:\/\/schema.org","@graph":[{"@type":"Article","@id":"https:\/\/www.immobilienbusiness.ch\/it\/regionen\/2022-03-18\/stadt-zuerich-ermoeglicht-alterswohnungen-in-der-greencity\/#article","isPartOf":{"@id":"https:\/\/www.immobilienbusiness.ch\/it\/regionen\/2022-03-18\/stadt-zuerich-ermoeglicht-alterswohnungen-in-der-greencity\/"},"author":{"name":"anja.hall","@id":"https:\/\/www.immobilienbusiness.ch\/#\/schema\/person\/3fc036297b10b9f42d6db5ee932af8c8"},"headline":"Stadt Z\u00fcrich erm\u00f6glicht Alterswohnungen in der Greencity","datePublished":"2022-03-18T07:20:43+00:00","dateModified":"2022-03-24T08:27:27+00:00","mainEntityOfPage":{"@id":"https:\/\/www.immobilienbusiness.ch\/it\/regionen\/2022-03-18\/stadt-zuerich-ermoeglicht-alterswohnungen-in-der-greencity\/"},"wordCount":208,"publisher":{"@id":"https:\/\/www.immobilienbusiness.ch\/#organization"},"image":{"@id":"https:\/\/www.immobilienbusiness.ch\/it\/regionen\/2022-03-18\/stadt-zuerich-ermoeglicht-alterswohnungen-in-der-greencity\/#primaryimage"},"thumbnailUrl":"https:\/\/www.immobilienbusiness.ch\/wp-content\/uploads\/2017\/09\/Foto1_2017_Greencity_Etappe1_-Spinnereiplatz_B3S_B4s.jpg","keywords":["Alterswohnungen","Greencity","Losinger Marazzi","Z\u00fcrich"],"articleSection":["REGIONEN"],"inLanguage":"en-US"},{"@type":"WebPage","@id":"https:\/\/www.immobilienbusiness.ch\/it\/regionen\/2022-03-18\/stadt-zuerich-ermoeglicht-alterswohnungen-in-der-greencity\/","url":"https:\/\/www.immobilienbusiness.ch\/it\/regionen\/2022-03-18\/stadt-zuerich-ermoeglicht-alterswohnungen-in-der-greencity\/","name":"Stadt Z\u00fcrich erm\u00f6glicht Alterswohnungen in der Greencity - IMMOBILIEN Business","isPartOf":{"@id":"https:\/\/www.immobilienbusiness.ch\/#website"},"primaryImageOfPage":{"@id":"https:\/\/www.immobilienbusiness.ch\/it\/regionen\/2022-03-18\/stadt-zuerich-ermoeglicht-alterswohnungen-in-der-greencity\/#primaryimage"},"image":{"@id":"https:\/\/www.immobilienbusiness.ch\/it\/regionen\/2022-03-18\/stadt-zuerich-ermoeglicht-alterswohnungen-in-der-greencity\/#primaryimage"},"thumbnailUrl":"https:\/\/www.immobilienbusiness.ch\/wp-content\/uploads\/2017\/09\/Foto1_2017_Greencity_Etappe1_-Spinnereiplatz_B3S_B4s.jpg","datePublished":"2022-03-18T07:20:43+00:00","dateModified":"2022-03-24T08:27:27+00:00","description":"Auf dem Baufeld B6 in der Greencity in Z\u00fcrich sollen auch Alterswohnungen, Pflege- und Bildungseinrichtungen erstellt werden k\u00f6nnen.","breadcrumb":{"@id":"https:\/\/www.immobilienbusiness.ch\/it\/regionen\/2022-03-18\/stadt-zuerich-ermoeglicht-alterswohnungen-in-der-greencity\/#breadcrumb"},"inLanguage":"en-US","potentialAction":[{"@type":"ReadAction","target":["https:\/\/www.immobilienbusiness.ch\/it\/regionen\/2022-03-18\/stadt-zuerich-ermoeglicht-alterswohnungen-in-der-greencity\/"]}]},{"@type":"ImageObject","inLanguage":"en-US","@id":"https:\/\/www.immobilienbusiness.ch\/it\/regionen\/2022-03-18\/stadt-zuerich-ermoeglicht-alterswohnungen-in-der-greencity\/#primaryimage","url":"https:\/\/www.immobilienbusiness.ch\/wp-content\/uploads\/2017\/09\/Foto1_2017_Greencity_Etappe1_-Spinnereiplatz_B3S_B4s.jpg","contentUrl":"https:\/\/www.immobilienbusiness.ch\/wp-content\/uploads\/2017\/09\/Foto1_2017_Greencity_Etappe1_-Spinnereiplatz_B3S_B4s.jpg","width":2560,"height":1707,"caption":"Der Spinnereiplatz der Greencity (Visualisierung: Losinger Marazzi)"},{"@type":"BreadcrumbList","@id":"https:\/\/www.immobilienbusiness.ch\/it\/regionen\/2022-03-18\/stadt-zuerich-ermoeglicht-alterswohnungen-in-der-greencity\/#breadcrumb","itemListElement":[{"@type":"ListItem","position":1,"name":"Home","item":"https:\/\/www.immobilienbusiness.ch\/"},{"@type":"ListItem","position":2,"name":"Stadt Z\u00fcrich erm\u00f6glicht Alterswohnungen in der Greencity"}]},{"@type":"WebSite","@id":"https:\/\/www.immobilienbusiness.ch\/#website","url":"https:\/\/www.immobilienbusiness.ch\/","name":"REAL ESTATE Business","description":"Independent Swiss business magazine focusing on real estate, architecture and construction as well as investment and financing.","publisher":{"@id":"https:\/\/www.immobilienbusiness.ch\/#organization"},"potentialAction":[{"@type":"SearchAction","target":{"@type":"EntryPoint","urlTemplate":"https:\/\/www.immobilienbusiness.ch\/?s={search_term_string}"},"query-input":{"@type":"PropertyValueSpecification","valueRequired":true,"valueName":"search_term_string"}}],"inLanguage":"en-US"},{"@type":"Organization","@id":"https:\/\/www.immobilienbusiness.ch\/#organization","name":"REAL ESTATE Business","url":"https:\/\/www.immobilienbusiness.ch\/","logo":{"@type":"ImageObject","inLanguage":"en-US","@id":"https:\/\/www.immobilienbusiness.ch\/#\/schema\/logo\/image\/","url":"https:\/\/www.immobilienbusiness.ch\/wp-content\/uploads\/2021\/07\/logo_ib.png","contentUrl":"https:\/\/www.immobilienbusiness.ch\/wp-content\/uploads\/2021\/07\/logo_ib.png","width":800,"height":181,"caption":"IMMOBILIEN Business"},"image":{"@id":"https:\/\/www.immobilienbusiness.ch\/#\/schema\/logo\/image\/"},"sameAs":["https:\/\/www.facebook.com\/immobilienbusiness\/"]},{"@type":"Person","@id":"https:\/\/www.immobilienbusiness.ch\/#\/schema\/person\/3fc036297b10b9f42d6db5ee932af8c8","name":"anja.hall","image":{"@type":"ImageObject","inLanguage":"en-US","@id":"https:\/\/secure.gravatar.com\/avatar\/066b5a0d447013502c71a5782f4f3469f03cfe595cc2329fb94652fe47511bfb?s=96&d=mm&r=g","url":"https:\/\/secure.gravatar.com\/avatar\/066b5a0d447013502c71a5782f4f3469f03cfe595cc2329fb94652fe47511bfb?s=96&d=mm&r=g","contentUrl":"https:\/\/secure.gravatar.com\/avatar\/066b5a0d447013502c71a5782f4f3469f03cfe595cc2329fb94652fe47511bfb?s=96&d=mm&r=g","caption":"anja.hall"},"url":"https:\/\/www.immobilienbusiness.ch\/en\/author\/anja-hall\/"}]}},"_links":{"self":[{"href":"https:\/\/www.immobilienbusiness.ch\/en\/wp-json\/wp\/v2\/posts\/40394","targetHints":{"allow":["GET"]}}],"collection":[{"href":"https:\/\/www.immobilienbusiness.ch\/en\/wp-json\/wp\/v2\/posts"}],"about":[{"href":"https:\/\/www.immobilienbusiness.ch\/en\/wp-json\/wp\/v2\/types\/post"}],"author":[{"embeddable":true,"href":"https:\/\/www.immobilienbusiness.ch\/en\/wp-json\/wp\/v2\/users\/3"}],"replies":[{"embeddable":true,"href":"https:\/\/www.immobilienbusiness.ch\/en\/wp-json\/wp\/v2\/comments?post=40394"}],"version-history":[{"count":4,"href":"https:\/\/www.immobilienbusiness.ch\/en\/wp-json\/wp\/v2\/posts\/40394\/revisions"}],"predecessor-version":[{"id":40435,"href":"https:\/\/www.immobilienbusiness.ch\/en\/wp-json\/wp\/v2\/posts\/40394\/revisions\/40435"}],"wp:featuredmedia":[{"embeddable":true,"href":"https:\/\/www.immobilienbusiness.ch\/en\/wp-json\/wp\/v2\/media\/9139"}],"wp:attachment":[{"href":"https:\/\/www.immobilienbusiness.ch\/en\/wp-json\/wp\/v2\/media?parent=40394"}],"wp:term":[{"taxonomy":"category","embeddable":true,"href":"https:\/\/www.immobilienbusiness.ch\/en\/wp-json\/wp\/v2\/categories?post=40394"},{"taxonomy":"post_tag","embeddable":true,"href":"https:\/\/www.immobilienbusiness.ch\/en\/wp-json\/wp\/v2\/tags?post=40394"}],"curies":[{"name":"wp","href":"https:\/\/api.w.org\/{rel}","templated":true}]}}