{"id":4025,"date":"2016-06-07T08:53:46","date_gmt":"2016-06-07T06:53:46","guid":{"rendered":"http:\/\/dev.immobilienbusiness.ch\/?p=4025"},"modified":"2016-06-07T08:53:46","modified_gmt":"2016-06-07T06:53:46","slug":"investis-kuendigt-boersengang-an","status":"publish","type":"post","link":"https:\/\/www.immobilienbusiness.ch\/en\/unternehmen\/2016-06-07\/investis-kuendigt-boersengang-an\/","title":{"rendered":"Investis announces IPO"},"content":{"rendered":"<figure id=\"attachment_4030\" aria-describedby=\"caption-attachment-4030\" style=\"width: 680px\" class=\"wp-caption alignnone\"><img loading=\"lazy\" decoding=\"async\" class=\"size-medium wp-image-4030\" src=\"https:\/\/immobilienbusiness.ch\/wp-content\/uploads\/2016\/12\/Investis-k\u00fcndigt-B\u00f6rsengang-an-immobilien-business.jpg\" alt=\"Die Westschweizer Immobilienholding Investis strebt an die B\u00f6rse (Foto: SIX Swiss Exchange)\" width=\"680\" height=\"479\" \/><figcaption id=\"caption-attachment-4030\" class=\"wp-caption-text\">Investis, the real estate holding company in western Switzerland, is aiming to go public (Photo: SIX Swiss Exchange)<\/figcaption><\/figure>\n<p>The planned IPO is expected to consist of a primary and a secondary share capital component, Investis announced. With the primary component, the Group is aiming for gross proceeds in the region of CHF 150 million. Investis intends to use the additional funds to accelerate growth, for example by making investments in the Properties division and selected add-on acquisitions in the Real Estate Services division.<\/p>\n<p>Investis was founded in 1994 by the current CEO and sole shareholder St\u00e9phane Bonvin. Commenting on the planned IPO, he says: \"We are excited about the prospects associated with going public on the SIX Swiss Exchange. Thanks to the higher profile and greater financial flexibility, we will be able to further expand our strengths and our leading position both in residential real estate around Lake Geneva and in the Swiss real estate services market.\"<\/p>\n<p>The IPO gives Investis the opportunity to make even better use of the market opportunities arising from consolidation and digitalization. Bonvin says he will continue to hold a \"solid majority stake in Investis\".<\/p>\n<p>Investis expects the IPO to take place in the coming months, depending on market conditions. Credit Suisse has been mandated as Sole Bookrunner for the IPO. Bank am Bellevue AG, Bank Vontobel AG and Z\u00fcrcher Kantonalbank will act as co-lead managers.<\/p>\n<p>Investis Holding has a portfolio consisting primarily of residential properties with a focus on the Lake Geneva region and was valued at CHF 857 million as at December 31, 2015. The company is also active in the real estate services sector with twelve locations throughout Switzerland and has a total of around 1,100 employees. In 2015, the Group generated total sales of CHF 157 million, EBIT of CHF 60 million and net profit of CHF 45 million. (ah)<\/p>","protected":false},"excerpt":{"rendered":"<p>Rumors were already circulating at the end of May that Investis Holding AG was planning to go public. The company has now announced its intention to open up to other investors and have its shares listed on the SIX Swiss Exchange.<\/p>","protected":false},"author":1,"featured_media":4030,"comment_status":"open","ping_status":"open","sticky":false,"template":"","format":"standard","meta":{"_acf_changed":false,"_yoast_wpseo_focuskw":"Investis","_yoast_wpseo_title":"","_yoast_wpseo_metadesc":"Ende Mai kursierten bereits Ger\u00fcchte, wonach die Investis Holding AG den Gang an die B\u00f6rse plant.","_yoast_wpseo_linkdex":66,"pgc_sgb_lightbox_settings":"","footnotes":""},"categories":[988],"tags":[1362,1807],"class_list":["post-4025","post","type-post","status-publish","format-standard","has-post-thumbnail","hentry","category-unternehmen","tag-indirekte-immobilienanlagen","tag-unternehmen"],"acf":[],"yoast_head":"<!-- This site is optimized with the Yoast SEO plugin v27.4 - https:\/\/yoast.com\/product\/yoast-seo-wordpress\/ -->\n<title>Investis k\u00fcndigt B\u00f6rsengang an - IMMOBILIEN Business<\/title>\n<meta name=\"description\" content=\"Ende Mai kursierten bereits Ger\u00fcchte, wonach die Investis Holding AG den Gang an die B\u00f6rse plant.\" \/>\n<meta name=\"robots\" content=\"index, follow, max-snippet:-1, max-image-preview:large, max-video-preview:-1\" \/>\n<link rel=\"canonical\" href=\"https:\/\/www.immobilienbusiness.ch\/en\/unternehmen\/2016-06-07\/investis-kuendigt-boersengang-an\/\" \/>\n<meta property=\"og:locale\" content=\"en_US\" \/>\n<meta property=\"og:type\" content=\"article\" \/>\n<meta property=\"og:title\" content=\"Investis k\u00fcndigt B\u00f6rsengang an\" \/>\n<meta property=\"og:description\" content=\"Ende Mai kursierten bereits Ger\u00fcchte, wonach die Investis Holding AG den Gang an die B\u00f6rse plant. Nun gab das Unternehmen seine Absicht bekannt, sich weiteren Investoren zu \u00f6ffnen und die Aktien an der SIX Swiss Exchange kotieren zu lassen.\" \/>\n<meta property=\"og:url\" content=\"https:\/\/www.immobilienbusiness.ch\/en\/unternehmen\/2016-06-07\/investis-kuendigt-boersengang-an\/\" \/>\n<meta property=\"og:site_name\" content=\"IMMOBILIEN Business\" \/>\n<meta property=\"article:publisher\" content=\"https:\/\/www.facebook.com\/immobilienbusiness\/\" \/>\n<meta property=\"article:published_time\" content=\"2016-06-07T06:53:46+00:00\" \/>\n<meta name=\"author\" content=\"Redaktion\" \/>\n<meta name=\"twitter:card\" content=\"summary_large_image\" \/>\n<meta name=\"twitter:image\" content=\"https:\/\/www.immobilienbusiness.ch\/wp-content\/uploads\/2016\/12\/Investis-kuendigt-Boersengang-an-immobilien-business.jpg\" \/>\n<script type=\"application\/ld+json\" class=\"yoast-schema-graph\">{\"@context\":\"https:\\\/\\\/schema.org\",\"@graph\":[{\"@type\":\"Article\",\"@id\":\"https:\\\/\\\/www.immobilienbusiness.ch\\\/unternehmen\\\/2016-06-07\\\/investis-kuendigt-boersengang-an\\\/#article\",\"isPartOf\":{\"@id\":\"https:\\\/\\\/www.immobilienbusiness.ch\\\/unternehmen\\\/2016-06-07\\\/investis-kuendigt-boersengang-an\\\/\"},\"author\":{\"name\":\"Redaktion\",\"@id\":\"https:\\\/\\\/www.immobilienbusiness.ch\\\/#\\\/schema\\\/person\\\/aa2bace6c5c5aad60102004a50c4eb1c\"},\"headline\":\"Investis k\u00fcndigt B\u00f6rsengang an\",\"datePublished\":\"2016-06-07T06:53:46+00:00\",\"mainEntityOfPage\":{\"@id\":\"https:\\\/\\\/www.immobilienbusiness.ch\\\/unternehmen\\\/2016-06-07\\\/investis-kuendigt-boersengang-an\\\/\"},\"wordCount\":326,\"commentCount\":0,\"publisher\":{\"@id\":\"https:\\\/\\\/www.immobilienbusiness.ch\\\/#organization\"},\"image\":{\"@id\":\"https:\\\/\\\/www.immobilienbusiness.ch\\\/unternehmen\\\/2016-06-07\\\/investis-kuendigt-boersengang-an\\\/#primaryimage\"},\"thumbnailUrl\":\"https:\\\/\\\/www.immobilienbusiness.ch\\\/wp-content\\\/uploads\\\/2016\\\/12\\\/Investis-kuendigt-Boersengang-an-immobilien-business.jpg\",\"keywords\":[\"Indirekte Immobilienanlagen\",\"Unternehmen\"],\"articleSection\":[\"UNTERNEHMEN\"],\"inLanguage\":\"en-US\"},{\"@type\":\"WebPage\",\"@id\":\"https:\\\/\\\/www.immobilienbusiness.ch\\\/unternehmen\\\/2016-06-07\\\/investis-kuendigt-boersengang-an\\\/\",\"url\":\"https:\\\/\\\/www.immobilienbusiness.ch\\\/unternehmen\\\/2016-06-07\\\/investis-kuendigt-boersengang-an\\\/\",\"name\":\"Investis k\u00fcndigt B\u00f6rsengang an - IMMOBILIEN Business\",\"isPartOf\":{\"@id\":\"https:\\\/\\\/www.immobilienbusiness.ch\\\/#website\"},\"primaryImageOfPage\":{\"@id\":\"https:\\\/\\\/www.immobilienbusiness.ch\\\/unternehmen\\\/2016-06-07\\\/investis-kuendigt-boersengang-an\\\/#primaryimage\"},\"image\":{\"@id\":\"https:\\\/\\\/www.immobilienbusiness.ch\\\/unternehmen\\\/2016-06-07\\\/investis-kuendigt-boersengang-an\\\/#primaryimage\"},\"thumbnailUrl\":\"https:\\\/\\\/www.immobilienbusiness.ch\\\/wp-content\\\/uploads\\\/2016\\\/12\\\/Investis-kuendigt-Boersengang-an-immobilien-business.jpg\",\"datePublished\":\"2016-06-07T06:53:46+00:00\",\"description\":\"Ende Mai kursierten bereits Ger\u00fcchte, wonach die Investis Holding AG den Gang an die B\u00f6rse plant.\",\"breadcrumb\":{\"@id\":\"https:\\\/\\\/www.immobilienbusiness.ch\\\/unternehmen\\\/2016-06-07\\\/investis-kuendigt-boersengang-an\\\/#breadcrumb\"},\"inLanguage\":\"en-US\",\"potentialAction\":[{\"@type\":\"ReadAction\",\"target\":[\"https:\\\/\\\/www.immobilienbusiness.ch\\\/unternehmen\\\/2016-06-07\\\/investis-kuendigt-boersengang-an\\\/\"]}]},{\"@type\":\"ImageObject\",\"inLanguage\":\"en-US\",\"@id\":\"https:\\\/\\\/www.immobilienbusiness.ch\\\/unternehmen\\\/2016-06-07\\\/investis-kuendigt-boersengang-an\\\/#primaryimage\",\"url\":\"https:\\\/\\\/www.immobilienbusiness.ch\\\/wp-content\\\/uploads\\\/2016\\\/12\\\/Investis-kuendigt-Boersengang-an-immobilien-business.jpg\",\"contentUrl\":\"https:\\\/\\\/www.immobilienbusiness.ch\\\/wp-content\\\/uploads\\\/2016\\\/12\\\/Investis-kuendigt-Boersengang-an-immobilien-business.jpg\",\"width\":1104,\"height\":777,\"caption\":\"Die Westschweizer Immobilienholding Investis strebt an die B\u00f6rse (Foto: SIX Swiss Exchange)\"},{\"@type\":\"BreadcrumbList\",\"@id\":\"https:\\\/\\\/www.immobilienbusiness.ch\\\/unternehmen\\\/2016-06-07\\\/investis-kuendigt-boersengang-an\\\/#breadcrumb\",\"itemListElement\":[{\"@type\":\"ListItem\",\"position\":1,\"name\":\"Home\",\"item\":\"https:\\\/\\\/www.immobilienbusiness.ch\\\/\"},{\"@type\":\"ListItem\",\"position\":2,\"name\":\"Investis k\u00fcndigt B\u00f6rsengang an\"}]},{\"@type\":\"WebSite\",\"@id\":\"https:\\\/\\\/www.immobilienbusiness.ch\\\/#website\",\"url\":\"https:\\\/\\\/www.immobilienbusiness.ch\\\/\",\"name\":\"IMMOBILIEN Business\",\"description\":\"Unabh\u00e4ngiges Schweizer Wirtschaftsmagazin mit Fokus auf Immobilien, Architektur- und Bau sowie Investment- und Finanzierung.\",\"publisher\":{\"@id\":\"https:\\\/\\\/www.immobilienbusiness.ch\\\/#organization\"},\"potentialAction\":[{\"@type\":\"SearchAction\",\"target\":{\"@type\":\"EntryPoint\",\"urlTemplate\":\"https:\\\/\\\/www.immobilienbusiness.ch\\\/?s={search_term_string}\"},\"query-input\":{\"@type\":\"PropertyValueSpecification\",\"valueRequired\":true,\"valueName\":\"search_term_string\"}}],\"inLanguage\":\"en-US\"},{\"@type\":\"Organization\",\"@id\":\"https:\\\/\\\/www.immobilienbusiness.ch\\\/#organization\",\"name\":\"IMMOBILIEN Business\",\"url\":\"https:\\\/\\\/www.immobilienbusiness.ch\\\/\",\"logo\":{\"@type\":\"ImageObject\",\"inLanguage\":\"en-US\",\"@id\":\"https:\\\/\\\/www.immobilienbusiness.ch\\\/#\\\/schema\\\/logo\\\/image\\\/\",\"url\":\"https:\\\/\\\/www.immobilienbusiness.ch\\\/wp-content\\\/uploads\\\/2021\\\/07\\\/logo_ib.png\",\"contentUrl\":\"https:\\\/\\\/www.immobilienbusiness.ch\\\/wp-content\\\/uploads\\\/2021\\\/07\\\/logo_ib.png\",\"width\":800,\"height\":181,\"caption\":\"IMMOBILIEN Business\"},\"image\":{\"@id\":\"https:\\\/\\\/www.immobilienbusiness.ch\\\/#\\\/schema\\\/logo\\\/image\\\/\"},\"sameAs\":[\"https:\\\/\\\/www.facebook.com\\\/immobilienbusiness\\\/\"]},{\"@type\":\"Person\",\"@id\":\"https:\\\/\\\/www.immobilienbusiness.ch\\\/#\\\/schema\\\/person\\\/aa2bace6c5c5aad60102004a50c4eb1c\",\"name\":\"Redaktion\",\"image\":{\"@type\":\"ImageObject\",\"inLanguage\":\"en-US\",\"@id\":\"https:\\\/\\\/secure.gravatar.com\\\/avatar\\\/ae2f4d718e6c49043e314ce431e7e645d646302a24a5ef5a8bc8e3f5a032e319?s=96&d=mm&r=g\",\"url\":\"https:\\\/\\\/secure.gravatar.com\\\/avatar\\\/ae2f4d718e6c49043e314ce431e7e645d646302a24a5ef5a8bc8e3f5a032e319?s=96&d=mm&r=g\",\"contentUrl\":\"https:\\\/\\\/secure.gravatar.com\\\/avatar\\\/ae2f4d718e6c49043e314ce431e7e645d646302a24a5ef5a8bc8e3f5a032e319?s=96&d=mm&r=g\",\"caption\":\"Redaktion\"},\"sameAs\":[\"http:\\\/\\\/develop.organisator.galledia.ch\"],\"url\":\"https:\\\/\\\/www.immobilienbusiness.ch\\\/en\\\/author\\\/admin\\\/\"}]}<\/script>\n<!-- \/ Yoast SEO plugin. -->","yoast_head_json":{"title":"Investis k\u00fcndigt B\u00f6rsengang an - IMMOBILIEN Business","description":"Ende Mai kursierten bereits Ger\u00fcchte, wonach die Investis Holding AG den Gang an die B\u00f6rse plant.","robots":{"index":"index","follow":"follow","max-snippet":"max-snippet:-1","max-image-preview":"max-image-preview:large","max-video-preview":"max-video-preview:-1"},"canonical":"https:\/\/www.immobilienbusiness.ch\/en\/unternehmen\/2016-06-07\/investis-kuendigt-boersengang-an\/","og_locale":"en_US","og_type":"article","og_title":"Investis k\u00fcndigt B\u00f6rsengang an","og_description":"Ende Mai kursierten bereits Ger\u00fcchte, wonach die Investis Holding AG den Gang an die B\u00f6rse plant. Nun gab das Unternehmen seine Absicht bekannt, sich weiteren Investoren zu \u00f6ffnen und die Aktien an der SIX Swiss Exchange kotieren zu lassen.","og_url":"https:\/\/www.immobilienbusiness.ch\/en\/unternehmen\/2016-06-07\/investis-kuendigt-boersengang-an\/","og_site_name":"IMMOBILIEN Business","article_publisher":"https:\/\/www.facebook.com\/immobilienbusiness\/","article_published_time":"2016-06-07T06:53:46+00:00","author":"Redaktion","twitter_card":"summary_large_image","twitter_image":"https:\/\/www.immobilienbusiness.ch\/wp-content\/uploads\/2016\/12\/Investis-kuendigt-Boersengang-an-immobilien-business.jpg","schema":{"@context":"https:\/\/schema.org","@graph":[{"@type":"Article","@id":"https:\/\/www.immobilienbusiness.ch\/unternehmen\/2016-06-07\/investis-kuendigt-boersengang-an\/#article","isPartOf":{"@id":"https:\/\/www.immobilienbusiness.ch\/unternehmen\/2016-06-07\/investis-kuendigt-boersengang-an\/"},"author":{"name":"Redaktion","@id":"https:\/\/www.immobilienbusiness.ch\/#\/schema\/person\/aa2bace6c5c5aad60102004a50c4eb1c"},"headline":"Investis k\u00fcndigt B\u00f6rsengang an","datePublished":"2016-06-07T06:53:46+00:00","mainEntityOfPage":{"@id":"https:\/\/www.immobilienbusiness.ch\/unternehmen\/2016-06-07\/investis-kuendigt-boersengang-an\/"},"wordCount":326,"commentCount":0,"publisher":{"@id":"https:\/\/www.immobilienbusiness.ch\/#organization"},"image":{"@id":"https:\/\/www.immobilienbusiness.ch\/unternehmen\/2016-06-07\/investis-kuendigt-boersengang-an\/#primaryimage"},"thumbnailUrl":"https:\/\/www.immobilienbusiness.ch\/wp-content\/uploads\/2016\/12\/Investis-kuendigt-Boersengang-an-immobilien-business.jpg","keywords":["Indirekte Immobilienanlagen","Unternehmen"],"articleSection":["UNTERNEHMEN"],"inLanguage":"en-US"},{"@type":"WebPage","@id":"https:\/\/www.immobilienbusiness.ch\/unternehmen\/2016-06-07\/investis-kuendigt-boersengang-an\/","url":"https:\/\/www.immobilienbusiness.ch\/unternehmen\/2016-06-07\/investis-kuendigt-boersengang-an\/","name":"Investis k\u00fcndigt B\u00f6rsengang an - IMMOBILIEN Business","isPartOf":{"@id":"https:\/\/www.immobilienbusiness.ch\/#website"},"primaryImageOfPage":{"@id":"https:\/\/www.immobilienbusiness.ch\/unternehmen\/2016-06-07\/investis-kuendigt-boersengang-an\/#primaryimage"},"image":{"@id":"https:\/\/www.immobilienbusiness.ch\/unternehmen\/2016-06-07\/investis-kuendigt-boersengang-an\/#primaryimage"},"thumbnailUrl":"https:\/\/www.immobilienbusiness.ch\/wp-content\/uploads\/2016\/12\/Investis-kuendigt-Boersengang-an-immobilien-business.jpg","datePublished":"2016-06-07T06:53:46+00:00","description":"Ende Mai kursierten bereits Ger\u00fcchte, wonach die Investis Holding AG den Gang an die B\u00f6rse plant.","breadcrumb":{"@id":"https:\/\/www.immobilienbusiness.ch\/unternehmen\/2016-06-07\/investis-kuendigt-boersengang-an\/#breadcrumb"},"inLanguage":"en-US","potentialAction":[{"@type":"ReadAction","target":["https:\/\/www.immobilienbusiness.ch\/unternehmen\/2016-06-07\/investis-kuendigt-boersengang-an\/"]}]},{"@type":"ImageObject","inLanguage":"en-US","@id":"https:\/\/www.immobilienbusiness.ch\/unternehmen\/2016-06-07\/investis-kuendigt-boersengang-an\/#primaryimage","url":"https:\/\/www.immobilienbusiness.ch\/wp-content\/uploads\/2016\/12\/Investis-kuendigt-Boersengang-an-immobilien-business.jpg","contentUrl":"https:\/\/www.immobilienbusiness.ch\/wp-content\/uploads\/2016\/12\/Investis-kuendigt-Boersengang-an-immobilien-business.jpg","width":1104,"height":777,"caption":"Die Westschweizer Immobilienholding Investis strebt an die B\u00f6rse (Foto: SIX Swiss Exchange)"},{"@type":"BreadcrumbList","@id":"https:\/\/www.immobilienbusiness.ch\/unternehmen\/2016-06-07\/investis-kuendigt-boersengang-an\/#breadcrumb","itemListElement":[{"@type":"ListItem","position":1,"name":"Home","item":"https:\/\/www.immobilienbusiness.ch\/"},{"@type":"ListItem","position":2,"name":"Investis k\u00fcndigt B\u00f6rsengang an"}]},{"@type":"WebSite","@id":"https:\/\/www.immobilienbusiness.ch\/#website","url":"https:\/\/www.immobilienbusiness.ch\/","name":"REAL ESTATE Business","description":"Independent Swiss business magazine focusing on real estate, architecture and construction as well as investment and financing.","publisher":{"@id":"https:\/\/www.immobilienbusiness.ch\/#organization"},"potentialAction":[{"@type":"SearchAction","target":{"@type":"EntryPoint","urlTemplate":"https:\/\/www.immobilienbusiness.ch\/?s={search_term_string}"},"query-input":{"@type":"PropertyValueSpecification","valueRequired":true,"valueName":"search_term_string"}}],"inLanguage":"en-US"},{"@type":"Organization","@id":"https:\/\/www.immobilienbusiness.ch\/#organization","name":"REAL ESTATE Business","url":"https:\/\/www.immobilienbusiness.ch\/","logo":{"@type":"ImageObject","inLanguage":"en-US","@id":"https:\/\/www.immobilienbusiness.ch\/#\/schema\/logo\/image\/","url":"https:\/\/www.immobilienbusiness.ch\/wp-content\/uploads\/2021\/07\/logo_ib.png","contentUrl":"https:\/\/www.immobilienbusiness.ch\/wp-content\/uploads\/2021\/07\/logo_ib.png","width":800,"height":181,"caption":"IMMOBILIEN Business"},"image":{"@id":"https:\/\/www.immobilienbusiness.ch\/#\/schema\/logo\/image\/"},"sameAs":["https:\/\/www.facebook.com\/immobilienbusiness\/"]},{"@type":"Person","@id":"https:\/\/www.immobilienbusiness.ch\/#\/schema\/person\/aa2bace6c5c5aad60102004a50c4eb1c","name":"Editorial","image":{"@type":"ImageObject","inLanguage":"en-US","@id":"https:\/\/secure.gravatar.com\/avatar\/ae2f4d718e6c49043e314ce431e7e645d646302a24a5ef5a8bc8e3f5a032e319?s=96&d=mm&r=g","url":"https:\/\/secure.gravatar.com\/avatar\/ae2f4d718e6c49043e314ce431e7e645d646302a24a5ef5a8bc8e3f5a032e319?s=96&d=mm&r=g","contentUrl":"https:\/\/secure.gravatar.com\/avatar\/ae2f4d718e6c49043e314ce431e7e645d646302a24a5ef5a8bc8e3f5a032e319?s=96&d=mm&r=g","caption":"Redaktion"},"sameAs":["http:\/\/develop.organisator.galledia.ch"],"url":"https:\/\/www.immobilienbusiness.ch\/en\/author\/admin\/"}]}},"_links":{"self":[{"href":"https:\/\/www.immobilienbusiness.ch\/en\/wp-json\/wp\/v2\/posts\/4025","targetHints":{"allow":["GET"]}}],"collection":[{"href":"https:\/\/www.immobilienbusiness.ch\/en\/wp-json\/wp\/v2\/posts"}],"about":[{"href":"https:\/\/www.immobilienbusiness.ch\/en\/wp-json\/wp\/v2\/types\/post"}],"author":[{"embeddable":true,"href":"https:\/\/www.immobilienbusiness.ch\/en\/wp-json\/wp\/v2\/users\/1"}],"replies":[{"embeddable":true,"href":"https:\/\/www.immobilienbusiness.ch\/en\/wp-json\/wp\/v2\/comments?post=4025"}],"version-history":[{"count":0,"href":"https:\/\/www.immobilienbusiness.ch\/en\/wp-json\/wp\/v2\/posts\/4025\/revisions"}],"wp:featuredmedia":[{"embeddable":true,"href":"https:\/\/www.immobilienbusiness.ch\/en\/wp-json\/wp\/v2\/media\/4030"}],"wp:attachment":[{"href":"https:\/\/www.immobilienbusiness.ch\/en\/wp-json\/wp\/v2\/media?parent=4025"}],"wp:term":[{"taxonomy":"category","embeddable":true,"href":"https:\/\/www.immobilienbusiness.ch\/en\/wp-json\/wp\/v2\/categories?post=4025"},{"taxonomy":"post_tag","embeddable":true,"href":"https:\/\/www.immobilienbusiness.ch\/en\/wp-json\/wp\/v2\/tags?post=4025"}],"curies":[{"name":"wp","href":"https:\/\/api.w.org\/{rel}","templated":true}]}}