{"id":40096,"date":"2022-02-21T09:28:55","date_gmt":"2022-02-21T08:28:55","guid":{"rendered":"https:\/\/www.immobilienbusiness.ch\/?p=40096"},"modified":"2022-02-21T09:28:55","modified_gmt":"2022-02-21T08:28:55","slug":"veraenderungen-im-intershop-verwaltungsrat","status":"publish","type":"post","link":"https:\/\/www.immobilienbusiness.ch\/en\/personalia\/2022-02-21\/veraenderungen-im-intershop-verwaltungsrat\/","title":{"rendered":"Changes in the Intershop Board of Directors"},"content":{"rendered":"<figure id=\"attachment_19187\" aria-describedby=\"caption-attachment-19187\" style=\"width: 1000px\" class=\"wp-caption alignnone\"><a href=\"https:\/\/www.immobilienbusiness.ch\/wp-content\/uploads\/2019\/11\/Depositphotos_71529275_m-2015.jpg\"><img loading=\"lazy\" decoding=\"async\" class=\"size-full wp-image-19187\" src=\"https:\/\/www.immobilienbusiness.ch\/wp-content\/uploads\/2019\/11\/Depositphotos_71529275_m-2015.jpg\" alt=\"\" width=\"1000\" height=\"654\" srcset=\"https:\/\/www.immobilienbusiness.ch\/wp-content\/uploads\/2019\/11\/Depositphotos_71529275_m-2015.jpg 1000w, https:\/\/www.immobilienbusiness.ch\/wp-content\/uploads\/2019\/11\/Depositphotos_71529275_m-2015-300x196.jpg 300w, https:\/\/www.immobilienbusiness.ch\/wp-content\/uploads\/2019\/11\/Depositphotos_71529275_m-2015-768x502.jpg 768w, https:\/\/www.immobilienbusiness.ch\/wp-content\/uploads\/2019\/11\/Depositphotos_71529275_m-2015-16x10.jpg 16w, https:\/\/www.immobilienbusiness.ch\/wp-content\/uploads\/2019\/11\/Depositphotos_71529275_m-2015-268x175.jpg 268w, https:\/\/www.immobilienbusiness.ch\/wp-content\/uploads\/2019\/11\/Depositphotos_71529275_m-2015-535x350.jpg 535w, https:\/\/www.immobilienbusiness.ch\/wp-content\/uploads\/2019\/11\/Depositphotos_71529275_m-2015-920x602.jpg 920w\" sizes=\"auto, (max-width: 1000px) 100vw, 1000px\" \/><\/a><figcaption id=\"caption-attachment-19187\" class=\"wp-caption-text\">There will be a change at the top of Intershop's board of directors (Image: Rawpixel - depositphotos)<\/figcaption><\/figure>\n<p>Dieter Marmet has been a member of Intershop's Board of Directors since 2010 and Chairman since 2011. He has informed the company that he will no longer stand for election at the 59th Annual General Meeting, the real estate company says. Ernst Schaufelberger, who has been a member of the Board of Directors since 2018, is to stand as his successor in the office of Chairman.<\/p>\n<p>Dr. Christoph Nater will be proposed for election to the BoD. He is an attorney and partner at MME Legal AG in Zurich and specializes, among other things, in construction and real estate law.<\/p>\n<p>The Annual General Meeting is scheduled for March 31, 2022.<em> (ah)<\/em><\/p>","protected":false},"excerpt":{"rendered":"<p>Dieter Marmet, Chairman of the Board of Directors of Intershop, will not stand for election at the next Annual General Meeting. He is to be succeeded by Ernst Schaufelberger.<\/p>","protected":false},"author":3,"featured_media":7926,"comment_status":"closed","ping_status":"closed","sticky":false,"template":"","format":"standard","meta":{"_acf_changed":false,"_yoast_wpseo_focuskw":"Intershop","_yoast_wpseo_title":"","_yoast_wpseo_metadesc":"Dieter Marmet, Verwaltungsratspr\u00e4sident von Intershop, wird an der n\u00e4chsten Generalversammlung nicht mehr zur Wahl antreten.","_yoast_wpseo_linkdex":57,"pgc_sgb_lightbox_settings":"","footnotes":""},"categories":[1912],"tags":[1377,1563,1834],"class_list":["post-40096","post","type-post","status-publish","format-standard","has-post-thumbnail","hentry","category-personalia","tag-intershop","tag-personalia","tag-verwaltungsrat"],"acf":[],"yoast_head":"<!-- This site is optimized with the Yoast SEO plugin v27.5 - https:\/\/yoast.com\/product\/yoast-seo-wordpress\/ -->\n<title>Ver\u00e4nderungen im Intershop-Verwaltungsrat - IMMOBILIEN Business<\/title>\n<meta name=\"description\" content=\"Dieter Marmet, Verwaltungsratspr\u00e4sident von Intershop, wird an der n\u00e4chsten Generalversammlung nicht mehr zur Wahl antreten.\" \/>\n<meta name=\"robots\" content=\"index, follow, max-snippet:-1, max-image-preview:large, max-video-preview:-1\" \/>\n<link rel=\"canonical\" href=\"https:\/\/www.immobilienbusiness.ch\/en\/personalia\/2022-02-21\/veraenderungen-im-intershop-verwaltungsrat\/\" \/>\n<meta property=\"og:locale\" content=\"en_US\" \/>\n<meta property=\"og:type\" content=\"article\" \/>\n<meta property=\"og:title\" content=\"Ver\u00e4nderungen im Intershop-Verwaltungsrat - IMMOBILIEN Business\" \/>\n<meta property=\"og:description\" content=\"Dieter Marmet, Verwaltungsratspr\u00e4sident von Intershop, wird an der n\u00e4chsten Generalversammlung nicht mehr zur Wahl antreten.\" \/>\n<meta property=\"og:url\" content=\"https:\/\/www.immobilienbusiness.ch\/en\/personalia\/2022-02-21\/veraenderungen-im-intershop-verwaltungsrat\/\" \/>\n<meta property=\"og:site_name\" content=\"IMMOBILIEN Business\" \/>\n<meta property=\"article:publisher\" content=\"https:\/\/www.facebook.com\/immobilienbusiness\/\" \/>\n<meta property=\"article:published_time\" content=\"2022-02-21T08:28:55+00:00\" \/>\n<meta property=\"og:image\" content=\"https:\/\/www.immobilienbusiness.ch\/wp-content\/uploads\/2017\/06\/Depositphotos_71529275_m-2015.jpg\" \/>\n\t<meta property=\"og:image:width\" content=\"1000\" \/>\n\t<meta property=\"og:image:height\" content=\"654\" \/>\n\t<meta property=\"og:image:type\" content=\"image\/jpeg\" \/>\n<meta name=\"author\" content=\"anja.hall\" \/>\n<meta name=\"twitter:card\" content=\"summary_large_image\" \/>\n<meta name=\"twitter:image\" content=\"https:\/\/www.immobilienbusiness.ch\/wp-content\/uploads\/2017\/06\/Depositphotos_71529275_m-2015.jpg\" \/>\n<script type=\"application\/ld+json\" class=\"yoast-schema-graph\">{\"@context\":\"https:\\\/\\\/schema.org\",\"@graph\":[{\"@type\":\"Article\",\"@id\":\"https:\\\/\\\/www.immobilienbusiness.ch\\\/personalia\\\/2022-02-21\\\/veraenderungen-im-intershop-verwaltungsrat\\\/#article\",\"isPartOf\":{\"@id\":\"https:\\\/\\\/www.immobilienbusiness.ch\\\/personalia\\\/2022-02-21\\\/veraenderungen-im-intershop-verwaltungsrat\\\/\"},\"author\":{\"name\":\"anja.hall\",\"@id\":\"https:\\\/\\\/www.immobilienbusiness.ch\\\/#\\\/schema\\\/person\\\/3fc036297b10b9f42d6db5ee932af8c8\"},\"headline\":\"Ver\u00e4nderungen im Intershop-Verwaltungsrat\",\"datePublished\":\"2022-02-21T08:28:55+00:00\",\"mainEntityOfPage\":{\"@id\":\"https:\\\/\\\/www.immobilienbusiness.ch\\\/personalia\\\/2022-02-21\\\/veraenderungen-im-intershop-verwaltungsrat\\\/\"},\"wordCount\":125,\"publisher\":{\"@id\":\"https:\\\/\\\/www.immobilienbusiness.ch\\\/#organization\"},\"image\":{\"@id\":\"https:\\\/\\\/www.immobilienbusiness.ch\\\/personalia\\\/2022-02-21\\\/veraenderungen-im-intershop-verwaltungsrat\\\/#primaryimage\"},\"thumbnailUrl\":\"https:\\\/\\\/www.immobilienbusiness.ch\\\/wp-content\\\/uploads\\\/2017\\\/06\\\/Depositphotos_71529275_m-2015.jpg\",\"keywords\":[\"Intershop\",\"Personalia\",\"Verwaltungsrat\"],\"articleSection\":[\"PERSONALIA\"],\"inLanguage\":\"en-US\"},{\"@type\":\"WebPage\",\"@id\":\"https:\\\/\\\/www.immobilienbusiness.ch\\\/personalia\\\/2022-02-21\\\/veraenderungen-im-intershop-verwaltungsrat\\\/\",\"url\":\"https:\\\/\\\/www.immobilienbusiness.ch\\\/personalia\\\/2022-02-21\\\/veraenderungen-im-intershop-verwaltungsrat\\\/\",\"name\":\"Ver\u00e4nderungen im Intershop-Verwaltungsrat - IMMOBILIEN Business\",\"isPartOf\":{\"@id\":\"https:\\\/\\\/www.immobilienbusiness.ch\\\/#website\"},\"primaryImageOfPage\":{\"@id\":\"https:\\\/\\\/www.immobilienbusiness.ch\\\/personalia\\\/2022-02-21\\\/veraenderungen-im-intershop-verwaltungsrat\\\/#primaryimage\"},\"image\":{\"@id\":\"https:\\\/\\\/www.immobilienbusiness.ch\\\/personalia\\\/2022-02-21\\\/veraenderungen-im-intershop-verwaltungsrat\\\/#primaryimage\"},\"thumbnailUrl\":\"https:\\\/\\\/www.immobilienbusiness.ch\\\/wp-content\\\/uploads\\\/2017\\\/06\\\/Depositphotos_71529275_m-2015.jpg\",\"datePublished\":\"2022-02-21T08:28:55+00:00\",\"description\":\"Dieter Marmet, Verwaltungsratspr\u00e4sident von Intershop, wird an der n\u00e4chsten Generalversammlung nicht mehr zur Wahl antreten.\",\"breadcrumb\":{\"@id\":\"https:\\\/\\\/www.immobilienbusiness.ch\\\/personalia\\\/2022-02-21\\\/veraenderungen-im-intershop-verwaltungsrat\\\/#breadcrumb\"},\"inLanguage\":\"en-US\",\"potentialAction\":[{\"@type\":\"ReadAction\",\"target\":[\"https:\\\/\\\/www.immobilienbusiness.ch\\\/personalia\\\/2022-02-21\\\/veraenderungen-im-intershop-verwaltungsrat\\\/\"]}]},{\"@type\":\"ImageObject\",\"inLanguage\":\"en-US\",\"@id\":\"https:\\\/\\\/www.immobilienbusiness.ch\\\/personalia\\\/2022-02-21\\\/veraenderungen-im-intershop-verwaltungsrat\\\/#primaryimage\",\"url\":\"https:\\\/\\\/www.immobilienbusiness.ch\\\/wp-content\\\/uploads\\\/2017\\\/06\\\/Depositphotos_71529275_m-2015.jpg\",\"contentUrl\":\"https:\\\/\\\/www.immobilienbusiness.ch\\\/wp-content\\\/uploads\\\/2017\\\/06\\\/Depositphotos_71529275_m-2015.jpg\",\"width\":1000,\"height\":654,\"caption\":\"Im Verwaltungsrat der PSP soll es im Fr\u00fchjahr einen Neuzugang geben (Foto: Rawpixel - depositphotos)\"},{\"@type\":\"BreadcrumbList\",\"@id\":\"https:\\\/\\\/www.immobilienbusiness.ch\\\/personalia\\\/2022-02-21\\\/veraenderungen-im-intershop-verwaltungsrat\\\/#breadcrumb\",\"itemListElement\":[{\"@type\":\"ListItem\",\"position\":1,\"name\":\"Home\",\"item\":\"https:\\\/\\\/www.immobilienbusiness.ch\\\/\"},{\"@type\":\"ListItem\",\"position\":2,\"name\":\"Ver\u00e4nderungen im Intershop-Verwaltungsrat\"}]},{\"@type\":\"WebSite\",\"@id\":\"https:\\\/\\\/www.immobilienbusiness.ch\\\/#website\",\"url\":\"https:\\\/\\\/www.immobilienbusiness.ch\\\/\",\"name\":\"IMMOBILIEN Business\",\"description\":\"Unabh\u00e4ngiges Schweizer Wirtschaftsmagazin mit Fokus auf Immobilien, Architektur- und Bau sowie Investment- und Finanzierung.\",\"publisher\":{\"@id\":\"https:\\\/\\\/www.immobilienbusiness.ch\\\/#organization\"},\"potentialAction\":[{\"@type\":\"SearchAction\",\"target\":{\"@type\":\"EntryPoint\",\"urlTemplate\":\"https:\\\/\\\/www.immobilienbusiness.ch\\\/?s={search_term_string}\"},\"query-input\":{\"@type\":\"PropertyValueSpecification\",\"valueRequired\":true,\"valueName\":\"search_term_string\"}}],\"inLanguage\":\"en-US\"},{\"@type\":\"Organization\",\"@id\":\"https:\\\/\\\/www.immobilienbusiness.ch\\\/#organization\",\"name\":\"IMMOBILIEN Business\",\"url\":\"https:\\\/\\\/www.immobilienbusiness.ch\\\/\",\"logo\":{\"@type\":\"ImageObject\",\"inLanguage\":\"en-US\",\"@id\":\"https:\\\/\\\/www.immobilienbusiness.ch\\\/#\\\/schema\\\/logo\\\/image\\\/\",\"url\":\"https:\\\/\\\/www.immobilienbusiness.ch\\\/wp-content\\\/uploads\\\/2021\\\/07\\\/logo_ib.png\",\"contentUrl\":\"https:\\\/\\\/www.immobilienbusiness.ch\\\/wp-content\\\/uploads\\\/2021\\\/07\\\/logo_ib.png\",\"width\":800,\"height\":181,\"caption\":\"IMMOBILIEN Business\"},\"image\":{\"@id\":\"https:\\\/\\\/www.immobilienbusiness.ch\\\/#\\\/schema\\\/logo\\\/image\\\/\"},\"sameAs\":[\"https:\\\/\\\/www.facebook.com\\\/immobilienbusiness\\\/\"]},{\"@type\":\"Person\",\"@id\":\"https:\\\/\\\/www.immobilienbusiness.ch\\\/#\\\/schema\\\/person\\\/3fc036297b10b9f42d6db5ee932af8c8\",\"name\":\"anja.hall\",\"image\":{\"@type\":\"ImageObject\",\"inLanguage\":\"en-US\",\"@id\":\"https:\\\/\\\/secure.gravatar.com\\\/avatar\\\/066b5a0d447013502c71a5782f4f3469f03cfe595cc2329fb94652fe47511bfb?s=96&d=mm&r=g\",\"url\":\"https:\\\/\\\/secure.gravatar.com\\\/avatar\\\/066b5a0d447013502c71a5782f4f3469f03cfe595cc2329fb94652fe47511bfb?s=96&d=mm&r=g\",\"contentUrl\":\"https:\\\/\\\/secure.gravatar.com\\\/avatar\\\/066b5a0d447013502c71a5782f4f3469f03cfe595cc2329fb94652fe47511bfb?s=96&d=mm&r=g\",\"caption\":\"anja.hall\"},\"url\":\"https:\\\/\\\/www.immobilienbusiness.ch\\\/en\\\/author\\\/anja-hall\\\/\"}]}<\/script>\n<!-- \/ Yoast SEO plugin. -->","yoast_head_json":{"title":"Ver\u00e4nderungen im Intershop-Verwaltungsrat - IMMOBILIEN Business","description":"Dieter Marmet, Verwaltungsratspr\u00e4sident von Intershop, wird an der n\u00e4chsten Generalversammlung nicht mehr zur Wahl antreten.","robots":{"index":"index","follow":"follow","max-snippet":"max-snippet:-1","max-image-preview":"max-image-preview:large","max-video-preview":"max-video-preview:-1"},"canonical":"https:\/\/www.immobilienbusiness.ch\/en\/personalia\/2022-02-21\/veraenderungen-im-intershop-verwaltungsrat\/","og_locale":"en_US","og_type":"article","og_title":"Ver\u00e4nderungen im Intershop-Verwaltungsrat - IMMOBILIEN Business","og_description":"Dieter Marmet, Verwaltungsratspr\u00e4sident von Intershop, wird an der n\u00e4chsten Generalversammlung nicht mehr zur Wahl antreten.","og_url":"https:\/\/www.immobilienbusiness.ch\/en\/personalia\/2022-02-21\/veraenderungen-im-intershop-verwaltungsrat\/","og_site_name":"IMMOBILIEN Business","article_publisher":"https:\/\/www.facebook.com\/immobilienbusiness\/","article_published_time":"2022-02-21T08:28:55+00:00","og_image":[{"width":1000,"height":654,"url":"https:\/\/www.immobilienbusiness.ch\/wp-content\/uploads\/2017\/06\/Depositphotos_71529275_m-2015.jpg","type":"image\/jpeg"}],"author":"anja.hall","twitter_card":"summary_large_image","twitter_image":"https:\/\/www.immobilienbusiness.ch\/wp-content\/uploads\/2017\/06\/Depositphotos_71529275_m-2015.jpg","schema":{"@context":"https:\/\/schema.org","@graph":[{"@type":"Article","@id":"https:\/\/www.immobilienbusiness.ch\/personalia\/2022-02-21\/veraenderungen-im-intershop-verwaltungsrat\/#article","isPartOf":{"@id":"https:\/\/www.immobilienbusiness.ch\/personalia\/2022-02-21\/veraenderungen-im-intershop-verwaltungsrat\/"},"author":{"name":"anja.hall","@id":"https:\/\/www.immobilienbusiness.ch\/#\/schema\/person\/3fc036297b10b9f42d6db5ee932af8c8"},"headline":"Ver\u00e4nderungen im Intershop-Verwaltungsrat","datePublished":"2022-02-21T08:28:55+00:00","mainEntityOfPage":{"@id":"https:\/\/www.immobilienbusiness.ch\/personalia\/2022-02-21\/veraenderungen-im-intershop-verwaltungsrat\/"},"wordCount":125,"publisher":{"@id":"https:\/\/www.immobilienbusiness.ch\/#organization"},"image":{"@id":"https:\/\/www.immobilienbusiness.ch\/personalia\/2022-02-21\/veraenderungen-im-intershop-verwaltungsrat\/#primaryimage"},"thumbnailUrl":"https:\/\/www.immobilienbusiness.ch\/wp-content\/uploads\/2017\/06\/Depositphotos_71529275_m-2015.jpg","keywords":["Intershop","Personalia","Verwaltungsrat"],"articleSection":["PERSONALIA"],"inLanguage":"en-US"},{"@type":"WebPage","@id":"https:\/\/www.immobilienbusiness.ch\/personalia\/2022-02-21\/veraenderungen-im-intershop-verwaltungsrat\/","url":"https:\/\/www.immobilienbusiness.ch\/personalia\/2022-02-21\/veraenderungen-im-intershop-verwaltungsrat\/","name":"Ver\u00e4nderungen im Intershop-Verwaltungsrat - IMMOBILIEN Business","isPartOf":{"@id":"https:\/\/www.immobilienbusiness.ch\/#website"},"primaryImageOfPage":{"@id":"https:\/\/www.immobilienbusiness.ch\/personalia\/2022-02-21\/veraenderungen-im-intershop-verwaltungsrat\/#primaryimage"},"image":{"@id":"https:\/\/www.immobilienbusiness.ch\/personalia\/2022-02-21\/veraenderungen-im-intershop-verwaltungsrat\/#primaryimage"},"thumbnailUrl":"https:\/\/www.immobilienbusiness.ch\/wp-content\/uploads\/2017\/06\/Depositphotos_71529275_m-2015.jpg","datePublished":"2022-02-21T08:28:55+00:00","description":"Dieter Marmet, Verwaltungsratspr\u00e4sident von Intershop, wird an der n\u00e4chsten Generalversammlung nicht mehr zur Wahl antreten.","breadcrumb":{"@id":"https:\/\/www.immobilienbusiness.ch\/personalia\/2022-02-21\/veraenderungen-im-intershop-verwaltungsrat\/#breadcrumb"},"inLanguage":"en-US","potentialAction":[{"@type":"ReadAction","target":["https:\/\/www.immobilienbusiness.ch\/personalia\/2022-02-21\/veraenderungen-im-intershop-verwaltungsrat\/"]}]},{"@type":"ImageObject","inLanguage":"en-US","@id":"https:\/\/www.immobilienbusiness.ch\/personalia\/2022-02-21\/veraenderungen-im-intershop-verwaltungsrat\/#primaryimage","url":"https:\/\/www.immobilienbusiness.ch\/wp-content\/uploads\/2017\/06\/Depositphotos_71529275_m-2015.jpg","contentUrl":"https:\/\/www.immobilienbusiness.ch\/wp-content\/uploads\/2017\/06\/Depositphotos_71529275_m-2015.jpg","width":1000,"height":654,"caption":"Im Verwaltungsrat der PSP soll es im Fr\u00fchjahr einen Neuzugang geben (Foto: Rawpixel - depositphotos)"},{"@type":"BreadcrumbList","@id":"https:\/\/www.immobilienbusiness.ch\/personalia\/2022-02-21\/veraenderungen-im-intershop-verwaltungsrat\/#breadcrumb","itemListElement":[{"@type":"ListItem","position":1,"name":"Home","item":"https:\/\/www.immobilienbusiness.ch\/"},{"@type":"ListItem","position":2,"name":"Ver\u00e4nderungen im Intershop-Verwaltungsrat"}]},{"@type":"WebSite","@id":"https:\/\/www.immobilienbusiness.ch\/#website","url":"https:\/\/www.immobilienbusiness.ch\/","name":"REAL ESTATE Business","description":"Independent Swiss business magazine focusing on real estate, architecture and construction as well as investment and financing.","publisher":{"@id":"https:\/\/www.immobilienbusiness.ch\/#organization"},"potentialAction":[{"@type":"SearchAction","target":{"@type":"EntryPoint","urlTemplate":"https:\/\/www.immobilienbusiness.ch\/?s={search_term_string}"},"query-input":{"@type":"PropertyValueSpecification","valueRequired":true,"valueName":"search_term_string"}}],"inLanguage":"en-US"},{"@type":"Organization","@id":"https:\/\/www.immobilienbusiness.ch\/#organization","name":"REAL ESTATE Business","url":"https:\/\/www.immobilienbusiness.ch\/","logo":{"@type":"ImageObject","inLanguage":"en-US","@id":"https:\/\/www.immobilienbusiness.ch\/#\/schema\/logo\/image\/","url":"https:\/\/www.immobilienbusiness.ch\/wp-content\/uploads\/2021\/07\/logo_ib.png","contentUrl":"https:\/\/www.immobilienbusiness.ch\/wp-content\/uploads\/2021\/07\/logo_ib.png","width":800,"height":181,"caption":"IMMOBILIEN Business"},"image":{"@id":"https:\/\/www.immobilienbusiness.ch\/#\/schema\/logo\/image\/"},"sameAs":["https:\/\/www.facebook.com\/immobilienbusiness\/"]},{"@type":"Person","@id":"https:\/\/www.immobilienbusiness.ch\/#\/schema\/person\/3fc036297b10b9f42d6db5ee932af8c8","name":"anja.hall","image":{"@type":"ImageObject","inLanguage":"en-US","@id":"https:\/\/secure.gravatar.com\/avatar\/066b5a0d447013502c71a5782f4f3469f03cfe595cc2329fb94652fe47511bfb?s=96&d=mm&r=g","url":"https:\/\/secure.gravatar.com\/avatar\/066b5a0d447013502c71a5782f4f3469f03cfe595cc2329fb94652fe47511bfb?s=96&d=mm&r=g","contentUrl":"https:\/\/secure.gravatar.com\/avatar\/066b5a0d447013502c71a5782f4f3469f03cfe595cc2329fb94652fe47511bfb?s=96&d=mm&r=g","caption":"anja.hall"},"url":"https:\/\/www.immobilienbusiness.ch\/en\/author\/anja-hall\/"}]}},"_links":{"self":[{"href":"https:\/\/www.immobilienbusiness.ch\/en\/wp-json\/wp\/v2\/posts\/40096","targetHints":{"allow":["GET"]}}],"collection":[{"href":"https:\/\/www.immobilienbusiness.ch\/en\/wp-json\/wp\/v2\/posts"}],"about":[{"href":"https:\/\/www.immobilienbusiness.ch\/en\/wp-json\/wp\/v2\/types\/post"}],"author":[{"embeddable":true,"href":"https:\/\/www.immobilienbusiness.ch\/en\/wp-json\/wp\/v2\/users\/3"}],"replies":[{"embeddable":true,"href":"https:\/\/www.immobilienbusiness.ch\/en\/wp-json\/wp\/v2\/comments?post=40096"}],"version-history":[{"count":1,"href":"https:\/\/www.immobilienbusiness.ch\/en\/wp-json\/wp\/v2\/posts\/40096\/revisions"}],"predecessor-version":[{"id":40097,"href":"https:\/\/www.immobilienbusiness.ch\/en\/wp-json\/wp\/v2\/posts\/40096\/revisions\/40097"}],"wp:featuredmedia":[{"embeddable":true,"href":"https:\/\/www.immobilienbusiness.ch\/en\/wp-json\/wp\/v2\/media\/7926"}],"wp:attachment":[{"href":"https:\/\/www.immobilienbusiness.ch\/en\/wp-json\/wp\/v2\/media?parent=40096"}],"wp:term":[{"taxonomy":"category","embeddable":true,"href":"https:\/\/www.immobilienbusiness.ch\/en\/wp-json\/wp\/v2\/categories?post=40096"},{"taxonomy":"post_tag","embeddable":true,"href":"https:\/\/www.immobilienbusiness.ch\/en\/wp-json\/wp\/v2\/tags?post=40096"}],"curies":[{"name":"wp","href":"https:\/\/api.w.org\/{rel}","templated":true}]}}