{"id":4005,"date":"2016-09-19T08:15:10","date_gmt":"2016-09-19T06:15:10","guid":{"rendered":"http:\/\/dev.immobilienbusiness.ch\/?p=4005"},"modified":"2016-09-19T08:15:10","modified_gmt":"2016-09-19T06:15:10","slug":"bonainvest-zweite-kapitalerhoehung-dieses-jahr","status":"publish","type":"post","link":"https:\/\/www.immobilienbusiness.ch\/en\/unternehmen\/2016-09-19\/bonainvest-zweite-kapitalerhoehung-dieses-jahr\/","title":{"rendered":"Bonainvest: Second capital increase this year"},"content":{"rendered":"<figure id=\"attachment_4006\" aria-describedby=\"caption-attachment-4006\" style=\"width: 680px\" class=\"wp-caption alignnone\"><img loading=\"lazy\" decoding=\"async\" class=\"size-medium wp-image-4006\" src=\"https:\/\/immobilienbusiness.ch\/wp-content\/uploads\/2016\/12\/Bonainvest-Zweite-Kapitalerh\u00f6hung-dieses-Jahr-immobilien-business.jpg\" alt=\"Bonainvest sammelt zehn Millionen CHF frisches Kapital ein (Foto: Pixabay)\" width=\"680\" height=\"879\" \/><figcaption id=\"caption-attachment-4006\" class=\"wp-caption-text\">Bonainvest raises ten million CHF in fresh capital (Photo: Pixabay)<\/figcaption><\/figure>\n<p>Since the last capital increase at the beginning of the year, Bonainvest has acquired two plots of land in T\u00e4uffelen (BE) and Langnau am Albis (ZH). Since building permits have already been issued for the two projects, construction is scheduled to begin soon. Only rental apartments based on the bonacasa concept will be built, i.e. apartments free of obstacles with various services such as concierge and cleaning staff as well as an emergency call center.<\/p>\n<p>In order to be able to finance the new projects, Bonainvest repeatedly increases its capital. The next capital increase is planned for spring 2017. In addition to private investors, around 60 institutional investors such as pension funds, investment foundations and insurance companies have a stake in Bonainvest. (ah)<\/p>","protected":false},"excerpt":{"rendered":"<p>Bonainvest Holding AG has completed its second capital increase this year, raising ten million CHF in fresh capital from new and existing shareholders. The company's equity now stands at CHF 250 million.<\/p>","protected":false},"author":1,"featured_media":4006,"comment_status":"open","ping_status":"open","sticky":false,"template":"","format":"standard","meta":{"_acf_changed":false,"_yoast_wpseo_focuskw":"Bonainvest","_yoast_wpseo_title":"","_yoast_wpseo_metadesc":"Die Bonainvest Holding AG hat die zweite Kapitalerh\u00f6hung dieses Jahres abgeschlossen und bei den Aktion\u00e4ren zehn Mio. CHF frisches Kapital eingesammelt.","_yoast_wpseo_linkdex":60,"pgc_sgb_lightbox_settings":"","footnotes":""},"categories":[988],"tags":[1807],"class_list":["post-4005","post","type-post","status-publish","format-standard","has-post-thumbnail","hentry","category-unternehmen","tag-unternehmen"],"acf":[],"yoast_head":"<!-- This site is optimized with the Yoast SEO plugin v27.4 - https:\/\/yoast.com\/product\/yoast-seo-wordpress\/ -->\n<title>Bonainvest: Zweite Kapitalerh\u00f6hung dieses Jahr - IMMOBILIEN Business<\/title>\n<meta name=\"description\" content=\"Die Bonainvest Holding AG hat die zweite Kapitalerh\u00f6hung dieses Jahres abgeschlossen und bei den Aktion\u00e4ren zehn Mio. CHF frisches Kapital eingesammelt.\" \/>\n<meta name=\"robots\" content=\"index, follow, max-snippet:-1, max-image-preview:large, max-video-preview:-1\" \/>\n<link rel=\"canonical\" href=\"https:\/\/www.immobilienbusiness.ch\/en\/unternehmen\/2016-09-19\/bonainvest-zweite-kapitalerhoehung-dieses-jahr\/\" \/>\n<meta property=\"og:locale\" content=\"en_US\" \/>\n<meta property=\"og:type\" content=\"article\" \/>\n<meta property=\"og:title\" content=\"Bonainvest: Zweite Kapitalerh\u00f6hung dieses Jahr\" \/>\n<meta property=\"og:description\" content=\"Die Bonainvest Holding AG hat die zweite Kapitalerh\u00f6hung dieses Jahres abgeschlossen und bei neuen und bestehenden Aktion\u00e4ren zehn Millionen CHF frisches Kapital eingesammelt. Das Eigenkapital der Gesellschaft liegt neu bei 250 Millionen CHF.\" \/>\n<meta property=\"og:url\" content=\"https:\/\/www.immobilienbusiness.ch\/en\/unternehmen\/2016-09-19\/bonainvest-zweite-kapitalerhoehung-dieses-jahr\/\" \/>\n<meta property=\"og:site_name\" content=\"IMMOBILIEN Business\" \/>\n<meta property=\"article:publisher\" content=\"https:\/\/www.facebook.com\/immobilienbusiness\/\" \/>\n<meta property=\"article:published_time\" content=\"2016-09-19T06:15:10+00:00\" \/>\n<meta name=\"author\" content=\"Redaktion\" \/>\n<meta name=\"twitter:card\" content=\"summary_large_image\" \/>\n<meta name=\"twitter:image\" content=\"https:\/\/www.immobilienbusiness.ch\/wp-content\/uploads\/2016\/12\/Bonainvest-Zweite-Kapitalerhoehung-dieses-Jahr-immobilien-business.jpg\" \/>\n<script type=\"application\/ld+json\" class=\"yoast-schema-graph\">{\"@context\":\"https:\\\/\\\/schema.org\",\"@graph\":[{\"@type\":\"Article\",\"@id\":\"https:\\\/\\\/www.immobilienbusiness.ch\\\/unternehmen\\\/2016-09-19\\\/bonainvest-zweite-kapitalerhoehung-dieses-jahr\\\/#article\",\"isPartOf\":{\"@id\":\"https:\\\/\\\/www.immobilienbusiness.ch\\\/unternehmen\\\/2016-09-19\\\/bonainvest-zweite-kapitalerhoehung-dieses-jahr\\\/\"},\"author\":{\"name\":\"Redaktion\",\"@id\":\"https:\\\/\\\/www.immobilienbusiness.ch\\\/#\\\/schema\\\/person\\\/aa2bace6c5c5aad60102004a50c4eb1c\"},\"headline\":\"Bonainvest: Zweite Kapitalerh\u00f6hung dieses Jahr\",\"datePublished\":\"2016-09-19T06:15:10+00:00\",\"mainEntityOfPage\":{\"@id\":\"https:\\\/\\\/www.immobilienbusiness.ch\\\/unternehmen\\\/2016-09-19\\\/bonainvest-zweite-kapitalerhoehung-dieses-jahr\\\/\"},\"wordCount\":121,\"commentCount\":0,\"publisher\":{\"@id\":\"https:\\\/\\\/www.immobilienbusiness.ch\\\/#organization\"},\"image\":{\"@id\":\"https:\\\/\\\/www.immobilienbusiness.ch\\\/unternehmen\\\/2016-09-19\\\/bonainvest-zweite-kapitalerhoehung-dieses-jahr\\\/#primaryimage\"},\"thumbnailUrl\":\"https:\\\/\\\/www.immobilienbusiness.ch\\\/wp-content\\\/uploads\\\/2016\\\/12\\\/Bonainvest-Zweite-Kapitalerhoehung-dieses-Jahr-immobilien-business.jpg\",\"keywords\":[\"Unternehmen\"],\"articleSection\":[\"UNTERNEHMEN\"],\"inLanguage\":\"en-US\"},{\"@type\":\"WebPage\",\"@id\":\"https:\\\/\\\/www.immobilienbusiness.ch\\\/unternehmen\\\/2016-09-19\\\/bonainvest-zweite-kapitalerhoehung-dieses-jahr\\\/\",\"url\":\"https:\\\/\\\/www.immobilienbusiness.ch\\\/unternehmen\\\/2016-09-19\\\/bonainvest-zweite-kapitalerhoehung-dieses-jahr\\\/\",\"name\":\"Bonainvest: Zweite Kapitalerh\u00f6hung dieses Jahr - IMMOBILIEN Business\",\"isPartOf\":{\"@id\":\"https:\\\/\\\/www.immobilienbusiness.ch\\\/#website\"},\"primaryImageOfPage\":{\"@id\":\"https:\\\/\\\/www.immobilienbusiness.ch\\\/unternehmen\\\/2016-09-19\\\/bonainvest-zweite-kapitalerhoehung-dieses-jahr\\\/#primaryimage\"},\"image\":{\"@id\":\"https:\\\/\\\/www.immobilienbusiness.ch\\\/unternehmen\\\/2016-09-19\\\/bonainvest-zweite-kapitalerhoehung-dieses-jahr\\\/#primaryimage\"},\"thumbnailUrl\":\"https:\\\/\\\/www.immobilienbusiness.ch\\\/wp-content\\\/uploads\\\/2016\\\/12\\\/Bonainvest-Zweite-Kapitalerhoehung-dieses-Jahr-immobilien-business.jpg\",\"datePublished\":\"2016-09-19T06:15:10+00:00\",\"description\":\"Die Bonainvest Holding AG hat die zweite Kapitalerh\u00f6hung dieses Jahres abgeschlossen und bei den Aktion\u00e4ren zehn Mio. CHF frisches Kapital eingesammelt.\",\"breadcrumb\":{\"@id\":\"https:\\\/\\\/www.immobilienbusiness.ch\\\/unternehmen\\\/2016-09-19\\\/bonainvest-zweite-kapitalerhoehung-dieses-jahr\\\/#breadcrumb\"},\"inLanguage\":\"en-US\",\"potentialAction\":[{\"@type\":\"ReadAction\",\"target\":[\"https:\\\/\\\/www.immobilienbusiness.ch\\\/unternehmen\\\/2016-09-19\\\/bonainvest-zweite-kapitalerhoehung-dieses-jahr\\\/\"]}]},{\"@type\":\"ImageObject\",\"inLanguage\":\"en-US\",\"@id\":\"https:\\\/\\\/www.immobilienbusiness.ch\\\/unternehmen\\\/2016-09-19\\\/bonainvest-zweite-kapitalerhoehung-dieses-jahr\\\/#primaryimage\",\"url\":\"https:\\\/\\\/www.immobilienbusiness.ch\\\/wp-content\\\/uploads\\\/2016\\\/12\\\/Bonainvest-Zweite-Kapitalerhoehung-dieses-Jahr-immobilien-business.jpg\",\"contentUrl\":\"https:\\\/\\\/www.immobilienbusiness.ch\\\/wp-content\\\/uploads\\\/2016\\\/12\\\/Bonainvest-Zweite-Kapitalerhoehung-dieses-Jahr-immobilien-business.jpg\",\"width\":990,\"height\":1280,\"caption\":\"(Foto: Pixabay)\"},{\"@type\":\"BreadcrumbList\",\"@id\":\"https:\\\/\\\/www.immobilienbusiness.ch\\\/unternehmen\\\/2016-09-19\\\/bonainvest-zweite-kapitalerhoehung-dieses-jahr\\\/#breadcrumb\",\"itemListElement\":[{\"@type\":\"ListItem\",\"position\":1,\"name\":\"Home\",\"item\":\"https:\\\/\\\/www.immobilienbusiness.ch\\\/\"},{\"@type\":\"ListItem\",\"position\":2,\"name\":\"Bonainvest: Zweite Kapitalerh\u00f6hung dieses Jahr\"}]},{\"@type\":\"WebSite\",\"@id\":\"https:\\\/\\\/www.immobilienbusiness.ch\\\/#website\",\"url\":\"https:\\\/\\\/www.immobilienbusiness.ch\\\/\",\"name\":\"IMMOBILIEN Business\",\"description\":\"Unabh\u00e4ngiges Schweizer Wirtschaftsmagazin mit Fokus auf Immobilien, Architektur- und Bau sowie Investment- und Finanzierung.\",\"publisher\":{\"@id\":\"https:\\\/\\\/www.immobilienbusiness.ch\\\/#organization\"},\"potentialAction\":[{\"@type\":\"SearchAction\",\"target\":{\"@type\":\"EntryPoint\",\"urlTemplate\":\"https:\\\/\\\/www.immobilienbusiness.ch\\\/?s={search_term_string}\"},\"query-input\":{\"@type\":\"PropertyValueSpecification\",\"valueRequired\":true,\"valueName\":\"search_term_string\"}}],\"inLanguage\":\"en-US\"},{\"@type\":\"Organization\",\"@id\":\"https:\\\/\\\/www.immobilienbusiness.ch\\\/#organization\",\"name\":\"IMMOBILIEN Business\",\"url\":\"https:\\\/\\\/www.immobilienbusiness.ch\\\/\",\"logo\":{\"@type\":\"ImageObject\",\"inLanguage\":\"en-US\",\"@id\":\"https:\\\/\\\/www.immobilienbusiness.ch\\\/#\\\/schema\\\/logo\\\/image\\\/\",\"url\":\"https:\\\/\\\/www.immobilienbusiness.ch\\\/wp-content\\\/uploads\\\/2021\\\/07\\\/logo_ib.png\",\"contentUrl\":\"https:\\\/\\\/www.immobilienbusiness.ch\\\/wp-content\\\/uploads\\\/2021\\\/07\\\/logo_ib.png\",\"width\":800,\"height\":181,\"caption\":\"IMMOBILIEN Business\"},\"image\":{\"@id\":\"https:\\\/\\\/www.immobilienbusiness.ch\\\/#\\\/schema\\\/logo\\\/image\\\/\"},\"sameAs\":[\"https:\\\/\\\/www.facebook.com\\\/immobilienbusiness\\\/\"]},{\"@type\":\"Person\",\"@id\":\"https:\\\/\\\/www.immobilienbusiness.ch\\\/#\\\/schema\\\/person\\\/aa2bace6c5c5aad60102004a50c4eb1c\",\"name\":\"Redaktion\",\"image\":{\"@type\":\"ImageObject\",\"inLanguage\":\"en-US\",\"@id\":\"https:\\\/\\\/secure.gravatar.com\\\/avatar\\\/ae2f4d718e6c49043e314ce431e7e645d646302a24a5ef5a8bc8e3f5a032e319?s=96&d=mm&r=g\",\"url\":\"https:\\\/\\\/secure.gravatar.com\\\/avatar\\\/ae2f4d718e6c49043e314ce431e7e645d646302a24a5ef5a8bc8e3f5a032e319?s=96&d=mm&r=g\",\"contentUrl\":\"https:\\\/\\\/secure.gravatar.com\\\/avatar\\\/ae2f4d718e6c49043e314ce431e7e645d646302a24a5ef5a8bc8e3f5a032e319?s=96&d=mm&r=g\",\"caption\":\"Redaktion\"},\"sameAs\":[\"http:\\\/\\\/develop.organisator.galledia.ch\"],\"url\":\"https:\\\/\\\/www.immobilienbusiness.ch\\\/en\\\/author\\\/admin\\\/\"}]}<\/script>\n<!-- \/ Yoast SEO plugin. -->","yoast_head_json":{"title":"Bonainvest: Zweite Kapitalerh\u00f6hung dieses Jahr - IMMOBILIEN Business","description":"Die Bonainvest Holding AG hat die zweite Kapitalerh\u00f6hung dieses Jahres abgeschlossen und bei den Aktion\u00e4ren zehn Mio. CHF frisches Kapital eingesammelt.","robots":{"index":"index","follow":"follow","max-snippet":"max-snippet:-1","max-image-preview":"max-image-preview:large","max-video-preview":"max-video-preview:-1"},"canonical":"https:\/\/www.immobilienbusiness.ch\/en\/unternehmen\/2016-09-19\/bonainvest-zweite-kapitalerhoehung-dieses-jahr\/","og_locale":"en_US","og_type":"article","og_title":"Bonainvest: Zweite Kapitalerh\u00f6hung dieses Jahr","og_description":"Die Bonainvest Holding AG hat die zweite Kapitalerh\u00f6hung dieses Jahres abgeschlossen und bei neuen und bestehenden Aktion\u00e4ren zehn Millionen CHF frisches Kapital eingesammelt. Das Eigenkapital der Gesellschaft liegt neu bei 250 Millionen CHF.","og_url":"https:\/\/www.immobilienbusiness.ch\/en\/unternehmen\/2016-09-19\/bonainvest-zweite-kapitalerhoehung-dieses-jahr\/","og_site_name":"IMMOBILIEN Business","article_publisher":"https:\/\/www.facebook.com\/immobilienbusiness\/","article_published_time":"2016-09-19T06:15:10+00:00","author":"Redaktion","twitter_card":"summary_large_image","twitter_image":"https:\/\/www.immobilienbusiness.ch\/wp-content\/uploads\/2016\/12\/Bonainvest-Zweite-Kapitalerhoehung-dieses-Jahr-immobilien-business.jpg","schema":{"@context":"https:\/\/schema.org","@graph":[{"@type":"Article","@id":"https:\/\/www.immobilienbusiness.ch\/unternehmen\/2016-09-19\/bonainvest-zweite-kapitalerhoehung-dieses-jahr\/#article","isPartOf":{"@id":"https:\/\/www.immobilienbusiness.ch\/unternehmen\/2016-09-19\/bonainvest-zweite-kapitalerhoehung-dieses-jahr\/"},"author":{"name":"Redaktion","@id":"https:\/\/www.immobilienbusiness.ch\/#\/schema\/person\/aa2bace6c5c5aad60102004a50c4eb1c"},"headline":"Bonainvest: Zweite Kapitalerh\u00f6hung dieses Jahr","datePublished":"2016-09-19T06:15:10+00:00","mainEntityOfPage":{"@id":"https:\/\/www.immobilienbusiness.ch\/unternehmen\/2016-09-19\/bonainvest-zweite-kapitalerhoehung-dieses-jahr\/"},"wordCount":121,"commentCount":0,"publisher":{"@id":"https:\/\/www.immobilienbusiness.ch\/#organization"},"image":{"@id":"https:\/\/www.immobilienbusiness.ch\/unternehmen\/2016-09-19\/bonainvest-zweite-kapitalerhoehung-dieses-jahr\/#primaryimage"},"thumbnailUrl":"https:\/\/www.immobilienbusiness.ch\/wp-content\/uploads\/2016\/12\/Bonainvest-Zweite-Kapitalerhoehung-dieses-Jahr-immobilien-business.jpg","keywords":["Unternehmen"],"articleSection":["UNTERNEHMEN"],"inLanguage":"en-US"},{"@type":"WebPage","@id":"https:\/\/www.immobilienbusiness.ch\/unternehmen\/2016-09-19\/bonainvest-zweite-kapitalerhoehung-dieses-jahr\/","url":"https:\/\/www.immobilienbusiness.ch\/unternehmen\/2016-09-19\/bonainvest-zweite-kapitalerhoehung-dieses-jahr\/","name":"Bonainvest: Zweite Kapitalerh\u00f6hung dieses Jahr - IMMOBILIEN Business","isPartOf":{"@id":"https:\/\/www.immobilienbusiness.ch\/#website"},"primaryImageOfPage":{"@id":"https:\/\/www.immobilienbusiness.ch\/unternehmen\/2016-09-19\/bonainvest-zweite-kapitalerhoehung-dieses-jahr\/#primaryimage"},"image":{"@id":"https:\/\/www.immobilienbusiness.ch\/unternehmen\/2016-09-19\/bonainvest-zweite-kapitalerhoehung-dieses-jahr\/#primaryimage"},"thumbnailUrl":"https:\/\/www.immobilienbusiness.ch\/wp-content\/uploads\/2016\/12\/Bonainvest-Zweite-Kapitalerhoehung-dieses-Jahr-immobilien-business.jpg","datePublished":"2016-09-19T06:15:10+00:00","description":"Die Bonainvest Holding AG hat die zweite Kapitalerh\u00f6hung dieses Jahres abgeschlossen und bei den Aktion\u00e4ren zehn Mio. CHF frisches Kapital eingesammelt.","breadcrumb":{"@id":"https:\/\/www.immobilienbusiness.ch\/unternehmen\/2016-09-19\/bonainvest-zweite-kapitalerhoehung-dieses-jahr\/#breadcrumb"},"inLanguage":"en-US","potentialAction":[{"@type":"ReadAction","target":["https:\/\/www.immobilienbusiness.ch\/unternehmen\/2016-09-19\/bonainvest-zweite-kapitalerhoehung-dieses-jahr\/"]}]},{"@type":"ImageObject","inLanguage":"en-US","@id":"https:\/\/www.immobilienbusiness.ch\/unternehmen\/2016-09-19\/bonainvest-zweite-kapitalerhoehung-dieses-jahr\/#primaryimage","url":"https:\/\/www.immobilienbusiness.ch\/wp-content\/uploads\/2016\/12\/Bonainvest-Zweite-Kapitalerhoehung-dieses-Jahr-immobilien-business.jpg","contentUrl":"https:\/\/www.immobilienbusiness.ch\/wp-content\/uploads\/2016\/12\/Bonainvest-Zweite-Kapitalerhoehung-dieses-Jahr-immobilien-business.jpg","width":990,"height":1280,"caption":"(Foto: Pixabay)"},{"@type":"BreadcrumbList","@id":"https:\/\/www.immobilienbusiness.ch\/unternehmen\/2016-09-19\/bonainvest-zweite-kapitalerhoehung-dieses-jahr\/#breadcrumb","itemListElement":[{"@type":"ListItem","position":1,"name":"Home","item":"https:\/\/www.immobilienbusiness.ch\/"},{"@type":"ListItem","position":2,"name":"Bonainvest: Zweite Kapitalerh\u00f6hung dieses Jahr"}]},{"@type":"WebSite","@id":"https:\/\/www.immobilienbusiness.ch\/#website","url":"https:\/\/www.immobilienbusiness.ch\/","name":"REAL ESTATE Business","description":"Independent Swiss business magazine focusing on real estate, architecture and construction as well as investment and financing.","publisher":{"@id":"https:\/\/www.immobilienbusiness.ch\/#organization"},"potentialAction":[{"@type":"SearchAction","target":{"@type":"EntryPoint","urlTemplate":"https:\/\/www.immobilienbusiness.ch\/?s={search_term_string}"},"query-input":{"@type":"PropertyValueSpecification","valueRequired":true,"valueName":"search_term_string"}}],"inLanguage":"en-US"},{"@type":"Organization","@id":"https:\/\/www.immobilienbusiness.ch\/#organization","name":"REAL ESTATE Business","url":"https:\/\/www.immobilienbusiness.ch\/","logo":{"@type":"ImageObject","inLanguage":"en-US","@id":"https:\/\/www.immobilienbusiness.ch\/#\/schema\/logo\/image\/","url":"https:\/\/www.immobilienbusiness.ch\/wp-content\/uploads\/2021\/07\/logo_ib.png","contentUrl":"https:\/\/www.immobilienbusiness.ch\/wp-content\/uploads\/2021\/07\/logo_ib.png","width":800,"height":181,"caption":"IMMOBILIEN Business"},"image":{"@id":"https:\/\/www.immobilienbusiness.ch\/#\/schema\/logo\/image\/"},"sameAs":["https:\/\/www.facebook.com\/immobilienbusiness\/"]},{"@type":"Person","@id":"https:\/\/www.immobilienbusiness.ch\/#\/schema\/person\/aa2bace6c5c5aad60102004a50c4eb1c","name":"Editorial","image":{"@type":"ImageObject","inLanguage":"en-US","@id":"https:\/\/secure.gravatar.com\/avatar\/ae2f4d718e6c49043e314ce431e7e645d646302a24a5ef5a8bc8e3f5a032e319?s=96&d=mm&r=g","url":"https:\/\/secure.gravatar.com\/avatar\/ae2f4d718e6c49043e314ce431e7e645d646302a24a5ef5a8bc8e3f5a032e319?s=96&d=mm&r=g","contentUrl":"https:\/\/secure.gravatar.com\/avatar\/ae2f4d718e6c49043e314ce431e7e645d646302a24a5ef5a8bc8e3f5a032e319?s=96&d=mm&r=g","caption":"Redaktion"},"sameAs":["http:\/\/develop.organisator.galledia.ch"],"url":"https:\/\/www.immobilienbusiness.ch\/en\/author\/admin\/"}]}},"_links":{"self":[{"href":"https:\/\/www.immobilienbusiness.ch\/en\/wp-json\/wp\/v2\/posts\/4005","targetHints":{"allow":["GET"]}}],"collection":[{"href":"https:\/\/www.immobilienbusiness.ch\/en\/wp-json\/wp\/v2\/posts"}],"about":[{"href":"https:\/\/www.immobilienbusiness.ch\/en\/wp-json\/wp\/v2\/types\/post"}],"author":[{"embeddable":true,"href":"https:\/\/www.immobilienbusiness.ch\/en\/wp-json\/wp\/v2\/users\/1"}],"replies":[{"embeddable":true,"href":"https:\/\/www.immobilienbusiness.ch\/en\/wp-json\/wp\/v2\/comments?post=4005"}],"version-history":[{"count":0,"href":"https:\/\/www.immobilienbusiness.ch\/en\/wp-json\/wp\/v2\/posts\/4005\/revisions"}],"wp:featuredmedia":[{"embeddable":true,"href":"https:\/\/www.immobilienbusiness.ch\/en\/wp-json\/wp\/v2\/media\/4006"}],"wp:attachment":[{"href":"https:\/\/www.immobilienbusiness.ch\/en\/wp-json\/wp\/v2\/media?parent=4005"}],"wp:term":[{"taxonomy":"category","embeddable":true,"href":"https:\/\/www.immobilienbusiness.ch\/en\/wp-json\/wp\/v2\/categories?post=4005"},{"taxonomy":"post_tag","embeddable":true,"href":"https:\/\/www.immobilienbusiness.ch\/en\/wp-json\/wp\/v2\/tags?post=4005"}],"curies":[{"name":"wp","href":"https:\/\/api.w.org\/{rel}","templated":true}]}}