{"id":4002,"date":"2016-09-19T08:06:43","date_gmt":"2016-09-19T06:06:43","guid":{"rendered":"http:\/\/dev.immobilienbusiness.ch\/?p=4002"},"modified":"2016-09-19T08:06:43","modified_gmt":"2016-09-19T06:06:43","slug":"flamatt-spatenstich-fuer-neubau-der-comet","status":"publish","type":"post","link":"https:\/\/www.immobilienbusiness.ch\/en\/allgemein\/2016-09-19\/flamatt-spatenstich-fuer-neubau-der-comet\/","title":{"rendered":"Flamatt: Groundbreaking ceremony for new Comet building"},"content":{"rendered":"<figure id=\"attachment_4003\" aria-describedby=\"caption-attachment-4003\" style=\"width: 680px\" class=\"wp-caption alignnone\"><img loading=\"lazy\" decoding=\"async\" class=\"size-medium wp-image-4003\" src=\"https:\/\/immobilienbusiness.ch\/wp-content\/uploads\/2016\/12\/Flamatt-Spatenstich-f\u00fcr-Neubau-der-Comet-immobilien-business.jpg\" alt=\"Spatenstich f\u00fcr den Neubau der Comet Group in Flammt (Foto: Comet Group)\" width=\"680\" height=\"453\" \/><figcaption id=\"caption-attachment-4003\" class=\"wp-caption-text\">Groundbreaking ceremony for the new Comet Group building in Flammt (Photo: Comet Group)<\/figcaption><\/figure>\n<p>Comet is investing 60 million CHF in the project. The project is accompanied by Burckhardt+Partner AG as general planner and architect, and HRS Real Estate AG has been commissioned as general contractor for the realization. Completion of the construction work is scheduled for mid-2018.<\/p>\n<p>\"Due to the strong growth in recent years, our company in Flamatt has reached the limits of its production capacity,\" says Ronald Fehlmann, CEO of the Comet Group at the groundbreaking ceremony. The extension will create urgently needed space for the company's growing X-ray and ebeam business. With the new building, the Flamatter Technology Group is increasing its capacities to a new total of over 37,000 square meters. In the longer term, up to 250 additional employees are to be accommodated there. (ah)<\/p>","protected":false},"excerpt":{"rendered":"<p>On September 13, the groundbreaking ceremony for the Comet Group's expansion building in Flamatt was celebrated. The new building will create around 20,000 square meters of additional production space for the technology company.<\/p>","protected":false},"author":1,"featured_media":4003,"comment_status":"open","ping_status":"open","sticky":false,"template":"","format":"standard","meta":{"_acf_changed":false,"_yoast_wpseo_focuskw":"Spatenstich","_yoast_wpseo_title":"","_yoast_wpseo_metadesc":"Am 13.September wurde der Spatenstich f\u00fcr den Erweiterungsbau der Comet Group in Flamatt gefeiert. Er schafft rund 20.000 qm zus\u00e4tzliche Produktionsfl\u00e4che.","_yoast_wpseo_linkdex":74,"pgc_sgb_lightbox_settings":"","footnotes":""},"categories":[1],"tags":[1205],"class_list":["post-4002","post","type-post","status-publish","format-standard","has-post-thumbnail","hentry","category-allgemein","tag-espace-mittelland"],"acf":[],"yoast_head":"<!-- This site is optimized with the Yoast SEO plugin v27.4 - https:\/\/yoast.com\/product\/yoast-seo-wordpress\/ -->\n<title>Flamatt: Spatenstich f\u00fcr Neubau der Comet - IMMOBILIEN Business<\/title>\n<meta name=\"description\" content=\"Am 13.September wurde der Spatenstich f\u00fcr den Erweiterungsbau der Comet Group in Flamatt gefeiert. Er schafft rund 20.000 qm zus\u00e4tzliche Produktionsfl\u00e4che.\" \/>\n<meta name=\"robots\" content=\"index, follow, max-snippet:-1, max-image-preview:large, max-video-preview:-1\" \/>\n<link rel=\"canonical\" href=\"https:\/\/www.immobilienbusiness.ch\/en\/allgemein\/2016-09-19\/flamatt-spatenstich-fuer-neubau-der-comet\/\" \/>\n<meta property=\"og:locale\" content=\"en_US\" \/>\n<meta property=\"og:type\" content=\"article\" \/>\n<meta property=\"og:title\" content=\"Flamatt: Spatenstich f\u00fcr Neubau der Comet\" \/>\n<meta property=\"og:description\" content=\"Am 13.September wurde der Spatenstich f\u00fcr den Erweiterungsbau der Comet Group in Flamatt gefeiert. Der Neubau schafft rund 20.000 Quadratmeter zus\u00e4tzliche Produktionsfl\u00e4che f\u00fcr das Technologieunternehmen.\" \/>\n<meta property=\"og:url\" content=\"https:\/\/www.immobilienbusiness.ch\/en\/allgemein\/2016-09-19\/flamatt-spatenstich-fuer-neubau-der-comet\/\" \/>\n<meta property=\"og:site_name\" content=\"IMMOBILIEN Business\" \/>\n<meta property=\"article:publisher\" content=\"https:\/\/www.facebook.com\/immobilienbusiness\/\" \/>\n<meta property=\"article:published_time\" content=\"2016-09-19T06:06:43+00:00\" \/>\n<meta name=\"author\" content=\"Redaktion\" \/>\n<meta name=\"twitter:card\" content=\"summary_large_image\" \/>\n<meta name=\"twitter:image\" content=\"https:\/\/www.immobilienbusiness.ch\/wp-content\/uploads\/2016\/12\/Flamatt-Spatenstich-fuer-Neubau-der-Comet-immobilien-business.jpg\" \/>\n<script type=\"application\/ld+json\" class=\"yoast-schema-graph\">{\"@context\":\"https:\\\/\\\/schema.org\",\"@graph\":[{\"@type\":\"Article\",\"@id\":\"https:\\\/\\\/www.immobilienbusiness.ch\\\/allgemein\\\/2016-09-19\\\/flamatt-spatenstich-fuer-neubau-der-comet\\\/#article\",\"isPartOf\":{\"@id\":\"https:\\\/\\\/www.immobilienbusiness.ch\\\/allgemein\\\/2016-09-19\\\/flamatt-spatenstich-fuer-neubau-der-comet\\\/\"},\"author\":{\"name\":\"Redaktion\",\"@id\":\"https:\\\/\\\/www.immobilienbusiness.ch\\\/#\\\/schema\\\/person\\\/aa2bace6c5c5aad60102004a50c4eb1c\"},\"headline\":\"Flamatt: Spatenstich f\u00fcr Neubau der Comet\",\"datePublished\":\"2016-09-19T06:06:43+00:00\",\"mainEntityOfPage\":{\"@id\":\"https:\\\/\\\/www.immobilienbusiness.ch\\\/allgemein\\\/2016-09-19\\\/flamatt-spatenstich-fuer-neubau-der-comet\\\/\"},\"wordCount\":143,\"commentCount\":0,\"publisher\":{\"@id\":\"https:\\\/\\\/www.immobilienbusiness.ch\\\/#organization\"},\"image\":{\"@id\":\"https:\\\/\\\/www.immobilienbusiness.ch\\\/allgemein\\\/2016-09-19\\\/flamatt-spatenstich-fuer-neubau-der-comet\\\/#primaryimage\"},\"thumbnailUrl\":\"https:\\\/\\\/www.immobilienbusiness.ch\\\/wp-content\\\/uploads\\\/2016\\\/12\\\/Flamatt-Spatenstich-fuer-Neubau-der-Comet-immobilien-business.jpg\",\"keywords\":[\"Espace Mittelland\"],\"articleSection\":[\"Allgemein\"],\"inLanguage\":\"en-US\"},{\"@type\":\"WebPage\",\"@id\":\"https:\\\/\\\/www.immobilienbusiness.ch\\\/allgemein\\\/2016-09-19\\\/flamatt-spatenstich-fuer-neubau-der-comet\\\/\",\"url\":\"https:\\\/\\\/www.immobilienbusiness.ch\\\/allgemein\\\/2016-09-19\\\/flamatt-spatenstich-fuer-neubau-der-comet\\\/\",\"name\":\"Flamatt: Spatenstich f\u00fcr Neubau der Comet - IMMOBILIEN Business\",\"isPartOf\":{\"@id\":\"https:\\\/\\\/www.immobilienbusiness.ch\\\/#website\"},\"primaryImageOfPage\":{\"@id\":\"https:\\\/\\\/www.immobilienbusiness.ch\\\/allgemein\\\/2016-09-19\\\/flamatt-spatenstich-fuer-neubau-der-comet\\\/#primaryimage\"},\"image\":{\"@id\":\"https:\\\/\\\/www.immobilienbusiness.ch\\\/allgemein\\\/2016-09-19\\\/flamatt-spatenstich-fuer-neubau-der-comet\\\/#primaryimage\"},\"thumbnailUrl\":\"https:\\\/\\\/www.immobilienbusiness.ch\\\/wp-content\\\/uploads\\\/2016\\\/12\\\/Flamatt-Spatenstich-fuer-Neubau-der-Comet-immobilien-business.jpg\",\"datePublished\":\"2016-09-19T06:06:43+00:00\",\"description\":\"Am 13.September wurde der Spatenstich f\u00fcr den Erweiterungsbau der Comet Group in Flamatt gefeiert. Er schafft rund 20.000 qm zus\u00e4tzliche Produktionsfl\u00e4che.\",\"breadcrumb\":{\"@id\":\"https:\\\/\\\/www.immobilienbusiness.ch\\\/allgemein\\\/2016-09-19\\\/flamatt-spatenstich-fuer-neubau-der-comet\\\/#breadcrumb\"},\"inLanguage\":\"en-US\",\"potentialAction\":[{\"@type\":\"ReadAction\",\"target\":[\"https:\\\/\\\/www.immobilienbusiness.ch\\\/allgemein\\\/2016-09-19\\\/flamatt-spatenstich-fuer-neubau-der-comet\\\/\"]}]},{\"@type\":\"ImageObject\",\"inLanguage\":\"en-US\",\"@id\":\"https:\\\/\\\/www.immobilienbusiness.ch\\\/allgemein\\\/2016-09-19\\\/flamatt-spatenstich-fuer-neubau-der-comet\\\/#primaryimage\",\"url\":\"https:\\\/\\\/www.immobilienbusiness.ch\\\/wp-content\\\/uploads\\\/2016\\\/12\\\/Flamatt-Spatenstich-fuer-Neubau-der-Comet-immobilien-business.jpg\",\"contentUrl\":\"https:\\\/\\\/www.immobilienbusiness.ch\\\/wp-content\\\/uploads\\\/2016\\\/12\\\/Flamatt-Spatenstich-fuer-Neubau-der-Comet-immobilien-business.jpg\",\"width\":2560,\"height\":1706,\"caption\":\"Spatenstich f\u00fcr den Neubau der Comet Group in Flammt (Foto: Comet Group)\"},{\"@type\":\"BreadcrumbList\",\"@id\":\"https:\\\/\\\/www.immobilienbusiness.ch\\\/allgemein\\\/2016-09-19\\\/flamatt-spatenstich-fuer-neubau-der-comet\\\/#breadcrumb\",\"itemListElement\":[{\"@type\":\"ListItem\",\"position\":1,\"name\":\"Home\",\"item\":\"https:\\\/\\\/www.immobilienbusiness.ch\\\/\"},{\"@type\":\"ListItem\",\"position\":2,\"name\":\"Flamatt: Spatenstich f\u00fcr Neubau der Comet\"}]},{\"@type\":\"WebSite\",\"@id\":\"https:\\\/\\\/www.immobilienbusiness.ch\\\/#website\",\"url\":\"https:\\\/\\\/www.immobilienbusiness.ch\\\/\",\"name\":\"IMMOBILIEN Business\",\"description\":\"Unabh\u00e4ngiges Schweizer Wirtschaftsmagazin mit Fokus auf Immobilien, Architektur- und Bau sowie Investment- und Finanzierung.\",\"publisher\":{\"@id\":\"https:\\\/\\\/www.immobilienbusiness.ch\\\/#organization\"},\"potentialAction\":[{\"@type\":\"SearchAction\",\"target\":{\"@type\":\"EntryPoint\",\"urlTemplate\":\"https:\\\/\\\/www.immobilienbusiness.ch\\\/?s={search_term_string}\"},\"query-input\":{\"@type\":\"PropertyValueSpecification\",\"valueRequired\":true,\"valueName\":\"search_term_string\"}}],\"inLanguage\":\"en-US\"},{\"@type\":\"Organization\",\"@id\":\"https:\\\/\\\/www.immobilienbusiness.ch\\\/#organization\",\"name\":\"IMMOBILIEN Business\",\"url\":\"https:\\\/\\\/www.immobilienbusiness.ch\\\/\",\"logo\":{\"@type\":\"ImageObject\",\"inLanguage\":\"en-US\",\"@id\":\"https:\\\/\\\/www.immobilienbusiness.ch\\\/#\\\/schema\\\/logo\\\/image\\\/\",\"url\":\"https:\\\/\\\/www.immobilienbusiness.ch\\\/wp-content\\\/uploads\\\/2021\\\/07\\\/logo_ib.png\",\"contentUrl\":\"https:\\\/\\\/www.immobilienbusiness.ch\\\/wp-content\\\/uploads\\\/2021\\\/07\\\/logo_ib.png\",\"width\":800,\"height\":181,\"caption\":\"IMMOBILIEN Business\"},\"image\":{\"@id\":\"https:\\\/\\\/www.immobilienbusiness.ch\\\/#\\\/schema\\\/logo\\\/image\\\/\"},\"sameAs\":[\"https:\\\/\\\/www.facebook.com\\\/immobilienbusiness\\\/\"]},{\"@type\":\"Person\",\"@id\":\"https:\\\/\\\/www.immobilienbusiness.ch\\\/#\\\/schema\\\/person\\\/aa2bace6c5c5aad60102004a50c4eb1c\",\"name\":\"Redaktion\",\"image\":{\"@type\":\"ImageObject\",\"inLanguage\":\"en-US\",\"@id\":\"https:\\\/\\\/secure.gravatar.com\\\/avatar\\\/ae2f4d718e6c49043e314ce431e7e645d646302a24a5ef5a8bc8e3f5a032e319?s=96&d=mm&r=g\",\"url\":\"https:\\\/\\\/secure.gravatar.com\\\/avatar\\\/ae2f4d718e6c49043e314ce431e7e645d646302a24a5ef5a8bc8e3f5a032e319?s=96&d=mm&r=g\",\"contentUrl\":\"https:\\\/\\\/secure.gravatar.com\\\/avatar\\\/ae2f4d718e6c49043e314ce431e7e645d646302a24a5ef5a8bc8e3f5a032e319?s=96&d=mm&r=g\",\"caption\":\"Redaktion\"},\"sameAs\":[\"http:\\\/\\\/develop.organisator.galledia.ch\"],\"url\":\"https:\\\/\\\/www.immobilienbusiness.ch\\\/en\\\/author\\\/admin\\\/\"}]}<\/script>\n<!-- \/ Yoast SEO plugin. -->","yoast_head_json":{"title":"Flamatt: Spatenstich f\u00fcr Neubau der Comet - IMMOBILIEN Business","description":"Am 13.September wurde der Spatenstich f\u00fcr den Erweiterungsbau der Comet Group in Flamatt gefeiert. Er schafft rund 20.000 qm zus\u00e4tzliche Produktionsfl\u00e4che.","robots":{"index":"index","follow":"follow","max-snippet":"max-snippet:-1","max-image-preview":"max-image-preview:large","max-video-preview":"max-video-preview:-1"},"canonical":"https:\/\/www.immobilienbusiness.ch\/en\/allgemein\/2016-09-19\/flamatt-spatenstich-fuer-neubau-der-comet\/","og_locale":"en_US","og_type":"article","og_title":"Flamatt: Spatenstich f\u00fcr Neubau der Comet","og_description":"Am 13.September wurde der Spatenstich f\u00fcr den Erweiterungsbau der Comet Group in Flamatt gefeiert. Der Neubau schafft rund 20.000 Quadratmeter zus\u00e4tzliche Produktionsfl\u00e4che f\u00fcr das Technologieunternehmen.","og_url":"https:\/\/www.immobilienbusiness.ch\/en\/allgemein\/2016-09-19\/flamatt-spatenstich-fuer-neubau-der-comet\/","og_site_name":"IMMOBILIEN Business","article_publisher":"https:\/\/www.facebook.com\/immobilienbusiness\/","article_published_time":"2016-09-19T06:06:43+00:00","author":"Redaktion","twitter_card":"summary_large_image","twitter_image":"https:\/\/www.immobilienbusiness.ch\/wp-content\/uploads\/2016\/12\/Flamatt-Spatenstich-fuer-Neubau-der-Comet-immobilien-business.jpg","schema":{"@context":"https:\/\/schema.org","@graph":[{"@type":"Article","@id":"https:\/\/www.immobilienbusiness.ch\/allgemein\/2016-09-19\/flamatt-spatenstich-fuer-neubau-der-comet\/#article","isPartOf":{"@id":"https:\/\/www.immobilienbusiness.ch\/allgemein\/2016-09-19\/flamatt-spatenstich-fuer-neubau-der-comet\/"},"author":{"name":"Redaktion","@id":"https:\/\/www.immobilienbusiness.ch\/#\/schema\/person\/aa2bace6c5c5aad60102004a50c4eb1c"},"headline":"Flamatt: Spatenstich f\u00fcr Neubau der Comet","datePublished":"2016-09-19T06:06:43+00:00","mainEntityOfPage":{"@id":"https:\/\/www.immobilienbusiness.ch\/allgemein\/2016-09-19\/flamatt-spatenstich-fuer-neubau-der-comet\/"},"wordCount":143,"commentCount":0,"publisher":{"@id":"https:\/\/www.immobilienbusiness.ch\/#organization"},"image":{"@id":"https:\/\/www.immobilienbusiness.ch\/allgemein\/2016-09-19\/flamatt-spatenstich-fuer-neubau-der-comet\/#primaryimage"},"thumbnailUrl":"https:\/\/www.immobilienbusiness.ch\/wp-content\/uploads\/2016\/12\/Flamatt-Spatenstich-fuer-Neubau-der-Comet-immobilien-business.jpg","keywords":["Espace Mittelland"],"articleSection":["Allgemein"],"inLanguage":"en-US"},{"@type":"WebPage","@id":"https:\/\/www.immobilienbusiness.ch\/allgemein\/2016-09-19\/flamatt-spatenstich-fuer-neubau-der-comet\/","url":"https:\/\/www.immobilienbusiness.ch\/allgemein\/2016-09-19\/flamatt-spatenstich-fuer-neubau-der-comet\/","name":"Flamatt: Spatenstich f\u00fcr Neubau der Comet - IMMOBILIEN Business","isPartOf":{"@id":"https:\/\/www.immobilienbusiness.ch\/#website"},"primaryImageOfPage":{"@id":"https:\/\/www.immobilienbusiness.ch\/allgemein\/2016-09-19\/flamatt-spatenstich-fuer-neubau-der-comet\/#primaryimage"},"image":{"@id":"https:\/\/www.immobilienbusiness.ch\/allgemein\/2016-09-19\/flamatt-spatenstich-fuer-neubau-der-comet\/#primaryimage"},"thumbnailUrl":"https:\/\/www.immobilienbusiness.ch\/wp-content\/uploads\/2016\/12\/Flamatt-Spatenstich-fuer-Neubau-der-Comet-immobilien-business.jpg","datePublished":"2016-09-19T06:06:43+00:00","description":"Am 13.September wurde der Spatenstich f\u00fcr den Erweiterungsbau der Comet Group in Flamatt gefeiert. Er schafft rund 20.000 qm zus\u00e4tzliche Produktionsfl\u00e4che.","breadcrumb":{"@id":"https:\/\/www.immobilienbusiness.ch\/allgemein\/2016-09-19\/flamatt-spatenstich-fuer-neubau-der-comet\/#breadcrumb"},"inLanguage":"en-US","potentialAction":[{"@type":"ReadAction","target":["https:\/\/www.immobilienbusiness.ch\/allgemein\/2016-09-19\/flamatt-spatenstich-fuer-neubau-der-comet\/"]}]},{"@type":"ImageObject","inLanguage":"en-US","@id":"https:\/\/www.immobilienbusiness.ch\/allgemein\/2016-09-19\/flamatt-spatenstich-fuer-neubau-der-comet\/#primaryimage","url":"https:\/\/www.immobilienbusiness.ch\/wp-content\/uploads\/2016\/12\/Flamatt-Spatenstich-fuer-Neubau-der-Comet-immobilien-business.jpg","contentUrl":"https:\/\/www.immobilienbusiness.ch\/wp-content\/uploads\/2016\/12\/Flamatt-Spatenstich-fuer-Neubau-der-Comet-immobilien-business.jpg","width":2560,"height":1706,"caption":"Spatenstich f\u00fcr den Neubau der Comet Group in Flammt (Foto: Comet Group)"},{"@type":"BreadcrumbList","@id":"https:\/\/www.immobilienbusiness.ch\/allgemein\/2016-09-19\/flamatt-spatenstich-fuer-neubau-der-comet\/#breadcrumb","itemListElement":[{"@type":"ListItem","position":1,"name":"Home","item":"https:\/\/www.immobilienbusiness.ch\/"},{"@type":"ListItem","position":2,"name":"Flamatt: Spatenstich f\u00fcr Neubau der Comet"}]},{"@type":"WebSite","@id":"https:\/\/www.immobilienbusiness.ch\/#website","url":"https:\/\/www.immobilienbusiness.ch\/","name":"REAL ESTATE Business","description":"Independent Swiss business magazine focusing on real estate, architecture and construction as well as investment and financing.","publisher":{"@id":"https:\/\/www.immobilienbusiness.ch\/#organization"},"potentialAction":[{"@type":"SearchAction","target":{"@type":"EntryPoint","urlTemplate":"https:\/\/www.immobilienbusiness.ch\/?s={search_term_string}"},"query-input":{"@type":"PropertyValueSpecification","valueRequired":true,"valueName":"search_term_string"}}],"inLanguage":"en-US"},{"@type":"Organization","@id":"https:\/\/www.immobilienbusiness.ch\/#organization","name":"REAL ESTATE Business","url":"https:\/\/www.immobilienbusiness.ch\/","logo":{"@type":"ImageObject","inLanguage":"en-US","@id":"https:\/\/www.immobilienbusiness.ch\/#\/schema\/logo\/image\/","url":"https:\/\/www.immobilienbusiness.ch\/wp-content\/uploads\/2021\/07\/logo_ib.png","contentUrl":"https:\/\/www.immobilienbusiness.ch\/wp-content\/uploads\/2021\/07\/logo_ib.png","width":800,"height":181,"caption":"IMMOBILIEN Business"},"image":{"@id":"https:\/\/www.immobilienbusiness.ch\/#\/schema\/logo\/image\/"},"sameAs":["https:\/\/www.facebook.com\/immobilienbusiness\/"]},{"@type":"Person","@id":"https:\/\/www.immobilienbusiness.ch\/#\/schema\/person\/aa2bace6c5c5aad60102004a50c4eb1c","name":"Editorial","image":{"@type":"ImageObject","inLanguage":"en-US","@id":"https:\/\/secure.gravatar.com\/avatar\/ae2f4d718e6c49043e314ce431e7e645d646302a24a5ef5a8bc8e3f5a032e319?s=96&d=mm&r=g","url":"https:\/\/secure.gravatar.com\/avatar\/ae2f4d718e6c49043e314ce431e7e645d646302a24a5ef5a8bc8e3f5a032e319?s=96&d=mm&r=g","contentUrl":"https:\/\/secure.gravatar.com\/avatar\/ae2f4d718e6c49043e314ce431e7e645d646302a24a5ef5a8bc8e3f5a032e319?s=96&d=mm&r=g","caption":"Redaktion"},"sameAs":["http:\/\/develop.organisator.galledia.ch"],"url":"https:\/\/www.immobilienbusiness.ch\/en\/author\/admin\/"}]}},"_links":{"self":[{"href":"https:\/\/www.immobilienbusiness.ch\/en\/wp-json\/wp\/v2\/posts\/4002","targetHints":{"allow":["GET"]}}],"collection":[{"href":"https:\/\/www.immobilienbusiness.ch\/en\/wp-json\/wp\/v2\/posts"}],"about":[{"href":"https:\/\/www.immobilienbusiness.ch\/en\/wp-json\/wp\/v2\/types\/post"}],"author":[{"embeddable":true,"href":"https:\/\/www.immobilienbusiness.ch\/en\/wp-json\/wp\/v2\/users\/1"}],"replies":[{"embeddable":true,"href":"https:\/\/www.immobilienbusiness.ch\/en\/wp-json\/wp\/v2\/comments?post=4002"}],"version-history":[{"count":0,"href":"https:\/\/www.immobilienbusiness.ch\/en\/wp-json\/wp\/v2\/posts\/4002\/revisions"}],"wp:featuredmedia":[{"embeddable":true,"href":"https:\/\/www.immobilienbusiness.ch\/en\/wp-json\/wp\/v2\/media\/4003"}],"wp:attachment":[{"href":"https:\/\/www.immobilienbusiness.ch\/en\/wp-json\/wp\/v2\/media?parent=4002"}],"wp:term":[{"taxonomy":"category","embeddable":true,"href":"https:\/\/www.immobilienbusiness.ch\/en\/wp-json\/wp\/v2\/categories?post=4002"},{"taxonomy":"post_tag","embeddable":true,"href":"https:\/\/www.immobilienbusiness.ch\/en\/wp-json\/wp\/v2\/tags?post=4002"}],"curies":[{"name":"wp","href":"https:\/\/api.w.org\/{rel}","templated":true}]}}