{"id":39718,"date":"2022-01-19T07:45:46","date_gmt":"2022-01-19T06:45:46","guid":{"rendered":"https:\/\/www.immobilienbusiness.ch\/?p=39718"},"modified":"2022-01-19T08:52:05","modified_gmt":"2022-01-19T07:52:05","slug":"kapitalerhoehung-fuer-den-gr-immobilien-schweiz","status":"publish","type":"post","link":"https:\/\/www.immobilienbusiness.ch\/en\/unternehmen\/2022-01-19\/kapitalerhoehung-fuer-den-gr-immobilien-schweiz\/","title":{"rendered":"Capital increase for GR Real Estate Switzerland"},"content":{"rendered":"<figure id=\"attachment_17165\" aria-describedby=\"caption-attachment-17165\" style=\"width: 1000px\" class=\"wp-caption alignnone\"><img loading=\"lazy\" decoding=\"async\" class=\"wp-image-17165 size-full\" src=\"https:\/\/www.immobilienbusiness.ch\/wp-content\/uploads\/2019\/05\/Depositphotos_73281703_m-2015.jpg\" alt=\"\" width=\"1000\" height=\"667\" srcset=\"https:\/\/www.immobilienbusiness.ch\/wp-content\/uploads\/2019\/05\/Depositphotos_73281703_m-2015.jpg 1000w, https:\/\/www.immobilienbusiness.ch\/wp-content\/uploads\/2019\/05\/Depositphotos_73281703_m-2015-300x200.jpg 300w, https:\/\/www.immobilienbusiness.ch\/wp-content\/uploads\/2019\/05\/Depositphotos_73281703_m-2015-768x512.jpg 768w, https:\/\/www.immobilienbusiness.ch\/wp-content\/uploads\/2019\/05\/Depositphotos_73281703_m-2015-16x12.jpg 16w, https:\/\/www.immobilienbusiness.ch\/wp-content\/uploads\/2019\/05\/Depositphotos_73281703_m-2015-262x175.jpg 262w, https:\/\/www.immobilienbusiness.ch\/wp-content\/uploads\/2019\/05\/Depositphotos_73281703_m-2015-525x350.jpg 525w, https:\/\/www.immobilienbusiness.ch\/wp-content\/uploads\/2019\/05\/Depositphotos_73281703_m-2015-920x614.jpg 920w\" sizes=\"auto, (max-width: 1000px) 100vw, 1000px\" \/><figcaption id=\"caption-attachment-17165\" class=\"wp-caption-text\">GR Immobilien Schweiz is looking for fresh money (Image: depositphotos)<\/figcaption><\/figure>\n<p>Von Graffenried Immobilien SICAV - GR Immobilien Schweiz was launched in spring 2020 and invests in Swiss properties, with a focus on the Espace Mittelland region. Including a purchase right, the fund now has eight residential developments with a total of 320 apartments and property values totaling CHF 121 million in its portfolio.<\/p>\n<p>With the second capital increase, GR Real Estate Switzerland is now seeking new funds to expand the real estate portfolio, finance ongoing projects and reduce the leverage ratio, Von Graffenried said. The subscription period runs from February 7 to 18, 2022, and the payment is scheduled for February 25. The issue price is equal to the net asset value plus an issue commission of 2%. Five existing shares entitle the holder to subscribe for three new shares of the SICAV. <em>(ah)<\/em><\/p>","protected":false},"excerpt":{"rendered":"<p>The private bank Von Graffenried is conducting an issue for its real estate fund GR Immobilien Schweiz, which is expected to bring CHF 54.5 million into the fund's coffers.<\/p>","protected":false},"author":3,"featured_media":17165,"comment_status":"closed","ping_status":"closed","sticky":false,"template":"","format":"standard","meta":{"_acf_changed":false,"_yoast_wpseo_focuskw":"GR Immobilien Schweiz","_yoast_wpseo_title":"","_yoast_wpseo_metadesc":"Die Privatbank Von Graffenried f\u00fchrt f\u00fcr den GR Immobilien Schweiz eine Emission durch, die dem Immobilienfonds 54,5 Mio. CHF in die Kasse sp\u00fclen soll.","_yoast_wpseo_linkdex":42,"pgc_sgb_lightbox_settings":"","footnotes":""},"categories":[988],"tags":[1344,1412],"class_list":["post-39718","post","type-post","status-publish","format-standard","has-post-thumbnail","hentry","category-unternehmen","tag-immobilienfonds","tag-kapitalerhoehung"],"acf":[],"yoast_head":"<!-- This site is optimized with the Yoast SEO plugin v27.4 - https:\/\/yoast.com\/product\/yoast-seo-wordpress\/ -->\n<title>Kapitalerh\u00f6hung f\u00fcr den GR Immobilien Schweiz - IMMOBILIEN Business<\/title>\n<meta name=\"description\" content=\"Die Privatbank Von Graffenried f\u00fchrt f\u00fcr den GR Immobilien Schweiz eine Emission durch, die dem Immobilienfonds 54,5 Mio. CHF in die Kasse sp\u00fclen soll.\" \/>\n<meta name=\"robots\" content=\"index, follow, max-snippet:-1, max-image-preview:large, max-video-preview:-1\" \/>\n<link rel=\"canonical\" href=\"https:\/\/www.immobilienbusiness.ch\/en\/unternehmen\/2022-01-19\/kapitalerhoehung-fuer-den-gr-immobilien-schweiz\/\" \/>\n<meta property=\"og:locale\" content=\"en_US\" \/>\n<meta property=\"og:type\" content=\"article\" \/>\n<meta property=\"og:title\" content=\"Kapitalerh\u00f6hung f\u00fcr den GR Immobilien Schweiz - IMMOBILIEN Business\" \/>\n<meta property=\"og:description\" content=\"Die Privatbank Von Graffenried f\u00fchrt f\u00fcr den GR Immobilien Schweiz eine Emission durch, die dem Immobilienfonds 54,5 Mio. CHF in die Kasse sp\u00fclen soll.\" \/>\n<meta property=\"og:url\" content=\"https:\/\/www.immobilienbusiness.ch\/en\/unternehmen\/2022-01-19\/kapitalerhoehung-fuer-den-gr-immobilien-schweiz\/\" \/>\n<meta property=\"og:site_name\" content=\"IMMOBILIEN Business\" \/>\n<meta property=\"article:publisher\" content=\"https:\/\/www.facebook.com\/immobilienbusiness\/\" \/>\n<meta property=\"article:published_time\" content=\"2022-01-19T06:45:46+00:00\" \/>\n<meta property=\"article:modified_time\" content=\"2022-01-19T07:52:05+00:00\" \/>\n<meta property=\"og:image\" content=\"https:\/\/www.immobilienbusiness.ch\/wp-content\/uploads\/2019\/05\/Depositphotos_73281703_m-2015.jpg\" \/>\n\t<meta property=\"og:image:width\" content=\"1000\" \/>\n\t<meta property=\"og:image:height\" content=\"667\" \/>\n\t<meta property=\"og:image:type\" content=\"image\/jpeg\" \/>\n<meta name=\"author\" content=\"anja.hall\" \/>\n<meta name=\"twitter:card\" content=\"summary_large_image\" \/>\n<meta name=\"twitter:image\" content=\"https:\/\/www.immobilienbusiness.ch\/wp-content\/uploads\/2019\/05\/Depositphotos_73281703_m-2015.jpg\" \/>\n<script type=\"application\/ld+json\" class=\"yoast-schema-graph\">{\"@context\":\"https:\\\/\\\/schema.org\",\"@graph\":[{\"@type\":\"Article\",\"@id\":\"https:\\\/\\\/www.immobilienbusiness.ch\\\/en\\\/unternehmen\\\/2022-01-19\\\/kapitalerhoehung-fuer-den-gr-immobilien-schweiz\\\/#article\",\"isPartOf\":{\"@id\":\"https:\\\/\\\/www.immobilienbusiness.ch\\\/en\\\/unternehmen\\\/2022-01-19\\\/kapitalerhoehung-fuer-den-gr-immobilien-schweiz\\\/\"},\"author\":{\"name\":\"anja.hall\",\"@id\":\"https:\\\/\\\/www.immobilienbusiness.ch\\\/#\\\/schema\\\/person\\\/3fc036297b10b9f42d6db5ee932af8c8\"},\"headline\":\"Kapitalerh\u00f6hung f\u00fcr den GR Immobilien Schweiz\",\"datePublished\":\"2022-01-19T06:45:46+00:00\",\"dateModified\":\"2022-01-19T07:52:05+00:00\",\"mainEntityOfPage\":{\"@id\":\"https:\\\/\\\/www.immobilienbusiness.ch\\\/en\\\/unternehmen\\\/2022-01-19\\\/kapitalerhoehung-fuer-den-gr-immobilien-schweiz\\\/\"},\"wordCount\":144,\"publisher\":{\"@id\":\"https:\\\/\\\/www.immobilienbusiness.ch\\\/#organization\"},\"image\":{\"@id\":\"https:\\\/\\\/www.immobilienbusiness.ch\\\/en\\\/unternehmen\\\/2022-01-19\\\/kapitalerhoehung-fuer-den-gr-immobilien-schweiz\\\/#primaryimage\"},\"thumbnailUrl\":\"https:\\\/\\\/www.immobilienbusiness.ch\\\/wp-content\\\/uploads\\\/2019\\\/05\\\/Depositphotos_73281703_m-2015.jpg\",\"keywords\":[\"Immobilienfonds\",\"Kapitalerh\u00f6hung\"],\"articleSection\":[\"UNTERNEHMEN\"],\"inLanguage\":\"en-US\"},{\"@type\":\"WebPage\",\"@id\":\"https:\\\/\\\/www.immobilienbusiness.ch\\\/en\\\/unternehmen\\\/2022-01-19\\\/kapitalerhoehung-fuer-den-gr-immobilien-schweiz\\\/\",\"url\":\"https:\\\/\\\/www.immobilienbusiness.ch\\\/en\\\/unternehmen\\\/2022-01-19\\\/kapitalerhoehung-fuer-den-gr-immobilien-schweiz\\\/\",\"name\":\"Kapitalerh\u00f6hung f\u00fcr den GR Immobilien Schweiz - IMMOBILIEN Business\",\"isPartOf\":{\"@id\":\"https:\\\/\\\/www.immobilienbusiness.ch\\\/#website\"},\"primaryImageOfPage\":{\"@id\":\"https:\\\/\\\/www.immobilienbusiness.ch\\\/en\\\/unternehmen\\\/2022-01-19\\\/kapitalerhoehung-fuer-den-gr-immobilien-schweiz\\\/#primaryimage\"},\"image\":{\"@id\":\"https:\\\/\\\/www.immobilienbusiness.ch\\\/en\\\/unternehmen\\\/2022-01-19\\\/kapitalerhoehung-fuer-den-gr-immobilien-schweiz\\\/#primaryimage\"},\"thumbnailUrl\":\"https:\\\/\\\/www.immobilienbusiness.ch\\\/wp-content\\\/uploads\\\/2019\\\/05\\\/Depositphotos_73281703_m-2015.jpg\",\"datePublished\":\"2022-01-19T06:45:46+00:00\",\"dateModified\":\"2022-01-19T07:52:05+00:00\",\"description\":\"Die Privatbank Von Graffenried f\u00fchrt f\u00fcr den GR Immobilien Schweiz eine Emission durch, die dem Immobilienfonds 54,5 Mio. CHF in die Kasse sp\u00fclen soll.\",\"breadcrumb\":{\"@id\":\"https:\\\/\\\/www.immobilienbusiness.ch\\\/en\\\/unternehmen\\\/2022-01-19\\\/kapitalerhoehung-fuer-den-gr-immobilien-schweiz\\\/#breadcrumb\"},\"inLanguage\":\"en-US\",\"potentialAction\":[{\"@type\":\"ReadAction\",\"target\":[\"https:\\\/\\\/www.immobilienbusiness.ch\\\/en\\\/unternehmen\\\/2022-01-19\\\/kapitalerhoehung-fuer-den-gr-immobilien-schweiz\\\/\"]}]},{\"@type\":\"ImageObject\",\"inLanguage\":\"en-US\",\"@id\":\"https:\\\/\\\/www.immobilienbusiness.ch\\\/en\\\/unternehmen\\\/2022-01-19\\\/kapitalerhoehung-fuer-den-gr-immobilien-schweiz\\\/#primaryimage\",\"url\":\"https:\\\/\\\/www.immobilienbusiness.ch\\\/wp-content\\\/uploads\\\/2019\\\/05\\\/Depositphotos_73281703_m-2015.jpg\",\"contentUrl\":\"https:\\\/\\\/www.immobilienbusiness.ch\\\/wp-content\\\/uploads\\\/2019\\\/05\\\/Depositphotos_73281703_m-2015.jpg\",\"width\":1000,\"height\":667,\"caption\":\"Die Remnex AST sucht frisches Kapital f\u00fcr geplante K\u00e4ufe (Bild: depositphotos)\"},{\"@type\":\"BreadcrumbList\",\"@id\":\"https:\\\/\\\/www.immobilienbusiness.ch\\\/en\\\/unternehmen\\\/2022-01-19\\\/kapitalerhoehung-fuer-den-gr-immobilien-schweiz\\\/#breadcrumb\",\"itemListElement\":[{\"@type\":\"ListItem\",\"position\":1,\"name\":\"Home\",\"item\":\"https:\\\/\\\/www.immobilienbusiness.ch\\\/\"},{\"@type\":\"ListItem\",\"position\":2,\"name\":\"Kapitalerh\u00f6hung f\u00fcr den GR Immobilien Schweiz\"}]},{\"@type\":\"WebSite\",\"@id\":\"https:\\\/\\\/www.immobilienbusiness.ch\\\/#website\",\"url\":\"https:\\\/\\\/www.immobilienbusiness.ch\\\/\",\"name\":\"IMMOBILIEN Business\",\"description\":\"Unabh\u00e4ngiges Schweizer Wirtschaftsmagazin mit Fokus auf Immobilien, Architektur- und Bau sowie Investment- und Finanzierung.\",\"publisher\":{\"@id\":\"https:\\\/\\\/www.immobilienbusiness.ch\\\/#organization\"},\"potentialAction\":[{\"@type\":\"SearchAction\",\"target\":{\"@type\":\"EntryPoint\",\"urlTemplate\":\"https:\\\/\\\/www.immobilienbusiness.ch\\\/?s={search_term_string}\"},\"query-input\":{\"@type\":\"PropertyValueSpecification\",\"valueRequired\":true,\"valueName\":\"search_term_string\"}}],\"inLanguage\":\"en-US\"},{\"@type\":\"Organization\",\"@id\":\"https:\\\/\\\/www.immobilienbusiness.ch\\\/#organization\",\"name\":\"IMMOBILIEN Business\",\"url\":\"https:\\\/\\\/www.immobilienbusiness.ch\\\/\",\"logo\":{\"@type\":\"ImageObject\",\"inLanguage\":\"en-US\",\"@id\":\"https:\\\/\\\/www.immobilienbusiness.ch\\\/#\\\/schema\\\/logo\\\/image\\\/\",\"url\":\"https:\\\/\\\/www.immobilienbusiness.ch\\\/wp-content\\\/uploads\\\/2021\\\/07\\\/logo_ib.png\",\"contentUrl\":\"https:\\\/\\\/www.immobilienbusiness.ch\\\/wp-content\\\/uploads\\\/2021\\\/07\\\/logo_ib.png\",\"width\":800,\"height\":181,\"caption\":\"IMMOBILIEN Business\"},\"image\":{\"@id\":\"https:\\\/\\\/www.immobilienbusiness.ch\\\/#\\\/schema\\\/logo\\\/image\\\/\"},\"sameAs\":[\"https:\\\/\\\/www.facebook.com\\\/immobilienbusiness\\\/\"]},{\"@type\":\"Person\",\"@id\":\"https:\\\/\\\/www.immobilienbusiness.ch\\\/#\\\/schema\\\/person\\\/3fc036297b10b9f42d6db5ee932af8c8\",\"name\":\"anja.hall\",\"image\":{\"@type\":\"ImageObject\",\"inLanguage\":\"en-US\",\"@id\":\"https:\\\/\\\/secure.gravatar.com\\\/avatar\\\/066b5a0d447013502c71a5782f4f3469f03cfe595cc2329fb94652fe47511bfb?s=96&d=mm&r=g\",\"url\":\"https:\\\/\\\/secure.gravatar.com\\\/avatar\\\/066b5a0d447013502c71a5782f4f3469f03cfe595cc2329fb94652fe47511bfb?s=96&d=mm&r=g\",\"contentUrl\":\"https:\\\/\\\/secure.gravatar.com\\\/avatar\\\/066b5a0d447013502c71a5782f4f3469f03cfe595cc2329fb94652fe47511bfb?s=96&d=mm&r=g\",\"caption\":\"anja.hall\"},\"url\":\"https:\\\/\\\/www.immobilienbusiness.ch\\\/en\\\/author\\\/anja-hall\\\/\"}]}<\/script>\n<!-- \/ Yoast SEO plugin. -->","yoast_head_json":{"title":"Kapitalerh\u00f6hung f\u00fcr den GR Immobilien Schweiz - IMMOBILIEN Business","description":"Die Privatbank Von Graffenried f\u00fchrt f\u00fcr den GR Immobilien Schweiz eine Emission durch, die dem Immobilienfonds 54,5 Mio. CHF in die Kasse sp\u00fclen soll.","robots":{"index":"index","follow":"follow","max-snippet":"max-snippet:-1","max-image-preview":"max-image-preview:large","max-video-preview":"max-video-preview:-1"},"canonical":"https:\/\/www.immobilienbusiness.ch\/en\/unternehmen\/2022-01-19\/kapitalerhoehung-fuer-den-gr-immobilien-schweiz\/","og_locale":"en_US","og_type":"article","og_title":"Kapitalerh\u00f6hung f\u00fcr den GR Immobilien Schweiz - IMMOBILIEN Business","og_description":"Die Privatbank Von Graffenried f\u00fchrt f\u00fcr den GR Immobilien Schweiz eine Emission durch, die dem Immobilienfonds 54,5 Mio. CHF in die Kasse sp\u00fclen soll.","og_url":"https:\/\/www.immobilienbusiness.ch\/en\/unternehmen\/2022-01-19\/kapitalerhoehung-fuer-den-gr-immobilien-schweiz\/","og_site_name":"IMMOBILIEN Business","article_publisher":"https:\/\/www.facebook.com\/immobilienbusiness\/","article_published_time":"2022-01-19T06:45:46+00:00","article_modified_time":"2022-01-19T07:52:05+00:00","og_image":[{"width":1000,"height":667,"url":"https:\/\/www.immobilienbusiness.ch\/wp-content\/uploads\/2019\/05\/Depositphotos_73281703_m-2015.jpg","type":"image\/jpeg"}],"author":"anja.hall","twitter_card":"summary_large_image","twitter_image":"https:\/\/www.immobilienbusiness.ch\/wp-content\/uploads\/2019\/05\/Depositphotos_73281703_m-2015.jpg","schema":{"@context":"https:\/\/schema.org","@graph":[{"@type":"Article","@id":"https:\/\/www.immobilienbusiness.ch\/en\/unternehmen\/2022-01-19\/kapitalerhoehung-fuer-den-gr-immobilien-schweiz\/#article","isPartOf":{"@id":"https:\/\/www.immobilienbusiness.ch\/en\/unternehmen\/2022-01-19\/kapitalerhoehung-fuer-den-gr-immobilien-schweiz\/"},"author":{"name":"anja.hall","@id":"https:\/\/www.immobilienbusiness.ch\/#\/schema\/person\/3fc036297b10b9f42d6db5ee932af8c8"},"headline":"Kapitalerh\u00f6hung f\u00fcr den GR Immobilien Schweiz","datePublished":"2022-01-19T06:45:46+00:00","dateModified":"2022-01-19T07:52:05+00:00","mainEntityOfPage":{"@id":"https:\/\/www.immobilienbusiness.ch\/en\/unternehmen\/2022-01-19\/kapitalerhoehung-fuer-den-gr-immobilien-schweiz\/"},"wordCount":144,"publisher":{"@id":"https:\/\/www.immobilienbusiness.ch\/#organization"},"image":{"@id":"https:\/\/www.immobilienbusiness.ch\/en\/unternehmen\/2022-01-19\/kapitalerhoehung-fuer-den-gr-immobilien-schweiz\/#primaryimage"},"thumbnailUrl":"https:\/\/www.immobilienbusiness.ch\/wp-content\/uploads\/2019\/05\/Depositphotos_73281703_m-2015.jpg","keywords":["Immobilienfonds","Kapitalerh\u00f6hung"],"articleSection":["UNTERNEHMEN"],"inLanguage":"en-US"},{"@type":"WebPage","@id":"https:\/\/www.immobilienbusiness.ch\/en\/unternehmen\/2022-01-19\/kapitalerhoehung-fuer-den-gr-immobilien-schweiz\/","url":"https:\/\/www.immobilienbusiness.ch\/en\/unternehmen\/2022-01-19\/kapitalerhoehung-fuer-den-gr-immobilien-schweiz\/","name":"Kapitalerh\u00f6hung f\u00fcr den GR Immobilien Schweiz - IMMOBILIEN Business","isPartOf":{"@id":"https:\/\/www.immobilienbusiness.ch\/#website"},"primaryImageOfPage":{"@id":"https:\/\/www.immobilienbusiness.ch\/en\/unternehmen\/2022-01-19\/kapitalerhoehung-fuer-den-gr-immobilien-schweiz\/#primaryimage"},"image":{"@id":"https:\/\/www.immobilienbusiness.ch\/en\/unternehmen\/2022-01-19\/kapitalerhoehung-fuer-den-gr-immobilien-schweiz\/#primaryimage"},"thumbnailUrl":"https:\/\/www.immobilienbusiness.ch\/wp-content\/uploads\/2019\/05\/Depositphotos_73281703_m-2015.jpg","datePublished":"2022-01-19T06:45:46+00:00","dateModified":"2022-01-19T07:52:05+00:00","description":"Die Privatbank Von Graffenried f\u00fchrt f\u00fcr den GR Immobilien Schweiz eine Emission durch, die dem Immobilienfonds 54,5 Mio. CHF in die Kasse sp\u00fclen soll.","breadcrumb":{"@id":"https:\/\/www.immobilienbusiness.ch\/en\/unternehmen\/2022-01-19\/kapitalerhoehung-fuer-den-gr-immobilien-schweiz\/#breadcrumb"},"inLanguage":"en-US","potentialAction":[{"@type":"ReadAction","target":["https:\/\/www.immobilienbusiness.ch\/en\/unternehmen\/2022-01-19\/kapitalerhoehung-fuer-den-gr-immobilien-schweiz\/"]}]},{"@type":"ImageObject","inLanguage":"en-US","@id":"https:\/\/www.immobilienbusiness.ch\/en\/unternehmen\/2022-01-19\/kapitalerhoehung-fuer-den-gr-immobilien-schweiz\/#primaryimage","url":"https:\/\/www.immobilienbusiness.ch\/wp-content\/uploads\/2019\/05\/Depositphotos_73281703_m-2015.jpg","contentUrl":"https:\/\/www.immobilienbusiness.ch\/wp-content\/uploads\/2019\/05\/Depositphotos_73281703_m-2015.jpg","width":1000,"height":667,"caption":"Die Remnex AST sucht frisches Kapital f\u00fcr geplante K\u00e4ufe (Bild: depositphotos)"},{"@type":"BreadcrumbList","@id":"https:\/\/www.immobilienbusiness.ch\/en\/unternehmen\/2022-01-19\/kapitalerhoehung-fuer-den-gr-immobilien-schweiz\/#breadcrumb","itemListElement":[{"@type":"ListItem","position":1,"name":"Home","item":"https:\/\/www.immobilienbusiness.ch\/"},{"@type":"ListItem","position":2,"name":"Kapitalerh\u00f6hung f\u00fcr den GR Immobilien Schweiz"}]},{"@type":"WebSite","@id":"https:\/\/www.immobilienbusiness.ch\/#website","url":"https:\/\/www.immobilienbusiness.ch\/","name":"REAL ESTATE Business","description":"Independent Swiss business magazine focusing on real estate, architecture and construction as well as investment and financing.","publisher":{"@id":"https:\/\/www.immobilienbusiness.ch\/#organization"},"potentialAction":[{"@type":"SearchAction","target":{"@type":"EntryPoint","urlTemplate":"https:\/\/www.immobilienbusiness.ch\/?s={search_term_string}"},"query-input":{"@type":"PropertyValueSpecification","valueRequired":true,"valueName":"search_term_string"}}],"inLanguage":"en-US"},{"@type":"Organization","@id":"https:\/\/www.immobilienbusiness.ch\/#organization","name":"REAL ESTATE Business","url":"https:\/\/www.immobilienbusiness.ch\/","logo":{"@type":"ImageObject","inLanguage":"en-US","@id":"https:\/\/www.immobilienbusiness.ch\/#\/schema\/logo\/image\/","url":"https:\/\/www.immobilienbusiness.ch\/wp-content\/uploads\/2021\/07\/logo_ib.png","contentUrl":"https:\/\/www.immobilienbusiness.ch\/wp-content\/uploads\/2021\/07\/logo_ib.png","width":800,"height":181,"caption":"IMMOBILIEN Business"},"image":{"@id":"https:\/\/www.immobilienbusiness.ch\/#\/schema\/logo\/image\/"},"sameAs":["https:\/\/www.facebook.com\/immobilienbusiness\/"]},{"@type":"Person","@id":"https:\/\/www.immobilienbusiness.ch\/#\/schema\/person\/3fc036297b10b9f42d6db5ee932af8c8","name":"anja.hall","image":{"@type":"ImageObject","inLanguage":"en-US","@id":"https:\/\/secure.gravatar.com\/avatar\/066b5a0d447013502c71a5782f4f3469f03cfe595cc2329fb94652fe47511bfb?s=96&d=mm&r=g","url":"https:\/\/secure.gravatar.com\/avatar\/066b5a0d447013502c71a5782f4f3469f03cfe595cc2329fb94652fe47511bfb?s=96&d=mm&r=g","contentUrl":"https:\/\/secure.gravatar.com\/avatar\/066b5a0d447013502c71a5782f4f3469f03cfe595cc2329fb94652fe47511bfb?s=96&d=mm&r=g","caption":"anja.hall"},"url":"https:\/\/www.immobilienbusiness.ch\/en\/author\/anja-hall\/"}]}},"_links":{"self":[{"href":"https:\/\/www.immobilienbusiness.ch\/en\/wp-json\/wp\/v2\/posts\/39718","targetHints":{"allow":["GET"]}}],"collection":[{"href":"https:\/\/www.immobilienbusiness.ch\/en\/wp-json\/wp\/v2\/posts"}],"about":[{"href":"https:\/\/www.immobilienbusiness.ch\/en\/wp-json\/wp\/v2\/types\/post"}],"author":[{"embeddable":true,"href":"https:\/\/www.immobilienbusiness.ch\/en\/wp-json\/wp\/v2\/users\/3"}],"replies":[{"embeddable":true,"href":"https:\/\/www.immobilienbusiness.ch\/en\/wp-json\/wp\/v2\/comments?post=39718"}],"version-history":[{"count":1,"href":"https:\/\/www.immobilienbusiness.ch\/en\/wp-json\/wp\/v2\/posts\/39718\/revisions"}],"predecessor-version":[{"id":39719,"href":"https:\/\/www.immobilienbusiness.ch\/en\/wp-json\/wp\/v2\/posts\/39718\/revisions\/39719"}],"wp:featuredmedia":[{"embeddable":true,"href":"https:\/\/www.immobilienbusiness.ch\/en\/wp-json\/wp\/v2\/media\/17165"}],"wp:attachment":[{"href":"https:\/\/www.immobilienbusiness.ch\/en\/wp-json\/wp\/v2\/media?parent=39718"}],"wp:term":[{"taxonomy":"category","embeddable":true,"href":"https:\/\/www.immobilienbusiness.ch\/en\/wp-json\/wp\/v2\/categories?post=39718"},{"taxonomy":"post_tag","embeddable":true,"href":"https:\/\/www.immobilienbusiness.ch\/en\/wp-json\/wp\/v2\/tags?post=39718"}],"curies":[{"name":"wp","href":"https:\/\/api.w.org\/{rel}","templated":true}]}}