{"id":39464,"date":"2021-12-15T07:21:51","date_gmt":"2021-12-15T06:21:51","guid":{"rendered":"https:\/\/www.immobilienbusiness.ch\/?p=39464"},"modified":"2021-12-16T09:55:26","modified_gmt":"2021-12-16T08:55:26","slug":"privera-verstaerkung-fuer-die-geschaeftsleitung","status":"publish","type":"post","link":"https:\/\/www.immobilienbusiness.ch\/en\/personalia\/2021-12-15\/privera-verstaerkung-fuer-die-geschaeftsleitung\/","title":{"rendered":"Privera: Reinforcement for the management"},"content":{"rendered":"<figure id=\"attachment_39465\" aria-describedby=\"caption-attachment-39465\" style=\"width: 2560px\" class=\"wp-caption alignnone\"><img loading=\"lazy\" decoding=\"async\" class=\"wp-image-39465 size-full\" src=\"https:\/\/www.immobilienbusiness.ch\/wp-content\/uploads\/2021\/12\/Wegmueller_Andrea_HG-scaled.jpg\" alt=\"\" width=\"2560\" height=\"1706\" srcset=\"https:\/\/www.immobilienbusiness.ch\/wp-content\/uploads\/2021\/12\/Wegmueller_Andrea_HG-scaled.jpg 1200w, https:\/\/www.immobilienbusiness.ch\/wp-content\/uploads\/2021\/12\/Wegmueller_Andrea_HG-300x200.jpg 300w, https:\/\/www.immobilienbusiness.ch\/wp-content\/uploads\/2021\/12\/Wegmueller_Andrea_HG-1024x683.jpg 1024w, https:\/\/www.immobilienbusiness.ch\/wp-content\/uploads\/2021\/12\/Wegmueller_Andrea_HG-768x512.jpg 768w, https:\/\/www.immobilienbusiness.ch\/wp-content\/uploads\/2021\/12\/Wegmueller_Andrea_HG-1536x1024.jpg 1536w, https:\/\/www.immobilienbusiness.ch\/wp-content\/uploads\/2021\/12\/Wegmueller_Andrea_HG-2048x1365.jpg 2048w, https:\/\/www.immobilienbusiness.ch\/wp-content\/uploads\/2021\/12\/Wegmueller_Andrea_HG-16x12.jpg 16w, https:\/\/www.immobilienbusiness.ch\/wp-content\/uploads\/2021\/12\/Wegmueller_Andrea_HG-263x175.jpg 263w, https:\/\/www.immobilienbusiness.ch\/wp-content\/uploads\/2021\/12\/Wegmueller_Andrea_HG-525x350.jpg 525w, https:\/\/www.immobilienbusiness.ch\/wp-content\/uploads\/2021\/12\/Wegmueller_Andrea_HG-920x613.jpg 920w\" sizes=\"auto, (max-width: 2560px) 100vw, 2560px\" \/><figcaption id=\"caption-attachment-39465\" class=\"wp-caption-text\">Andrea Wegm\u00fcller (Image: zVg Privera)<\/figcaption><\/figure>\n<p>Andrea Wegm\u00fcller has been working at Privera for five years and is currently the Regional Head of Management East. As of January 1, 2022, he will join the management team as Head of Management Switzerland. He will continue to directly manage the eastern management region as before and will also be responsible for the western region on an ad interim basis, Privera announced. The Central Region will continue to be managed by Nicole Kuhn.<\/p>\n<p>The real estate service provider, which is part of the Investis Group, also announces that Nadja Abdelrahim will head the Wallisellen branch as of January 1, 2022. She has already been team leader there for three years. (ah)<\/p>","protected":false},"excerpt":{"rendered":"<p>Andrea Wegm\u00fcller is joining the management team of real estate services provider Privera in the new year. He takes over the position of Head of Property Management Switzerland. <\/p>","protected":false},"author":3,"featured_media":39465,"comment_status":"closed","ping_status":"closed","sticky":false,"template":"","format":"standard","meta":{"_acf_changed":false,"_yoast_wpseo_focuskw":"Privera","_yoast_wpseo_title":"","_yoast_wpseo_metadesc":"Andrea Wegm\u00fcller zieht zum neuen Jahr in die Gesch\u00e4ftsleitung des Immobiliendienstleisters Privera ein. Er wird Leiter Bewirtschaftung Schweiz.","_yoast_wpseo_linkdex":41,"pgc_sgb_lightbox_settings":"","footnotes":""},"categories":[1912],"tags":[1563,1596],"class_list":["post-39464","post","type-post","status-publish","format-standard","has-post-thumbnail","hentry","category-personalia","tag-personalia","tag-privera"],"acf":[],"yoast_head":"<!-- This site is optimized with the Yoast SEO plugin v27.4 - https:\/\/yoast.com\/product\/yoast-seo-wordpress\/ -->\n<title>Privera: Verst\u00e4rkung f\u00fcr die Gesch\u00e4ftsleitung - IMMOBILIEN Business<\/title>\n<meta name=\"description\" content=\"Andrea Wegm\u00fcller zieht zum neuen Jahr in die Gesch\u00e4ftsleitung des Immobiliendienstleisters Privera ein. Er wird Leiter Bewirtschaftung Schweiz.\" \/>\n<meta name=\"robots\" content=\"index, follow, max-snippet:-1, max-image-preview:large, max-video-preview:-1\" \/>\n<link rel=\"canonical\" href=\"https:\/\/www.immobilienbusiness.ch\/en\/personalia\/2021-12-15\/privera-verstaerkung-fuer-die-geschaeftsleitung\/\" \/>\n<meta property=\"og:locale\" content=\"en_US\" \/>\n<meta property=\"og:type\" content=\"article\" \/>\n<meta property=\"og:title\" content=\"Privera: Verst\u00e4rkung f\u00fcr die Gesch\u00e4ftsleitung - IMMOBILIEN Business\" \/>\n<meta property=\"og:description\" content=\"Andrea Wegm\u00fcller zieht zum neuen Jahr in die Gesch\u00e4ftsleitung des Immobiliendienstleisters Privera ein. Er wird Leiter Bewirtschaftung Schweiz.\" \/>\n<meta property=\"og:url\" content=\"https:\/\/www.immobilienbusiness.ch\/en\/personalia\/2021-12-15\/privera-verstaerkung-fuer-die-geschaeftsleitung\/\" \/>\n<meta property=\"og:site_name\" content=\"IMMOBILIEN Business\" \/>\n<meta property=\"article:publisher\" content=\"https:\/\/www.facebook.com\/immobilienbusiness\/\" \/>\n<meta property=\"article:published_time\" content=\"2021-12-15T06:21:51+00:00\" \/>\n<meta property=\"article:modified_time\" content=\"2021-12-16T08:55:26+00:00\" \/>\n<meta property=\"og:image\" content=\"https:\/\/www.immobilienbusiness.ch\/wp-content\/uploads\/2021\/12\/Wegmueller_Andrea_HG-scaled.jpg\" \/>\n\t<meta property=\"og:image:width\" content=\"1200\" \/>\n\t<meta property=\"og:image:height\" content=\"800\" \/>\n\t<meta property=\"og:image:type\" content=\"image\/jpeg\" \/>\n<meta name=\"author\" content=\"anja.hall\" \/>\n<meta name=\"twitter:card\" content=\"summary_large_image\" \/>\n<meta name=\"twitter:image\" content=\"https:\/\/www.immobilienbusiness.ch\/wp-content\/uploads\/2021\/12\/Wegmueller_Andrea_HG-scaled.jpg\" \/>\n<script type=\"application\/ld+json\" class=\"yoast-schema-graph\">{\"@context\":\"https:\\\/\\\/schema.org\",\"@graph\":[{\"@type\":\"Article\",\"@id\":\"https:\\\/\\\/www.immobilienbusiness.ch\\\/en\\\/personalia\\\/2021-12-15\\\/privera-verstaerkung-fuer-die-geschaeftsleitung\\\/#article\",\"isPartOf\":{\"@id\":\"https:\\\/\\\/www.immobilienbusiness.ch\\\/en\\\/personalia\\\/2021-12-15\\\/privera-verstaerkung-fuer-die-geschaeftsleitung\\\/\"},\"author\":{\"name\":\"anja.hall\",\"@id\":\"https:\\\/\\\/www.immobilienbusiness.ch\\\/#\\\/schema\\\/person\\\/3fc036297b10b9f42d6db5ee932af8c8\"},\"headline\":\"Privera: Verst\u00e4rkung f\u00fcr die Gesch\u00e4ftsleitung\",\"datePublished\":\"2021-12-15T06:21:51+00:00\",\"dateModified\":\"2021-12-16T08:55:26+00:00\",\"mainEntityOfPage\":{\"@id\":\"https:\\\/\\\/www.immobilienbusiness.ch\\\/en\\\/personalia\\\/2021-12-15\\\/privera-verstaerkung-fuer-die-geschaeftsleitung\\\/\"},\"wordCount\":111,\"publisher\":{\"@id\":\"https:\\\/\\\/www.immobilienbusiness.ch\\\/#organization\"},\"image\":{\"@id\":\"https:\\\/\\\/www.immobilienbusiness.ch\\\/en\\\/personalia\\\/2021-12-15\\\/privera-verstaerkung-fuer-die-geschaeftsleitung\\\/#primaryimage\"},\"thumbnailUrl\":\"https:\\\/\\\/www.immobilienbusiness.ch\\\/wp-content\\\/uploads\\\/2021\\\/12\\\/Wegmueller_Andrea_HG-scaled.jpg\",\"keywords\":[\"Personalia\",\"Privera\"],\"articleSection\":[\"PERSONALIA\"],\"inLanguage\":\"en-US\"},{\"@type\":\"WebPage\",\"@id\":\"https:\\\/\\\/www.immobilienbusiness.ch\\\/en\\\/personalia\\\/2021-12-15\\\/privera-verstaerkung-fuer-die-geschaeftsleitung\\\/\",\"url\":\"https:\\\/\\\/www.immobilienbusiness.ch\\\/en\\\/personalia\\\/2021-12-15\\\/privera-verstaerkung-fuer-die-geschaeftsleitung\\\/\",\"name\":\"Privera: Verst\u00e4rkung f\u00fcr die Gesch\u00e4ftsleitung - IMMOBILIEN Business\",\"isPartOf\":{\"@id\":\"https:\\\/\\\/www.immobilienbusiness.ch\\\/#website\"},\"primaryImageOfPage\":{\"@id\":\"https:\\\/\\\/www.immobilienbusiness.ch\\\/en\\\/personalia\\\/2021-12-15\\\/privera-verstaerkung-fuer-die-geschaeftsleitung\\\/#primaryimage\"},\"image\":{\"@id\":\"https:\\\/\\\/www.immobilienbusiness.ch\\\/en\\\/personalia\\\/2021-12-15\\\/privera-verstaerkung-fuer-die-geschaeftsleitung\\\/#primaryimage\"},\"thumbnailUrl\":\"https:\\\/\\\/www.immobilienbusiness.ch\\\/wp-content\\\/uploads\\\/2021\\\/12\\\/Wegmueller_Andrea_HG-scaled.jpg\",\"datePublished\":\"2021-12-15T06:21:51+00:00\",\"dateModified\":\"2021-12-16T08:55:26+00:00\",\"description\":\"Andrea Wegm\u00fcller zieht zum neuen Jahr in die Gesch\u00e4ftsleitung des Immobiliendienstleisters Privera ein. Er wird Leiter Bewirtschaftung Schweiz.\",\"breadcrumb\":{\"@id\":\"https:\\\/\\\/www.immobilienbusiness.ch\\\/en\\\/personalia\\\/2021-12-15\\\/privera-verstaerkung-fuer-die-geschaeftsleitung\\\/#breadcrumb\"},\"inLanguage\":\"en-US\",\"potentialAction\":[{\"@type\":\"ReadAction\",\"target\":[\"https:\\\/\\\/www.immobilienbusiness.ch\\\/en\\\/personalia\\\/2021-12-15\\\/privera-verstaerkung-fuer-die-geschaeftsleitung\\\/\"]}]},{\"@type\":\"ImageObject\",\"inLanguage\":\"en-US\",\"@id\":\"https:\\\/\\\/www.immobilienbusiness.ch\\\/en\\\/personalia\\\/2021-12-15\\\/privera-verstaerkung-fuer-die-geschaeftsleitung\\\/#primaryimage\",\"url\":\"https:\\\/\\\/www.immobilienbusiness.ch\\\/wp-content\\\/uploads\\\/2021\\\/12\\\/Wegmueller_Andrea_HG-scaled.jpg\",\"contentUrl\":\"https:\\\/\\\/www.immobilienbusiness.ch\\\/wp-content\\\/uploads\\\/2021\\\/12\\\/Wegmueller_Andrea_HG-scaled.jpg\",\"width\":1200,\"height\":800,\"caption\":\"Andrea Wegm\u00fcller (Bild: zVg Privera)\"},{\"@type\":\"BreadcrumbList\",\"@id\":\"https:\\\/\\\/www.immobilienbusiness.ch\\\/en\\\/personalia\\\/2021-12-15\\\/privera-verstaerkung-fuer-die-geschaeftsleitung\\\/#breadcrumb\",\"itemListElement\":[{\"@type\":\"ListItem\",\"position\":1,\"name\":\"Home\",\"item\":\"https:\\\/\\\/www.immobilienbusiness.ch\\\/\"},{\"@type\":\"ListItem\",\"position\":2,\"name\":\"Privera: Verst\u00e4rkung f\u00fcr die Gesch\u00e4ftsleitung\"}]},{\"@type\":\"WebSite\",\"@id\":\"https:\\\/\\\/www.immobilienbusiness.ch\\\/#website\",\"url\":\"https:\\\/\\\/www.immobilienbusiness.ch\\\/\",\"name\":\"IMMOBILIEN Business\",\"description\":\"Unabh\u00e4ngiges Schweizer Wirtschaftsmagazin mit Fokus auf Immobilien, Architektur- und Bau sowie Investment- und Finanzierung.\",\"publisher\":{\"@id\":\"https:\\\/\\\/www.immobilienbusiness.ch\\\/#organization\"},\"potentialAction\":[{\"@type\":\"SearchAction\",\"target\":{\"@type\":\"EntryPoint\",\"urlTemplate\":\"https:\\\/\\\/www.immobilienbusiness.ch\\\/?s={search_term_string}\"},\"query-input\":{\"@type\":\"PropertyValueSpecification\",\"valueRequired\":true,\"valueName\":\"search_term_string\"}}],\"inLanguage\":\"en-US\"},{\"@type\":\"Organization\",\"@id\":\"https:\\\/\\\/www.immobilienbusiness.ch\\\/#organization\",\"name\":\"IMMOBILIEN Business\",\"url\":\"https:\\\/\\\/www.immobilienbusiness.ch\\\/\",\"logo\":{\"@type\":\"ImageObject\",\"inLanguage\":\"en-US\",\"@id\":\"https:\\\/\\\/www.immobilienbusiness.ch\\\/#\\\/schema\\\/logo\\\/image\\\/\",\"url\":\"https:\\\/\\\/www.immobilienbusiness.ch\\\/wp-content\\\/uploads\\\/2021\\\/07\\\/logo_ib.png\",\"contentUrl\":\"https:\\\/\\\/www.immobilienbusiness.ch\\\/wp-content\\\/uploads\\\/2021\\\/07\\\/logo_ib.png\",\"width\":800,\"height\":181,\"caption\":\"IMMOBILIEN Business\"},\"image\":{\"@id\":\"https:\\\/\\\/www.immobilienbusiness.ch\\\/#\\\/schema\\\/logo\\\/image\\\/\"},\"sameAs\":[\"https:\\\/\\\/www.facebook.com\\\/immobilienbusiness\\\/\"]},{\"@type\":\"Person\",\"@id\":\"https:\\\/\\\/www.immobilienbusiness.ch\\\/#\\\/schema\\\/person\\\/3fc036297b10b9f42d6db5ee932af8c8\",\"name\":\"anja.hall\",\"image\":{\"@type\":\"ImageObject\",\"inLanguage\":\"en-US\",\"@id\":\"https:\\\/\\\/secure.gravatar.com\\\/avatar\\\/066b5a0d447013502c71a5782f4f3469f03cfe595cc2329fb94652fe47511bfb?s=96&d=mm&r=g\",\"url\":\"https:\\\/\\\/secure.gravatar.com\\\/avatar\\\/066b5a0d447013502c71a5782f4f3469f03cfe595cc2329fb94652fe47511bfb?s=96&d=mm&r=g\",\"contentUrl\":\"https:\\\/\\\/secure.gravatar.com\\\/avatar\\\/066b5a0d447013502c71a5782f4f3469f03cfe595cc2329fb94652fe47511bfb?s=96&d=mm&r=g\",\"caption\":\"anja.hall\"},\"url\":\"https:\\\/\\\/www.immobilienbusiness.ch\\\/en\\\/author\\\/anja-hall\\\/\"}]}<\/script>\n<!-- \/ Yoast SEO plugin. -->","yoast_head_json":{"title":"Privera: Reinforcement for the management - IMMOBILIEN Business","description":"Andrea Wegm\u00fcller is joining the management team of real estate service provider Privera in the new year. He will become Head of Property Management Switzerland.","robots":{"index":"index","follow":"follow","max-snippet":"max-snippet:-1","max-image-preview":"max-image-preview:large","max-video-preview":"max-video-preview:-1"},"canonical":"https:\/\/www.immobilienbusiness.ch\/en\/personalia\/2021-12-15\/privera-verstaerkung-fuer-die-geschaeftsleitung\/","og_locale":"en_US","og_type":"article","og_title":"Privera: Verst\u00e4rkung f\u00fcr die Gesch\u00e4ftsleitung - IMMOBILIEN Business","og_description":"Andrea Wegm\u00fcller zieht zum neuen Jahr in die Gesch\u00e4ftsleitung des Immobiliendienstleisters Privera ein. Er wird Leiter Bewirtschaftung Schweiz.","og_url":"https:\/\/www.immobilienbusiness.ch\/en\/personalia\/2021-12-15\/privera-verstaerkung-fuer-die-geschaeftsleitung\/","og_site_name":"IMMOBILIEN Business","article_publisher":"https:\/\/www.facebook.com\/immobilienbusiness\/","article_published_time":"2021-12-15T06:21:51+00:00","article_modified_time":"2021-12-16T08:55:26+00:00","og_image":[{"width":1200,"height":800,"url":"https:\/\/www.immobilienbusiness.ch\/wp-content\/uploads\/2021\/12\/Wegmueller_Andrea_HG-scaled.jpg","type":"image\/jpeg"}],"author":"anja.hall","twitter_card":"summary_large_image","twitter_image":"https:\/\/www.immobilienbusiness.ch\/wp-content\/uploads\/2021\/12\/Wegmueller_Andrea_HG-scaled.jpg","schema":{"@context":"https:\/\/schema.org","@graph":[{"@type":"Article","@id":"https:\/\/www.immobilienbusiness.ch\/en\/personalia\/2021-12-15\/privera-verstaerkung-fuer-die-geschaeftsleitung\/#article","isPartOf":{"@id":"https:\/\/www.immobilienbusiness.ch\/en\/personalia\/2021-12-15\/privera-verstaerkung-fuer-die-geschaeftsleitung\/"},"author":{"name":"anja.hall","@id":"https:\/\/www.immobilienbusiness.ch\/#\/schema\/person\/3fc036297b10b9f42d6db5ee932af8c8"},"headline":"Privera: Verst\u00e4rkung f\u00fcr die Gesch\u00e4ftsleitung","datePublished":"2021-12-15T06:21:51+00:00","dateModified":"2021-12-16T08:55:26+00:00","mainEntityOfPage":{"@id":"https:\/\/www.immobilienbusiness.ch\/en\/personalia\/2021-12-15\/privera-verstaerkung-fuer-die-geschaeftsleitung\/"},"wordCount":111,"publisher":{"@id":"https:\/\/www.immobilienbusiness.ch\/#organization"},"image":{"@id":"https:\/\/www.immobilienbusiness.ch\/en\/personalia\/2021-12-15\/privera-verstaerkung-fuer-die-geschaeftsleitung\/#primaryimage"},"thumbnailUrl":"https:\/\/www.immobilienbusiness.ch\/wp-content\/uploads\/2021\/12\/Wegmueller_Andrea_HG-scaled.jpg","keywords":["Personalia","Privera"],"articleSection":["PERSONALIA"],"inLanguage":"en-US"},{"@type":"WebPage","@id":"https:\/\/www.immobilienbusiness.ch\/en\/personalia\/2021-12-15\/privera-verstaerkung-fuer-die-geschaeftsleitung\/","url":"https:\/\/www.immobilienbusiness.ch\/en\/personalia\/2021-12-15\/privera-verstaerkung-fuer-die-geschaeftsleitung\/","name":"Privera: Reinforcement for the management - IMMOBILIEN Business","isPartOf":{"@id":"https:\/\/www.immobilienbusiness.ch\/#website"},"primaryImageOfPage":{"@id":"https:\/\/www.immobilienbusiness.ch\/en\/personalia\/2021-12-15\/privera-verstaerkung-fuer-die-geschaeftsleitung\/#primaryimage"},"image":{"@id":"https:\/\/www.immobilienbusiness.ch\/en\/personalia\/2021-12-15\/privera-verstaerkung-fuer-die-geschaeftsleitung\/#primaryimage"},"thumbnailUrl":"https:\/\/www.immobilienbusiness.ch\/wp-content\/uploads\/2021\/12\/Wegmueller_Andrea_HG-scaled.jpg","datePublished":"2021-12-15T06:21:51+00:00","dateModified":"2021-12-16T08:55:26+00:00","description":"Andrea Wegm\u00fcller is joining the management team of real estate service provider Privera in the new year. He will become Head of Property Management Switzerland.","breadcrumb":{"@id":"https:\/\/www.immobilienbusiness.ch\/en\/personalia\/2021-12-15\/privera-verstaerkung-fuer-die-geschaeftsleitung\/#breadcrumb"},"inLanguage":"en-US","potentialAction":[{"@type":"ReadAction","target":["https:\/\/www.immobilienbusiness.ch\/en\/personalia\/2021-12-15\/privera-verstaerkung-fuer-die-geschaeftsleitung\/"]}]},{"@type":"ImageObject","inLanguage":"en-US","@id":"https:\/\/www.immobilienbusiness.ch\/en\/personalia\/2021-12-15\/privera-verstaerkung-fuer-die-geschaeftsleitung\/#primaryimage","url":"https:\/\/www.immobilienbusiness.ch\/wp-content\/uploads\/2021\/12\/Wegmueller_Andrea_HG-scaled.jpg","contentUrl":"https:\/\/www.immobilienbusiness.ch\/wp-content\/uploads\/2021\/12\/Wegmueller_Andrea_HG-scaled.jpg","width":1200,"height":800,"caption":"Andrea Wegm\u00fcller (Bild: zVg Privera)"},{"@type":"BreadcrumbList","@id":"https:\/\/www.immobilienbusiness.ch\/en\/personalia\/2021-12-15\/privera-verstaerkung-fuer-die-geschaeftsleitung\/#breadcrumb","itemListElement":[{"@type":"ListItem","position":1,"name":"Home","item":"https:\/\/www.immobilienbusiness.ch\/"},{"@type":"ListItem","position":2,"name":"Privera: Verst\u00e4rkung f\u00fcr die Gesch\u00e4ftsleitung"}]},{"@type":"WebSite","@id":"https:\/\/www.immobilienbusiness.ch\/#website","url":"https:\/\/www.immobilienbusiness.ch\/","name":"REAL ESTATE Business","description":"Independent Swiss business magazine focusing on real estate, architecture and construction as well as investment and financing.","publisher":{"@id":"https:\/\/www.immobilienbusiness.ch\/#organization"},"potentialAction":[{"@type":"SearchAction","target":{"@type":"EntryPoint","urlTemplate":"https:\/\/www.immobilienbusiness.ch\/?s={search_term_string}"},"query-input":{"@type":"PropertyValueSpecification","valueRequired":true,"valueName":"search_term_string"}}],"inLanguage":"en-US"},{"@type":"Organization","@id":"https:\/\/www.immobilienbusiness.ch\/#organization","name":"REAL ESTATE Business","url":"https:\/\/www.immobilienbusiness.ch\/","logo":{"@type":"ImageObject","inLanguage":"en-US","@id":"https:\/\/www.immobilienbusiness.ch\/#\/schema\/logo\/image\/","url":"https:\/\/www.immobilienbusiness.ch\/wp-content\/uploads\/2021\/07\/logo_ib.png","contentUrl":"https:\/\/www.immobilienbusiness.ch\/wp-content\/uploads\/2021\/07\/logo_ib.png","width":800,"height":181,"caption":"IMMOBILIEN Business"},"image":{"@id":"https:\/\/www.immobilienbusiness.ch\/#\/schema\/logo\/image\/"},"sameAs":["https:\/\/www.facebook.com\/immobilienbusiness\/"]},{"@type":"Person","@id":"https:\/\/www.immobilienbusiness.ch\/#\/schema\/person\/3fc036297b10b9f42d6db5ee932af8c8","name":"anja.hall","image":{"@type":"ImageObject","inLanguage":"en-US","@id":"https:\/\/secure.gravatar.com\/avatar\/066b5a0d447013502c71a5782f4f3469f03cfe595cc2329fb94652fe47511bfb?s=96&d=mm&r=g","url":"https:\/\/secure.gravatar.com\/avatar\/066b5a0d447013502c71a5782f4f3469f03cfe595cc2329fb94652fe47511bfb?s=96&d=mm&r=g","contentUrl":"https:\/\/secure.gravatar.com\/avatar\/066b5a0d447013502c71a5782f4f3469f03cfe595cc2329fb94652fe47511bfb?s=96&d=mm&r=g","caption":"anja.hall"},"url":"https:\/\/www.immobilienbusiness.ch\/en\/author\/anja-hall\/"}]}},"_links":{"self":[{"href":"https:\/\/www.immobilienbusiness.ch\/en\/wp-json\/wp\/v2\/posts\/39464","targetHints":{"allow":["GET"]}}],"collection":[{"href":"https:\/\/www.immobilienbusiness.ch\/en\/wp-json\/wp\/v2\/posts"}],"about":[{"href":"https:\/\/www.immobilienbusiness.ch\/en\/wp-json\/wp\/v2\/types\/post"}],"author":[{"embeddable":true,"href":"https:\/\/www.immobilienbusiness.ch\/en\/wp-json\/wp\/v2\/users\/3"}],"replies":[{"embeddable":true,"href":"https:\/\/www.immobilienbusiness.ch\/en\/wp-json\/wp\/v2\/comments?post=39464"}],"version-history":[{"count":2,"href":"https:\/\/www.immobilienbusiness.ch\/en\/wp-json\/wp\/v2\/posts\/39464\/revisions"}],"predecessor-version":[{"id":39479,"href":"https:\/\/www.immobilienbusiness.ch\/en\/wp-json\/wp\/v2\/posts\/39464\/revisions\/39479"}],"wp:featuredmedia":[{"embeddable":true,"href":"https:\/\/www.immobilienbusiness.ch\/en\/wp-json\/wp\/v2\/media\/39465"}],"wp:attachment":[{"href":"https:\/\/www.immobilienbusiness.ch\/en\/wp-json\/wp\/v2\/media?parent=39464"}],"wp:term":[{"taxonomy":"category","embeddable":true,"href":"https:\/\/www.immobilienbusiness.ch\/en\/wp-json\/wp\/v2\/categories?post=39464"},{"taxonomy":"post_tag","embeddable":true,"href":"https:\/\/www.immobilienbusiness.ch\/en\/wp-json\/wp\/v2\/tags?post=39464"}],"curies":[{"name":"wp","href":"https:\/\/api.w.org\/{rel}","templated":true}]}}