{"id":39291,"date":"2021-11-29T09:00:59","date_gmt":"2021-11-29T08:00:59","guid":{"rendered":"https:\/\/www.immobilienbusiness.ch\/?p=39291"},"modified":"2023-08-08T20:10:39","modified_gmt":"2023-08-08T18:10:39","slug":"zuerich-anlageimmobilie-in-wipkingen-wechselt-die-hand","status":"publish","type":"post","link":"https:\/\/www.immobilienbusiness.ch\/en\/regionen\/2021-11-29\/zuerich-anlageimmobilie-in-wipkingen-wechselt-die-hand\/","title":{"rendered":"Zurich: Investment property in Wipkingen changes hands"},"content":{"rendered":"<figure id=\"attachment_5433\" aria-describedby=\"caption-attachment-5433\" style=\"width: 2000px\" class=\"wp-caption alignnone\"><img loading=\"lazy\" decoding=\"async\" class=\"wp-image-5433 size-full\" src=\"https:\/\/www.immobilienbusiness.ch\/wp-content\/uploads\/2016\/12\/Depositphotos_17138337_l-2015.jpg\" alt=\"\" width=\"2000\" height=\"1435\" srcset=\"https:\/\/www.immobilienbusiness.ch\/wp-content\/uploads\/2016\/12\/Depositphotos_17138337_l-2015.jpg 2000w, https:\/\/www.immobilienbusiness.ch\/wp-content\/uploads\/2016\/12\/Depositphotos_17138337_l-2015-300x215.jpg 300w, https:\/\/www.immobilienbusiness.ch\/wp-content\/uploads\/2016\/12\/Depositphotos_17138337_l-2015-1024x735.jpg 1024w, https:\/\/www.immobilienbusiness.ch\/wp-content\/uploads\/2016\/12\/Depositphotos_17138337_l-2015-768x551.jpg 768w, https:\/\/www.immobilienbusiness.ch\/wp-content\/uploads\/2016\/12\/Depositphotos_17138337_l-2015-1536x1102.jpg 1536w, https:\/\/www.immobilienbusiness.ch\/wp-content\/uploads\/2016\/12\/Depositphotos_17138337_l-2015-16x12.jpg 16w, https:\/\/www.immobilienbusiness.ch\/wp-content\/uploads\/2016\/12\/Depositphotos_17138337_l-2015-244x175.jpg 244w, https:\/\/www.immobilienbusiness.ch\/wp-content\/uploads\/2016\/12\/Depositphotos_17138337_l-2015-488x350.jpg 488w, https:\/\/www.immobilienbusiness.ch\/wp-content\/uploads\/2016\/12\/Depositphotos_17138337_l-2015-1115x800.jpg 1115w, https:\/\/www.immobilienbusiness.ch\/wp-content\/uploads\/2016\/12\/Depositphotos_17138337_l-2015-920x660.jpg 920w, https:\/\/www.immobilienbusiness.ch\/wp-content\/uploads\/2016\/12\/Depositphotos_17138337_l-2015-1400x1005.jpg 1400w, https:\/\/www.immobilienbusiness.ch\/wp-content\/uploads\/2016\/12\/Depositphotos_17138337_l-2015-1951x1400.jpg 1951w\" sizes=\"auto, (max-width: 2000px) 100vw, 2000px\" \/><figcaption id=\"caption-attachment-5433\" class=\"wp-caption-text\">A residential and commercial building in Zurich-Wipkingen has been sold for CHF 12 million (Image: pressmaster - depositphotos)<\/figcaption><\/figure>\n<p>According to Engel &amp; V\u00f6lkers, the property is a prestigious residential and commercial building at Rotbuchstrasse 66 in Wipkingen. The total usable space is approx. 900 sqm, divided into eight apartments (approx. 650 sqm) and three commercial units (approx. 250 sqm).<\/p>\n<p>The annual net rent is currently CHF 252,000, the purchase price is estimated at CHF 12 million and the gross yield at 2.1 %. The purchaser is a \"renowned real estate fund\", Engel &amp; V\u00f6lkers Commercial Zurich informs. <em>(ah)<\/em><\/p>","protected":false},"excerpt":{"rendered":"<p>A private owner has sold a residential and commercial building in Zurich's Wipkingen district for CHF 12 million. Engel &amp; V\u00f6lkers Commercial Zurich brokered the purchase agreement.<\/p>","protected":false},"author":3,"featured_media":5433,"comment_status":"closed","ping_status":"closed","sticky":false,"template":"","format":"standard","meta":{"_acf_changed":false,"_yoast_wpseo_focuskw":"Wipkingen","_yoast_wpseo_title":"","_yoast_wpseo_metadesc":"Ein privater Eigent\u00fcmer hat ein Wohn- und Gesch\u00e4ftshaus im Z\u00fcrcher Stadtquartier Wipkingen f\u00fcr 12 Mio. CHF verkauft.","_yoast_wpseo_linkdex":47,"pgc_sgb_lightbox_settings":"","footnotes":""},"categories":[985],"tags":[1197,1344,1355,1888],"class_list":["post-39291","post","type-post","status-publish","format-standard","has-post-thumbnail","hentry","category-regionen","tag-engel-voelkers","tag-immobilienfonds","tag-immobilienverkauf","tag-zuerich"],"acf":[],"yoast_head":"<!-- This site is optimized with the Yoast SEO plugin v27.4 - https:\/\/yoast.com\/product\/yoast-seo-wordpress\/ -->\n<title>Z\u00fcrich: Anlageimmobilie in Wipkingen wechselt die Hand - IMMOBILIEN Business<\/title>\n<meta name=\"description\" content=\"Ein privater Eigent\u00fcmer hat ein Wohn- und Gesch\u00e4ftshaus im Z\u00fcrcher Stadtquartier Wipkingen f\u00fcr 12 Mio. CHF verkauft.\" \/>\n<meta name=\"robots\" content=\"index, follow, max-snippet:-1, max-image-preview:large, max-video-preview:-1\" \/>\n<link rel=\"canonical\" href=\"https:\/\/www.immobilienbusiness.ch\/en\/regionen\/2021-11-29\/zuerich-anlageimmobilie-in-wipkingen-wechselt-die-hand\/\" \/>\n<meta property=\"og:locale\" content=\"en_US\" \/>\n<meta property=\"og:type\" content=\"article\" \/>\n<meta property=\"og:title\" content=\"Z\u00fcrich: Anlageimmobilie in Wipkingen wechselt die Hand - IMMOBILIEN Business\" \/>\n<meta property=\"og:description\" content=\"Ein privater Eigent\u00fcmer hat ein Wohn- und Gesch\u00e4ftshaus im Z\u00fcrcher Stadtquartier Wipkingen f\u00fcr 12 Mio. CHF verkauft.\" \/>\n<meta property=\"og:url\" content=\"https:\/\/www.immobilienbusiness.ch\/en\/regionen\/2021-11-29\/zuerich-anlageimmobilie-in-wipkingen-wechselt-die-hand\/\" \/>\n<meta property=\"og:site_name\" content=\"IMMOBILIEN Business\" \/>\n<meta property=\"article:publisher\" content=\"https:\/\/www.facebook.com\/immobilienbusiness\/\" \/>\n<meta property=\"article:published_time\" content=\"2021-11-29T08:00:59+00:00\" \/>\n<meta property=\"article:modified_time\" content=\"2023-08-08T18:10:39+00:00\" \/>\n<meta property=\"og:image\" content=\"https:\/\/www.immobilienbusiness.ch\/wp-content\/uploads\/2016\/12\/Depositphotos_17138337_l-2015-1024x735.jpg\" \/>\n\t<meta property=\"og:image:width\" content=\"1024\" \/>\n\t<meta property=\"og:image:height\" content=\"735\" \/>\n\t<meta property=\"og:image:type\" content=\"image\/jpeg\" \/>\n<meta name=\"author\" content=\"anja.hall\" \/>\n<meta name=\"twitter:card\" content=\"summary_large_image\" \/>\n<meta name=\"twitter:image\" content=\"https:\/\/www.immobilienbusiness.ch\/wp-content\/uploads\/2016\/12\/Depositphotos_17138337_l-2015.jpg\" \/>\n<script type=\"application\/ld+json\" class=\"yoast-schema-graph\">{\"@context\":\"https:\\\/\\\/schema.org\",\"@graph\":[{\"@type\":\"Article\",\"@id\":\"https:\\\/\\\/www.immobilienbusiness.ch\\\/en\\\/regionen\\\/2021-11-29\\\/zuerich-anlageimmobilie-in-wipkingen-wechselt-die-hand\\\/#article\",\"isPartOf\":{\"@id\":\"https:\\\/\\\/www.immobilienbusiness.ch\\\/en\\\/regionen\\\/2021-11-29\\\/zuerich-anlageimmobilie-in-wipkingen-wechselt-die-hand\\\/\"},\"author\":{\"name\":\"anja.hall\",\"@id\":\"https:\\\/\\\/www.immobilienbusiness.ch\\\/#\\\/schema\\\/person\\\/3fc036297b10b9f42d6db5ee932af8c8\"},\"headline\":\"Z\u00fcrich: Anlageimmobilie in Wipkingen wechselt die Hand\",\"datePublished\":\"2021-11-29T08:00:59+00:00\",\"dateModified\":\"2023-08-08T18:10:39+00:00\",\"mainEntityOfPage\":{\"@id\":\"https:\\\/\\\/www.immobilienbusiness.ch\\\/en\\\/regionen\\\/2021-11-29\\\/zuerich-anlageimmobilie-in-wipkingen-wechselt-die-hand\\\/\"},\"wordCount\":110,\"publisher\":{\"@id\":\"https:\\\/\\\/www.immobilienbusiness.ch\\\/#organization\"},\"image\":{\"@id\":\"https:\\\/\\\/www.immobilienbusiness.ch\\\/en\\\/regionen\\\/2021-11-29\\\/zuerich-anlageimmobilie-in-wipkingen-wechselt-die-hand\\\/#primaryimage\"},\"thumbnailUrl\":\"https:\\\/\\\/www.immobilienbusiness.ch\\\/wp-content\\\/uploads\\\/2016\\\/12\\\/Depositphotos_17138337_l-2015.jpg\",\"keywords\":[\"Engel &amp; V\u00f6lkers\",\"Immobilienfonds\",\"Immobilienverkauf\",\"Z\u00fcrich\"],\"articleSection\":[\"REGIONEN\"],\"inLanguage\":\"en-US\"},{\"@type\":\"WebPage\",\"@id\":\"https:\\\/\\\/www.immobilienbusiness.ch\\\/en\\\/regionen\\\/2021-11-29\\\/zuerich-anlageimmobilie-in-wipkingen-wechselt-die-hand\\\/\",\"url\":\"https:\\\/\\\/www.immobilienbusiness.ch\\\/en\\\/regionen\\\/2021-11-29\\\/zuerich-anlageimmobilie-in-wipkingen-wechselt-die-hand\\\/\",\"name\":\"Z\u00fcrich: Anlageimmobilie in Wipkingen wechselt die Hand - IMMOBILIEN Business\",\"isPartOf\":{\"@id\":\"https:\\\/\\\/www.immobilienbusiness.ch\\\/#website\"},\"primaryImageOfPage\":{\"@id\":\"https:\\\/\\\/www.immobilienbusiness.ch\\\/en\\\/regionen\\\/2021-11-29\\\/zuerich-anlageimmobilie-in-wipkingen-wechselt-die-hand\\\/#primaryimage\"},\"image\":{\"@id\":\"https:\\\/\\\/www.immobilienbusiness.ch\\\/en\\\/regionen\\\/2021-11-29\\\/zuerich-anlageimmobilie-in-wipkingen-wechselt-die-hand\\\/#primaryimage\"},\"thumbnailUrl\":\"https:\\\/\\\/www.immobilienbusiness.ch\\\/wp-content\\\/uploads\\\/2016\\\/12\\\/Depositphotos_17138337_l-2015.jpg\",\"datePublished\":\"2021-11-29T08:00:59+00:00\",\"dateModified\":\"2023-08-08T18:10:39+00:00\",\"description\":\"Ein privater Eigent\u00fcmer hat ein Wohn- und Gesch\u00e4ftshaus im Z\u00fcrcher Stadtquartier Wipkingen f\u00fcr 12 Mio. CHF verkauft.\",\"breadcrumb\":{\"@id\":\"https:\\\/\\\/www.immobilienbusiness.ch\\\/en\\\/regionen\\\/2021-11-29\\\/zuerich-anlageimmobilie-in-wipkingen-wechselt-die-hand\\\/#breadcrumb\"},\"inLanguage\":\"en-US\",\"potentialAction\":[{\"@type\":\"ReadAction\",\"target\":[\"https:\\\/\\\/www.immobilienbusiness.ch\\\/en\\\/regionen\\\/2021-11-29\\\/zuerich-anlageimmobilie-in-wipkingen-wechselt-die-hand\\\/\"]}]},{\"@type\":\"ImageObject\",\"inLanguage\":\"en-US\",\"@id\":\"https:\\\/\\\/www.immobilienbusiness.ch\\\/en\\\/regionen\\\/2021-11-29\\\/zuerich-anlageimmobilie-in-wipkingen-wechselt-die-hand\\\/#primaryimage\",\"url\":\"https:\\\/\\\/www.immobilienbusiness.ch\\\/wp-content\\\/uploads\\\/2016\\\/12\\\/Depositphotos_17138337_l-2015.jpg\",\"contentUrl\":\"https:\\\/\\\/www.immobilienbusiness.ch\\\/wp-content\\\/uploads\\\/2016\\\/12\\\/Depositphotos_17138337_l-2015.jpg\",\"width\":2000,\"height\":1435,\"caption\":\"Raiffeisen hat mehrere Liegenschaften in St. Gallen ver\u00e4ussert (Foto: pressmaster - depositphotos)\"},{\"@type\":\"BreadcrumbList\",\"@id\":\"https:\\\/\\\/www.immobilienbusiness.ch\\\/en\\\/regionen\\\/2021-11-29\\\/zuerich-anlageimmobilie-in-wipkingen-wechselt-die-hand\\\/#breadcrumb\",\"itemListElement\":[{\"@type\":\"ListItem\",\"position\":1,\"name\":\"Home\",\"item\":\"https:\\\/\\\/www.immobilienbusiness.ch\\\/\"},{\"@type\":\"ListItem\",\"position\":2,\"name\":\"Z\u00fcrich: Anlageimmobilie in Wipkingen wechselt die Hand\"}]},{\"@type\":\"WebSite\",\"@id\":\"https:\\\/\\\/www.immobilienbusiness.ch\\\/#website\",\"url\":\"https:\\\/\\\/www.immobilienbusiness.ch\\\/\",\"name\":\"IMMOBILIEN Business\",\"description\":\"Unabh\u00e4ngiges Schweizer Wirtschaftsmagazin mit Fokus auf Immobilien, Architektur- und Bau sowie Investment- und Finanzierung.\",\"publisher\":{\"@id\":\"https:\\\/\\\/www.immobilienbusiness.ch\\\/#organization\"},\"potentialAction\":[{\"@type\":\"SearchAction\",\"target\":{\"@type\":\"EntryPoint\",\"urlTemplate\":\"https:\\\/\\\/www.immobilienbusiness.ch\\\/?s={search_term_string}\"},\"query-input\":{\"@type\":\"PropertyValueSpecification\",\"valueRequired\":true,\"valueName\":\"search_term_string\"}}],\"inLanguage\":\"en-US\"},{\"@type\":\"Organization\",\"@id\":\"https:\\\/\\\/www.immobilienbusiness.ch\\\/#organization\",\"name\":\"IMMOBILIEN Business\",\"url\":\"https:\\\/\\\/www.immobilienbusiness.ch\\\/\",\"logo\":{\"@type\":\"ImageObject\",\"inLanguage\":\"en-US\",\"@id\":\"https:\\\/\\\/www.immobilienbusiness.ch\\\/#\\\/schema\\\/logo\\\/image\\\/\",\"url\":\"https:\\\/\\\/www.immobilienbusiness.ch\\\/wp-content\\\/uploads\\\/2021\\\/07\\\/logo_ib.png\",\"contentUrl\":\"https:\\\/\\\/www.immobilienbusiness.ch\\\/wp-content\\\/uploads\\\/2021\\\/07\\\/logo_ib.png\",\"width\":800,\"height\":181,\"caption\":\"IMMOBILIEN Business\"},\"image\":{\"@id\":\"https:\\\/\\\/www.immobilienbusiness.ch\\\/#\\\/schema\\\/logo\\\/image\\\/\"},\"sameAs\":[\"https:\\\/\\\/www.facebook.com\\\/immobilienbusiness\\\/\"]},{\"@type\":\"Person\",\"@id\":\"https:\\\/\\\/www.immobilienbusiness.ch\\\/#\\\/schema\\\/person\\\/3fc036297b10b9f42d6db5ee932af8c8\",\"name\":\"anja.hall\",\"image\":{\"@type\":\"ImageObject\",\"inLanguage\":\"en-US\",\"@id\":\"https:\\\/\\\/secure.gravatar.com\\\/avatar\\\/066b5a0d447013502c71a5782f4f3469f03cfe595cc2329fb94652fe47511bfb?s=96&d=mm&r=g\",\"url\":\"https:\\\/\\\/secure.gravatar.com\\\/avatar\\\/066b5a0d447013502c71a5782f4f3469f03cfe595cc2329fb94652fe47511bfb?s=96&d=mm&r=g\",\"contentUrl\":\"https:\\\/\\\/secure.gravatar.com\\\/avatar\\\/066b5a0d447013502c71a5782f4f3469f03cfe595cc2329fb94652fe47511bfb?s=96&d=mm&r=g\",\"caption\":\"anja.hall\"},\"url\":\"https:\\\/\\\/www.immobilienbusiness.ch\\\/en\\\/author\\\/anja-hall\\\/\"}]}<\/script>\n<!-- \/ Yoast SEO plugin. -->","yoast_head_json":{"title":"Z\u00fcrich: Anlageimmobilie in Wipkingen wechselt die Hand - IMMOBILIEN Business","description":"Ein privater Eigent\u00fcmer hat ein Wohn- und Gesch\u00e4ftshaus im Z\u00fcrcher Stadtquartier Wipkingen f\u00fcr 12 Mio. CHF verkauft.","robots":{"index":"index","follow":"follow","max-snippet":"max-snippet:-1","max-image-preview":"max-image-preview:large","max-video-preview":"max-video-preview:-1"},"canonical":"https:\/\/www.immobilienbusiness.ch\/en\/regionen\/2021-11-29\/zuerich-anlageimmobilie-in-wipkingen-wechselt-die-hand\/","og_locale":"en_US","og_type":"article","og_title":"Z\u00fcrich: Anlageimmobilie in Wipkingen wechselt die Hand - IMMOBILIEN Business","og_description":"Ein privater Eigent\u00fcmer hat ein Wohn- und Gesch\u00e4ftshaus im Z\u00fcrcher Stadtquartier Wipkingen f\u00fcr 12 Mio. CHF verkauft.","og_url":"https:\/\/www.immobilienbusiness.ch\/en\/regionen\/2021-11-29\/zuerich-anlageimmobilie-in-wipkingen-wechselt-die-hand\/","og_site_name":"IMMOBILIEN Business","article_publisher":"https:\/\/www.facebook.com\/immobilienbusiness\/","article_published_time":"2021-11-29T08:00:59+00:00","article_modified_time":"2023-08-08T18:10:39+00:00","og_image":[{"width":1024,"height":735,"url":"https:\/\/www.immobilienbusiness.ch\/wp-content\/uploads\/2016\/12\/Depositphotos_17138337_l-2015-1024x735.jpg","type":"image\/jpeg"}],"author":"anja.hall","twitter_card":"summary_large_image","twitter_image":"https:\/\/www.immobilienbusiness.ch\/wp-content\/uploads\/2016\/12\/Depositphotos_17138337_l-2015.jpg","schema":{"@context":"https:\/\/schema.org","@graph":[{"@type":"Article","@id":"https:\/\/www.immobilienbusiness.ch\/en\/regionen\/2021-11-29\/zuerich-anlageimmobilie-in-wipkingen-wechselt-die-hand\/#article","isPartOf":{"@id":"https:\/\/www.immobilienbusiness.ch\/en\/regionen\/2021-11-29\/zuerich-anlageimmobilie-in-wipkingen-wechselt-die-hand\/"},"author":{"name":"anja.hall","@id":"https:\/\/www.immobilienbusiness.ch\/#\/schema\/person\/3fc036297b10b9f42d6db5ee932af8c8"},"headline":"Z\u00fcrich: Anlageimmobilie in Wipkingen wechselt die Hand","datePublished":"2021-11-29T08:00:59+00:00","dateModified":"2023-08-08T18:10:39+00:00","mainEntityOfPage":{"@id":"https:\/\/www.immobilienbusiness.ch\/en\/regionen\/2021-11-29\/zuerich-anlageimmobilie-in-wipkingen-wechselt-die-hand\/"},"wordCount":110,"publisher":{"@id":"https:\/\/www.immobilienbusiness.ch\/#organization"},"image":{"@id":"https:\/\/www.immobilienbusiness.ch\/en\/regionen\/2021-11-29\/zuerich-anlageimmobilie-in-wipkingen-wechselt-die-hand\/#primaryimage"},"thumbnailUrl":"https:\/\/www.immobilienbusiness.ch\/wp-content\/uploads\/2016\/12\/Depositphotos_17138337_l-2015.jpg","keywords":["Engel &amp; V\u00f6lkers","Immobilienfonds","Immobilienverkauf","Z\u00fcrich"],"articleSection":["REGIONEN"],"inLanguage":"en-US"},{"@type":"WebPage","@id":"https:\/\/www.immobilienbusiness.ch\/en\/regionen\/2021-11-29\/zuerich-anlageimmobilie-in-wipkingen-wechselt-die-hand\/","url":"https:\/\/www.immobilienbusiness.ch\/en\/regionen\/2021-11-29\/zuerich-anlageimmobilie-in-wipkingen-wechselt-die-hand\/","name":"Z\u00fcrich: Anlageimmobilie in Wipkingen wechselt die Hand - IMMOBILIEN Business","isPartOf":{"@id":"https:\/\/www.immobilienbusiness.ch\/#website"},"primaryImageOfPage":{"@id":"https:\/\/www.immobilienbusiness.ch\/en\/regionen\/2021-11-29\/zuerich-anlageimmobilie-in-wipkingen-wechselt-die-hand\/#primaryimage"},"image":{"@id":"https:\/\/www.immobilienbusiness.ch\/en\/regionen\/2021-11-29\/zuerich-anlageimmobilie-in-wipkingen-wechselt-die-hand\/#primaryimage"},"thumbnailUrl":"https:\/\/www.immobilienbusiness.ch\/wp-content\/uploads\/2016\/12\/Depositphotos_17138337_l-2015.jpg","datePublished":"2021-11-29T08:00:59+00:00","dateModified":"2023-08-08T18:10:39+00:00","description":"Ein privater Eigent\u00fcmer hat ein Wohn- und Gesch\u00e4ftshaus im Z\u00fcrcher Stadtquartier Wipkingen f\u00fcr 12 Mio. CHF verkauft.","breadcrumb":{"@id":"https:\/\/www.immobilienbusiness.ch\/en\/regionen\/2021-11-29\/zuerich-anlageimmobilie-in-wipkingen-wechselt-die-hand\/#breadcrumb"},"inLanguage":"en-US","potentialAction":[{"@type":"ReadAction","target":["https:\/\/www.immobilienbusiness.ch\/en\/regionen\/2021-11-29\/zuerich-anlageimmobilie-in-wipkingen-wechselt-die-hand\/"]}]},{"@type":"ImageObject","inLanguage":"en-US","@id":"https:\/\/www.immobilienbusiness.ch\/en\/regionen\/2021-11-29\/zuerich-anlageimmobilie-in-wipkingen-wechselt-die-hand\/#primaryimage","url":"https:\/\/www.immobilienbusiness.ch\/wp-content\/uploads\/2016\/12\/Depositphotos_17138337_l-2015.jpg","contentUrl":"https:\/\/www.immobilienbusiness.ch\/wp-content\/uploads\/2016\/12\/Depositphotos_17138337_l-2015.jpg","width":2000,"height":1435,"caption":"Raiffeisen hat mehrere Liegenschaften in St. Gallen ver\u00e4ussert (Foto: pressmaster - depositphotos)"},{"@type":"BreadcrumbList","@id":"https:\/\/www.immobilienbusiness.ch\/en\/regionen\/2021-11-29\/zuerich-anlageimmobilie-in-wipkingen-wechselt-die-hand\/#breadcrumb","itemListElement":[{"@type":"ListItem","position":1,"name":"Home","item":"https:\/\/www.immobilienbusiness.ch\/"},{"@type":"ListItem","position":2,"name":"Z\u00fcrich: Anlageimmobilie in Wipkingen wechselt die Hand"}]},{"@type":"WebSite","@id":"https:\/\/www.immobilienbusiness.ch\/#website","url":"https:\/\/www.immobilienbusiness.ch\/","name":"REAL ESTATE Business","description":"Independent Swiss business magazine focusing on real estate, architecture and construction as well as investment and financing.","publisher":{"@id":"https:\/\/www.immobilienbusiness.ch\/#organization"},"potentialAction":[{"@type":"SearchAction","target":{"@type":"EntryPoint","urlTemplate":"https:\/\/www.immobilienbusiness.ch\/?s={search_term_string}"},"query-input":{"@type":"PropertyValueSpecification","valueRequired":true,"valueName":"search_term_string"}}],"inLanguage":"en-US"},{"@type":"Organization","@id":"https:\/\/www.immobilienbusiness.ch\/#organization","name":"REAL ESTATE Business","url":"https:\/\/www.immobilienbusiness.ch\/","logo":{"@type":"ImageObject","inLanguage":"en-US","@id":"https:\/\/www.immobilienbusiness.ch\/#\/schema\/logo\/image\/","url":"https:\/\/www.immobilienbusiness.ch\/wp-content\/uploads\/2021\/07\/logo_ib.png","contentUrl":"https:\/\/www.immobilienbusiness.ch\/wp-content\/uploads\/2021\/07\/logo_ib.png","width":800,"height":181,"caption":"IMMOBILIEN Business"},"image":{"@id":"https:\/\/www.immobilienbusiness.ch\/#\/schema\/logo\/image\/"},"sameAs":["https:\/\/www.facebook.com\/immobilienbusiness\/"]},{"@type":"Person","@id":"https:\/\/www.immobilienbusiness.ch\/#\/schema\/person\/3fc036297b10b9f42d6db5ee932af8c8","name":"anja.hall","image":{"@type":"ImageObject","inLanguage":"en-US","@id":"https:\/\/secure.gravatar.com\/avatar\/066b5a0d447013502c71a5782f4f3469f03cfe595cc2329fb94652fe47511bfb?s=96&d=mm&r=g","url":"https:\/\/secure.gravatar.com\/avatar\/066b5a0d447013502c71a5782f4f3469f03cfe595cc2329fb94652fe47511bfb?s=96&d=mm&r=g","contentUrl":"https:\/\/secure.gravatar.com\/avatar\/066b5a0d447013502c71a5782f4f3469f03cfe595cc2329fb94652fe47511bfb?s=96&d=mm&r=g","caption":"anja.hall"},"url":"https:\/\/www.immobilienbusiness.ch\/en\/author\/anja-hall\/"}]}},"_links":{"self":[{"href":"https:\/\/www.immobilienbusiness.ch\/en\/wp-json\/wp\/v2\/posts\/39291","targetHints":{"allow":["GET"]}}],"collection":[{"href":"https:\/\/www.immobilienbusiness.ch\/en\/wp-json\/wp\/v2\/posts"}],"about":[{"href":"https:\/\/www.immobilienbusiness.ch\/en\/wp-json\/wp\/v2\/types\/post"}],"author":[{"embeddable":true,"href":"https:\/\/www.immobilienbusiness.ch\/en\/wp-json\/wp\/v2\/users\/3"}],"replies":[{"embeddable":true,"href":"https:\/\/www.immobilienbusiness.ch\/en\/wp-json\/wp\/v2\/comments?post=39291"}],"version-history":[{"count":1,"href":"https:\/\/www.immobilienbusiness.ch\/en\/wp-json\/wp\/v2\/posts\/39291\/revisions"}],"predecessor-version":[{"id":39292,"href":"https:\/\/www.immobilienbusiness.ch\/en\/wp-json\/wp\/v2\/posts\/39291\/revisions\/39292"}],"wp:featuredmedia":[{"embeddable":true,"href":"https:\/\/www.immobilienbusiness.ch\/en\/wp-json\/wp\/v2\/media\/5433"}],"wp:attachment":[{"href":"https:\/\/www.immobilienbusiness.ch\/en\/wp-json\/wp\/v2\/media?parent=39291"}],"wp:term":[{"taxonomy":"category","embeddable":true,"href":"https:\/\/www.immobilienbusiness.ch\/en\/wp-json\/wp\/v2\/categories?post=39291"},{"taxonomy":"post_tag","embeddable":true,"href":"https:\/\/www.immobilienbusiness.ch\/en\/wp-json\/wp\/v2\/tags?post=39291"}],"curies":[{"name":"wp","href":"https:\/\/api.w.org\/{rel}","templated":true}]}}