{"id":39155,"date":"2021-11-19T08:40:06","date_gmt":"2021-11-19T07:40:06","guid":{"rendered":"https:\/\/www.immobilienbusiness.ch\/?p=39155"},"modified":"2021-11-19T09:25:38","modified_gmt":"2021-11-19T08:25:38","slug":"implenia-wandelanleihe-ist-vollstaendig-refinanziert","status":"publish","type":"post","link":"https:\/\/www.immobilienbusiness.ch\/en\/unternehmen\/2021-11-19\/implenia-wandelanleihe-ist-vollstaendig-refinanziert\/","title":{"rendered":"Implenia: Convertible bond fully refinanced"},"content":{"rendered":"<figure id=\"attachment_3344\" aria-describedby=\"caption-attachment-3344\" style=\"width: 1920px\" class=\"wp-caption alignnone\"><img loading=\"lazy\" decoding=\"async\" class=\"wp-image-3344 size-full\" src=\"https:\/\/www.immobilienbusiness.ch\/wp-content\/uploads\/2016\/12\/Novavest-plant-Kapitalerhoehung-immobilien-business.jpg\" alt=\"\" width=\"1920\" height=\"1280\" srcset=\"https:\/\/www.immobilienbusiness.ch\/wp-content\/uploads\/2016\/12\/Novavest-plant-Kapitalerhoehung-immobilien-business.jpg 1920w, https:\/\/www.immobilienbusiness.ch\/wp-content\/uploads\/2016\/12\/Novavest-plant-Kapitalerhoehung-immobilien-business-300x200.jpg 300w, https:\/\/www.immobilienbusiness.ch\/wp-content\/uploads\/2016\/12\/Novavest-plant-Kapitalerhoehung-immobilien-business-1024x683.jpg 1024w, https:\/\/www.immobilienbusiness.ch\/wp-content\/uploads\/2016\/12\/Novavest-plant-Kapitalerhoehung-immobilien-business-768x512.jpg 768w, https:\/\/www.immobilienbusiness.ch\/wp-content\/uploads\/2016\/12\/Novavest-plant-Kapitalerhoehung-immobilien-business-1536x1024.jpg 1536w, https:\/\/www.immobilienbusiness.ch\/wp-content\/uploads\/2016\/12\/Novavest-plant-Kapitalerhoehung-immobilien-business-16x12.jpg 16w, https:\/\/www.immobilienbusiness.ch\/wp-content\/uploads\/2016\/12\/Novavest-plant-Kapitalerhoehung-immobilien-business-263x175.jpg 263w, https:\/\/www.immobilienbusiness.ch\/wp-content\/uploads\/2016\/12\/Novavest-plant-Kapitalerhoehung-immobilien-business-525x350.jpg 525w, https:\/\/www.immobilienbusiness.ch\/wp-content\/uploads\/2016\/12\/Novavest-plant-Kapitalerhoehung-immobilien-business-1200x800.jpg 1200w, https:\/\/www.immobilienbusiness.ch\/wp-content\/uploads\/2016\/12\/Novavest-plant-Kapitalerhoehung-immobilien-business-920x613.jpg 920w, https:\/\/www.immobilienbusiness.ch\/wp-content\/uploads\/2016\/12\/Novavest-plant-Kapitalerhoehung-immobilien-business-1400x933.jpg 1400w\" sizes=\"auto, (max-width: 1920px) 100vw, 1920px\" \/><figcaption id=\"caption-attachment-3344\" class=\"wp-caption-text\">Implenia increases its bond to CHF 175 million (Image: Pixabay)<\/figcaption><\/figure>\n<p><a href=\"https:\/\/www.immobilienbusiness.ch\/en\/unternehmen\/2021-11-04\/implenia-150-millionen-anleihe-platziert\/\">Implenia placed a senior bond for a total amount of CHF 150 million on 3 November.<\/a> The term is four years and the interest rate is 2.00%. The company has now increased this bond by 25 million to a final issue volume of 175 million. This will enable the full refinancing of the outstanding 175m convertible bond, which matures on 30 June 2022, Implenia says. The issue extends the maturity profile and strengthens the company's financing structure.<\/p>\n<p>The bond will be admitted to trading and listed on the SIX Swiss Exchange. Settlement is scheduled for 26 November. <em>(ah)<\/em><\/p>","protected":false},"excerpt":{"rendered":"<p>Implenia increases the recently announced CHF 150 million senior bond by CHF 25 million, thereby completing the refinancing of the outstanding convertible bond of CHF 175 million.<\/p>","protected":false},"author":3,"featured_media":3344,"comment_status":"closed","ping_status":"closed","sticky":false,"template":"","format":"standard","meta":{"_acf_changed":false,"_yoast_wpseo_focuskw":"anleihe","_yoast_wpseo_title":"","_yoast_wpseo_metadesc":"Implenia erh\u00f6ht die k\u00fcrzlich angek\u00fcndigte 150-Mio.-Anleihe um 25 Mio. CHF und schliesst damit die Refinanzierung der Wandelanleihe \u00fcber 175 Mio. ab.","_yoast_wpseo_linkdex":45,"pgc_sgb_lightbox_settings":"","footnotes":""},"categories":[988],"tags":[1032,1359,1626],"class_list":["post-39155","post","type-post","status-publish","format-standard","has-post-thumbnail","hentry","category-unternehmen","tag-anleihe","tag-implenia","tag-refinanzierung"],"acf":[],"yoast_head":"<!-- This site is optimized with the Yoast SEO plugin v27.5 - https:\/\/yoast.com\/product\/yoast-seo-wordpress\/ -->\n<title>Implenia: Wandelanleihe ist vollst\u00e4ndig refinanziert - IMMOBILIEN Business<\/title>\n<meta name=\"description\" content=\"Implenia erh\u00f6ht die k\u00fcrzlich angek\u00fcndigte 150-Mio.-Anleihe um 25 Mio. CHF und schliesst damit die Refinanzierung der Wandelanleihe \u00fcber 175 Mio. ab.\" \/>\n<meta name=\"robots\" content=\"index, follow, max-snippet:-1, max-image-preview:large, max-video-preview:-1\" \/>\n<link rel=\"canonical\" href=\"https:\/\/www.immobilienbusiness.ch\/en\/unternehmen\/2021-11-19\/implenia-wandelanleihe-ist-vollstaendig-refinanziert\/\" \/>\n<meta property=\"og:locale\" content=\"en_US\" \/>\n<meta property=\"og:type\" content=\"article\" \/>\n<meta property=\"og:title\" content=\"Implenia: Wandelanleihe ist vollst\u00e4ndig refinanziert - IMMOBILIEN Business\" \/>\n<meta property=\"og:description\" content=\"Implenia erh\u00f6ht die k\u00fcrzlich angek\u00fcndigte 150-Mio.-Anleihe um 25 Mio. CHF und schliesst damit die Refinanzierung der Wandelanleihe \u00fcber 175 Mio. ab.\" \/>\n<meta property=\"og:url\" content=\"https:\/\/www.immobilienbusiness.ch\/en\/unternehmen\/2021-11-19\/implenia-wandelanleihe-ist-vollstaendig-refinanziert\/\" \/>\n<meta property=\"og:site_name\" content=\"IMMOBILIEN Business\" \/>\n<meta property=\"article:publisher\" content=\"https:\/\/www.facebook.com\/immobilienbusiness\/\" \/>\n<meta property=\"article:published_time\" content=\"2021-11-19T07:40:06+00:00\" \/>\n<meta property=\"article:modified_time\" content=\"2021-11-19T08:25:38+00:00\" \/>\n<meta property=\"og:image\" content=\"https:\/\/www.immobilienbusiness.ch\/wp-content\/uploads\/2016\/12\/Novavest-plant-Kapitalerhoehung-immobilien-business.jpg\" \/>\n\t<meta property=\"og:image:width\" content=\"1920\" \/>\n\t<meta property=\"og:image:height\" content=\"1280\" \/>\n\t<meta property=\"og:image:type\" content=\"image\/jpeg\" \/>\n<meta name=\"author\" content=\"anja.hall\" \/>\n<meta name=\"twitter:card\" content=\"summary_large_image\" \/>\n<meta name=\"twitter:image\" content=\"https:\/\/www.immobilienbusiness.ch\/wp-content\/uploads\/2016\/12\/Novavest-plant-Kapitalerhoehung-immobilien-business.jpg\" \/>\n<script type=\"application\/ld+json\" class=\"yoast-schema-graph\">{\"@context\":\"https:\\\/\\\/schema.org\",\"@graph\":[{\"@type\":\"Article\",\"@id\":\"https:\\\/\\\/www.immobilienbusiness.ch\\\/it\\\/unternehmen\\\/2021-11-19\\\/implenia-wandelanleihe-ist-vollstaendig-refinanziert\\\/#article\",\"isPartOf\":{\"@id\":\"https:\\\/\\\/www.immobilienbusiness.ch\\\/it\\\/unternehmen\\\/2021-11-19\\\/implenia-wandelanleihe-ist-vollstaendig-refinanziert\\\/\"},\"author\":{\"name\":\"anja.hall\",\"@id\":\"https:\\\/\\\/www.immobilienbusiness.ch\\\/#\\\/schema\\\/person\\\/3fc036297b10b9f42d6db5ee932af8c8\"},\"headline\":\"Implenia: Wandelanleihe ist vollst\u00e4ndig refinanziert\",\"datePublished\":\"2021-11-19T07:40:06+00:00\",\"dateModified\":\"2021-11-19T08:25:38+00:00\",\"mainEntityOfPage\":{\"@id\":\"https:\\\/\\\/www.immobilienbusiness.ch\\\/it\\\/unternehmen\\\/2021-11-19\\\/implenia-wandelanleihe-ist-vollstaendig-refinanziert\\\/\"},\"wordCount\":125,\"publisher\":{\"@id\":\"https:\\\/\\\/www.immobilienbusiness.ch\\\/#organization\"},\"image\":{\"@id\":\"https:\\\/\\\/www.immobilienbusiness.ch\\\/it\\\/unternehmen\\\/2021-11-19\\\/implenia-wandelanleihe-ist-vollstaendig-refinanziert\\\/#primaryimage\"},\"thumbnailUrl\":\"https:\\\/\\\/www.immobilienbusiness.ch\\\/wp-content\\\/uploads\\\/2016\\\/12\\\/Novavest-plant-Kapitalerhoehung-immobilien-business.jpg\",\"keywords\":[\"Anleihe\",\"Implenia\",\"Refinanzierung\"],\"articleSection\":[\"UNTERNEHMEN\"],\"inLanguage\":\"en-US\"},{\"@type\":\"WebPage\",\"@id\":\"https:\\\/\\\/www.immobilienbusiness.ch\\\/it\\\/unternehmen\\\/2021-11-19\\\/implenia-wandelanleihe-ist-vollstaendig-refinanziert\\\/\",\"url\":\"https:\\\/\\\/www.immobilienbusiness.ch\\\/it\\\/unternehmen\\\/2021-11-19\\\/implenia-wandelanleihe-ist-vollstaendig-refinanziert\\\/\",\"name\":\"Implenia: Wandelanleihe ist vollst\u00e4ndig refinanziert - IMMOBILIEN Business\",\"isPartOf\":{\"@id\":\"https:\\\/\\\/www.immobilienbusiness.ch\\\/#website\"},\"primaryImageOfPage\":{\"@id\":\"https:\\\/\\\/www.immobilienbusiness.ch\\\/it\\\/unternehmen\\\/2021-11-19\\\/implenia-wandelanleihe-ist-vollstaendig-refinanziert\\\/#primaryimage\"},\"image\":{\"@id\":\"https:\\\/\\\/www.immobilienbusiness.ch\\\/it\\\/unternehmen\\\/2021-11-19\\\/implenia-wandelanleihe-ist-vollstaendig-refinanziert\\\/#primaryimage\"},\"thumbnailUrl\":\"https:\\\/\\\/www.immobilienbusiness.ch\\\/wp-content\\\/uploads\\\/2016\\\/12\\\/Novavest-plant-Kapitalerhoehung-immobilien-business.jpg\",\"datePublished\":\"2021-11-19T07:40:06+00:00\",\"dateModified\":\"2021-11-19T08:25:38+00:00\",\"description\":\"Implenia erh\u00f6ht die k\u00fcrzlich angek\u00fcndigte 150-Mio.-Anleihe um 25 Mio. CHF und schliesst damit die Refinanzierung der Wandelanleihe \u00fcber 175 Mio. ab.\",\"breadcrumb\":{\"@id\":\"https:\\\/\\\/www.immobilienbusiness.ch\\\/it\\\/unternehmen\\\/2021-11-19\\\/implenia-wandelanleihe-ist-vollstaendig-refinanziert\\\/#breadcrumb\"},\"inLanguage\":\"en-US\",\"potentialAction\":[{\"@type\":\"ReadAction\",\"target\":[\"https:\\\/\\\/www.immobilienbusiness.ch\\\/it\\\/unternehmen\\\/2021-11-19\\\/implenia-wandelanleihe-ist-vollstaendig-refinanziert\\\/\"]}]},{\"@type\":\"ImageObject\",\"inLanguage\":\"en-US\",\"@id\":\"https:\\\/\\\/www.immobilienbusiness.ch\\\/it\\\/unternehmen\\\/2021-11-19\\\/implenia-wandelanleihe-ist-vollstaendig-refinanziert\\\/#primaryimage\",\"url\":\"https:\\\/\\\/www.immobilienbusiness.ch\\\/wp-content\\\/uploads\\\/2016\\\/12\\\/Novavest-plant-Kapitalerhoehung-immobilien-business.jpg\",\"contentUrl\":\"https:\\\/\\\/www.immobilienbusiness.ch\\\/wp-content\\\/uploads\\\/2016\\\/12\\\/Novavest-plant-Kapitalerhoehung-immobilien-business.jpg\",\"width\":1920,\"height\":1280,\"caption\":\"Der Futura-Fonds von Raiffeisen sucht frisches Kapital f\u00fcr Zuk\u00e4ufe (Bild: Pixabay)\"},{\"@type\":\"BreadcrumbList\",\"@id\":\"https:\\\/\\\/www.immobilienbusiness.ch\\\/it\\\/unternehmen\\\/2021-11-19\\\/implenia-wandelanleihe-ist-vollstaendig-refinanziert\\\/#breadcrumb\",\"itemListElement\":[{\"@type\":\"ListItem\",\"position\":1,\"name\":\"Home\",\"item\":\"https:\\\/\\\/www.immobilienbusiness.ch\\\/\"},{\"@type\":\"ListItem\",\"position\":2,\"name\":\"Implenia: Wandelanleihe ist vollst\u00e4ndig refinanziert\"}]},{\"@type\":\"WebSite\",\"@id\":\"https:\\\/\\\/www.immobilienbusiness.ch\\\/#website\",\"url\":\"https:\\\/\\\/www.immobilienbusiness.ch\\\/\",\"name\":\"IMMOBILIEN Business\",\"description\":\"Unabh\u00e4ngiges Schweizer Wirtschaftsmagazin mit Fokus auf Immobilien, Architektur- und Bau sowie Investment- und Finanzierung.\",\"publisher\":{\"@id\":\"https:\\\/\\\/www.immobilienbusiness.ch\\\/#organization\"},\"potentialAction\":[{\"@type\":\"SearchAction\",\"target\":{\"@type\":\"EntryPoint\",\"urlTemplate\":\"https:\\\/\\\/www.immobilienbusiness.ch\\\/?s={search_term_string}\"},\"query-input\":{\"@type\":\"PropertyValueSpecification\",\"valueRequired\":true,\"valueName\":\"search_term_string\"}}],\"inLanguage\":\"en-US\"},{\"@type\":\"Organization\",\"@id\":\"https:\\\/\\\/www.immobilienbusiness.ch\\\/#organization\",\"name\":\"IMMOBILIEN Business\",\"url\":\"https:\\\/\\\/www.immobilienbusiness.ch\\\/\",\"logo\":{\"@type\":\"ImageObject\",\"inLanguage\":\"en-US\",\"@id\":\"https:\\\/\\\/www.immobilienbusiness.ch\\\/#\\\/schema\\\/logo\\\/image\\\/\",\"url\":\"https:\\\/\\\/www.immobilienbusiness.ch\\\/wp-content\\\/uploads\\\/2021\\\/07\\\/logo_ib.png\",\"contentUrl\":\"https:\\\/\\\/www.immobilienbusiness.ch\\\/wp-content\\\/uploads\\\/2021\\\/07\\\/logo_ib.png\",\"width\":800,\"height\":181,\"caption\":\"IMMOBILIEN Business\"},\"image\":{\"@id\":\"https:\\\/\\\/www.immobilienbusiness.ch\\\/#\\\/schema\\\/logo\\\/image\\\/\"},\"sameAs\":[\"https:\\\/\\\/www.facebook.com\\\/immobilienbusiness\\\/\"]},{\"@type\":\"Person\",\"@id\":\"https:\\\/\\\/www.immobilienbusiness.ch\\\/#\\\/schema\\\/person\\\/3fc036297b10b9f42d6db5ee932af8c8\",\"name\":\"anja.hall\",\"image\":{\"@type\":\"ImageObject\",\"inLanguage\":\"en-US\",\"@id\":\"https:\\\/\\\/secure.gravatar.com\\\/avatar\\\/066b5a0d447013502c71a5782f4f3469f03cfe595cc2329fb94652fe47511bfb?s=96&d=mm&r=g\",\"url\":\"https:\\\/\\\/secure.gravatar.com\\\/avatar\\\/066b5a0d447013502c71a5782f4f3469f03cfe595cc2329fb94652fe47511bfb?s=96&d=mm&r=g\",\"contentUrl\":\"https:\\\/\\\/secure.gravatar.com\\\/avatar\\\/066b5a0d447013502c71a5782f4f3469f03cfe595cc2329fb94652fe47511bfb?s=96&d=mm&r=g\",\"caption\":\"anja.hall\"},\"url\":\"https:\\\/\\\/www.immobilienbusiness.ch\\\/en\\\/author\\\/anja-hall\\\/\"}]}<\/script>\n<!-- \/ Yoast SEO plugin. -->","yoast_head_json":{"title":"Implenia: Wandelanleihe ist vollst\u00e4ndig refinanziert - IMMOBILIEN Business","description":"Implenia erh\u00f6ht die k\u00fcrzlich angek\u00fcndigte 150-Mio.-Anleihe um 25 Mio. CHF und schliesst damit die Refinanzierung der Wandelanleihe \u00fcber 175 Mio. ab.","robots":{"index":"index","follow":"follow","max-snippet":"max-snippet:-1","max-image-preview":"max-image-preview:large","max-video-preview":"max-video-preview:-1"},"canonical":"https:\/\/www.immobilienbusiness.ch\/en\/unternehmen\/2021-11-19\/implenia-wandelanleihe-ist-vollstaendig-refinanziert\/","og_locale":"en_US","og_type":"article","og_title":"Implenia: Wandelanleihe ist vollst\u00e4ndig refinanziert - IMMOBILIEN Business","og_description":"Implenia erh\u00f6ht die k\u00fcrzlich angek\u00fcndigte 150-Mio.-Anleihe um 25 Mio. CHF und schliesst damit die Refinanzierung der Wandelanleihe \u00fcber 175 Mio. ab.","og_url":"https:\/\/www.immobilienbusiness.ch\/en\/unternehmen\/2021-11-19\/implenia-wandelanleihe-ist-vollstaendig-refinanziert\/","og_site_name":"IMMOBILIEN Business","article_publisher":"https:\/\/www.facebook.com\/immobilienbusiness\/","article_published_time":"2021-11-19T07:40:06+00:00","article_modified_time":"2021-11-19T08:25:38+00:00","og_image":[{"width":1920,"height":1280,"url":"https:\/\/www.immobilienbusiness.ch\/wp-content\/uploads\/2016\/12\/Novavest-plant-Kapitalerhoehung-immobilien-business.jpg","type":"image\/jpeg"}],"author":"anja.hall","twitter_card":"summary_large_image","twitter_image":"https:\/\/www.immobilienbusiness.ch\/wp-content\/uploads\/2016\/12\/Novavest-plant-Kapitalerhoehung-immobilien-business.jpg","schema":{"@context":"https:\/\/schema.org","@graph":[{"@type":"Article","@id":"https:\/\/www.immobilienbusiness.ch\/it\/unternehmen\/2021-11-19\/implenia-wandelanleihe-ist-vollstaendig-refinanziert\/#article","isPartOf":{"@id":"https:\/\/www.immobilienbusiness.ch\/it\/unternehmen\/2021-11-19\/implenia-wandelanleihe-ist-vollstaendig-refinanziert\/"},"author":{"name":"anja.hall","@id":"https:\/\/www.immobilienbusiness.ch\/#\/schema\/person\/3fc036297b10b9f42d6db5ee932af8c8"},"headline":"Implenia: Wandelanleihe ist vollst\u00e4ndig refinanziert","datePublished":"2021-11-19T07:40:06+00:00","dateModified":"2021-11-19T08:25:38+00:00","mainEntityOfPage":{"@id":"https:\/\/www.immobilienbusiness.ch\/it\/unternehmen\/2021-11-19\/implenia-wandelanleihe-ist-vollstaendig-refinanziert\/"},"wordCount":125,"publisher":{"@id":"https:\/\/www.immobilienbusiness.ch\/#organization"},"image":{"@id":"https:\/\/www.immobilienbusiness.ch\/it\/unternehmen\/2021-11-19\/implenia-wandelanleihe-ist-vollstaendig-refinanziert\/#primaryimage"},"thumbnailUrl":"https:\/\/www.immobilienbusiness.ch\/wp-content\/uploads\/2016\/12\/Novavest-plant-Kapitalerhoehung-immobilien-business.jpg","keywords":["Anleihe","Implenia","Refinanzierung"],"articleSection":["UNTERNEHMEN"],"inLanguage":"en-US"},{"@type":"WebPage","@id":"https:\/\/www.immobilienbusiness.ch\/it\/unternehmen\/2021-11-19\/implenia-wandelanleihe-ist-vollstaendig-refinanziert\/","url":"https:\/\/www.immobilienbusiness.ch\/it\/unternehmen\/2021-11-19\/implenia-wandelanleihe-ist-vollstaendig-refinanziert\/","name":"Implenia: Wandelanleihe ist vollst\u00e4ndig refinanziert - IMMOBILIEN Business","isPartOf":{"@id":"https:\/\/www.immobilienbusiness.ch\/#website"},"primaryImageOfPage":{"@id":"https:\/\/www.immobilienbusiness.ch\/it\/unternehmen\/2021-11-19\/implenia-wandelanleihe-ist-vollstaendig-refinanziert\/#primaryimage"},"image":{"@id":"https:\/\/www.immobilienbusiness.ch\/it\/unternehmen\/2021-11-19\/implenia-wandelanleihe-ist-vollstaendig-refinanziert\/#primaryimage"},"thumbnailUrl":"https:\/\/www.immobilienbusiness.ch\/wp-content\/uploads\/2016\/12\/Novavest-plant-Kapitalerhoehung-immobilien-business.jpg","datePublished":"2021-11-19T07:40:06+00:00","dateModified":"2021-11-19T08:25:38+00:00","description":"Implenia erh\u00f6ht die k\u00fcrzlich angek\u00fcndigte 150-Mio.-Anleihe um 25 Mio. CHF und schliesst damit die Refinanzierung der Wandelanleihe \u00fcber 175 Mio. ab.","breadcrumb":{"@id":"https:\/\/www.immobilienbusiness.ch\/it\/unternehmen\/2021-11-19\/implenia-wandelanleihe-ist-vollstaendig-refinanziert\/#breadcrumb"},"inLanguage":"en-US","potentialAction":[{"@type":"ReadAction","target":["https:\/\/www.immobilienbusiness.ch\/it\/unternehmen\/2021-11-19\/implenia-wandelanleihe-ist-vollstaendig-refinanziert\/"]}]},{"@type":"ImageObject","inLanguage":"en-US","@id":"https:\/\/www.immobilienbusiness.ch\/it\/unternehmen\/2021-11-19\/implenia-wandelanleihe-ist-vollstaendig-refinanziert\/#primaryimage","url":"https:\/\/www.immobilienbusiness.ch\/wp-content\/uploads\/2016\/12\/Novavest-plant-Kapitalerhoehung-immobilien-business.jpg","contentUrl":"https:\/\/www.immobilienbusiness.ch\/wp-content\/uploads\/2016\/12\/Novavest-plant-Kapitalerhoehung-immobilien-business.jpg","width":1920,"height":1280,"caption":"Der Futura-Fonds von Raiffeisen sucht frisches Kapital f\u00fcr Zuk\u00e4ufe (Bild: Pixabay)"},{"@type":"BreadcrumbList","@id":"https:\/\/www.immobilienbusiness.ch\/it\/unternehmen\/2021-11-19\/implenia-wandelanleihe-ist-vollstaendig-refinanziert\/#breadcrumb","itemListElement":[{"@type":"ListItem","position":1,"name":"Home","item":"https:\/\/www.immobilienbusiness.ch\/"},{"@type":"ListItem","position":2,"name":"Implenia: Wandelanleihe ist vollst\u00e4ndig refinanziert"}]},{"@type":"WebSite","@id":"https:\/\/www.immobilienbusiness.ch\/#website","url":"https:\/\/www.immobilienbusiness.ch\/","name":"REAL ESTATE Business","description":"Independent Swiss business magazine focusing on real estate, architecture and construction as well as investment and financing.","publisher":{"@id":"https:\/\/www.immobilienbusiness.ch\/#organization"},"potentialAction":[{"@type":"SearchAction","target":{"@type":"EntryPoint","urlTemplate":"https:\/\/www.immobilienbusiness.ch\/?s={search_term_string}"},"query-input":{"@type":"PropertyValueSpecification","valueRequired":true,"valueName":"search_term_string"}}],"inLanguage":"en-US"},{"@type":"Organization","@id":"https:\/\/www.immobilienbusiness.ch\/#organization","name":"REAL ESTATE Business","url":"https:\/\/www.immobilienbusiness.ch\/","logo":{"@type":"ImageObject","inLanguage":"en-US","@id":"https:\/\/www.immobilienbusiness.ch\/#\/schema\/logo\/image\/","url":"https:\/\/www.immobilienbusiness.ch\/wp-content\/uploads\/2021\/07\/logo_ib.png","contentUrl":"https:\/\/www.immobilienbusiness.ch\/wp-content\/uploads\/2021\/07\/logo_ib.png","width":800,"height":181,"caption":"IMMOBILIEN Business"},"image":{"@id":"https:\/\/www.immobilienbusiness.ch\/#\/schema\/logo\/image\/"},"sameAs":["https:\/\/www.facebook.com\/immobilienbusiness\/"]},{"@type":"Person","@id":"https:\/\/www.immobilienbusiness.ch\/#\/schema\/person\/3fc036297b10b9f42d6db5ee932af8c8","name":"anja.hall","image":{"@type":"ImageObject","inLanguage":"en-US","@id":"https:\/\/secure.gravatar.com\/avatar\/066b5a0d447013502c71a5782f4f3469f03cfe595cc2329fb94652fe47511bfb?s=96&d=mm&r=g","url":"https:\/\/secure.gravatar.com\/avatar\/066b5a0d447013502c71a5782f4f3469f03cfe595cc2329fb94652fe47511bfb?s=96&d=mm&r=g","contentUrl":"https:\/\/secure.gravatar.com\/avatar\/066b5a0d447013502c71a5782f4f3469f03cfe595cc2329fb94652fe47511bfb?s=96&d=mm&r=g","caption":"anja.hall"},"url":"https:\/\/www.immobilienbusiness.ch\/en\/author\/anja-hall\/"}]}},"_links":{"self":[{"href":"https:\/\/www.immobilienbusiness.ch\/en\/wp-json\/wp\/v2\/posts\/39155","targetHints":{"allow":["GET"]}}],"collection":[{"href":"https:\/\/www.immobilienbusiness.ch\/en\/wp-json\/wp\/v2\/posts"}],"about":[{"href":"https:\/\/www.immobilienbusiness.ch\/en\/wp-json\/wp\/v2\/types\/post"}],"author":[{"embeddable":true,"href":"https:\/\/www.immobilienbusiness.ch\/en\/wp-json\/wp\/v2\/users\/3"}],"replies":[{"embeddable":true,"href":"https:\/\/www.immobilienbusiness.ch\/en\/wp-json\/wp\/v2\/comments?post=39155"}],"version-history":[{"count":3,"href":"https:\/\/www.immobilienbusiness.ch\/en\/wp-json\/wp\/v2\/posts\/39155\/revisions"}],"predecessor-version":[{"id":39161,"href":"https:\/\/www.immobilienbusiness.ch\/en\/wp-json\/wp\/v2\/posts\/39155\/revisions\/39161"}],"wp:featuredmedia":[{"embeddable":true,"href":"https:\/\/www.immobilienbusiness.ch\/en\/wp-json\/wp\/v2\/media\/3344"}],"wp:attachment":[{"href":"https:\/\/www.immobilienbusiness.ch\/en\/wp-json\/wp\/v2\/media?parent=39155"}],"wp:term":[{"taxonomy":"category","embeddable":true,"href":"https:\/\/www.immobilienbusiness.ch\/en\/wp-json\/wp\/v2\/categories?post=39155"},{"taxonomy":"post_tag","embeddable":true,"href":"https:\/\/www.immobilienbusiness.ch\/en\/wp-json\/wp\/v2\/tags?post=39155"}],"curies":[{"name":"wp","href":"https:\/\/api.w.org\/{rel}","templated":true}]}}