{"id":38887,"date":"2021-11-03T08:46:24","date_gmt":"2021-11-03T07:46:24","guid":{"rendered":"https:\/\/www.immobilienbusiness.ch\/?p=38887"},"modified":"2021-11-03T08:46:24","modified_gmt":"2021-11-03T07:46:24","slug":"winterthur-neue-mieter-fuer-die-lokstadt","status":"publish","type":"post","link":"https:\/\/www.immobilienbusiness.ch\/en\/regionen\/2021-11-03\/winterthur-neue-mieter-fuer-die-lokstadt\/","title":{"rendered":"Winterthur: New tenants for Lokstadt"},"content":{"rendered":"<figure id=\"attachment_38888\" aria-describedby=\"caption-attachment-38888\" style=\"width: 2560px\" class=\"wp-caption alignnone\"><img loading=\"lazy\" decoding=\"async\" class=\"wp-image-38888 size-full\" src=\"https:\/\/www.immobilienbusiness.ch\/wp-content\/uploads\/2021\/11\/Lokstadt_hotel_rev003_people-scaled.jpg\" alt=\"\" width=\"2560\" height=\"1707\" srcset=\"https:\/\/www.immobilienbusiness.ch\/wp-content\/uploads\/2021\/11\/Lokstadt_hotel_rev003_people-scaled.jpg 2560w, https:\/\/www.immobilienbusiness.ch\/wp-content\/uploads\/2021\/11\/Lokstadt_hotel_rev003_people-300x200.jpg 300w, https:\/\/www.immobilienbusiness.ch\/wp-content\/uploads\/2021\/11\/Lokstadt_hotel_rev003_people-1024x683.jpg 1024w, https:\/\/www.immobilienbusiness.ch\/wp-content\/uploads\/2021\/11\/Lokstadt_hotel_rev003_people-768x512.jpg 768w, https:\/\/www.immobilienbusiness.ch\/wp-content\/uploads\/2021\/11\/Lokstadt_hotel_rev003_people-1536x1024.jpg 1536w, https:\/\/www.immobilienbusiness.ch\/wp-content\/uploads\/2021\/11\/Lokstadt_hotel_rev003_people-2048x1366.jpg 2048w, https:\/\/www.immobilienbusiness.ch\/wp-content\/uploads\/2021\/11\/Lokstadt_hotel_rev003_people-16x12.jpg 16w, https:\/\/www.immobilienbusiness.ch\/wp-content\/uploads\/2021\/11\/Lokstadt_hotel_rev003_people-262x175.jpg 262w, https:\/\/www.immobilienbusiness.ch\/wp-content\/uploads\/2021\/11\/Lokstadt_hotel_rev003_people-525x350.jpg 525w, https:\/\/www.immobilienbusiness.ch\/wp-content\/uploads\/2021\/11\/Lokstadt_hotel_rev003_people-1200x800.jpg 1200w, https:\/\/www.immobilienbusiness.ch\/wp-content\/uploads\/2021\/11\/Lokstadt_hotel_rev003_people-920x614.jpg 920w, https:\/\/www.immobilienbusiness.ch\/wp-content\/uploads\/2021\/11\/Lokstadt_hotel_rev003_people-1400x934.jpg 1400w\" sizes=\"auto, (max-width: 2560px) 100vw, 2560px\" \/><figcaption id=\"caption-attachment-38888\" class=\"wp-caption-text\">Switzerland's first Radisson Red Hotel is to be built in the Lokstadt halls in Winterthur (Visualisation: Implenia)<\/figcaption><\/figure>\n<p>Marc Pointet, CEO of Ina Invest, says he is confident of having the Lokstadt halls fully let by the end of the year. On a total of 8,200 sqm, \"versatile, crowd-pleasing uses are to be brought together under one roof\". <a href=\"https:\/\/www.immobilienbusiness.ch\/en\/regionen\/2021-10-18\/winterthur-radisson-plant-hotel-in-der-lokstadt\/\">It is already certain that the German Success Hotel Group will open Switzerland's first Radisson Red Hotel in the Lokstadt as a franchisee.<\/a> The hotel will occupy an area of 6,600 sqm in the Habersack Hall, parts of the Draisine Hall and the head building, as well as in the adjacent Tigerli, and will offer around 180 rooms and a restaurant. According to Ina Invest, the building application for the hotel is to be submitted at the end of this year. Construction is scheduled to begin in summer 2022, and the hotel should be ready for occupancy in autumn 2024.<\/p>\n<p>A rental agreement has been signed with the City of Winterthur for the remaining 930 sqm of space in the Draisine hall. The city wants to accommodate two primary school classes and two kindergarten classes there. In addition to the classrooms, the children will also be able to use a 300 sqm roof terrace. The building application for the kindergarten has already been submitted and the building permit is expected by the end of this year. At the beginning of the 2023\/2024 school year, the kindergarten should be in operation.<\/p>\n<p>According to Ina Invest, contract negotiations with another anchor tenant for the space in the Rapide hall are \"well advanced\". Meanwhile, the topping-out ceremony for the Tender and Elefant buildings was celebrated on 2 November. <em>(ah)<\/em><\/p>","protected":false},"excerpt":{"rendered":"<p>The Lokstadt halls in Winterthur could be fully let by the end of the year, according to owner Ina Invest. Two rental contracts have already been signed, and negotiations are underway with another anchor tenant.<\/p>","protected":false},"author":3,"featured_media":38888,"comment_status":"closed","ping_status":"closed","sticky":false,"template":"","format":"standard","meta":{"_acf_changed":false,"_yoast_wpseo_focuskw":"Lokstadt","_yoast_wpseo_title":"","_yoast_wpseo_metadesc":"Die Hallen der Lokstadt in Winterthur k\u00f6nnten bis Ende Jahr vollst\u00e4ndig vermietet sein, teilt die Eigent\u00fcmerin Ina Invest mit.","_yoast_wpseo_linkdex":63,"pgc_sgb_lightbox_settings":"","footnotes":""},"categories":[985],"tags":[1313,1360,1924,1827,1832,1858],"class_list":["post-38887","post","type-post","status-publish","format-standard","has-post-thumbnail","hentry","category-regionen","tag-hotel","tag-ina-invest","tag-lokstadt","tag-verfuegbare-flaechen","tag-vermietung","tag-winterthur"],"acf":[],"yoast_head":"<!-- This site is optimized with the Yoast SEO plugin v27.4 - https:\/\/yoast.com\/product\/yoast-seo-wordpress\/ -->\n<title>Winterthur: Neue Mieter f\u00fcr die Lokstadt - IMMOBILIEN Business<\/title>\n<meta name=\"description\" content=\"Die Hallen der Lokstadt in Winterthur k\u00f6nnten bis Ende Jahr vollst\u00e4ndig vermietet sein, teilt die Eigent\u00fcmerin Ina Invest mit.\" \/>\n<meta name=\"robots\" content=\"index, follow, max-snippet:-1, max-image-preview:large, max-video-preview:-1\" \/>\n<link rel=\"canonical\" href=\"https:\/\/www.immobilienbusiness.ch\/en\/regionen\/2021-11-03\/winterthur-neue-mieter-fuer-die-lokstadt\/\" \/>\n<meta property=\"og:locale\" content=\"en_US\" \/>\n<meta property=\"og:type\" content=\"article\" \/>\n<meta property=\"og:title\" content=\"Winterthur: Neue Mieter f\u00fcr die Lokstadt - IMMOBILIEN Business\" \/>\n<meta property=\"og:description\" content=\"Die Hallen der Lokstadt in Winterthur k\u00f6nnten bis Ende Jahr vollst\u00e4ndig vermietet sein, teilt die Eigent\u00fcmerin Ina Invest mit.\" \/>\n<meta property=\"og:url\" content=\"https:\/\/www.immobilienbusiness.ch\/en\/regionen\/2021-11-03\/winterthur-neue-mieter-fuer-die-lokstadt\/\" \/>\n<meta property=\"og:site_name\" content=\"IMMOBILIEN Business\" \/>\n<meta property=\"article:publisher\" content=\"https:\/\/www.facebook.com\/immobilienbusiness\/\" \/>\n<meta property=\"article:published_time\" content=\"2021-11-03T07:46:24+00:00\" \/>\n<meta property=\"og:image\" content=\"https:\/\/www.immobilienbusiness.ch\/wp-content\/uploads\/2021\/11\/Lokstadt_hotel_rev003_people-scaled.jpg\" \/>\n\t<meta property=\"og:image:width\" content=\"2560\" \/>\n\t<meta property=\"og:image:height\" content=\"1707\" \/>\n\t<meta property=\"og:image:type\" content=\"image\/jpeg\" \/>\n<meta name=\"author\" content=\"anja.hall\" \/>\n<meta name=\"twitter:card\" content=\"summary_large_image\" \/>\n<meta name=\"twitter:image\" content=\"https:\/\/www.immobilienbusiness.ch\/wp-content\/uploads\/2021\/11\/Lokstadt_hotel_rev003_people-scaled.jpg\" \/>\n<script type=\"application\/ld+json\" class=\"yoast-schema-graph\">{\"@context\":\"https:\\\/\\\/schema.org\",\"@graph\":[{\"@type\":\"Article\",\"@id\":\"https:\\\/\\\/www.immobilienbusiness.ch\\\/en\\\/regionen\\\/2021-11-03\\\/winterthur-neue-mieter-fuer-die-lokstadt\\\/#article\",\"isPartOf\":{\"@id\":\"https:\\\/\\\/www.immobilienbusiness.ch\\\/en\\\/regionen\\\/2021-11-03\\\/winterthur-neue-mieter-fuer-die-lokstadt\\\/\"},\"author\":{\"name\":\"anja.hall\",\"@id\":\"https:\\\/\\\/www.immobilienbusiness.ch\\\/#\\\/schema\\\/person\\\/3fc036297b10b9f42d6db5ee932af8c8\"},\"headline\":\"Winterthur: Neue Mieter f\u00fcr die Lokstadt\",\"datePublished\":\"2021-11-03T07:46:24+00:00\",\"mainEntityOfPage\":{\"@id\":\"https:\\\/\\\/www.immobilienbusiness.ch\\\/en\\\/regionen\\\/2021-11-03\\\/winterthur-neue-mieter-fuer-die-lokstadt\\\/\"},\"wordCount\":263,\"publisher\":{\"@id\":\"https:\\\/\\\/www.immobilienbusiness.ch\\\/#organization\"},\"image\":{\"@id\":\"https:\\\/\\\/www.immobilienbusiness.ch\\\/en\\\/regionen\\\/2021-11-03\\\/winterthur-neue-mieter-fuer-die-lokstadt\\\/#primaryimage\"},\"thumbnailUrl\":\"https:\\\/\\\/www.immobilienbusiness.ch\\\/wp-content\\\/uploads\\\/2021\\\/11\\\/Lokstadt_hotel_rev003_people-scaled.jpg\",\"keywords\":[\"Hotel\",\"Ina Invest\",\"Lokstadt\",\"Verf\u00fcgbare Fl\u00e4chen\",\"Vermietung\",\"Winterthur\"],\"articleSection\":[\"REGIONEN\"],\"inLanguage\":\"en-US\"},{\"@type\":\"WebPage\",\"@id\":\"https:\\\/\\\/www.immobilienbusiness.ch\\\/en\\\/regionen\\\/2021-11-03\\\/winterthur-neue-mieter-fuer-die-lokstadt\\\/\",\"url\":\"https:\\\/\\\/www.immobilienbusiness.ch\\\/en\\\/regionen\\\/2021-11-03\\\/winterthur-neue-mieter-fuer-die-lokstadt\\\/\",\"name\":\"Winterthur: Neue Mieter f\u00fcr die Lokstadt - IMMOBILIEN Business\",\"isPartOf\":{\"@id\":\"https:\\\/\\\/www.immobilienbusiness.ch\\\/#website\"},\"primaryImageOfPage\":{\"@id\":\"https:\\\/\\\/www.immobilienbusiness.ch\\\/en\\\/regionen\\\/2021-11-03\\\/winterthur-neue-mieter-fuer-die-lokstadt\\\/#primaryimage\"},\"image\":{\"@id\":\"https:\\\/\\\/www.immobilienbusiness.ch\\\/en\\\/regionen\\\/2021-11-03\\\/winterthur-neue-mieter-fuer-die-lokstadt\\\/#primaryimage\"},\"thumbnailUrl\":\"https:\\\/\\\/www.immobilienbusiness.ch\\\/wp-content\\\/uploads\\\/2021\\\/11\\\/Lokstadt_hotel_rev003_people-scaled.jpg\",\"datePublished\":\"2021-11-03T07:46:24+00:00\",\"description\":\"Die Hallen der Lokstadt in Winterthur k\u00f6nnten bis Ende Jahr vollst\u00e4ndig vermietet sein, teilt die Eigent\u00fcmerin Ina Invest mit.\",\"breadcrumb\":{\"@id\":\"https:\\\/\\\/www.immobilienbusiness.ch\\\/en\\\/regionen\\\/2021-11-03\\\/winterthur-neue-mieter-fuer-die-lokstadt\\\/#breadcrumb\"},\"inLanguage\":\"en-US\",\"potentialAction\":[{\"@type\":\"ReadAction\",\"target\":[\"https:\\\/\\\/www.immobilienbusiness.ch\\\/en\\\/regionen\\\/2021-11-03\\\/winterthur-neue-mieter-fuer-die-lokstadt\\\/\"]}]},{\"@type\":\"ImageObject\",\"inLanguage\":\"en-US\",\"@id\":\"https:\\\/\\\/www.immobilienbusiness.ch\\\/en\\\/regionen\\\/2021-11-03\\\/winterthur-neue-mieter-fuer-die-lokstadt\\\/#primaryimage\",\"url\":\"https:\\\/\\\/www.immobilienbusiness.ch\\\/wp-content\\\/uploads\\\/2021\\\/11\\\/Lokstadt_hotel_rev003_people-scaled.jpg\",\"contentUrl\":\"https:\\\/\\\/www.immobilienbusiness.ch\\\/wp-content\\\/uploads\\\/2021\\\/11\\\/Lokstadt_hotel_rev003_people-scaled.jpg\",\"width\":2560,\"height\":1707,\"caption\":\"In den Lokstadt-Hallen in Winterthur soll das erste Radisson Red Hotel der Schweiz entstehen (Visualisierung: Implenia)\"},{\"@type\":\"BreadcrumbList\",\"@id\":\"https:\\\/\\\/www.immobilienbusiness.ch\\\/en\\\/regionen\\\/2021-11-03\\\/winterthur-neue-mieter-fuer-die-lokstadt\\\/#breadcrumb\",\"itemListElement\":[{\"@type\":\"ListItem\",\"position\":1,\"name\":\"Home\",\"item\":\"https:\\\/\\\/www.immobilienbusiness.ch\\\/\"},{\"@type\":\"ListItem\",\"position\":2,\"name\":\"Winterthur: Neue Mieter f\u00fcr die Lokstadt\"}]},{\"@type\":\"WebSite\",\"@id\":\"https:\\\/\\\/www.immobilienbusiness.ch\\\/#website\",\"url\":\"https:\\\/\\\/www.immobilienbusiness.ch\\\/\",\"name\":\"IMMOBILIEN Business\",\"description\":\"Unabh\u00e4ngiges Schweizer Wirtschaftsmagazin mit Fokus auf Immobilien, Architektur- und Bau sowie Investment- und Finanzierung.\",\"publisher\":{\"@id\":\"https:\\\/\\\/www.immobilienbusiness.ch\\\/#organization\"},\"potentialAction\":[{\"@type\":\"SearchAction\",\"target\":{\"@type\":\"EntryPoint\",\"urlTemplate\":\"https:\\\/\\\/www.immobilienbusiness.ch\\\/?s={search_term_string}\"},\"query-input\":{\"@type\":\"PropertyValueSpecification\",\"valueRequired\":true,\"valueName\":\"search_term_string\"}}],\"inLanguage\":\"en-US\"},{\"@type\":\"Organization\",\"@id\":\"https:\\\/\\\/www.immobilienbusiness.ch\\\/#organization\",\"name\":\"IMMOBILIEN Business\",\"url\":\"https:\\\/\\\/www.immobilienbusiness.ch\\\/\",\"logo\":{\"@type\":\"ImageObject\",\"inLanguage\":\"en-US\",\"@id\":\"https:\\\/\\\/www.immobilienbusiness.ch\\\/#\\\/schema\\\/logo\\\/image\\\/\",\"url\":\"https:\\\/\\\/www.immobilienbusiness.ch\\\/wp-content\\\/uploads\\\/2021\\\/07\\\/logo_ib.png\",\"contentUrl\":\"https:\\\/\\\/www.immobilienbusiness.ch\\\/wp-content\\\/uploads\\\/2021\\\/07\\\/logo_ib.png\",\"width\":800,\"height\":181,\"caption\":\"IMMOBILIEN Business\"},\"image\":{\"@id\":\"https:\\\/\\\/www.immobilienbusiness.ch\\\/#\\\/schema\\\/logo\\\/image\\\/\"},\"sameAs\":[\"https:\\\/\\\/www.facebook.com\\\/immobilienbusiness\\\/\"]},{\"@type\":\"Person\",\"@id\":\"https:\\\/\\\/www.immobilienbusiness.ch\\\/#\\\/schema\\\/person\\\/3fc036297b10b9f42d6db5ee932af8c8\",\"name\":\"anja.hall\",\"image\":{\"@type\":\"ImageObject\",\"inLanguage\":\"en-US\",\"@id\":\"https:\\\/\\\/secure.gravatar.com\\\/avatar\\\/066b5a0d447013502c71a5782f4f3469f03cfe595cc2329fb94652fe47511bfb?s=96&d=mm&r=g\",\"url\":\"https:\\\/\\\/secure.gravatar.com\\\/avatar\\\/066b5a0d447013502c71a5782f4f3469f03cfe595cc2329fb94652fe47511bfb?s=96&d=mm&r=g\",\"contentUrl\":\"https:\\\/\\\/secure.gravatar.com\\\/avatar\\\/066b5a0d447013502c71a5782f4f3469f03cfe595cc2329fb94652fe47511bfb?s=96&d=mm&r=g\",\"caption\":\"anja.hall\"},\"url\":\"https:\\\/\\\/www.immobilienbusiness.ch\\\/en\\\/author\\\/anja-hall\\\/\"}]}<\/script>\n<!-- \/ Yoast SEO plugin. -->","yoast_head_json":{"title":"Winterthur: Neue Mieter f\u00fcr die Lokstadt - IMMOBILIEN Business","description":"Die Hallen der Lokstadt in Winterthur k\u00f6nnten bis Ende Jahr vollst\u00e4ndig vermietet sein, teilt die Eigent\u00fcmerin Ina Invest mit.","robots":{"index":"index","follow":"follow","max-snippet":"max-snippet:-1","max-image-preview":"max-image-preview:large","max-video-preview":"max-video-preview:-1"},"canonical":"https:\/\/www.immobilienbusiness.ch\/en\/regionen\/2021-11-03\/winterthur-neue-mieter-fuer-die-lokstadt\/","og_locale":"en_US","og_type":"article","og_title":"Winterthur: Neue Mieter f\u00fcr die Lokstadt - IMMOBILIEN Business","og_description":"Die Hallen der Lokstadt in Winterthur k\u00f6nnten bis Ende Jahr vollst\u00e4ndig vermietet sein, teilt die Eigent\u00fcmerin Ina Invest mit.","og_url":"https:\/\/www.immobilienbusiness.ch\/en\/regionen\/2021-11-03\/winterthur-neue-mieter-fuer-die-lokstadt\/","og_site_name":"IMMOBILIEN Business","article_publisher":"https:\/\/www.facebook.com\/immobilienbusiness\/","article_published_time":"2021-11-03T07:46:24+00:00","og_image":[{"width":2560,"height":1707,"url":"https:\/\/www.immobilienbusiness.ch\/wp-content\/uploads\/2021\/11\/Lokstadt_hotel_rev003_people-scaled.jpg","type":"image\/jpeg"}],"author":"anja.hall","twitter_card":"summary_large_image","twitter_image":"https:\/\/www.immobilienbusiness.ch\/wp-content\/uploads\/2021\/11\/Lokstadt_hotel_rev003_people-scaled.jpg","schema":{"@context":"https:\/\/schema.org","@graph":[{"@type":"Article","@id":"https:\/\/www.immobilienbusiness.ch\/en\/regionen\/2021-11-03\/winterthur-neue-mieter-fuer-die-lokstadt\/#article","isPartOf":{"@id":"https:\/\/www.immobilienbusiness.ch\/en\/regionen\/2021-11-03\/winterthur-neue-mieter-fuer-die-lokstadt\/"},"author":{"name":"anja.hall","@id":"https:\/\/www.immobilienbusiness.ch\/#\/schema\/person\/3fc036297b10b9f42d6db5ee932af8c8"},"headline":"Winterthur: Neue Mieter f\u00fcr die Lokstadt","datePublished":"2021-11-03T07:46:24+00:00","mainEntityOfPage":{"@id":"https:\/\/www.immobilienbusiness.ch\/en\/regionen\/2021-11-03\/winterthur-neue-mieter-fuer-die-lokstadt\/"},"wordCount":263,"publisher":{"@id":"https:\/\/www.immobilienbusiness.ch\/#organization"},"image":{"@id":"https:\/\/www.immobilienbusiness.ch\/en\/regionen\/2021-11-03\/winterthur-neue-mieter-fuer-die-lokstadt\/#primaryimage"},"thumbnailUrl":"https:\/\/www.immobilienbusiness.ch\/wp-content\/uploads\/2021\/11\/Lokstadt_hotel_rev003_people-scaled.jpg","keywords":["Hotel","Ina Invest","Lokstadt","Verf\u00fcgbare Fl\u00e4chen","Vermietung","Winterthur"],"articleSection":["REGIONEN"],"inLanguage":"en-US"},{"@type":"WebPage","@id":"https:\/\/www.immobilienbusiness.ch\/en\/regionen\/2021-11-03\/winterthur-neue-mieter-fuer-die-lokstadt\/","url":"https:\/\/www.immobilienbusiness.ch\/en\/regionen\/2021-11-03\/winterthur-neue-mieter-fuer-die-lokstadt\/","name":"Winterthur: Neue Mieter f\u00fcr die Lokstadt - IMMOBILIEN Business","isPartOf":{"@id":"https:\/\/www.immobilienbusiness.ch\/#website"},"primaryImageOfPage":{"@id":"https:\/\/www.immobilienbusiness.ch\/en\/regionen\/2021-11-03\/winterthur-neue-mieter-fuer-die-lokstadt\/#primaryimage"},"image":{"@id":"https:\/\/www.immobilienbusiness.ch\/en\/regionen\/2021-11-03\/winterthur-neue-mieter-fuer-die-lokstadt\/#primaryimage"},"thumbnailUrl":"https:\/\/www.immobilienbusiness.ch\/wp-content\/uploads\/2021\/11\/Lokstadt_hotel_rev003_people-scaled.jpg","datePublished":"2021-11-03T07:46:24+00:00","description":"Die Hallen der Lokstadt in Winterthur k\u00f6nnten bis Ende Jahr vollst\u00e4ndig vermietet sein, teilt die Eigent\u00fcmerin Ina Invest mit.","breadcrumb":{"@id":"https:\/\/www.immobilienbusiness.ch\/en\/regionen\/2021-11-03\/winterthur-neue-mieter-fuer-die-lokstadt\/#breadcrumb"},"inLanguage":"en-US","potentialAction":[{"@type":"ReadAction","target":["https:\/\/www.immobilienbusiness.ch\/en\/regionen\/2021-11-03\/winterthur-neue-mieter-fuer-die-lokstadt\/"]}]},{"@type":"ImageObject","inLanguage":"en-US","@id":"https:\/\/www.immobilienbusiness.ch\/en\/regionen\/2021-11-03\/winterthur-neue-mieter-fuer-die-lokstadt\/#primaryimage","url":"https:\/\/www.immobilienbusiness.ch\/wp-content\/uploads\/2021\/11\/Lokstadt_hotel_rev003_people-scaled.jpg","contentUrl":"https:\/\/www.immobilienbusiness.ch\/wp-content\/uploads\/2021\/11\/Lokstadt_hotel_rev003_people-scaled.jpg","width":2560,"height":1707,"caption":"In den Lokstadt-Hallen in Winterthur soll das erste Radisson Red Hotel der Schweiz entstehen (Visualisierung: Implenia)"},{"@type":"BreadcrumbList","@id":"https:\/\/www.immobilienbusiness.ch\/en\/regionen\/2021-11-03\/winterthur-neue-mieter-fuer-die-lokstadt\/#breadcrumb","itemListElement":[{"@type":"ListItem","position":1,"name":"Home","item":"https:\/\/www.immobilienbusiness.ch\/"},{"@type":"ListItem","position":2,"name":"Winterthur: Neue Mieter f\u00fcr die Lokstadt"}]},{"@type":"WebSite","@id":"https:\/\/www.immobilienbusiness.ch\/#website","url":"https:\/\/www.immobilienbusiness.ch\/","name":"REAL ESTATE Business","description":"Independent Swiss business magazine focusing on real estate, architecture and construction as well as investment and financing.","publisher":{"@id":"https:\/\/www.immobilienbusiness.ch\/#organization"},"potentialAction":[{"@type":"SearchAction","target":{"@type":"EntryPoint","urlTemplate":"https:\/\/www.immobilienbusiness.ch\/?s={search_term_string}"},"query-input":{"@type":"PropertyValueSpecification","valueRequired":true,"valueName":"search_term_string"}}],"inLanguage":"en-US"},{"@type":"Organization","@id":"https:\/\/www.immobilienbusiness.ch\/#organization","name":"REAL ESTATE Business","url":"https:\/\/www.immobilienbusiness.ch\/","logo":{"@type":"ImageObject","inLanguage":"en-US","@id":"https:\/\/www.immobilienbusiness.ch\/#\/schema\/logo\/image\/","url":"https:\/\/www.immobilienbusiness.ch\/wp-content\/uploads\/2021\/07\/logo_ib.png","contentUrl":"https:\/\/www.immobilienbusiness.ch\/wp-content\/uploads\/2021\/07\/logo_ib.png","width":800,"height":181,"caption":"IMMOBILIEN Business"},"image":{"@id":"https:\/\/www.immobilienbusiness.ch\/#\/schema\/logo\/image\/"},"sameAs":["https:\/\/www.facebook.com\/immobilienbusiness\/"]},{"@type":"Person","@id":"https:\/\/www.immobilienbusiness.ch\/#\/schema\/person\/3fc036297b10b9f42d6db5ee932af8c8","name":"anja.hall","image":{"@type":"ImageObject","inLanguage":"en-US","@id":"https:\/\/secure.gravatar.com\/avatar\/066b5a0d447013502c71a5782f4f3469f03cfe595cc2329fb94652fe47511bfb?s=96&d=mm&r=g","url":"https:\/\/secure.gravatar.com\/avatar\/066b5a0d447013502c71a5782f4f3469f03cfe595cc2329fb94652fe47511bfb?s=96&d=mm&r=g","contentUrl":"https:\/\/secure.gravatar.com\/avatar\/066b5a0d447013502c71a5782f4f3469f03cfe595cc2329fb94652fe47511bfb?s=96&d=mm&r=g","caption":"anja.hall"},"url":"https:\/\/www.immobilienbusiness.ch\/en\/author\/anja-hall\/"}]}},"_links":{"self":[{"href":"https:\/\/www.immobilienbusiness.ch\/en\/wp-json\/wp\/v2\/posts\/38887","targetHints":{"allow":["GET"]}}],"collection":[{"href":"https:\/\/www.immobilienbusiness.ch\/en\/wp-json\/wp\/v2\/posts"}],"about":[{"href":"https:\/\/www.immobilienbusiness.ch\/en\/wp-json\/wp\/v2\/types\/post"}],"author":[{"embeddable":true,"href":"https:\/\/www.immobilienbusiness.ch\/en\/wp-json\/wp\/v2\/users\/3"}],"replies":[{"embeddable":true,"href":"https:\/\/www.immobilienbusiness.ch\/en\/wp-json\/wp\/v2\/comments?post=38887"}],"version-history":[{"count":1,"href":"https:\/\/www.immobilienbusiness.ch\/en\/wp-json\/wp\/v2\/posts\/38887\/revisions"}],"predecessor-version":[{"id":38889,"href":"https:\/\/www.immobilienbusiness.ch\/en\/wp-json\/wp\/v2\/posts\/38887\/revisions\/38889"}],"wp:featuredmedia":[{"embeddable":true,"href":"https:\/\/www.immobilienbusiness.ch\/en\/wp-json\/wp\/v2\/media\/38888"}],"wp:attachment":[{"href":"https:\/\/www.immobilienbusiness.ch\/en\/wp-json\/wp\/v2\/media?parent=38887"}],"wp:term":[{"taxonomy":"category","embeddable":true,"href":"https:\/\/www.immobilienbusiness.ch\/en\/wp-json\/wp\/v2\/categories?post=38887"},{"taxonomy":"post_tag","embeddable":true,"href":"https:\/\/www.immobilienbusiness.ch\/en\/wp-json\/wp\/v2\/tags?post=38887"}],"curies":[{"name":"wp","href":"https:\/\/api.w.org\/{rel}","templated":true}]}}