{"id":38697,"date":"2021-10-19T08:32:16","date_gmt":"2021-10-19T06:32:16","guid":{"rendered":"https:\/\/www.immobilienbusiness.ch\/?p=38697"},"modified":"2021-10-21T10:12:25","modified_gmt":"2021-10-21T08:12:25","slug":"langnau-i-e-spatenstich-fuer-neubau-am-ilfiskreisel","status":"publish","type":"post","link":"https:\/\/www.immobilienbusiness.ch\/en\/regionen\/2021-10-19\/langnau-i-e-spatenstich-fuer-neubau-am-ilfiskreisel\/","title":{"rendered":"Langnau i.E.: Groundbreaking ceremony for new building at Ilfiskreisel"},"content":{"rendered":"<figure id=\"attachment_38698\" aria-describedby=\"caption-attachment-38698\" style=\"width: 2560px\" class=\"wp-caption alignnone\"><img loading=\"lazy\" decoding=\"async\" class=\"wp-image-38698 size-full\" src=\"https:\/\/www.immobilienbusiness.ch\/wp-content\/uploads\/2021\/10\/visualisierung_ilfiskreisel_langnauimemmental_raumgleiterag-scaled.jpg\" alt=\"\" width=\"2560\" height=\"1706\" srcset=\"https:\/\/www.immobilienbusiness.ch\/wp-content\/uploads\/2021\/10\/visualisierung_ilfiskreisel_langnauimemmental_raumgleiterag-scaled.jpg 2560w, https:\/\/www.immobilienbusiness.ch\/wp-content\/uploads\/2021\/10\/visualisierung_ilfiskreisel_langnauimemmental_raumgleiterag-300x200.jpg 300w, https:\/\/www.immobilienbusiness.ch\/wp-content\/uploads\/2021\/10\/visualisierung_ilfiskreisel_langnauimemmental_raumgleiterag-1024x683.jpg 1024w, https:\/\/www.immobilienbusiness.ch\/wp-content\/uploads\/2021\/10\/visualisierung_ilfiskreisel_langnauimemmental_raumgleiterag-768x512.jpg 768w, https:\/\/www.immobilienbusiness.ch\/wp-content\/uploads\/2021\/10\/visualisierung_ilfiskreisel_langnauimemmental_raumgleiterag-1536x1024.jpg 1536w, https:\/\/www.immobilienbusiness.ch\/wp-content\/uploads\/2021\/10\/visualisierung_ilfiskreisel_langnauimemmental_raumgleiterag-2048x1365.jpg 2048w, https:\/\/www.immobilienbusiness.ch\/wp-content\/uploads\/2021\/10\/visualisierung_ilfiskreisel_langnauimemmental_raumgleiterag-16x12.jpg 16w, https:\/\/www.immobilienbusiness.ch\/wp-content\/uploads\/2021\/10\/visualisierung_ilfiskreisel_langnauimemmental_raumgleiterag-263x175.jpg 263w, https:\/\/www.immobilienbusiness.ch\/wp-content\/uploads\/2021\/10\/visualisierung_ilfiskreisel_langnauimemmental_raumgleiterag-525x350.jpg 525w, https:\/\/www.immobilienbusiness.ch\/wp-content\/uploads\/2021\/10\/visualisierung_ilfiskreisel_langnauimemmental_raumgleiterag-1200x800.jpg 1200w, https:\/\/www.immobilienbusiness.ch\/wp-content\/uploads\/2021\/10\/visualisierung_ilfiskreisel_langnauimemmental_raumgleiterag-920x613.jpg 920w, https:\/\/www.immobilienbusiness.ch\/wp-content\/uploads\/2021\/10\/visualisierung_ilfiskreisel_langnauimemmental_raumgleiterag-1400x933.jpg 1400w\" sizes=\"auto, (max-width: 2560px) 100vw, 2560px\" \/><figcaption id=\"caption-attachment-38698\" class=\"wp-caption-text\">Halter is building a residential and commercial property in Langnau i.E. (Visualization: Raumgleiter AG)<\/figcaption><\/figure>\n<p>On the site north of the Ilfiskreisel in Langnau i.E., ground was broken for a new residential and commercial building on 13 October 2021. The parties involved are the Visana employee benefits foundation as investor, Halter AG, which is responsible for the realisation, Aldi Suisse as the future tenant of the retail space and the vbarchitekten.ag office from Thun.<\/p>\n<p>The project comprises a mixed-use development consisting of a retail space leased to Aldi Suisse, rental apartments and commercial and office space for third parties. The ground or entrance floor will be occupied by the major retailer, while the second floor will contain a staff room for Aldi Suisse as well as nine rental apartments and a commercial unit. On the two floors above, a further 16 rental apartments will be built, each with its own loggia or terrace. The building has two basement levels with cellar and technical rooms as well as a parking garage with around 80 parking spaces.<\/p>\n<p>Construction work is scheduled to be completed and the new building handed over to the investor at the end of August 2023. The Aldi store is scheduled to open and the apartments and commercial space will be occupied in October 2023. <em>(ah)<\/em><\/p>","protected":false},"excerpt":{"rendered":"<p>The groundbreaking ceremony for a residential and commercial property has been celebrated in Langnau im Emmental. Apartments, offices and retail space are being built.<\/p>","protected":false},"author":3,"featured_media":38698,"comment_status":"closed","ping_status":"closed","sticky":false,"template":"","format":"standard","meta":{"_acf_changed":false,"_yoast_wpseo_focuskw":"Langnau","_yoast_wpseo_title":"","_yoast_wpseo_metadesc":"In Langnau im Emmental ist der Spatenstich f\u00fcr eine Wohn- und Gewerbeimmobilie gefeiert worden. Es entstehen Wohnungen, B\u00fcros und Ladenfl\u00e4chen.","_yoast_wpseo_linkdex":53,"pgc_sgb_lightbox_settings":"","footnotes":""},"categories":[985],"tags":[1271,1291,1396,1599,1863],"class_list":["post-38697","post","type-post","status-publish","format-standard","has-post-thumbnail","hentry","category-regionen","tag-gewerbeimmobilie","tag-halter-ag","tag-kanton-bern","tag-projekt-in-bau","tag-wohnimmobilien"],"acf":[],"yoast_head":"<!-- This site is optimized with the Yoast SEO plugin v27.4 - https:\/\/yoast.com\/product\/yoast-seo-wordpress\/ -->\n<title>Langnau i.E.: Spatenstich f\u00fcr Neubau am Ilfiskreisel - IMMOBILIEN Business<\/title>\n<meta name=\"description\" content=\"In Langnau im Emmental ist der Spatenstich f\u00fcr eine Wohn- und Gewerbeimmobilie gefeiert worden. Es entstehen Wohnungen, B\u00fcros und Ladenfl\u00e4chen.\" \/>\n<meta name=\"robots\" content=\"index, follow, max-snippet:-1, max-image-preview:large, max-video-preview:-1\" \/>\n<link rel=\"canonical\" href=\"https:\/\/www.immobilienbusiness.ch\/en\/regionen\/2021-10-19\/langnau-i-e-spatenstich-fuer-neubau-am-ilfiskreisel\/\" \/>\n<meta property=\"og:locale\" content=\"en_US\" \/>\n<meta property=\"og:type\" content=\"article\" \/>\n<meta property=\"og:title\" content=\"Langnau i.E.: Spatenstich f\u00fcr Neubau am Ilfiskreisel - IMMOBILIEN Business\" \/>\n<meta property=\"og:description\" content=\"In Langnau im Emmental ist der Spatenstich f\u00fcr eine Wohn- und Gewerbeimmobilie gefeiert worden. Es entstehen Wohnungen, B\u00fcros und Ladenfl\u00e4chen.\" \/>\n<meta property=\"og:url\" content=\"https:\/\/www.immobilienbusiness.ch\/en\/regionen\/2021-10-19\/langnau-i-e-spatenstich-fuer-neubau-am-ilfiskreisel\/\" \/>\n<meta property=\"og:site_name\" content=\"IMMOBILIEN Business\" \/>\n<meta property=\"article:publisher\" content=\"https:\/\/www.facebook.com\/immobilienbusiness\/\" \/>\n<meta property=\"article:published_time\" content=\"2021-10-19T06:32:16+00:00\" \/>\n<meta property=\"article:modified_time\" content=\"2021-10-21T08:12:25+00:00\" \/>\n<meta property=\"og:image\" content=\"https:\/\/www.immobilienbusiness.ch\/wp-content\/uploads\/2021\/10\/visualisierung_ilfiskreisel_langnauimemmental_raumgleiterag-scaled.jpg\" \/>\n\t<meta property=\"og:image:width\" content=\"2560\" \/>\n\t<meta property=\"og:image:height\" content=\"1706\" \/>\n\t<meta property=\"og:image:type\" content=\"image\/jpeg\" \/>\n<meta name=\"author\" content=\"anja.hall\" \/>\n<meta name=\"twitter:card\" content=\"summary_large_image\" \/>\n<meta name=\"twitter:image\" content=\"https:\/\/www.immobilienbusiness.ch\/wp-content\/uploads\/2021\/10\/visualisierung_ilfiskreisel_langnauimemmental_raumgleiterag-scaled.jpg\" \/>\n<script type=\"application\/ld+json\" class=\"yoast-schema-graph\">{\"@context\":\"https:\\\/\\\/schema.org\",\"@graph\":[{\"@type\":\"Article\",\"@id\":\"https:\\\/\\\/www.immobilienbusiness.ch\\\/de\\\/regionen\\\/2021-10-19\\\/langnau-i-e-spatenstich-fuer-neubau-am-ilfiskreisel\\\/#article\",\"isPartOf\":{\"@id\":\"https:\\\/\\\/www.immobilienbusiness.ch\\\/de\\\/regionen\\\/2021-10-19\\\/langnau-i-e-spatenstich-fuer-neubau-am-ilfiskreisel\\\/\"},\"author\":{\"name\":\"anja.hall\",\"@id\":\"https:\\\/\\\/www.immobilienbusiness.ch\\\/#\\\/schema\\\/person\\\/3fc036297b10b9f42d6db5ee932af8c8\"},\"headline\":\"Langnau i.E.: Spatenstich f\u00fcr Neubau am Ilfiskreisel\",\"datePublished\":\"2021-10-19T06:32:16+00:00\",\"dateModified\":\"2021-10-21T08:12:25+00:00\",\"mainEntityOfPage\":{\"@id\":\"https:\\\/\\\/www.immobilienbusiness.ch\\\/de\\\/regionen\\\/2021-10-19\\\/langnau-i-e-spatenstich-fuer-neubau-am-ilfiskreisel\\\/\"},\"wordCount\":206,\"publisher\":{\"@id\":\"https:\\\/\\\/www.immobilienbusiness.ch\\\/#organization\"},\"image\":{\"@id\":\"https:\\\/\\\/www.immobilienbusiness.ch\\\/de\\\/regionen\\\/2021-10-19\\\/langnau-i-e-spatenstich-fuer-neubau-am-ilfiskreisel\\\/#primaryimage\"},\"thumbnailUrl\":\"https:\\\/\\\/www.immobilienbusiness.ch\\\/wp-content\\\/uploads\\\/2021\\\/10\\\/visualisierung_ilfiskreisel_langnauimemmental_raumgleiterag-scaled.jpg\",\"keywords\":[\"Gewerbeimmobilie\",\"Halter AG\",\"Kanton Bern\",\"Projekt in Bau\",\"Wohnimmobilien\"],\"articleSection\":[\"REGIONEN\"],\"inLanguage\":\"en-US\"},{\"@type\":\"WebPage\",\"@id\":\"https:\\\/\\\/www.immobilienbusiness.ch\\\/de\\\/regionen\\\/2021-10-19\\\/langnau-i-e-spatenstich-fuer-neubau-am-ilfiskreisel\\\/\",\"url\":\"https:\\\/\\\/www.immobilienbusiness.ch\\\/de\\\/regionen\\\/2021-10-19\\\/langnau-i-e-spatenstich-fuer-neubau-am-ilfiskreisel\\\/\",\"name\":\"Langnau i.E.: Spatenstich f\u00fcr Neubau am Ilfiskreisel - IMMOBILIEN Business\",\"isPartOf\":{\"@id\":\"https:\\\/\\\/www.immobilienbusiness.ch\\\/#website\"},\"primaryImageOfPage\":{\"@id\":\"https:\\\/\\\/www.immobilienbusiness.ch\\\/de\\\/regionen\\\/2021-10-19\\\/langnau-i-e-spatenstich-fuer-neubau-am-ilfiskreisel\\\/#primaryimage\"},\"image\":{\"@id\":\"https:\\\/\\\/www.immobilienbusiness.ch\\\/de\\\/regionen\\\/2021-10-19\\\/langnau-i-e-spatenstich-fuer-neubau-am-ilfiskreisel\\\/#primaryimage\"},\"thumbnailUrl\":\"https:\\\/\\\/www.immobilienbusiness.ch\\\/wp-content\\\/uploads\\\/2021\\\/10\\\/visualisierung_ilfiskreisel_langnauimemmental_raumgleiterag-scaled.jpg\",\"datePublished\":\"2021-10-19T06:32:16+00:00\",\"dateModified\":\"2021-10-21T08:12:25+00:00\",\"description\":\"In Langnau im Emmental ist der Spatenstich f\u00fcr eine Wohn- und Gewerbeimmobilie gefeiert worden. Es entstehen Wohnungen, B\u00fcros und Ladenfl\u00e4chen.\",\"breadcrumb\":{\"@id\":\"https:\\\/\\\/www.immobilienbusiness.ch\\\/de\\\/regionen\\\/2021-10-19\\\/langnau-i-e-spatenstich-fuer-neubau-am-ilfiskreisel\\\/#breadcrumb\"},\"inLanguage\":\"en-US\",\"potentialAction\":[{\"@type\":\"ReadAction\",\"target\":[\"https:\\\/\\\/www.immobilienbusiness.ch\\\/de\\\/regionen\\\/2021-10-19\\\/langnau-i-e-spatenstich-fuer-neubau-am-ilfiskreisel\\\/\"]}]},{\"@type\":\"ImageObject\",\"inLanguage\":\"en-US\",\"@id\":\"https:\\\/\\\/www.immobilienbusiness.ch\\\/de\\\/regionen\\\/2021-10-19\\\/langnau-i-e-spatenstich-fuer-neubau-am-ilfiskreisel\\\/#primaryimage\",\"url\":\"https:\\\/\\\/www.immobilienbusiness.ch\\\/wp-content\\\/uploads\\\/2021\\\/10\\\/visualisierung_ilfiskreisel_langnauimemmental_raumgleiterag-scaled.jpg\",\"contentUrl\":\"https:\\\/\\\/www.immobilienbusiness.ch\\\/wp-content\\\/uploads\\\/2021\\\/10\\\/visualisierung_ilfiskreisel_langnauimemmental_raumgleiterag-scaled.jpg\",\"width\":2560,\"height\":1706,\"caption\":\"In Langnau i.E. erstellt Halter eine Wohn- und Gewerbeimmobilie (Visualisierung Raumgleiter AG)\"},{\"@type\":\"BreadcrumbList\",\"@id\":\"https:\\\/\\\/www.immobilienbusiness.ch\\\/de\\\/regionen\\\/2021-10-19\\\/langnau-i-e-spatenstich-fuer-neubau-am-ilfiskreisel\\\/#breadcrumb\",\"itemListElement\":[{\"@type\":\"ListItem\",\"position\":1,\"name\":\"Home\",\"item\":\"https:\\\/\\\/www.immobilienbusiness.ch\\\/\"},{\"@type\":\"ListItem\",\"position\":2,\"name\":\"Langnau i.E.: Spatenstich f\u00fcr Neubau am Ilfiskreisel\"}]},{\"@type\":\"WebSite\",\"@id\":\"https:\\\/\\\/www.immobilienbusiness.ch\\\/#website\",\"url\":\"https:\\\/\\\/www.immobilienbusiness.ch\\\/\",\"name\":\"IMMOBILIEN Business\",\"description\":\"Unabh\u00e4ngiges Schweizer Wirtschaftsmagazin mit Fokus auf Immobilien, Architektur- und Bau sowie Investment- und Finanzierung.\",\"publisher\":{\"@id\":\"https:\\\/\\\/www.immobilienbusiness.ch\\\/#organization\"},\"potentialAction\":[{\"@type\":\"SearchAction\",\"target\":{\"@type\":\"EntryPoint\",\"urlTemplate\":\"https:\\\/\\\/www.immobilienbusiness.ch\\\/?s={search_term_string}\"},\"query-input\":{\"@type\":\"PropertyValueSpecification\",\"valueRequired\":true,\"valueName\":\"search_term_string\"}}],\"inLanguage\":\"en-US\"},{\"@type\":\"Organization\",\"@id\":\"https:\\\/\\\/www.immobilienbusiness.ch\\\/#organization\",\"name\":\"IMMOBILIEN Business\",\"url\":\"https:\\\/\\\/www.immobilienbusiness.ch\\\/\",\"logo\":{\"@type\":\"ImageObject\",\"inLanguage\":\"en-US\",\"@id\":\"https:\\\/\\\/www.immobilienbusiness.ch\\\/#\\\/schema\\\/logo\\\/image\\\/\",\"url\":\"https:\\\/\\\/www.immobilienbusiness.ch\\\/wp-content\\\/uploads\\\/2021\\\/07\\\/logo_ib.png\",\"contentUrl\":\"https:\\\/\\\/www.immobilienbusiness.ch\\\/wp-content\\\/uploads\\\/2021\\\/07\\\/logo_ib.png\",\"width\":800,\"height\":181,\"caption\":\"IMMOBILIEN Business\"},\"image\":{\"@id\":\"https:\\\/\\\/www.immobilienbusiness.ch\\\/#\\\/schema\\\/logo\\\/image\\\/\"},\"sameAs\":[\"https:\\\/\\\/www.facebook.com\\\/immobilienbusiness\\\/\"]},{\"@type\":\"Person\",\"@id\":\"https:\\\/\\\/www.immobilienbusiness.ch\\\/#\\\/schema\\\/person\\\/3fc036297b10b9f42d6db5ee932af8c8\",\"name\":\"anja.hall\",\"image\":{\"@type\":\"ImageObject\",\"inLanguage\":\"en-US\",\"@id\":\"https:\\\/\\\/secure.gravatar.com\\\/avatar\\\/066b5a0d447013502c71a5782f4f3469f03cfe595cc2329fb94652fe47511bfb?s=96&d=mm&r=g\",\"url\":\"https:\\\/\\\/secure.gravatar.com\\\/avatar\\\/066b5a0d447013502c71a5782f4f3469f03cfe595cc2329fb94652fe47511bfb?s=96&d=mm&r=g\",\"contentUrl\":\"https:\\\/\\\/secure.gravatar.com\\\/avatar\\\/066b5a0d447013502c71a5782f4f3469f03cfe595cc2329fb94652fe47511bfb?s=96&d=mm&r=g\",\"caption\":\"anja.hall\"},\"url\":\"https:\\\/\\\/www.immobilienbusiness.ch\\\/en\\\/author\\\/anja-hall\\\/\"}]}<\/script>\n<!-- \/ Yoast SEO plugin. -->","yoast_head_json":{"title":"Langnau i.E.: Spatenstich f\u00fcr Neubau am Ilfiskreisel - IMMOBILIEN Business","description":"The groundbreaking ceremony for a residential and commercial property has been celebrated in Langnau im Emmental. Apartments, offices and retail space are being built.","robots":{"index":"index","follow":"follow","max-snippet":"max-snippet:-1","max-image-preview":"max-image-preview:large","max-video-preview":"max-video-preview:-1"},"canonical":"https:\/\/www.immobilienbusiness.ch\/en\/regionen\/2021-10-19\/langnau-i-e-spatenstich-fuer-neubau-am-ilfiskreisel\/","og_locale":"en_US","og_type":"article","og_title":"Langnau i.E.: Spatenstich f\u00fcr Neubau am Ilfiskreisel - IMMOBILIEN Business","og_description":"In Langnau im Emmental ist der Spatenstich f\u00fcr eine Wohn- und Gewerbeimmobilie gefeiert worden. Es entstehen Wohnungen, B\u00fcros und Ladenfl\u00e4chen.","og_url":"https:\/\/www.immobilienbusiness.ch\/en\/regionen\/2021-10-19\/langnau-i-e-spatenstich-fuer-neubau-am-ilfiskreisel\/","og_site_name":"IMMOBILIEN Business","article_publisher":"https:\/\/www.facebook.com\/immobilienbusiness\/","article_published_time":"2021-10-19T06:32:16+00:00","article_modified_time":"2021-10-21T08:12:25+00:00","og_image":[{"width":2560,"height":1706,"url":"https:\/\/www.immobilienbusiness.ch\/wp-content\/uploads\/2021\/10\/visualisierung_ilfiskreisel_langnauimemmental_raumgleiterag-scaled.jpg","type":"image\/jpeg"}],"author":"anja.hall","twitter_card":"summary_large_image","twitter_image":"https:\/\/www.immobilienbusiness.ch\/wp-content\/uploads\/2021\/10\/visualisierung_ilfiskreisel_langnauimemmental_raumgleiterag-scaled.jpg","schema":{"@context":"https:\/\/schema.org","@graph":[{"@type":"Article","@id":"https:\/\/www.immobilienbusiness.ch\/de\/regionen\/2021-10-19\/langnau-i-e-spatenstich-fuer-neubau-am-ilfiskreisel\/#article","isPartOf":{"@id":"https:\/\/www.immobilienbusiness.ch\/de\/regionen\/2021-10-19\/langnau-i-e-spatenstich-fuer-neubau-am-ilfiskreisel\/"},"author":{"name":"anja.hall","@id":"https:\/\/www.immobilienbusiness.ch\/#\/schema\/person\/3fc036297b10b9f42d6db5ee932af8c8"},"headline":"Langnau i.E.: Spatenstich f\u00fcr Neubau am Ilfiskreisel","datePublished":"2021-10-19T06:32:16+00:00","dateModified":"2021-10-21T08:12:25+00:00","mainEntityOfPage":{"@id":"https:\/\/www.immobilienbusiness.ch\/de\/regionen\/2021-10-19\/langnau-i-e-spatenstich-fuer-neubau-am-ilfiskreisel\/"},"wordCount":206,"publisher":{"@id":"https:\/\/www.immobilienbusiness.ch\/#organization"},"image":{"@id":"https:\/\/www.immobilienbusiness.ch\/de\/regionen\/2021-10-19\/langnau-i-e-spatenstich-fuer-neubau-am-ilfiskreisel\/#primaryimage"},"thumbnailUrl":"https:\/\/www.immobilienbusiness.ch\/wp-content\/uploads\/2021\/10\/visualisierung_ilfiskreisel_langnauimemmental_raumgleiterag-scaled.jpg","keywords":["Gewerbeimmobilie","Halter AG","Kanton Bern","Projekt in Bau","Wohnimmobilien"],"articleSection":["REGIONEN"],"inLanguage":"en-US"},{"@type":"WebPage","@id":"https:\/\/www.immobilienbusiness.ch\/de\/regionen\/2021-10-19\/langnau-i-e-spatenstich-fuer-neubau-am-ilfiskreisel\/","url":"https:\/\/www.immobilienbusiness.ch\/de\/regionen\/2021-10-19\/langnau-i-e-spatenstich-fuer-neubau-am-ilfiskreisel\/","name":"Langnau i.E.: Spatenstich f\u00fcr Neubau am Ilfiskreisel - IMMOBILIEN Business","isPartOf":{"@id":"https:\/\/www.immobilienbusiness.ch\/#website"},"primaryImageOfPage":{"@id":"https:\/\/www.immobilienbusiness.ch\/de\/regionen\/2021-10-19\/langnau-i-e-spatenstich-fuer-neubau-am-ilfiskreisel\/#primaryimage"},"image":{"@id":"https:\/\/www.immobilienbusiness.ch\/de\/regionen\/2021-10-19\/langnau-i-e-spatenstich-fuer-neubau-am-ilfiskreisel\/#primaryimage"},"thumbnailUrl":"https:\/\/www.immobilienbusiness.ch\/wp-content\/uploads\/2021\/10\/visualisierung_ilfiskreisel_langnauimemmental_raumgleiterag-scaled.jpg","datePublished":"2021-10-19T06:32:16+00:00","dateModified":"2021-10-21T08:12:25+00:00","description":"The groundbreaking ceremony for a residential and commercial property has been celebrated in Langnau im Emmental. Apartments, offices and retail space are being built.","breadcrumb":{"@id":"https:\/\/www.immobilienbusiness.ch\/de\/regionen\/2021-10-19\/langnau-i-e-spatenstich-fuer-neubau-am-ilfiskreisel\/#breadcrumb"},"inLanguage":"en-US","potentialAction":[{"@type":"ReadAction","target":["https:\/\/www.immobilienbusiness.ch\/de\/regionen\/2021-10-19\/langnau-i-e-spatenstich-fuer-neubau-am-ilfiskreisel\/"]}]},{"@type":"ImageObject","inLanguage":"en-US","@id":"https:\/\/www.immobilienbusiness.ch\/de\/regionen\/2021-10-19\/langnau-i-e-spatenstich-fuer-neubau-am-ilfiskreisel\/#primaryimage","url":"https:\/\/www.immobilienbusiness.ch\/wp-content\/uploads\/2021\/10\/visualisierung_ilfiskreisel_langnauimemmental_raumgleiterag-scaled.jpg","contentUrl":"https:\/\/www.immobilienbusiness.ch\/wp-content\/uploads\/2021\/10\/visualisierung_ilfiskreisel_langnauimemmental_raumgleiterag-scaled.jpg","width":2560,"height":1706,"caption":"In Langnau i.E. erstellt Halter eine Wohn- und Gewerbeimmobilie (Visualisierung Raumgleiter AG)"},{"@type":"BreadcrumbList","@id":"https:\/\/www.immobilienbusiness.ch\/de\/regionen\/2021-10-19\/langnau-i-e-spatenstich-fuer-neubau-am-ilfiskreisel\/#breadcrumb","itemListElement":[{"@type":"ListItem","position":1,"name":"Home","item":"https:\/\/www.immobilienbusiness.ch\/"},{"@type":"ListItem","position":2,"name":"Langnau i.E.: Spatenstich f\u00fcr Neubau am Ilfiskreisel"}]},{"@type":"WebSite","@id":"https:\/\/www.immobilienbusiness.ch\/#website","url":"https:\/\/www.immobilienbusiness.ch\/","name":"REAL ESTATE Business","description":"Independent Swiss business magazine focusing on real estate, architecture and construction as well as investment and financing.","publisher":{"@id":"https:\/\/www.immobilienbusiness.ch\/#organization"},"potentialAction":[{"@type":"SearchAction","target":{"@type":"EntryPoint","urlTemplate":"https:\/\/www.immobilienbusiness.ch\/?s={search_term_string}"},"query-input":{"@type":"PropertyValueSpecification","valueRequired":true,"valueName":"search_term_string"}}],"inLanguage":"en-US"},{"@type":"Organization","@id":"https:\/\/www.immobilienbusiness.ch\/#organization","name":"REAL ESTATE Business","url":"https:\/\/www.immobilienbusiness.ch\/","logo":{"@type":"ImageObject","inLanguage":"en-US","@id":"https:\/\/www.immobilienbusiness.ch\/#\/schema\/logo\/image\/","url":"https:\/\/www.immobilienbusiness.ch\/wp-content\/uploads\/2021\/07\/logo_ib.png","contentUrl":"https:\/\/www.immobilienbusiness.ch\/wp-content\/uploads\/2021\/07\/logo_ib.png","width":800,"height":181,"caption":"IMMOBILIEN Business"},"image":{"@id":"https:\/\/www.immobilienbusiness.ch\/#\/schema\/logo\/image\/"},"sameAs":["https:\/\/www.facebook.com\/immobilienbusiness\/"]},{"@type":"Person","@id":"https:\/\/www.immobilienbusiness.ch\/#\/schema\/person\/3fc036297b10b9f42d6db5ee932af8c8","name":"anja.hall","image":{"@type":"ImageObject","inLanguage":"en-US","@id":"https:\/\/secure.gravatar.com\/avatar\/066b5a0d447013502c71a5782f4f3469f03cfe595cc2329fb94652fe47511bfb?s=96&d=mm&r=g","url":"https:\/\/secure.gravatar.com\/avatar\/066b5a0d447013502c71a5782f4f3469f03cfe595cc2329fb94652fe47511bfb?s=96&d=mm&r=g","contentUrl":"https:\/\/secure.gravatar.com\/avatar\/066b5a0d447013502c71a5782f4f3469f03cfe595cc2329fb94652fe47511bfb?s=96&d=mm&r=g","caption":"anja.hall"},"url":"https:\/\/www.immobilienbusiness.ch\/en\/author\/anja-hall\/"}]}},"_links":{"self":[{"href":"https:\/\/www.immobilienbusiness.ch\/en\/wp-json\/wp\/v2\/posts\/38697","targetHints":{"allow":["GET"]}}],"collection":[{"href":"https:\/\/www.immobilienbusiness.ch\/en\/wp-json\/wp\/v2\/posts"}],"about":[{"href":"https:\/\/www.immobilienbusiness.ch\/en\/wp-json\/wp\/v2\/types\/post"}],"author":[{"embeddable":true,"href":"https:\/\/www.immobilienbusiness.ch\/en\/wp-json\/wp\/v2\/users\/3"}],"replies":[{"embeddable":true,"href":"https:\/\/www.immobilienbusiness.ch\/en\/wp-json\/wp\/v2\/comments?post=38697"}],"version-history":[{"count":4,"href":"https:\/\/www.immobilienbusiness.ch\/en\/wp-json\/wp\/v2\/posts\/38697\/revisions"}],"predecessor-version":[{"id":38738,"href":"https:\/\/www.immobilienbusiness.ch\/en\/wp-json\/wp\/v2\/posts\/38697\/revisions\/38738"}],"wp:featuredmedia":[{"embeddable":true,"href":"https:\/\/www.immobilienbusiness.ch\/en\/wp-json\/wp\/v2\/media\/38698"}],"wp:attachment":[{"href":"https:\/\/www.immobilienbusiness.ch\/en\/wp-json\/wp\/v2\/media?parent=38697"}],"wp:term":[{"taxonomy":"category","embeddable":true,"href":"https:\/\/www.immobilienbusiness.ch\/en\/wp-json\/wp\/v2\/categories?post=38697"},{"taxonomy":"post_tag","embeddable":true,"href":"https:\/\/www.immobilienbusiness.ch\/en\/wp-json\/wp\/v2\/tags?post=38697"}],"curies":[{"name":"wp","href":"https:\/\/api.w.org\/{rel}","templated":true}]}}