{"id":3727,"date":"2016-08-29T09:20:47","date_gmt":"2016-08-29T07:20:47","guid":{"rendered":"http:\/\/dev.immobilienbusiness.ch\/?p=3727"},"modified":"2016-08-29T09:20:47","modified_gmt":"2016-08-29T07:20:47","slug":"basel-baustart-fuer-allreal-projekt","status":"publish","type":"post","link":"https:\/\/www.immobilienbusiness.ch\/en\/residential\/2016-08-29\/basel-baustart-fuer-allreal-projekt\/","title":{"rendered":"Basel: Start of construction for Allreal project"},"content":{"rendered":"<figure id=\"attachment_3728\" aria-describedby=\"caption-attachment-3728\" style=\"width: 680px\" class=\"wp-caption alignnone\"><img loading=\"lazy\" decoding=\"async\" class=\"size-medium wp-image-3728\" src=\"https:\/\/immobilienbusiness.ch\/wp-content\/uploads\/2016\/12\/Basel-Baustart-f\u00fcr-Allreal-Projekt-immoblien-business.jpg\" alt=\"Baustart f\u00fcr Allreal-Projekt in Basel (Visualisierung: Allreal)\" width=\"680\" height=\"425\" \/><figcaption id=\"caption-attachment-3728\" class=\"wp-caption-text\">Start of construction for Allreal project in Basel (Visualization: Allreal)<\/figcaption><\/figure>\n<p>The Am Kirschbl\u00fctenweg development is located on a park-like site at the end of a cul-de-sac. Construction work on the project began on August 25, 2016, and is expected to last until the end of 2017. All of the houses had already been sold before construction began, according to Allreal.<\/p>\n<p>The project meets the Minergie standard. Heating is generated with gas, hot water with solar collectors. (ah)<\/p>","protected":false},"excerpt":{"rendered":"<p>An Allreal residential development is being built on the Bruderholz in Basel. A total of twelve terraced single-family homes with 5.5 and 6.5 rooms are being built in two buildings. The investment volume is CHF 16 million.<\/p>","protected":false},"author":1,"featured_media":3728,"comment_status":"open","ping_status":"open","sticky":false,"template":"","format":"standard","meta":{"_acf_changed":false,"_yoast_wpseo_focuskw":"Baustart f\u00fcr Allreal-Projekt","_yoast_wpseo_title":"","_yoast_wpseo_metadesc":"Baustart f\u00fcr Allreal-Projekt: Auf dem Bruderholz entsteht eine Wohn\u00fcberbauung der Allreal. In zwei Geb\u00e4uden werden insgesamt zw\u00f6lf Reihen-EFH errichtet.","_yoast_wpseo_linkdex":60,"pgc_sgb_lightbox_settings":"","footnotes":""},"categories":[986],"tags":[1069,1639,1862],"class_list":["post-3727","post","type-post","status-publish","format-standard","has-post-thumbnail","hentry","category-residential","tag-basel","tag-residential","tag-wohnen"],"acf":[],"yoast_head":"<!-- This site is optimized with the Yoast SEO plugin v27.4 - https:\/\/yoast.com\/product\/yoast-seo-wordpress\/ -->\n<title>Basel: Baustart f\u00fcr Allreal-Projekt - IMMOBILIEN Business<\/title>\n<meta name=\"description\" content=\"Baustart f\u00fcr Allreal-Projekt: Auf dem Bruderholz entsteht eine Wohn\u00fcberbauung der Allreal. In zwei Geb\u00e4uden werden insgesamt zw\u00f6lf Reihen-EFH errichtet.\" \/>\n<meta name=\"robots\" content=\"index, follow, max-snippet:-1, max-image-preview:large, max-video-preview:-1\" \/>\n<link rel=\"canonical\" href=\"https:\/\/www.immobilienbusiness.ch\/en\/residential\/2016-08-29\/basel-baustart-fuer-allreal-projekt\/\" \/>\n<meta property=\"og:locale\" content=\"en_US\" \/>\n<meta property=\"og:type\" content=\"article\" \/>\n<meta property=\"og:title\" content=\"Basel: Baustart f\u00fcr Allreal-Projekt\" \/>\n<meta property=\"og:description\" content=\"Auf dem Bruderholz in Basel entsteht eine Wohn\u00fcberbauung der Allreal. In zwei Geb\u00e4uden werden insgesamt zw\u00f6lf Reihen-Einfamilienh\u00e4usern mit 5,5 und 6,5 Zimmern errichtet. Das Investitionsvolumen liegt bei 16 Millionen CHF.\" \/>\n<meta property=\"og:url\" content=\"https:\/\/www.immobilienbusiness.ch\/en\/residential\/2016-08-29\/basel-baustart-fuer-allreal-projekt\/\" \/>\n<meta property=\"og:site_name\" content=\"IMMOBILIEN Business\" \/>\n<meta property=\"article:publisher\" content=\"https:\/\/www.facebook.com\/immobilienbusiness\/\" \/>\n<meta property=\"article:published_time\" content=\"2016-08-29T07:20:47+00:00\" \/>\n<meta name=\"author\" content=\"Redaktion\" \/>\n<meta name=\"twitter:card\" content=\"summary_large_image\" \/>\n<meta name=\"twitter:image\" content=\"https:\/\/www.immobilienbusiness.ch\/wp-content\/uploads\/2016\/12\/Basel-Baustart-fuer-Allreal-Projekt-immoblien-business.jpg\" \/>\n<script type=\"application\/ld+json\" class=\"yoast-schema-graph\">{\"@context\":\"https:\\\/\\\/schema.org\",\"@graph\":[{\"@type\":\"Article\",\"@id\":\"https:\\\/\\\/www.immobilienbusiness.ch\\\/en\\\/residential\\\/2016-08-29\\\/basel-baustart-fuer-allreal-projekt\\\/#article\",\"isPartOf\":{\"@id\":\"https:\\\/\\\/www.immobilienbusiness.ch\\\/en\\\/residential\\\/2016-08-29\\\/basel-baustart-fuer-allreal-projekt\\\/\"},\"author\":{\"name\":\"Redaktion\",\"@id\":\"https:\\\/\\\/www.immobilienbusiness.ch\\\/#\\\/schema\\\/person\\\/aa2bace6c5c5aad60102004a50c4eb1c\"},\"headline\":\"Basel: Baustart f\u00fcr Allreal-Projekt\",\"datePublished\":\"2016-08-29T07:20:47+00:00\",\"mainEntityOfPage\":{\"@id\":\"https:\\\/\\\/www.immobilienbusiness.ch\\\/en\\\/residential\\\/2016-08-29\\\/basel-baustart-fuer-allreal-projekt\\\/\"},\"wordCount\":80,\"commentCount\":0,\"publisher\":{\"@id\":\"https:\\\/\\\/www.immobilienbusiness.ch\\\/#organization\"},\"image\":{\"@id\":\"https:\\\/\\\/www.immobilienbusiness.ch\\\/en\\\/residential\\\/2016-08-29\\\/basel-baustart-fuer-allreal-projekt\\\/#primaryimage\"},\"thumbnailUrl\":\"https:\\\/\\\/www.immobilienbusiness.ch\\\/wp-content\\\/uploads\\\/2016\\\/12\\\/Basel-Baustart-fuer-Allreal-Projekt-immoblien-business.jpg\",\"keywords\":[\"Basel\",\"Residential\",\"Wohnen\"],\"articleSection\":[\"RESIDENTIAL\"],\"inLanguage\":\"en-US\"},{\"@type\":\"WebPage\",\"@id\":\"https:\\\/\\\/www.immobilienbusiness.ch\\\/en\\\/residential\\\/2016-08-29\\\/basel-baustart-fuer-allreal-projekt\\\/\",\"url\":\"https:\\\/\\\/www.immobilienbusiness.ch\\\/en\\\/residential\\\/2016-08-29\\\/basel-baustart-fuer-allreal-projekt\\\/\",\"name\":\"Basel: Baustart f\u00fcr Allreal-Projekt - IMMOBILIEN Business\",\"isPartOf\":{\"@id\":\"https:\\\/\\\/www.immobilienbusiness.ch\\\/#website\"},\"primaryImageOfPage\":{\"@id\":\"https:\\\/\\\/www.immobilienbusiness.ch\\\/en\\\/residential\\\/2016-08-29\\\/basel-baustart-fuer-allreal-projekt\\\/#primaryimage\"},\"image\":{\"@id\":\"https:\\\/\\\/www.immobilienbusiness.ch\\\/en\\\/residential\\\/2016-08-29\\\/basel-baustart-fuer-allreal-projekt\\\/#primaryimage\"},\"thumbnailUrl\":\"https:\\\/\\\/www.immobilienbusiness.ch\\\/wp-content\\\/uploads\\\/2016\\\/12\\\/Basel-Baustart-fuer-Allreal-Projekt-immoblien-business.jpg\",\"datePublished\":\"2016-08-29T07:20:47+00:00\",\"description\":\"Baustart f\u00fcr Allreal-Projekt: Auf dem Bruderholz entsteht eine Wohn\u00fcberbauung der Allreal. In zwei Geb\u00e4uden werden insgesamt zw\u00f6lf Reihen-EFH errichtet.\",\"breadcrumb\":{\"@id\":\"https:\\\/\\\/www.immobilienbusiness.ch\\\/en\\\/residential\\\/2016-08-29\\\/basel-baustart-fuer-allreal-projekt\\\/#breadcrumb\"},\"inLanguage\":\"en-US\",\"potentialAction\":[{\"@type\":\"ReadAction\",\"target\":[\"https:\\\/\\\/www.immobilienbusiness.ch\\\/en\\\/residential\\\/2016-08-29\\\/basel-baustart-fuer-allreal-projekt\\\/\"]}]},{\"@type\":\"ImageObject\",\"inLanguage\":\"en-US\",\"@id\":\"https:\\\/\\\/www.immobilienbusiness.ch\\\/en\\\/residential\\\/2016-08-29\\\/basel-baustart-fuer-allreal-projekt\\\/#primaryimage\",\"url\":\"https:\\\/\\\/www.immobilienbusiness.ch\\\/wp-content\\\/uploads\\\/2016\\\/12\\\/Basel-Baustart-fuer-Allreal-Projekt-immoblien-business.jpg\",\"contentUrl\":\"https:\\\/\\\/www.immobilienbusiness.ch\\\/wp-content\\\/uploads\\\/2016\\\/12\\\/Basel-Baustart-fuer-Allreal-Projekt-immoblien-business.jpg\",\"width\":2560,\"height\":1600,\"caption\":\"Baustart f\u00fcr Allreal-Projekt in Basel (Visualisierung: Allreal)\"},{\"@type\":\"BreadcrumbList\",\"@id\":\"https:\\\/\\\/www.immobilienbusiness.ch\\\/en\\\/residential\\\/2016-08-29\\\/basel-baustart-fuer-allreal-projekt\\\/#breadcrumb\",\"itemListElement\":[{\"@type\":\"ListItem\",\"position\":1,\"name\":\"Home\",\"item\":\"https:\\\/\\\/www.immobilienbusiness.ch\\\/\"},{\"@type\":\"ListItem\",\"position\":2,\"name\":\"Basel: Baustart f\u00fcr Allreal-Projekt\"}]},{\"@type\":\"WebSite\",\"@id\":\"https:\\\/\\\/www.immobilienbusiness.ch\\\/#website\",\"url\":\"https:\\\/\\\/www.immobilienbusiness.ch\\\/\",\"name\":\"IMMOBILIEN Business\",\"description\":\"Unabh\u00e4ngiges Schweizer Wirtschaftsmagazin mit Fokus auf Immobilien, Architektur- und Bau sowie Investment- und Finanzierung.\",\"publisher\":{\"@id\":\"https:\\\/\\\/www.immobilienbusiness.ch\\\/#organization\"},\"potentialAction\":[{\"@type\":\"SearchAction\",\"target\":{\"@type\":\"EntryPoint\",\"urlTemplate\":\"https:\\\/\\\/www.immobilienbusiness.ch\\\/?s={search_term_string}\"},\"query-input\":{\"@type\":\"PropertyValueSpecification\",\"valueRequired\":true,\"valueName\":\"search_term_string\"}}],\"inLanguage\":\"en-US\"},{\"@type\":\"Organization\",\"@id\":\"https:\\\/\\\/www.immobilienbusiness.ch\\\/#organization\",\"name\":\"IMMOBILIEN Business\",\"url\":\"https:\\\/\\\/www.immobilienbusiness.ch\\\/\",\"logo\":{\"@type\":\"ImageObject\",\"inLanguage\":\"en-US\",\"@id\":\"https:\\\/\\\/www.immobilienbusiness.ch\\\/#\\\/schema\\\/logo\\\/image\\\/\",\"url\":\"https:\\\/\\\/www.immobilienbusiness.ch\\\/wp-content\\\/uploads\\\/2021\\\/07\\\/logo_ib.png\",\"contentUrl\":\"https:\\\/\\\/www.immobilienbusiness.ch\\\/wp-content\\\/uploads\\\/2021\\\/07\\\/logo_ib.png\",\"width\":800,\"height\":181,\"caption\":\"IMMOBILIEN Business\"},\"image\":{\"@id\":\"https:\\\/\\\/www.immobilienbusiness.ch\\\/#\\\/schema\\\/logo\\\/image\\\/\"},\"sameAs\":[\"https:\\\/\\\/www.facebook.com\\\/immobilienbusiness\\\/\"]},{\"@type\":\"Person\",\"@id\":\"https:\\\/\\\/www.immobilienbusiness.ch\\\/#\\\/schema\\\/person\\\/aa2bace6c5c5aad60102004a50c4eb1c\",\"name\":\"Redaktion\",\"image\":{\"@type\":\"ImageObject\",\"inLanguage\":\"en-US\",\"@id\":\"https:\\\/\\\/secure.gravatar.com\\\/avatar\\\/ae2f4d718e6c49043e314ce431e7e645d646302a24a5ef5a8bc8e3f5a032e319?s=96&d=mm&r=g\",\"url\":\"https:\\\/\\\/secure.gravatar.com\\\/avatar\\\/ae2f4d718e6c49043e314ce431e7e645d646302a24a5ef5a8bc8e3f5a032e319?s=96&d=mm&r=g\",\"contentUrl\":\"https:\\\/\\\/secure.gravatar.com\\\/avatar\\\/ae2f4d718e6c49043e314ce431e7e645d646302a24a5ef5a8bc8e3f5a032e319?s=96&d=mm&r=g\",\"caption\":\"Redaktion\"},\"sameAs\":[\"http:\\\/\\\/develop.organisator.galledia.ch\"],\"url\":\"https:\\\/\\\/www.immobilienbusiness.ch\\\/en\\\/author\\\/admin\\\/\"}]}<\/script>\n<!-- \/ Yoast SEO plugin. -->","yoast_head_json":{"title":"Basel: Baustart f\u00fcr Allreal-Projekt - IMMOBILIEN Business","description":"Baustart f\u00fcr Allreal-Projekt: Auf dem Bruderholz entsteht eine Wohn\u00fcberbauung der Allreal. In zwei Geb\u00e4uden werden insgesamt zw\u00f6lf Reihen-EFH errichtet.","robots":{"index":"index","follow":"follow","max-snippet":"max-snippet:-1","max-image-preview":"max-image-preview:large","max-video-preview":"max-video-preview:-1"},"canonical":"https:\/\/www.immobilienbusiness.ch\/en\/residential\/2016-08-29\/basel-baustart-fuer-allreal-projekt\/","og_locale":"en_US","og_type":"article","og_title":"Basel: Baustart f\u00fcr Allreal-Projekt","og_description":"Auf dem Bruderholz in Basel entsteht eine Wohn\u00fcberbauung der Allreal. In zwei Geb\u00e4uden werden insgesamt zw\u00f6lf Reihen-Einfamilienh\u00e4usern mit 5,5 und 6,5 Zimmern errichtet. Das Investitionsvolumen liegt bei 16 Millionen CHF.","og_url":"https:\/\/www.immobilienbusiness.ch\/en\/residential\/2016-08-29\/basel-baustart-fuer-allreal-projekt\/","og_site_name":"IMMOBILIEN Business","article_publisher":"https:\/\/www.facebook.com\/immobilienbusiness\/","article_published_time":"2016-08-29T07:20:47+00:00","author":"Redaktion","twitter_card":"summary_large_image","twitter_image":"https:\/\/www.immobilienbusiness.ch\/wp-content\/uploads\/2016\/12\/Basel-Baustart-fuer-Allreal-Projekt-immoblien-business.jpg","schema":{"@context":"https:\/\/schema.org","@graph":[{"@type":"Article","@id":"https:\/\/www.immobilienbusiness.ch\/en\/residential\/2016-08-29\/basel-baustart-fuer-allreal-projekt\/#article","isPartOf":{"@id":"https:\/\/www.immobilienbusiness.ch\/en\/residential\/2016-08-29\/basel-baustart-fuer-allreal-projekt\/"},"author":{"name":"Redaktion","@id":"https:\/\/www.immobilienbusiness.ch\/#\/schema\/person\/aa2bace6c5c5aad60102004a50c4eb1c"},"headline":"Basel: Baustart f\u00fcr Allreal-Projekt","datePublished":"2016-08-29T07:20:47+00:00","mainEntityOfPage":{"@id":"https:\/\/www.immobilienbusiness.ch\/en\/residential\/2016-08-29\/basel-baustart-fuer-allreal-projekt\/"},"wordCount":80,"commentCount":0,"publisher":{"@id":"https:\/\/www.immobilienbusiness.ch\/#organization"},"image":{"@id":"https:\/\/www.immobilienbusiness.ch\/en\/residential\/2016-08-29\/basel-baustart-fuer-allreal-projekt\/#primaryimage"},"thumbnailUrl":"https:\/\/www.immobilienbusiness.ch\/wp-content\/uploads\/2016\/12\/Basel-Baustart-fuer-Allreal-Projekt-immoblien-business.jpg","keywords":["Basel","Residential","Wohnen"],"articleSection":["RESIDENTIAL"],"inLanguage":"en-US"},{"@type":"WebPage","@id":"https:\/\/www.immobilienbusiness.ch\/en\/residential\/2016-08-29\/basel-baustart-fuer-allreal-projekt\/","url":"https:\/\/www.immobilienbusiness.ch\/en\/residential\/2016-08-29\/basel-baustart-fuer-allreal-projekt\/","name":"Basel: Baustart f\u00fcr Allreal-Projekt - IMMOBILIEN Business","isPartOf":{"@id":"https:\/\/www.immobilienbusiness.ch\/#website"},"primaryImageOfPage":{"@id":"https:\/\/www.immobilienbusiness.ch\/en\/residential\/2016-08-29\/basel-baustart-fuer-allreal-projekt\/#primaryimage"},"image":{"@id":"https:\/\/www.immobilienbusiness.ch\/en\/residential\/2016-08-29\/basel-baustart-fuer-allreal-projekt\/#primaryimage"},"thumbnailUrl":"https:\/\/www.immobilienbusiness.ch\/wp-content\/uploads\/2016\/12\/Basel-Baustart-fuer-Allreal-Projekt-immoblien-business.jpg","datePublished":"2016-08-29T07:20:47+00:00","description":"Baustart f\u00fcr Allreal-Projekt: Auf dem Bruderholz entsteht eine Wohn\u00fcberbauung der Allreal. In zwei Geb\u00e4uden werden insgesamt zw\u00f6lf Reihen-EFH errichtet.","breadcrumb":{"@id":"https:\/\/www.immobilienbusiness.ch\/en\/residential\/2016-08-29\/basel-baustart-fuer-allreal-projekt\/#breadcrumb"},"inLanguage":"en-US","potentialAction":[{"@type":"ReadAction","target":["https:\/\/www.immobilienbusiness.ch\/en\/residential\/2016-08-29\/basel-baustart-fuer-allreal-projekt\/"]}]},{"@type":"ImageObject","inLanguage":"en-US","@id":"https:\/\/www.immobilienbusiness.ch\/en\/residential\/2016-08-29\/basel-baustart-fuer-allreal-projekt\/#primaryimage","url":"https:\/\/www.immobilienbusiness.ch\/wp-content\/uploads\/2016\/12\/Basel-Baustart-fuer-Allreal-Projekt-immoblien-business.jpg","contentUrl":"https:\/\/www.immobilienbusiness.ch\/wp-content\/uploads\/2016\/12\/Basel-Baustart-fuer-Allreal-Projekt-immoblien-business.jpg","width":2560,"height":1600,"caption":"Baustart f\u00fcr Allreal-Projekt in Basel (Visualisierung: Allreal)"},{"@type":"BreadcrumbList","@id":"https:\/\/www.immobilienbusiness.ch\/en\/residential\/2016-08-29\/basel-baustart-fuer-allreal-projekt\/#breadcrumb","itemListElement":[{"@type":"ListItem","position":1,"name":"Home","item":"https:\/\/www.immobilienbusiness.ch\/"},{"@type":"ListItem","position":2,"name":"Basel: Baustart f\u00fcr Allreal-Projekt"}]},{"@type":"WebSite","@id":"https:\/\/www.immobilienbusiness.ch\/#website","url":"https:\/\/www.immobilienbusiness.ch\/","name":"REAL ESTATE Business","description":"Independent Swiss business magazine focusing on real estate, architecture and construction as well as investment and financing.","publisher":{"@id":"https:\/\/www.immobilienbusiness.ch\/#organization"},"potentialAction":[{"@type":"SearchAction","target":{"@type":"EntryPoint","urlTemplate":"https:\/\/www.immobilienbusiness.ch\/?s={search_term_string}"},"query-input":{"@type":"PropertyValueSpecification","valueRequired":true,"valueName":"search_term_string"}}],"inLanguage":"en-US"},{"@type":"Organization","@id":"https:\/\/www.immobilienbusiness.ch\/#organization","name":"REAL ESTATE Business","url":"https:\/\/www.immobilienbusiness.ch\/","logo":{"@type":"ImageObject","inLanguage":"en-US","@id":"https:\/\/www.immobilienbusiness.ch\/#\/schema\/logo\/image\/","url":"https:\/\/www.immobilienbusiness.ch\/wp-content\/uploads\/2021\/07\/logo_ib.png","contentUrl":"https:\/\/www.immobilienbusiness.ch\/wp-content\/uploads\/2021\/07\/logo_ib.png","width":800,"height":181,"caption":"IMMOBILIEN Business"},"image":{"@id":"https:\/\/www.immobilienbusiness.ch\/#\/schema\/logo\/image\/"},"sameAs":["https:\/\/www.facebook.com\/immobilienbusiness\/"]},{"@type":"Person","@id":"https:\/\/www.immobilienbusiness.ch\/#\/schema\/person\/aa2bace6c5c5aad60102004a50c4eb1c","name":"Editorial","image":{"@type":"ImageObject","inLanguage":"en-US","@id":"https:\/\/secure.gravatar.com\/avatar\/ae2f4d718e6c49043e314ce431e7e645d646302a24a5ef5a8bc8e3f5a032e319?s=96&d=mm&r=g","url":"https:\/\/secure.gravatar.com\/avatar\/ae2f4d718e6c49043e314ce431e7e645d646302a24a5ef5a8bc8e3f5a032e319?s=96&d=mm&r=g","contentUrl":"https:\/\/secure.gravatar.com\/avatar\/ae2f4d718e6c49043e314ce431e7e645d646302a24a5ef5a8bc8e3f5a032e319?s=96&d=mm&r=g","caption":"Redaktion"},"sameAs":["http:\/\/develop.organisator.galledia.ch"],"url":"https:\/\/www.immobilienbusiness.ch\/en\/author\/admin\/"}]}},"_links":{"self":[{"href":"https:\/\/www.immobilienbusiness.ch\/en\/wp-json\/wp\/v2\/posts\/3727","targetHints":{"allow":["GET"]}}],"collection":[{"href":"https:\/\/www.immobilienbusiness.ch\/en\/wp-json\/wp\/v2\/posts"}],"about":[{"href":"https:\/\/www.immobilienbusiness.ch\/en\/wp-json\/wp\/v2\/types\/post"}],"author":[{"embeddable":true,"href":"https:\/\/www.immobilienbusiness.ch\/en\/wp-json\/wp\/v2\/users\/1"}],"replies":[{"embeddable":true,"href":"https:\/\/www.immobilienbusiness.ch\/en\/wp-json\/wp\/v2\/comments?post=3727"}],"version-history":[{"count":0,"href":"https:\/\/www.immobilienbusiness.ch\/en\/wp-json\/wp\/v2\/posts\/3727\/revisions"}],"wp:featuredmedia":[{"embeddable":true,"href":"https:\/\/www.immobilienbusiness.ch\/en\/wp-json\/wp\/v2\/media\/3728"}],"wp:attachment":[{"href":"https:\/\/www.immobilienbusiness.ch\/en\/wp-json\/wp\/v2\/media?parent=3727"}],"wp:term":[{"taxonomy":"category","embeddable":true,"href":"https:\/\/www.immobilienbusiness.ch\/en\/wp-json\/wp\/v2\/categories?post=3727"},{"taxonomy":"post_tag","embeddable":true,"href":"https:\/\/www.immobilienbusiness.ch\/en\/wp-json\/wp\/v2\/tags?post=3727"}],"curies":[{"name":"wp","href":"https:\/\/api.w.org\/{rel}","templated":true}]}}