{"id":3697,"date":"2016-08-29T08:32:04","date_gmt":"2016-08-29T06:32:04","guid":{"rendered":"http:\/\/dev.immobilienbusiness.ch\/?p=3697"},"modified":"2016-08-29T08:32:04","modified_gmt":"2016-08-29T06:32:04","slug":"schweiz-frankreich-und-deutschland-planen-trinationales-wohnquartier","status":"publish","type":"post","link":"https:\/\/www.immobilienbusiness.ch\/en\/residential\/2016-08-29\/schweiz-frankreich-und-deutschland-planen-trinationales-wohnquartier\/","title":{"rendered":"Switzerland, France and Germany plan trinational residential quarter"},"content":{"rendered":"<figure id=\"attachment_3698\" aria-describedby=\"caption-attachment-3698\" style=\"width: 680px\" class=\"wp-caption alignnone\"><img loading=\"lazy\" decoding=\"async\" class=\"size-medium wp-image-3698\" src=\"https:\/\/immobilienbusiness.ch\/wp-content\/uploads\/2016\/12\/Schweiz-Frankreich-und-Deutschland-planen-trinationales-Wohnquartier-immobilien-business.jpg\" alt=\"Entwicklungsvision \u00ab3Land\u00bb (Grafik\/Visualisierung: IBA Basel 2020)\" width=\"680\" height=\"571\" srcset=\"https:\/\/www.immobilienbusiness.ch\/wp-content\/uploads\/2016\/12\/Schweiz-Frankreich-und-Deutschland-planen-trinationales-Wohnquartier-immobilien-business.jpg 2560w, https:\/\/www.immobilienbusiness.ch\/wp-content\/uploads\/2016\/12\/Schweiz-Frankreich-und-Deutschland-planen-trinationales-Wohnquartier-immobilien-business-300x252.jpg 300w, https:\/\/www.immobilienbusiness.ch\/wp-content\/uploads\/2016\/12\/Schweiz-Frankreich-und-Deutschland-planen-trinationales-Wohnquartier-immobilien-business-1024x860.jpg 1024w, https:\/\/www.immobilienbusiness.ch\/wp-content\/uploads\/2016\/12\/Schweiz-Frankreich-und-Deutschland-planen-trinationales-Wohnquartier-immobilien-business-768x645.jpg 768w, https:\/\/www.immobilienbusiness.ch\/wp-content\/uploads\/2016\/12\/Schweiz-Frankreich-und-Deutschland-planen-trinationales-Wohnquartier-immobilien-business-1536x1289.jpg 1536w, https:\/\/www.immobilienbusiness.ch\/wp-content\/uploads\/2016\/12\/Schweiz-Frankreich-und-Deutschland-planen-trinationales-Wohnquartier-immobilien-business-2048x1719.jpg 2048w, https:\/\/www.immobilienbusiness.ch\/wp-content\/uploads\/2016\/12\/Schweiz-Frankreich-und-Deutschland-planen-trinationales-Wohnquartier-immobilien-business-14x12.jpg 14w, https:\/\/www.immobilienbusiness.ch\/wp-content\/uploads\/2016\/12\/Schweiz-Frankreich-und-Deutschland-planen-trinationales-Wohnquartier-immobilien-business-208x175.jpg 208w, https:\/\/www.immobilienbusiness.ch\/wp-content\/uploads\/2016\/12\/Schweiz-Frankreich-und-Deutschland-planen-trinationales-Wohnquartier-immobilien-business-417x350.jpg 417w, https:\/\/www.immobilienbusiness.ch\/wp-content\/uploads\/2016\/12\/Schweiz-Frankreich-und-Deutschland-planen-trinationales-Wohnquartier-immobilien-business-953x800.jpg 953w, https:\/\/www.immobilienbusiness.ch\/wp-content\/uploads\/2016\/12\/Schweiz-Frankreich-und-Deutschland-planen-trinationales-Wohnquartier-immobilien-business-920x772.jpg 920w, https:\/\/www.immobilienbusiness.ch\/wp-content\/uploads\/2016\/12\/Schweiz-Frankreich-und-Deutschland-planen-trinationales-Wohnquartier-immobilien-business-1400x1175.jpg 1400w, https:\/\/www.immobilienbusiness.ch\/wp-content\/uploads\/2016\/12\/Schweiz-Frankreich-und-Deutschland-planen-trinationales-Wohnquartier-immobilien-business-1668x1400.jpg 1668w\" sizes=\"auto, (max-width: 680px) 100vw, 680px\" \/><figcaption id=\"caption-attachment-3698\" class=\"wp-caption-text\">Development vision \"3Land\" (graphic\/visualization: IBA Basel 2020)<\/figcaption><\/figure>\n<p>The background to the project is the structural change in the port and industrial areas along the Rhine, which opens up new urban development options. The partners want to jointly plan and coordinate various projects on an area of around 430 hectares - between the Palmrain Bridge in the north and the Dreirosen Bridge in the south - and better \"anchor the Rhine as a connecting element in the collective consciousness of the region\", according to a press release. The initiators hope that the urban development project will open up new potential in a similar way to Hamburg's Hafencity. The first concrete plans are to be presented at the International Building Exhibition (IBA) Basel 2020.<\/p>\n<p>The idea for the joint urban development dates back to 2011, when the Dutch office MVRDV drew up the master plan \"Development Vision 3Land\". In September 2012, Basel, Weil am Rhein and H\u00fcningen concluded an initial planning agreement and in 2013, with financial support from the EU, commissioned the Berlin office LIN with the \"Spatial Concept 3Land\". A few days ago, the partners agreed on how they want to continue the planning and three focal points were defined: Bridges\/mobility, landscape and initial uses. In addition, two new partners, Saint-Louis and the district of L\u00f6rrach, were brought on board. The project group now comprises seven local authorities - the towns of Weil am Rhein, H\u00fcningen and Saint-Louis, the canton of Basel-Stadt, the Communaut\u00e9 d'Agglom\u00e9ration des Trois Fronti\u00e8res, the D\u00e9partement du Haut-Rhin and the district of L\u00f6rrach - as well as the Trinational Eurodistrict Basel (TEB) and the IBA Basel.<\/p>\n<p>Over the next two years, further basic principles will be developed and the first projects will be implemented from 2018.<\/p>\n<p>The traffic concept includes a new bridge connecting H\u00fcningen and Basel, as well as a pedestrian and cycle bridge over the harbor entrance linking Weil and Basel. A further aim is initial uses with innovative themes and processes that are forward-looking and initiate structural developments. (ah)<\/p>","protected":false},"excerpt":{"rendered":"<p>A tri-national district with living space and jobs for 20,000 people is to be created in the border triangle near Basel. The major \"3Land\" project has now taken a decisive step forward: work on the spatial concept has been completed and Saint Louis in Alsace and the German district of L\u00f6rrach have been added as project partners.<\/p>","protected":false},"author":1,"featured_media":3698,"comment_status":"open","ping_status":"open","sticky":false,"template":"","format":"standard","meta":{"_acf_changed":false,"_yoast_wpseo_focuskw":"Trinationales Wohnquartier","_yoast_wpseo_title":"","_yoast_wpseo_metadesc":"Trinationales Wohnquartier: Im Dreil\u00e4ndereck bei Basel soll ein trinationales Quartier mit Wohnraum und Arbeitspl\u00e4tzen f\u00fcr 20.000 Menschen entstehen.","_yoast_wpseo_linkdex":73,"pgc_sgb_lightbox_settings":"","footnotes":""},"categories":[986],"tags":[1069,1601,1639,1862],"class_list":["post-3697","post","type-post","status-publish","format-standard","has-post-thumbnail","hentry","category-residential","tag-basel","tag-projektentwicklung","tag-residential","tag-wohnen"],"acf":[],"yoast_head":"<!-- This site is optimized with the Yoast SEO plugin v27.4 - https:\/\/yoast.com\/product\/yoast-seo-wordpress\/ -->\n<title>Schweiz, Frankreich und Deutschland planen trinationales Wohnquartier - IMMOBILIEN Business<\/title>\n<meta name=\"description\" content=\"Trinationales Wohnquartier: Im Dreil\u00e4ndereck bei Basel soll ein trinationales Quartier mit Wohnraum und Arbeitspl\u00e4tzen f\u00fcr 20.000 Menschen entstehen.\" \/>\n<meta name=\"robots\" content=\"index, follow, max-snippet:-1, max-image-preview:large, max-video-preview:-1\" \/>\n<link rel=\"canonical\" href=\"https:\/\/www.immobilienbusiness.ch\/en\/residential\/2016-08-29\/schweiz-frankreich-und-deutschland-planen-trinationales-wohnquartier\/\" \/>\n<meta property=\"og:locale\" content=\"en_US\" \/>\n<meta property=\"og:type\" content=\"article\" \/>\n<meta property=\"og:title\" content=\"Schweiz, Frankreich und Deutschland planen trinationales Wohnquartier\" \/>\n<meta property=\"og:description\" content=\"Im Dreil\u00e4ndereck bei Basel soll ein trinationales Quartier mit Wohnraum und Arbeitspl\u00e4tzen f\u00fcr 20.000 Menschen entstehen. Das Grossprojekt \u00ab3Land\u00bb kam nun einen entscheidenden Schritt weiter: Die Arbeiten am Raumkonzept sind abgeschlossen, zudem kamen Saint Louis im Elsass und der deutsche Landkreis L\u00f6rrach als Projektpartner hinzu.\" \/>\n<meta property=\"og:url\" content=\"https:\/\/www.immobilienbusiness.ch\/en\/residential\/2016-08-29\/schweiz-frankreich-und-deutschland-planen-trinationales-wohnquartier\/\" \/>\n<meta property=\"og:site_name\" content=\"IMMOBILIEN Business\" \/>\n<meta property=\"article:publisher\" content=\"https:\/\/www.facebook.com\/immobilienbusiness\/\" \/>\n<meta property=\"article:published_time\" content=\"2016-08-29T06:32:04+00:00\" \/>\n<meta name=\"author\" content=\"Redaktion\" \/>\n<meta name=\"twitter:card\" content=\"summary_large_image\" \/>\n<meta name=\"twitter:image\" content=\"https:\/\/www.immobilienbusiness.ch\/wp-content\/uploads\/2016\/12\/Schweiz-Frankreich-und-Deutschland-planen-trinationales-Wohnquartier-immobilien-business.jpg\" \/>\n<script type=\"application\/ld+json\" class=\"yoast-schema-graph\">{\"@context\":\"https:\\\/\\\/schema.org\",\"@graph\":[{\"@type\":\"Article\",\"@id\":\"https:\\\/\\\/www.immobilienbusiness.ch\\\/fr\\\/residential\\\/2016-08-29\\\/schweiz-frankreich-und-deutschland-planen-trinationales-wohnquartier\\\/#article\",\"isPartOf\":{\"@id\":\"https:\\\/\\\/www.immobilienbusiness.ch\\\/fr\\\/residential\\\/2016-08-29\\\/schweiz-frankreich-und-deutschland-planen-trinationales-wohnquartier\\\/\"},\"author\":{\"name\":\"Redaktion\",\"@id\":\"https:\\\/\\\/www.immobilienbusiness.ch\\\/#\\\/schema\\\/person\\\/aa2bace6c5c5aad60102004a50c4eb1c\"},\"headline\":\"Schweiz, Frankreich und Deutschland planen trinationales Wohnquartier\",\"datePublished\":\"2016-08-29T06:32:04+00:00\",\"mainEntityOfPage\":{\"@id\":\"https:\\\/\\\/www.immobilienbusiness.ch\\\/fr\\\/residential\\\/2016-08-29\\\/schweiz-frankreich-und-deutschland-planen-trinationales-wohnquartier\\\/\"},\"wordCount\":334,\"commentCount\":0,\"publisher\":{\"@id\":\"https:\\\/\\\/www.immobilienbusiness.ch\\\/#organization\"},\"image\":{\"@id\":\"https:\\\/\\\/www.immobilienbusiness.ch\\\/fr\\\/residential\\\/2016-08-29\\\/schweiz-frankreich-und-deutschland-planen-trinationales-wohnquartier\\\/#primaryimage\"},\"thumbnailUrl\":\"https:\\\/\\\/www.immobilienbusiness.ch\\\/wp-content\\\/uploads\\\/2016\\\/12\\\/Schweiz-Frankreich-und-Deutschland-planen-trinationales-Wohnquartier-immobilien-business.jpg\",\"keywords\":[\"Basel\",\"Projektentwicklung\",\"Residential\",\"Wohnen\"],\"articleSection\":[\"RESIDENTIAL\"],\"inLanguage\":\"en-US\"},{\"@type\":\"WebPage\",\"@id\":\"https:\\\/\\\/www.immobilienbusiness.ch\\\/fr\\\/residential\\\/2016-08-29\\\/schweiz-frankreich-und-deutschland-planen-trinationales-wohnquartier\\\/\",\"url\":\"https:\\\/\\\/www.immobilienbusiness.ch\\\/fr\\\/residential\\\/2016-08-29\\\/schweiz-frankreich-und-deutschland-planen-trinationales-wohnquartier\\\/\",\"name\":\"Schweiz, Frankreich und Deutschland planen trinationales Wohnquartier - IMMOBILIEN Business\",\"isPartOf\":{\"@id\":\"https:\\\/\\\/www.immobilienbusiness.ch\\\/#website\"},\"primaryImageOfPage\":{\"@id\":\"https:\\\/\\\/www.immobilienbusiness.ch\\\/fr\\\/residential\\\/2016-08-29\\\/schweiz-frankreich-und-deutschland-planen-trinationales-wohnquartier\\\/#primaryimage\"},\"image\":{\"@id\":\"https:\\\/\\\/www.immobilienbusiness.ch\\\/fr\\\/residential\\\/2016-08-29\\\/schweiz-frankreich-und-deutschland-planen-trinationales-wohnquartier\\\/#primaryimage\"},\"thumbnailUrl\":\"https:\\\/\\\/www.immobilienbusiness.ch\\\/wp-content\\\/uploads\\\/2016\\\/12\\\/Schweiz-Frankreich-und-Deutschland-planen-trinationales-Wohnquartier-immobilien-business.jpg\",\"datePublished\":\"2016-08-29T06:32:04+00:00\",\"description\":\"Trinationales Wohnquartier: Im Dreil\u00e4ndereck bei Basel soll ein trinationales Quartier mit Wohnraum und Arbeitspl\u00e4tzen f\u00fcr 20.000 Menschen entstehen.\",\"breadcrumb\":{\"@id\":\"https:\\\/\\\/www.immobilienbusiness.ch\\\/fr\\\/residential\\\/2016-08-29\\\/schweiz-frankreich-und-deutschland-planen-trinationales-wohnquartier\\\/#breadcrumb\"},\"inLanguage\":\"en-US\",\"potentialAction\":[{\"@type\":\"ReadAction\",\"target\":[\"https:\\\/\\\/www.immobilienbusiness.ch\\\/fr\\\/residential\\\/2016-08-29\\\/schweiz-frankreich-und-deutschland-planen-trinationales-wohnquartier\\\/\"]}]},{\"@type\":\"ImageObject\",\"inLanguage\":\"en-US\",\"@id\":\"https:\\\/\\\/www.immobilienbusiness.ch\\\/fr\\\/residential\\\/2016-08-29\\\/schweiz-frankreich-und-deutschland-planen-trinationales-wohnquartier\\\/#primaryimage\",\"url\":\"https:\\\/\\\/www.immobilienbusiness.ch\\\/wp-content\\\/uploads\\\/2016\\\/12\\\/Schweiz-Frankreich-und-Deutschland-planen-trinationales-Wohnquartier-immobilien-business.jpg\",\"contentUrl\":\"https:\\\/\\\/www.immobilienbusiness.ch\\\/wp-content\\\/uploads\\\/2016\\\/12\\\/Schweiz-Frankreich-und-Deutschland-planen-trinationales-Wohnquartier-immobilien-business.jpg\",\"width\":2560,\"height\":2149,\"caption\":\"Entwicklungsvision \u00ab3Land\u00bb (Grafik\\\/Visualisierung: IBA Basel 2020)\"},{\"@type\":\"BreadcrumbList\",\"@id\":\"https:\\\/\\\/www.immobilienbusiness.ch\\\/fr\\\/residential\\\/2016-08-29\\\/schweiz-frankreich-und-deutschland-planen-trinationales-wohnquartier\\\/#breadcrumb\",\"itemListElement\":[{\"@type\":\"ListItem\",\"position\":1,\"name\":\"Home\",\"item\":\"https:\\\/\\\/www.immobilienbusiness.ch\\\/\"},{\"@type\":\"ListItem\",\"position\":2,\"name\":\"Schweiz, Frankreich und Deutschland planen trinationales Wohnquartier\"}]},{\"@type\":\"WebSite\",\"@id\":\"https:\\\/\\\/www.immobilienbusiness.ch\\\/#website\",\"url\":\"https:\\\/\\\/www.immobilienbusiness.ch\\\/\",\"name\":\"IMMOBILIEN Business\",\"description\":\"Unabh\u00e4ngiges Schweizer Wirtschaftsmagazin mit Fokus auf Immobilien, Architektur- und Bau sowie Investment- und Finanzierung.\",\"publisher\":{\"@id\":\"https:\\\/\\\/www.immobilienbusiness.ch\\\/#organization\"},\"potentialAction\":[{\"@type\":\"SearchAction\",\"target\":{\"@type\":\"EntryPoint\",\"urlTemplate\":\"https:\\\/\\\/www.immobilienbusiness.ch\\\/?s={search_term_string}\"},\"query-input\":{\"@type\":\"PropertyValueSpecification\",\"valueRequired\":true,\"valueName\":\"search_term_string\"}}],\"inLanguage\":\"en-US\"},{\"@type\":\"Organization\",\"@id\":\"https:\\\/\\\/www.immobilienbusiness.ch\\\/#organization\",\"name\":\"IMMOBILIEN Business\",\"url\":\"https:\\\/\\\/www.immobilienbusiness.ch\\\/\",\"logo\":{\"@type\":\"ImageObject\",\"inLanguage\":\"en-US\",\"@id\":\"https:\\\/\\\/www.immobilienbusiness.ch\\\/#\\\/schema\\\/logo\\\/image\\\/\",\"url\":\"https:\\\/\\\/www.immobilienbusiness.ch\\\/wp-content\\\/uploads\\\/2021\\\/07\\\/logo_ib.png\",\"contentUrl\":\"https:\\\/\\\/www.immobilienbusiness.ch\\\/wp-content\\\/uploads\\\/2021\\\/07\\\/logo_ib.png\",\"width\":800,\"height\":181,\"caption\":\"IMMOBILIEN Business\"},\"image\":{\"@id\":\"https:\\\/\\\/www.immobilienbusiness.ch\\\/#\\\/schema\\\/logo\\\/image\\\/\"},\"sameAs\":[\"https:\\\/\\\/www.facebook.com\\\/immobilienbusiness\\\/\"]},{\"@type\":\"Person\",\"@id\":\"https:\\\/\\\/www.immobilienbusiness.ch\\\/#\\\/schema\\\/person\\\/aa2bace6c5c5aad60102004a50c4eb1c\",\"name\":\"Redaktion\",\"image\":{\"@type\":\"ImageObject\",\"inLanguage\":\"en-US\",\"@id\":\"https:\\\/\\\/secure.gravatar.com\\\/avatar\\\/ae2f4d718e6c49043e314ce431e7e645d646302a24a5ef5a8bc8e3f5a032e319?s=96&d=mm&r=g\",\"url\":\"https:\\\/\\\/secure.gravatar.com\\\/avatar\\\/ae2f4d718e6c49043e314ce431e7e645d646302a24a5ef5a8bc8e3f5a032e319?s=96&d=mm&r=g\",\"contentUrl\":\"https:\\\/\\\/secure.gravatar.com\\\/avatar\\\/ae2f4d718e6c49043e314ce431e7e645d646302a24a5ef5a8bc8e3f5a032e319?s=96&d=mm&r=g\",\"caption\":\"Redaktion\"},\"sameAs\":[\"http:\\\/\\\/develop.organisator.galledia.ch\"],\"url\":\"https:\\\/\\\/www.immobilienbusiness.ch\\\/en\\\/author\\\/admin\\\/\"}]}<\/script>\n<!-- \/ Yoast SEO plugin. -->","yoast_head_json":{"title":"Switzerland, France and Germany plan tri-national residential district - IMMOBILIEN Business","description":"Trinational residential district: A trinational district with living space and jobs for 20,000 people is to be created in the border triangle near Basel.","robots":{"index":"index","follow":"follow","max-snippet":"max-snippet:-1","max-image-preview":"max-image-preview:large","max-video-preview":"max-video-preview:-1"},"canonical":"https:\/\/www.immobilienbusiness.ch\/en\/residential\/2016-08-29\/schweiz-frankreich-und-deutschland-planen-trinationales-wohnquartier\/","og_locale":"en_US","og_type":"article","og_title":"Schweiz, Frankreich und Deutschland planen trinationales Wohnquartier","og_description":"Im Dreil\u00e4ndereck bei Basel soll ein trinationales Quartier mit Wohnraum und Arbeitspl\u00e4tzen f\u00fcr 20.000 Menschen entstehen. Das Grossprojekt \u00ab3Land\u00bb kam nun einen entscheidenden Schritt weiter: Die Arbeiten am Raumkonzept sind abgeschlossen, zudem kamen Saint Louis im Elsass und der deutsche Landkreis L\u00f6rrach als Projektpartner hinzu.","og_url":"https:\/\/www.immobilienbusiness.ch\/en\/residential\/2016-08-29\/schweiz-frankreich-und-deutschland-planen-trinationales-wohnquartier\/","og_site_name":"IMMOBILIEN Business","article_publisher":"https:\/\/www.facebook.com\/immobilienbusiness\/","article_published_time":"2016-08-29T06:32:04+00:00","author":"Redaktion","twitter_card":"summary_large_image","twitter_image":"https:\/\/www.immobilienbusiness.ch\/wp-content\/uploads\/2016\/12\/Schweiz-Frankreich-und-Deutschland-planen-trinationales-Wohnquartier-immobilien-business.jpg","schema":{"@context":"https:\/\/schema.org","@graph":[{"@type":"Article","@id":"https:\/\/www.immobilienbusiness.ch\/fr\/residential\/2016-08-29\/schweiz-frankreich-und-deutschland-planen-trinationales-wohnquartier\/#article","isPartOf":{"@id":"https:\/\/www.immobilienbusiness.ch\/fr\/residential\/2016-08-29\/schweiz-frankreich-und-deutschland-planen-trinationales-wohnquartier\/"},"author":{"name":"Redaktion","@id":"https:\/\/www.immobilienbusiness.ch\/#\/schema\/person\/aa2bace6c5c5aad60102004a50c4eb1c"},"headline":"Schweiz, Frankreich und Deutschland planen trinationales Wohnquartier","datePublished":"2016-08-29T06:32:04+00:00","mainEntityOfPage":{"@id":"https:\/\/www.immobilienbusiness.ch\/fr\/residential\/2016-08-29\/schweiz-frankreich-und-deutschland-planen-trinationales-wohnquartier\/"},"wordCount":334,"commentCount":0,"publisher":{"@id":"https:\/\/www.immobilienbusiness.ch\/#organization"},"image":{"@id":"https:\/\/www.immobilienbusiness.ch\/fr\/residential\/2016-08-29\/schweiz-frankreich-und-deutschland-planen-trinationales-wohnquartier\/#primaryimage"},"thumbnailUrl":"https:\/\/www.immobilienbusiness.ch\/wp-content\/uploads\/2016\/12\/Schweiz-Frankreich-und-Deutschland-planen-trinationales-Wohnquartier-immobilien-business.jpg","keywords":["Basel","Projektentwicklung","Residential","Wohnen"],"articleSection":["RESIDENTIAL"],"inLanguage":"en-US"},{"@type":"WebPage","@id":"https:\/\/www.immobilienbusiness.ch\/fr\/residential\/2016-08-29\/schweiz-frankreich-und-deutschland-planen-trinationales-wohnquartier\/","url":"https:\/\/www.immobilienbusiness.ch\/fr\/residential\/2016-08-29\/schweiz-frankreich-und-deutschland-planen-trinationales-wohnquartier\/","name":"Switzerland, France and Germany plan tri-national residential district - IMMOBILIEN Business","isPartOf":{"@id":"https:\/\/www.immobilienbusiness.ch\/#website"},"primaryImageOfPage":{"@id":"https:\/\/www.immobilienbusiness.ch\/fr\/residential\/2016-08-29\/schweiz-frankreich-und-deutschland-planen-trinationales-wohnquartier\/#primaryimage"},"image":{"@id":"https:\/\/www.immobilienbusiness.ch\/fr\/residential\/2016-08-29\/schweiz-frankreich-und-deutschland-planen-trinationales-wohnquartier\/#primaryimage"},"thumbnailUrl":"https:\/\/www.immobilienbusiness.ch\/wp-content\/uploads\/2016\/12\/Schweiz-Frankreich-und-Deutschland-planen-trinationales-Wohnquartier-immobilien-business.jpg","datePublished":"2016-08-29T06:32:04+00:00","description":"Trinational residential district: A trinational district with living space and jobs for 20,000 people is to be created in the border triangle near Basel.","breadcrumb":{"@id":"https:\/\/www.immobilienbusiness.ch\/fr\/residential\/2016-08-29\/schweiz-frankreich-und-deutschland-planen-trinationales-wohnquartier\/#breadcrumb"},"inLanguage":"en-US","potentialAction":[{"@type":"ReadAction","target":["https:\/\/www.immobilienbusiness.ch\/fr\/residential\/2016-08-29\/schweiz-frankreich-und-deutschland-planen-trinationales-wohnquartier\/"]}]},{"@type":"ImageObject","inLanguage":"en-US","@id":"https:\/\/www.immobilienbusiness.ch\/fr\/residential\/2016-08-29\/schweiz-frankreich-und-deutschland-planen-trinationales-wohnquartier\/#primaryimage","url":"https:\/\/www.immobilienbusiness.ch\/wp-content\/uploads\/2016\/12\/Schweiz-Frankreich-und-Deutschland-planen-trinationales-Wohnquartier-immobilien-business.jpg","contentUrl":"https:\/\/www.immobilienbusiness.ch\/wp-content\/uploads\/2016\/12\/Schweiz-Frankreich-und-Deutschland-planen-trinationales-Wohnquartier-immobilien-business.jpg","width":2560,"height":2149,"caption":"Entwicklungsvision \u00ab3Land\u00bb (Grafik\/Visualisierung: IBA Basel 2020)"},{"@type":"BreadcrumbList","@id":"https:\/\/www.immobilienbusiness.ch\/fr\/residential\/2016-08-29\/schweiz-frankreich-und-deutschland-planen-trinationales-wohnquartier\/#breadcrumb","itemListElement":[{"@type":"ListItem","position":1,"name":"Home","item":"https:\/\/www.immobilienbusiness.ch\/"},{"@type":"ListItem","position":2,"name":"Schweiz, Frankreich und Deutschland planen trinationales Wohnquartier"}]},{"@type":"WebSite","@id":"https:\/\/www.immobilienbusiness.ch\/#website","url":"https:\/\/www.immobilienbusiness.ch\/","name":"REAL ESTATE Business","description":"Independent Swiss business magazine focusing on real estate, architecture and construction as well as investment and financing.","publisher":{"@id":"https:\/\/www.immobilienbusiness.ch\/#organization"},"potentialAction":[{"@type":"SearchAction","target":{"@type":"EntryPoint","urlTemplate":"https:\/\/www.immobilienbusiness.ch\/?s={search_term_string}"},"query-input":{"@type":"PropertyValueSpecification","valueRequired":true,"valueName":"search_term_string"}}],"inLanguage":"en-US"},{"@type":"Organization","@id":"https:\/\/www.immobilienbusiness.ch\/#organization","name":"REAL ESTATE Business","url":"https:\/\/www.immobilienbusiness.ch\/","logo":{"@type":"ImageObject","inLanguage":"en-US","@id":"https:\/\/www.immobilienbusiness.ch\/#\/schema\/logo\/image\/","url":"https:\/\/www.immobilienbusiness.ch\/wp-content\/uploads\/2021\/07\/logo_ib.png","contentUrl":"https:\/\/www.immobilienbusiness.ch\/wp-content\/uploads\/2021\/07\/logo_ib.png","width":800,"height":181,"caption":"IMMOBILIEN Business"},"image":{"@id":"https:\/\/www.immobilienbusiness.ch\/#\/schema\/logo\/image\/"},"sameAs":["https:\/\/www.facebook.com\/immobilienbusiness\/"]},{"@type":"Person","@id":"https:\/\/www.immobilienbusiness.ch\/#\/schema\/person\/aa2bace6c5c5aad60102004a50c4eb1c","name":"Editorial","image":{"@type":"ImageObject","inLanguage":"en-US","@id":"https:\/\/secure.gravatar.com\/avatar\/ae2f4d718e6c49043e314ce431e7e645d646302a24a5ef5a8bc8e3f5a032e319?s=96&d=mm&r=g","url":"https:\/\/secure.gravatar.com\/avatar\/ae2f4d718e6c49043e314ce431e7e645d646302a24a5ef5a8bc8e3f5a032e319?s=96&d=mm&r=g","contentUrl":"https:\/\/secure.gravatar.com\/avatar\/ae2f4d718e6c49043e314ce431e7e645d646302a24a5ef5a8bc8e3f5a032e319?s=96&d=mm&r=g","caption":"Redaktion"},"sameAs":["http:\/\/develop.organisator.galledia.ch"],"url":"https:\/\/www.immobilienbusiness.ch\/en\/author\/admin\/"}]}},"_links":{"self":[{"href":"https:\/\/www.immobilienbusiness.ch\/en\/wp-json\/wp\/v2\/posts\/3697","targetHints":{"allow":["GET"]}}],"collection":[{"href":"https:\/\/www.immobilienbusiness.ch\/en\/wp-json\/wp\/v2\/posts"}],"about":[{"href":"https:\/\/www.immobilienbusiness.ch\/en\/wp-json\/wp\/v2\/types\/post"}],"author":[{"embeddable":true,"href":"https:\/\/www.immobilienbusiness.ch\/en\/wp-json\/wp\/v2\/users\/1"}],"replies":[{"embeddable":true,"href":"https:\/\/www.immobilienbusiness.ch\/en\/wp-json\/wp\/v2\/comments?post=3697"}],"version-history":[{"count":0,"href":"https:\/\/www.immobilienbusiness.ch\/en\/wp-json\/wp\/v2\/posts\/3697\/revisions"}],"wp:featuredmedia":[{"embeddable":true,"href":"https:\/\/www.immobilienbusiness.ch\/en\/wp-json\/wp\/v2\/media\/3698"}],"wp:attachment":[{"href":"https:\/\/www.immobilienbusiness.ch\/en\/wp-json\/wp\/v2\/media?parent=3697"}],"wp:term":[{"taxonomy":"category","embeddable":true,"href":"https:\/\/www.immobilienbusiness.ch\/en\/wp-json\/wp\/v2\/categories?post=3697"},{"taxonomy":"post_tag","embeddable":true,"href":"https:\/\/www.immobilienbusiness.ch\/en\/wp-json\/wp\/v2\/tags?post=3697"}],"curies":[{"name":"wp","href":"https:\/\/api.w.org\/{rel}","templated":true}]}}