{"id":3659,"date":"2016-08-24T09:08:51","date_gmt":"2016-08-24T07:08:51","guid":{"rendered":"http:\/\/dev.immobilienbusiness.ch\/?p=3659"},"modified":"2016-08-24T09:08:51","modified_gmt":"2016-08-24T07:08:51","slug":"geschaeftsflaechenmarkt-bleibt-unter-druck","status":"publish","type":"post","link":"https:\/\/www.immobilienbusiness.ch\/en\/buero\/2016-08-24\/geschaeftsflaechenmarkt-bleibt-unter-druck\/","title":{"rendered":"Commercial space market remains under pressure"},"content":{"rendered":"<figure id=\"attachment_3660\" aria-describedby=\"caption-attachment-3660\" style=\"width: 680px\" class=\"wp-caption alignnone\"><img loading=\"lazy\" decoding=\"async\" class=\"size-medium wp-image-3660\" src=\"https:\/\/immobilienbusiness.ch\/wp-content\/uploads\/2016\/12\/Gesch\u00e4ftsfl\u00e4chenmarkt-bleibt-unter-Druck-immobilien-business.jpg\" alt=\"Mieten f\u00fcr Retail-Fl\u00e4chen sind in Basel besonders unter Druck (Foto: Christoph Radtke - Eigenes Werk, CC BY 3.0, Wikimedia Commons)\" width=\"680\" height=\"510\" \/><figcaption id=\"caption-attachment-3660\" class=\"wp-caption-text\">Rents for retail space are particularly under pressure in Basel (Photo: Christoph Radtke - Own work, CC BY 3.0, Wikimedia Commons)<\/figcaption><\/figure>\n<p>According to surveys by SPG Intercity, the supply of vacant office space increased across the market in the second quarter. One exception is Zurich's Central Business District (CBD), where there are signs of a slight easing. Financial firms in particular, but also other sectors, continued to consolidate. Researchers at SPG Intercity expect space consolidations to continue. \"As a result, rents remain under pressure. Landlords are trying to absorb this primarily through further incentives such as rent-free periods and cost-sharing in tenant improvements,\" the experts write in the study. Letting is only likely to pick up visibly once companies' confidence in an imminent upturn grows. Such an upturn is not in sight until 2017 at the earliest.<\/p>\n<p>Mid-year rents for prime office space are unchanged from a year ago at CHF 750, CHF 800 and CHF 350 per sqm\/year for Zurich, Geneva and Basel, respectively. Net initial yields on office properties for the three cities are 3.70, 4.00 and 4.40 percent, \"which is still a considerable spread compared to long-term interest rates,\" according to SPG Intercity.<\/p>\n<p>In the retail space market, the number of vacant sales premises is up 4.7 percent year-on-year at mid-year. Rents away from prime locations are softening across the board under pressure from market supply and stronger tenant positions, according to market observers. The city of Basel on the Rhine has been hardest hit by the drop in prices due to its proximity to the German border, with rents here falling 14.8 percent year-on-year, even in preferred locations. Yields are at or near long-term lows of 3.20 percent for Zurich, 4.25 percent for Geneva and 4.35 percent for Basel, according to SPG Intercity's \"Country Snapshot Switzerland.\" (ah)<\/p>","protected":false},"excerpt":{"rendered":"<p>Rents for office and retail space in the Swiss real estate markets suffered from a supply overhang in the second quarter of 2016. According to the latest \"Country Snapshot Switzerland\" by Cushman &amp; Wakefield and alliance partner SPG Intercity, the economy is not expected to recover until 2017 at the earliest, and until then landlords will be forced to reduce rents or offer incentives.<\/p>","protected":false},"author":1,"featured_media":3660,"comment_status":"open","ping_status":"open","sticky":false,"template":"","format":"standard","meta":{"_acf_changed":false,"_yoast_wpseo_focuskw":"Gesch\u00e4ftsfl\u00e4chenmarkt bleibt unter Druck","_yoast_wpseo_title":"","_yoast_wpseo_metadesc":"Gesch\u00e4ftsfl\u00e4chenmarkt bleibt unter Druck: Die Mieten f\u00fcr B\u00fcro- und Retailfl\u00e4chen in den Schweizer Immobilienm\u00e4rkten leiden unter einem Angebots\u00fcberhang.","_yoast_wpseo_linkdex":78,"pgc_sgb_lightbox_settings":"","footnotes":""},"categories":[983,985,987],"tags":[1069,1118,1260,1629,1643,1888],"class_list":["post-3659","post","type-post","status-publish","format-standard","has-post-thumbnail","hentry","category-buero","category-regionen","category-retail","tag-basel","tag-buero","tag-genf","tag-regionen","tag-retail","tag-zuerich"],"acf":[],"yoast_head":"<!-- This site is optimized with the Yoast SEO plugin v27.4 - https:\/\/yoast.com\/product\/yoast-seo-wordpress\/ -->\n<title>Gesch\u00e4ftsfl\u00e4chenmarkt bleibt unter Druck - IMMOBILIEN Business<\/title>\n<meta name=\"description\" content=\"Gesch\u00e4ftsfl\u00e4chenmarkt bleibt unter Druck: Die Mieten f\u00fcr B\u00fcro- und Retailfl\u00e4chen in den Schweizer Immobilienm\u00e4rkten leiden unter einem Angebots\u00fcberhang.\" \/>\n<meta name=\"robots\" content=\"index, follow, max-snippet:-1, max-image-preview:large, max-video-preview:-1\" \/>\n<link rel=\"canonical\" href=\"https:\/\/www.immobilienbusiness.ch\/en\/buero\/2016-08-24\/geschaeftsflaechenmarkt-bleibt-unter-druck\/\" \/>\n<meta property=\"og:locale\" content=\"en_US\" \/>\n<meta property=\"og:type\" content=\"article\" \/>\n<meta property=\"og:title\" content=\"Gesch\u00e4ftsfl\u00e4chenmarkt bleibt unter Druck\" \/>\n<meta property=\"og:description\" content=\"Die Mieten f\u00fcr B\u00fcro- und Retailfl\u00e4chen in den Schweizer Immobilienm\u00e4rkten leiden im zweiten Quartal 2016 unter einem Angebots\u00fcberhang. Eine Erholung der Wirtschaft sei fr\u00fchestens 2017 zu erwarten, und bis dahin seien Vermieter zu Mietreduktionen oder Incentives gezwungen, heisst es im aktuellen \u00abCountry Snapshot Switzerland\u00bb von Cushman &amp; Wakefield und dem Alliance-Partner SPG Intercity.\" \/>\n<meta property=\"og:url\" content=\"https:\/\/www.immobilienbusiness.ch\/en\/buero\/2016-08-24\/geschaeftsflaechenmarkt-bleibt-unter-druck\/\" \/>\n<meta property=\"og:site_name\" content=\"IMMOBILIEN Business\" \/>\n<meta property=\"article:publisher\" content=\"https:\/\/www.facebook.com\/immobilienbusiness\/\" \/>\n<meta property=\"article:published_time\" content=\"2016-08-24T07:08:51+00:00\" \/>\n<meta name=\"author\" content=\"Redaktion\" \/>\n<meta name=\"twitter:card\" content=\"summary_large_image\" \/>\n<meta name=\"twitter:image\" content=\"https:\/\/www.immobilienbusiness.ch\/wp-content\/uploads\/2016\/12\/Geschaeftsflaechenmarkt-bleibt-unter-Druck-immobilien-business.jpg\" \/>\n<script type=\"application\/ld+json\" class=\"yoast-schema-graph\">{\"@context\":\"https:\\\/\\\/schema.org\",\"@graph\":[{\"@type\":\"Article\",\"@id\":\"https:\\\/\\\/www.immobilienbusiness.ch\\\/fr\\\/buero\\\/2016-08-24\\\/geschaeftsflaechenmarkt-bleibt-unter-druck\\\/#article\",\"isPartOf\":{\"@id\":\"https:\\\/\\\/www.immobilienbusiness.ch\\\/fr\\\/buero\\\/2016-08-24\\\/geschaeftsflaechenmarkt-bleibt-unter-druck\\\/\"},\"author\":{\"name\":\"Redaktion\",\"@id\":\"https:\\\/\\\/www.immobilienbusiness.ch\\\/#\\\/schema\\\/person\\\/aa2bace6c5c5aad60102004a50c4eb1c\"},\"headline\":\"Gesch\u00e4ftsfl\u00e4chenmarkt bleibt unter Druck\",\"datePublished\":\"2016-08-24T07:08:51+00:00\",\"mainEntityOfPage\":{\"@id\":\"https:\\\/\\\/www.immobilienbusiness.ch\\\/fr\\\/buero\\\/2016-08-24\\\/geschaeftsflaechenmarkt-bleibt-unter-druck\\\/\"},\"wordCount\":321,\"commentCount\":0,\"publisher\":{\"@id\":\"https:\\\/\\\/www.immobilienbusiness.ch\\\/#organization\"},\"image\":{\"@id\":\"https:\\\/\\\/www.immobilienbusiness.ch\\\/fr\\\/buero\\\/2016-08-24\\\/geschaeftsflaechenmarkt-bleibt-unter-druck\\\/#primaryimage\"},\"thumbnailUrl\":\"https:\\\/\\\/www.immobilienbusiness.ch\\\/wp-content\\\/uploads\\\/2016\\\/12\\\/Geschaeftsflaechenmarkt-bleibt-unter-Druck-immobilien-business.jpg\",\"keywords\":[\"Basel\",\"B\u00fcro\",\"Genf\",\"Regionen\",\"Retail\",\"Z\u00fcrich\"],\"articleSection\":[\"B\u00dcRO\",\"REGIONEN\",\"RETAIL\"],\"inLanguage\":\"en-US\"},{\"@type\":\"WebPage\",\"@id\":\"https:\\\/\\\/www.immobilienbusiness.ch\\\/fr\\\/buero\\\/2016-08-24\\\/geschaeftsflaechenmarkt-bleibt-unter-druck\\\/\",\"url\":\"https:\\\/\\\/www.immobilienbusiness.ch\\\/fr\\\/buero\\\/2016-08-24\\\/geschaeftsflaechenmarkt-bleibt-unter-druck\\\/\",\"name\":\"Gesch\u00e4ftsfl\u00e4chenmarkt bleibt unter Druck - IMMOBILIEN Business\",\"isPartOf\":{\"@id\":\"https:\\\/\\\/www.immobilienbusiness.ch\\\/#website\"},\"primaryImageOfPage\":{\"@id\":\"https:\\\/\\\/www.immobilienbusiness.ch\\\/fr\\\/buero\\\/2016-08-24\\\/geschaeftsflaechenmarkt-bleibt-unter-druck\\\/#primaryimage\"},\"image\":{\"@id\":\"https:\\\/\\\/www.immobilienbusiness.ch\\\/fr\\\/buero\\\/2016-08-24\\\/geschaeftsflaechenmarkt-bleibt-unter-druck\\\/#primaryimage\"},\"thumbnailUrl\":\"https:\\\/\\\/www.immobilienbusiness.ch\\\/wp-content\\\/uploads\\\/2016\\\/12\\\/Geschaeftsflaechenmarkt-bleibt-unter-Druck-immobilien-business.jpg\",\"datePublished\":\"2016-08-24T07:08:51+00:00\",\"description\":\"Gesch\u00e4ftsfl\u00e4chenmarkt bleibt unter Druck: Die Mieten f\u00fcr B\u00fcro- und Retailfl\u00e4chen in den Schweizer Immobilienm\u00e4rkten leiden unter einem Angebots\u00fcberhang.\",\"breadcrumb\":{\"@id\":\"https:\\\/\\\/www.immobilienbusiness.ch\\\/fr\\\/buero\\\/2016-08-24\\\/geschaeftsflaechenmarkt-bleibt-unter-druck\\\/#breadcrumb\"},\"inLanguage\":\"en-US\",\"potentialAction\":[{\"@type\":\"ReadAction\",\"target\":[\"https:\\\/\\\/www.immobilienbusiness.ch\\\/fr\\\/buero\\\/2016-08-24\\\/geschaeftsflaechenmarkt-bleibt-unter-druck\\\/\"]}]},{\"@type\":\"ImageObject\",\"inLanguage\":\"en-US\",\"@id\":\"https:\\\/\\\/www.immobilienbusiness.ch\\\/fr\\\/buero\\\/2016-08-24\\\/geschaeftsflaechenmarkt-bleibt-unter-druck\\\/#primaryimage\",\"url\":\"https:\\\/\\\/www.immobilienbusiness.ch\\\/wp-content\\\/uploads\\\/2016\\\/12\\\/Geschaeftsflaechenmarkt-bleibt-unter-Druck-immobilien-business.jpg\",\"contentUrl\":\"https:\\\/\\\/www.immobilienbusiness.ch\\\/wp-content\\\/uploads\\\/2016\\\/12\\\/Geschaeftsflaechenmarkt-bleibt-unter-Druck-immobilien-business.jpg\",\"width\":2048,\"height\":1536,\"caption\":\"Mieten f\u00fcr Retail-Fl\u00e4chen sind in Basel besonders unter Druck (Foto: Christoph Radtke - Eigenes Werk, CC BY 3.0, Wikimedia Commons)\"},{\"@type\":\"BreadcrumbList\",\"@id\":\"https:\\\/\\\/www.immobilienbusiness.ch\\\/fr\\\/buero\\\/2016-08-24\\\/geschaeftsflaechenmarkt-bleibt-unter-druck\\\/#breadcrumb\",\"itemListElement\":[{\"@type\":\"ListItem\",\"position\":1,\"name\":\"Home\",\"item\":\"https:\\\/\\\/www.immobilienbusiness.ch\\\/\"},{\"@type\":\"ListItem\",\"position\":2,\"name\":\"Gesch\u00e4ftsfl\u00e4chenmarkt bleibt unter Druck\"}]},{\"@type\":\"WebSite\",\"@id\":\"https:\\\/\\\/www.immobilienbusiness.ch\\\/#website\",\"url\":\"https:\\\/\\\/www.immobilienbusiness.ch\\\/\",\"name\":\"IMMOBILIEN Business\",\"description\":\"Unabh\u00e4ngiges Schweizer Wirtschaftsmagazin mit Fokus auf Immobilien, Architektur- und Bau sowie Investment- und Finanzierung.\",\"publisher\":{\"@id\":\"https:\\\/\\\/www.immobilienbusiness.ch\\\/#organization\"},\"potentialAction\":[{\"@type\":\"SearchAction\",\"target\":{\"@type\":\"EntryPoint\",\"urlTemplate\":\"https:\\\/\\\/www.immobilienbusiness.ch\\\/?s={search_term_string}\"},\"query-input\":{\"@type\":\"PropertyValueSpecification\",\"valueRequired\":true,\"valueName\":\"search_term_string\"}}],\"inLanguage\":\"en-US\"},{\"@type\":\"Organization\",\"@id\":\"https:\\\/\\\/www.immobilienbusiness.ch\\\/#organization\",\"name\":\"IMMOBILIEN Business\",\"url\":\"https:\\\/\\\/www.immobilienbusiness.ch\\\/\",\"logo\":{\"@type\":\"ImageObject\",\"inLanguage\":\"en-US\",\"@id\":\"https:\\\/\\\/www.immobilienbusiness.ch\\\/#\\\/schema\\\/logo\\\/image\\\/\",\"url\":\"https:\\\/\\\/www.immobilienbusiness.ch\\\/wp-content\\\/uploads\\\/2021\\\/07\\\/logo_ib.png\",\"contentUrl\":\"https:\\\/\\\/www.immobilienbusiness.ch\\\/wp-content\\\/uploads\\\/2021\\\/07\\\/logo_ib.png\",\"width\":800,\"height\":181,\"caption\":\"IMMOBILIEN Business\"},\"image\":{\"@id\":\"https:\\\/\\\/www.immobilienbusiness.ch\\\/#\\\/schema\\\/logo\\\/image\\\/\"},\"sameAs\":[\"https:\\\/\\\/www.facebook.com\\\/immobilienbusiness\\\/\"]},{\"@type\":\"Person\",\"@id\":\"https:\\\/\\\/www.immobilienbusiness.ch\\\/#\\\/schema\\\/person\\\/aa2bace6c5c5aad60102004a50c4eb1c\",\"name\":\"Redaktion\",\"image\":{\"@type\":\"ImageObject\",\"inLanguage\":\"en-US\",\"@id\":\"https:\\\/\\\/secure.gravatar.com\\\/avatar\\\/ae2f4d718e6c49043e314ce431e7e645d646302a24a5ef5a8bc8e3f5a032e319?s=96&d=mm&r=g\",\"url\":\"https:\\\/\\\/secure.gravatar.com\\\/avatar\\\/ae2f4d718e6c49043e314ce431e7e645d646302a24a5ef5a8bc8e3f5a032e319?s=96&d=mm&r=g\",\"contentUrl\":\"https:\\\/\\\/secure.gravatar.com\\\/avatar\\\/ae2f4d718e6c49043e314ce431e7e645d646302a24a5ef5a8bc8e3f5a032e319?s=96&d=mm&r=g\",\"caption\":\"Redaktion\"},\"sameAs\":[\"http:\\\/\\\/develop.organisator.galledia.ch\"],\"url\":\"https:\\\/\\\/www.immobilienbusiness.ch\\\/en\\\/author\\\/admin\\\/\"}]}<\/script>\n<!-- \/ Yoast SEO plugin. -->","yoast_head_json":{"title":"Commercial space market remains under pressure - IMMOBILIEN Business","description":"Commercial space market remains under pressure: Rents for office and retail space in the Swiss real estate markets are suffering from a supply overhang.","robots":{"index":"index","follow":"follow","max-snippet":"max-snippet:-1","max-image-preview":"max-image-preview:large","max-video-preview":"max-video-preview:-1"},"canonical":"https:\/\/www.immobilienbusiness.ch\/en\/buero\/2016-08-24\/geschaeftsflaechenmarkt-bleibt-unter-druck\/","og_locale":"en_US","og_type":"article","og_title":"Gesch\u00e4ftsfl\u00e4chenmarkt bleibt unter Druck","og_description":"Die Mieten f\u00fcr B\u00fcro- und Retailfl\u00e4chen in den Schweizer Immobilienm\u00e4rkten leiden im zweiten Quartal 2016 unter einem Angebots\u00fcberhang. Eine Erholung der Wirtschaft sei fr\u00fchestens 2017 zu erwarten, und bis dahin seien Vermieter zu Mietreduktionen oder Incentives gezwungen, heisst es im aktuellen \u00abCountry Snapshot Switzerland\u00bb von Cushman & Wakefield und dem Alliance-Partner SPG Intercity.","og_url":"https:\/\/www.immobilienbusiness.ch\/en\/buero\/2016-08-24\/geschaeftsflaechenmarkt-bleibt-unter-druck\/","og_site_name":"IMMOBILIEN Business","article_publisher":"https:\/\/www.facebook.com\/immobilienbusiness\/","article_published_time":"2016-08-24T07:08:51+00:00","author":"Redaktion","twitter_card":"summary_large_image","twitter_image":"https:\/\/www.immobilienbusiness.ch\/wp-content\/uploads\/2016\/12\/Geschaeftsflaechenmarkt-bleibt-unter-Druck-immobilien-business.jpg","schema":{"@context":"https:\/\/schema.org","@graph":[{"@type":"Article","@id":"https:\/\/www.immobilienbusiness.ch\/fr\/buero\/2016-08-24\/geschaeftsflaechenmarkt-bleibt-unter-druck\/#article","isPartOf":{"@id":"https:\/\/www.immobilienbusiness.ch\/fr\/buero\/2016-08-24\/geschaeftsflaechenmarkt-bleibt-unter-druck\/"},"author":{"name":"Redaktion","@id":"https:\/\/www.immobilienbusiness.ch\/#\/schema\/person\/aa2bace6c5c5aad60102004a50c4eb1c"},"headline":"Gesch\u00e4ftsfl\u00e4chenmarkt bleibt unter Druck","datePublished":"2016-08-24T07:08:51+00:00","mainEntityOfPage":{"@id":"https:\/\/www.immobilienbusiness.ch\/fr\/buero\/2016-08-24\/geschaeftsflaechenmarkt-bleibt-unter-druck\/"},"wordCount":321,"commentCount":0,"publisher":{"@id":"https:\/\/www.immobilienbusiness.ch\/#organization"},"image":{"@id":"https:\/\/www.immobilienbusiness.ch\/fr\/buero\/2016-08-24\/geschaeftsflaechenmarkt-bleibt-unter-druck\/#primaryimage"},"thumbnailUrl":"https:\/\/www.immobilienbusiness.ch\/wp-content\/uploads\/2016\/12\/Geschaeftsflaechenmarkt-bleibt-unter-Druck-immobilien-business.jpg","keywords":["Basel","B\u00fcro","Genf","Regionen","Retail","Z\u00fcrich"],"articleSection":["B\u00dcRO","REGIONEN","RETAIL"],"inLanguage":"en-US"},{"@type":"WebPage","@id":"https:\/\/www.immobilienbusiness.ch\/fr\/buero\/2016-08-24\/geschaeftsflaechenmarkt-bleibt-unter-druck\/","url":"https:\/\/www.immobilienbusiness.ch\/fr\/buero\/2016-08-24\/geschaeftsflaechenmarkt-bleibt-unter-druck\/","name":"Commercial space market remains under pressure - IMMOBILIEN Business","isPartOf":{"@id":"https:\/\/www.immobilienbusiness.ch\/#website"},"primaryImageOfPage":{"@id":"https:\/\/www.immobilienbusiness.ch\/fr\/buero\/2016-08-24\/geschaeftsflaechenmarkt-bleibt-unter-druck\/#primaryimage"},"image":{"@id":"https:\/\/www.immobilienbusiness.ch\/fr\/buero\/2016-08-24\/geschaeftsflaechenmarkt-bleibt-unter-druck\/#primaryimage"},"thumbnailUrl":"https:\/\/www.immobilienbusiness.ch\/wp-content\/uploads\/2016\/12\/Geschaeftsflaechenmarkt-bleibt-unter-Druck-immobilien-business.jpg","datePublished":"2016-08-24T07:08:51+00:00","description":"Commercial space market remains under pressure: Rents for office and retail space in the Swiss real estate markets are suffering from a supply overhang.","breadcrumb":{"@id":"https:\/\/www.immobilienbusiness.ch\/fr\/buero\/2016-08-24\/geschaeftsflaechenmarkt-bleibt-unter-druck\/#breadcrumb"},"inLanguage":"en-US","potentialAction":[{"@type":"ReadAction","target":["https:\/\/www.immobilienbusiness.ch\/fr\/buero\/2016-08-24\/geschaeftsflaechenmarkt-bleibt-unter-druck\/"]}]},{"@type":"ImageObject","inLanguage":"en-US","@id":"https:\/\/www.immobilienbusiness.ch\/fr\/buero\/2016-08-24\/geschaeftsflaechenmarkt-bleibt-unter-druck\/#primaryimage","url":"https:\/\/www.immobilienbusiness.ch\/wp-content\/uploads\/2016\/12\/Geschaeftsflaechenmarkt-bleibt-unter-Druck-immobilien-business.jpg","contentUrl":"https:\/\/www.immobilienbusiness.ch\/wp-content\/uploads\/2016\/12\/Geschaeftsflaechenmarkt-bleibt-unter-Druck-immobilien-business.jpg","width":2048,"height":1536,"caption":"Mieten f\u00fcr Retail-Fl\u00e4chen sind in Basel besonders unter Druck (Foto: Christoph Radtke - Eigenes Werk, CC BY 3.0, Wikimedia Commons)"},{"@type":"BreadcrumbList","@id":"https:\/\/www.immobilienbusiness.ch\/fr\/buero\/2016-08-24\/geschaeftsflaechenmarkt-bleibt-unter-druck\/#breadcrumb","itemListElement":[{"@type":"ListItem","position":1,"name":"Home","item":"https:\/\/www.immobilienbusiness.ch\/"},{"@type":"ListItem","position":2,"name":"Gesch\u00e4ftsfl\u00e4chenmarkt bleibt unter Druck"}]},{"@type":"WebSite","@id":"https:\/\/www.immobilienbusiness.ch\/#website","url":"https:\/\/www.immobilienbusiness.ch\/","name":"REAL ESTATE Business","description":"Independent Swiss business magazine focusing on real estate, architecture and construction as well as investment and financing.","publisher":{"@id":"https:\/\/www.immobilienbusiness.ch\/#organization"},"potentialAction":[{"@type":"SearchAction","target":{"@type":"EntryPoint","urlTemplate":"https:\/\/www.immobilienbusiness.ch\/?s={search_term_string}"},"query-input":{"@type":"PropertyValueSpecification","valueRequired":true,"valueName":"search_term_string"}}],"inLanguage":"en-US"},{"@type":"Organization","@id":"https:\/\/www.immobilienbusiness.ch\/#organization","name":"REAL ESTATE Business","url":"https:\/\/www.immobilienbusiness.ch\/","logo":{"@type":"ImageObject","inLanguage":"en-US","@id":"https:\/\/www.immobilienbusiness.ch\/#\/schema\/logo\/image\/","url":"https:\/\/www.immobilienbusiness.ch\/wp-content\/uploads\/2021\/07\/logo_ib.png","contentUrl":"https:\/\/www.immobilienbusiness.ch\/wp-content\/uploads\/2021\/07\/logo_ib.png","width":800,"height":181,"caption":"IMMOBILIEN Business"},"image":{"@id":"https:\/\/www.immobilienbusiness.ch\/#\/schema\/logo\/image\/"},"sameAs":["https:\/\/www.facebook.com\/immobilienbusiness\/"]},{"@type":"Person","@id":"https:\/\/www.immobilienbusiness.ch\/#\/schema\/person\/aa2bace6c5c5aad60102004a50c4eb1c","name":"Editorial","image":{"@type":"ImageObject","inLanguage":"en-US","@id":"https:\/\/secure.gravatar.com\/avatar\/ae2f4d718e6c49043e314ce431e7e645d646302a24a5ef5a8bc8e3f5a032e319?s=96&d=mm&r=g","url":"https:\/\/secure.gravatar.com\/avatar\/ae2f4d718e6c49043e314ce431e7e645d646302a24a5ef5a8bc8e3f5a032e319?s=96&d=mm&r=g","contentUrl":"https:\/\/secure.gravatar.com\/avatar\/ae2f4d718e6c49043e314ce431e7e645d646302a24a5ef5a8bc8e3f5a032e319?s=96&d=mm&r=g","caption":"Redaktion"},"sameAs":["http:\/\/develop.organisator.galledia.ch"],"url":"https:\/\/www.immobilienbusiness.ch\/en\/author\/admin\/"}]}},"_links":{"self":[{"href":"https:\/\/www.immobilienbusiness.ch\/en\/wp-json\/wp\/v2\/posts\/3659","targetHints":{"allow":["GET"]}}],"collection":[{"href":"https:\/\/www.immobilienbusiness.ch\/en\/wp-json\/wp\/v2\/posts"}],"about":[{"href":"https:\/\/www.immobilienbusiness.ch\/en\/wp-json\/wp\/v2\/types\/post"}],"author":[{"embeddable":true,"href":"https:\/\/www.immobilienbusiness.ch\/en\/wp-json\/wp\/v2\/users\/1"}],"replies":[{"embeddable":true,"href":"https:\/\/www.immobilienbusiness.ch\/en\/wp-json\/wp\/v2\/comments?post=3659"}],"version-history":[{"count":0,"href":"https:\/\/www.immobilienbusiness.ch\/en\/wp-json\/wp\/v2\/posts\/3659\/revisions"}],"wp:featuredmedia":[{"embeddable":true,"href":"https:\/\/www.immobilienbusiness.ch\/en\/wp-json\/wp\/v2\/media\/3660"}],"wp:attachment":[{"href":"https:\/\/www.immobilienbusiness.ch\/en\/wp-json\/wp\/v2\/media?parent=3659"}],"wp:term":[{"taxonomy":"category","embeddable":true,"href":"https:\/\/www.immobilienbusiness.ch\/en\/wp-json\/wp\/v2\/categories?post=3659"},{"taxonomy":"post_tag","embeddable":true,"href":"https:\/\/www.immobilienbusiness.ch\/en\/wp-json\/wp\/v2\/tags?post=3659"}],"curies":[{"name":"wp","href":"https:\/\/api.w.org\/{rel}","templated":true}]}}