{"id":3615,"date":"2016-08-22T08:37:34","date_gmt":"2016-08-22T06:37:34","guid":{"rendered":"http:\/\/dev.immobilienbusiness.ch\/?p=3615"},"modified":"2016-08-22T08:37:34","modified_gmt":"2016-08-22T06:37:34","slug":"zuerich-lidl-mietet-in-der-fraumuensterpost","status":"publish","type":"post","link":"https:\/\/www.immobilienbusiness.ch\/en\/regionen\/2016-08-22\/zuerich-lidl-mietet-in-der-fraumuensterpost\/","title":{"rendered":"Zurich: Lidl rents in the Fraum\u00fcnsterpost building"},"content":{"rendered":"<figure id=\"attachment_3616\" aria-describedby=\"caption-attachment-3616\" style=\"width: 680px\" class=\"wp-caption alignnone\"><img loading=\"lazy\" decoding=\"async\" class=\"size-medium wp-image-3616\" src=\"https:\/\/immobilienbusiness.ch\/wp-content\/uploads\/2016\/12\/Z\u00fcrich-Lidl-mietet-in-der-Fraum\u00fcnsterpost-immobilien-business.jpg\" alt=\"Lidl wird eine Filiale in der Fraum\u00fcnsterpost er\u00f6ffnen (Foto: Adrian Michael, CC BY-SA 3.0, Wikimedia Commons)\" width=\"680\" height=\"478\" \/><figcaption id=\"caption-attachment-3616\" class=\"wp-caption-text\">Lidl will open a branch in the Fraum\u00fcnsterpost (Photo: Adrian Michael, CC BY-SA 3.0, Wikimedia Commons)<\/figcaption><\/figure>\n<p>Swiss Post will cease operations at Fraum\u00fcnsterpost at the end of October 2016 and move to Uraniastrasse.<\/p>\n<p>According to Lidl, the discounter will now work out a concept with the landlord and the relevant authorities that will ensure the preservation of the listed building, which was constructed in 1891, while at the same time allowing the operation of a Lidl store. The intention is not to change the architecture and atmosphere of the building, but even to re-emphasize it, says Marco Landolt, Head of Expansion at Lidl Switzerland. The hall on the first floor is therefore to be freed from the retrofitted elements of the previous tenant and, as far as possible, brought back into line with the original architecture.<\/p>\n<p>The store's planned sales area is expected to be around 1,000 square meters and will include the discounter's full range of products. It is not yet known when the store will open.  (ah)<\/p>","protected":false},"excerpt":{"rendered":"<p>Lidl Switzerland is to open a store in downtown Zurich for the first time. To this end, the discounter is renting space in the tradition-steeped Fraum\u00fcnsterpost in District 1. The lease agreement between Swiss Prime Site AG, the owner of the building, and Lidl Switzerland has already been signed.<\/p>","protected":false},"author":1,"featured_media":3616,"comment_status":"open","ping_status":"open","sticky":false,"template":"","format":"standard","meta":{"_acf_changed":false,"_yoast_wpseo_focuskw":"Lidl mietet in der Fraum\u00fcnsterpost","_yoast_wpseo_title":"","_yoast_wpseo_metadesc":"Lidl mietet in der Fraum\u00fcnsterpost: Der Discounter Lidl Schweiz mietet sich in der traditionsreichen Fraum\u00fcnsterpost im Kreis 1 (ZH) ein.","_yoast_wpseo_linkdex":54,"pgc_sgb_lightbox_settings":"","footnotes":""},"categories":[985,987],"tags":[1629,1643,1888],"class_list":["post-3615","post","type-post","status-publish","format-standard","has-post-thumbnail","hentry","category-regionen","category-retail","tag-regionen","tag-retail","tag-zuerich"],"acf":[],"yoast_head":"<!-- This site is optimized with the Yoast SEO plugin v27.4 - https:\/\/yoast.com\/product\/yoast-seo-wordpress\/ -->\n<title>Z\u00fcrich: Lidl mietet in der Fraum\u00fcnsterpost - IMMOBILIEN Business<\/title>\n<meta name=\"description\" content=\"Lidl mietet in der Fraum\u00fcnsterpost: Der Discounter Lidl Schweiz mietet sich in der traditionsreichen Fraum\u00fcnsterpost im Kreis 1 (ZH) ein.\" \/>\n<meta name=\"robots\" content=\"index, follow, max-snippet:-1, max-image-preview:large, max-video-preview:-1\" \/>\n<link rel=\"canonical\" href=\"https:\/\/www.immobilienbusiness.ch\/en\/regionen\/2016-08-22\/zuerich-lidl-mietet-in-der-fraumuensterpost\/\" \/>\n<meta property=\"og:locale\" content=\"en_US\" \/>\n<meta property=\"og:type\" content=\"article\" \/>\n<meta property=\"og:title\" content=\"Z\u00fcrich: Lidl mietet in der Fraum\u00fcnsterpost\" \/>\n<meta property=\"og:description\" content=\"Lidl Schweiz wird erstmals eine Filiale in der Z\u00fcrcher Innenstadt er\u00f6ffnen. Dazu mietet sich der Discounter in der traditionsreichen Fraum\u00fcnsterpost im Kreis 1 ein. Der Mietvertrag zwischen der Swiss Prime Site AG, der Eigent\u00fcmerin des Geb\u00e4udes, und Lidl Schweiz ist bereits unterzeichnet worden.\" \/>\n<meta property=\"og:url\" content=\"https:\/\/www.immobilienbusiness.ch\/en\/regionen\/2016-08-22\/zuerich-lidl-mietet-in-der-fraumuensterpost\/\" \/>\n<meta property=\"og:site_name\" content=\"IMMOBILIEN Business\" \/>\n<meta property=\"article:publisher\" content=\"https:\/\/www.facebook.com\/immobilienbusiness\/\" \/>\n<meta property=\"article:published_time\" content=\"2016-08-22T06:37:34+00:00\" \/>\n<meta name=\"author\" content=\"Redaktion\" \/>\n<meta name=\"twitter:card\" content=\"summary_large_image\" \/>\n<meta name=\"twitter:image\" content=\"https:\/\/www.immobilienbusiness.ch\/wp-content\/uploads\/2016\/12\/Zuerich-Lidl-mietet-in-der-Fraumuensterpost-immobilien-business.jpg\" \/>\n<script type=\"application\/ld+json\" class=\"yoast-schema-graph\">{\"@context\":\"https:\\\/\\\/schema.org\",\"@graph\":[{\"@type\":\"Article\",\"@id\":\"https:\\\/\\\/www.immobilienbusiness.ch\\\/fr\\\/regionen\\\/2016-08-22\\\/zuerich-lidl-mietet-in-der-fraumuensterpost\\\/#article\",\"isPartOf\":{\"@id\":\"https:\\\/\\\/www.immobilienbusiness.ch\\\/fr\\\/regionen\\\/2016-08-22\\\/zuerich-lidl-mietet-in-der-fraumuensterpost\\\/\"},\"author\":{\"name\":\"Redaktion\",\"@id\":\"https:\\\/\\\/www.immobilienbusiness.ch\\\/#\\\/schema\\\/person\\\/aa2bace6c5c5aad60102004a50c4eb1c\"},\"headline\":\"Z\u00fcrich: Lidl mietet in der Fraum\u00fcnsterpost\",\"datePublished\":\"2016-08-22T06:37:34+00:00\",\"mainEntityOfPage\":{\"@id\":\"https:\\\/\\\/www.immobilienbusiness.ch\\\/fr\\\/regionen\\\/2016-08-22\\\/zuerich-lidl-mietet-in-der-fraumuensterpost\\\/\"},\"wordCount\":171,\"commentCount\":0,\"publisher\":{\"@id\":\"https:\\\/\\\/www.immobilienbusiness.ch\\\/#organization\"},\"image\":{\"@id\":\"https:\\\/\\\/www.immobilienbusiness.ch\\\/fr\\\/regionen\\\/2016-08-22\\\/zuerich-lidl-mietet-in-der-fraumuensterpost\\\/#primaryimage\"},\"thumbnailUrl\":\"https:\\\/\\\/www.immobilienbusiness.ch\\\/wp-content\\\/uploads\\\/2016\\\/12\\\/Zuerich-Lidl-mietet-in-der-Fraumuensterpost-immobilien-business.jpg\",\"keywords\":[\"Regionen\",\"Retail\",\"Z\u00fcrich\"],\"articleSection\":[\"REGIONEN\",\"RETAIL\"],\"inLanguage\":\"en-US\"},{\"@type\":\"WebPage\",\"@id\":\"https:\\\/\\\/www.immobilienbusiness.ch\\\/fr\\\/regionen\\\/2016-08-22\\\/zuerich-lidl-mietet-in-der-fraumuensterpost\\\/\",\"url\":\"https:\\\/\\\/www.immobilienbusiness.ch\\\/fr\\\/regionen\\\/2016-08-22\\\/zuerich-lidl-mietet-in-der-fraumuensterpost\\\/\",\"name\":\"Z\u00fcrich: Lidl mietet in der Fraum\u00fcnsterpost - IMMOBILIEN Business\",\"isPartOf\":{\"@id\":\"https:\\\/\\\/www.immobilienbusiness.ch\\\/#website\"},\"primaryImageOfPage\":{\"@id\":\"https:\\\/\\\/www.immobilienbusiness.ch\\\/fr\\\/regionen\\\/2016-08-22\\\/zuerich-lidl-mietet-in-der-fraumuensterpost\\\/#primaryimage\"},\"image\":{\"@id\":\"https:\\\/\\\/www.immobilienbusiness.ch\\\/fr\\\/regionen\\\/2016-08-22\\\/zuerich-lidl-mietet-in-der-fraumuensterpost\\\/#primaryimage\"},\"thumbnailUrl\":\"https:\\\/\\\/www.immobilienbusiness.ch\\\/wp-content\\\/uploads\\\/2016\\\/12\\\/Zuerich-Lidl-mietet-in-der-Fraumuensterpost-immobilien-business.jpg\",\"datePublished\":\"2016-08-22T06:37:34+00:00\",\"description\":\"Lidl mietet in der Fraum\u00fcnsterpost: Der Discounter Lidl Schweiz mietet sich in der traditionsreichen Fraum\u00fcnsterpost im Kreis 1 (ZH) ein.\",\"breadcrumb\":{\"@id\":\"https:\\\/\\\/www.immobilienbusiness.ch\\\/fr\\\/regionen\\\/2016-08-22\\\/zuerich-lidl-mietet-in-der-fraumuensterpost\\\/#breadcrumb\"},\"inLanguage\":\"en-US\",\"potentialAction\":[{\"@type\":\"ReadAction\",\"target\":[\"https:\\\/\\\/www.immobilienbusiness.ch\\\/fr\\\/regionen\\\/2016-08-22\\\/zuerich-lidl-mietet-in-der-fraumuensterpost\\\/\"]}]},{\"@type\":\"ImageObject\",\"inLanguage\":\"en-US\",\"@id\":\"https:\\\/\\\/www.immobilienbusiness.ch\\\/fr\\\/regionen\\\/2016-08-22\\\/zuerich-lidl-mietet-in-der-fraumuensterpost\\\/#primaryimage\",\"url\":\"https:\\\/\\\/www.immobilienbusiness.ch\\\/wp-content\\\/uploads\\\/2016\\\/12\\\/Zuerich-Lidl-mietet-in-der-Fraumuensterpost-immobilien-business.jpg\",\"contentUrl\":\"https:\\\/\\\/www.immobilienbusiness.ch\\\/wp-content\\\/uploads\\\/2016\\\/12\\\/Zuerich-Lidl-mietet-in-der-Fraumuensterpost-immobilien-business.jpg\",\"width\":1024,\"height\":720,\"caption\":\"Lidl wird eine Filiale in der Fraum\u00fcnsterpost er\u00f6ffnen (Foto: Adrian Michael, CC BY-SA 3.0, Wikimedia Commons)\"},{\"@type\":\"BreadcrumbList\",\"@id\":\"https:\\\/\\\/www.immobilienbusiness.ch\\\/fr\\\/regionen\\\/2016-08-22\\\/zuerich-lidl-mietet-in-der-fraumuensterpost\\\/#breadcrumb\",\"itemListElement\":[{\"@type\":\"ListItem\",\"position\":1,\"name\":\"Home\",\"item\":\"https:\\\/\\\/www.immobilienbusiness.ch\\\/\"},{\"@type\":\"ListItem\",\"position\":2,\"name\":\"Z\u00fcrich: Lidl mietet in der Fraum\u00fcnsterpost\"}]},{\"@type\":\"WebSite\",\"@id\":\"https:\\\/\\\/www.immobilienbusiness.ch\\\/#website\",\"url\":\"https:\\\/\\\/www.immobilienbusiness.ch\\\/\",\"name\":\"IMMOBILIEN Business\",\"description\":\"Unabh\u00e4ngiges Schweizer Wirtschaftsmagazin mit Fokus auf Immobilien, Architektur- und Bau sowie Investment- und Finanzierung.\",\"publisher\":{\"@id\":\"https:\\\/\\\/www.immobilienbusiness.ch\\\/#organization\"},\"potentialAction\":[{\"@type\":\"SearchAction\",\"target\":{\"@type\":\"EntryPoint\",\"urlTemplate\":\"https:\\\/\\\/www.immobilienbusiness.ch\\\/?s={search_term_string}\"},\"query-input\":{\"@type\":\"PropertyValueSpecification\",\"valueRequired\":true,\"valueName\":\"search_term_string\"}}],\"inLanguage\":\"en-US\"},{\"@type\":\"Organization\",\"@id\":\"https:\\\/\\\/www.immobilienbusiness.ch\\\/#organization\",\"name\":\"IMMOBILIEN Business\",\"url\":\"https:\\\/\\\/www.immobilienbusiness.ch\\\/\",\"logo\":{\"@type\":\"ImageObject\",\"inLanguage\":\"en-US\",\"@id\":\"https:\\\/\\\/www.immobilienbusiness.ch\\\/#\\\/schema\\\/logo\\\/image\\\/\",\"url\":\"https:\\\/\\\/www.immobilienbusiness.ch\\\/wp-content\\\/uploads\\\/2021\\\/07\\\/logo_ib.png\",\"contentUrl\":\"https:\\\/\\\/www.immobilienbusiness.ch\\\/wp-content\\\/uploads\\\/2021\\\/07\\\/logo_ib.png\",\"width\":800,\"height\":181,\"caption\":\"IMMOBILIEN Business\"},\"image\":{\"@id\":\"https:\\\/\\\/www.immobilienbusiness.ch\\\/#\\\/schema\\\/logo\\\/image\\\/\"},\"sameAs\":[\"https:\\\/\\\/www.facebook.com\\\/immobilienbusiness\\\/\"]},{\"@type\":\"Person\",\"@id\":\"https:\\\/\\\/www.immobilienbusiness.ch\\\/#\\\/schema\\\/person\\\/aa2bace6c5c5aad60102004a50c4eb1c\",\"name\":\"Redaktion\",\"image\":{\"@type\":\"ImageObject\",\"inLanguage\":\"en-US\",\"@id\":\"https:\\\/\\\/secure.gravatar.com\\\/avatar\\\/ae2f4d718e6c49043e314ce431e7e645d646302a24a5ef5a8bc8e3f5a032e319?s=96&d=mm&r=g\",\"url\":\"https:\\\/\\\/secure.gravatar.com\\\/avatar\\\/ae2f4d718e6c49043e314ce431e7e645d646302a24a5ef5a8bc8e3f5a032e319?s=96&d=mm&r=g\",\"contentUrl\":\"https:\\\/\\\/secure.gravatar.com\\\/avatar\\\/ae2f4d718e6c49043e314ce431e7e645d646302a24a5ef5a8bc8e3f5a032e319?s=96&d=mm&r=g\",\"caption\":\"Redaktion\"},\"sameAs\":[\"http:\\\/\\\/develop.organisator.galledia.ch\"],\"url\":\"https:\\\/\\\/www.immobilienbusiness.ch\\\/en\\\/author\\\/admin\\\/\"}]}<\/script>\n<!-- \/ Yoast SEO plugin. -->","yoast_head_json":{"title":"Z\u00fcrich: Lidl mietet in der Fraum\u00fcnsterpost - IMMOBILIEN Business","description":"Lidl mietet in der Fraum\u00fcnsterpost: Der Discounter Lidl Schweiz mietet sich in der traditionsreichen Fraum\u00fcnsterpost im Kreis 1 (ZH) ein.","robots":{"index":"index","follow":"follow","max-snippet":"max-snippet:-1","max-image-preview":"max-image-preview:large","max-video-preview":"max-video-preview:-1"},"canonical":"https:\/\/www.immobilienbusiness.ch\/en\/regionen\/2016-08-22\/zuerich-lidl-mietet-in-der-fraumuensterpost\/","og_locale":"en_US","og_type":"article","og_title":"Z\u00fcrich: Lidl mietet in der Fraum\u00fcnsterpost","og_description":"Lidl Schweiz wird erstmals eine Filiale in der Z\u00fcrcher Innenstadt er\u00f6ffnen. Dazu mietet sich der Discounter in der traditionsreichen Fraum\u00fcnsterpost im Kreis 1 ein. Der Mietvertrag zwischen der Swiss Prime Site AG, der Eigent\u00fcmerin des Geb\u00e4udes, und Lidl Schweiz ist bereits unterzeichnet worden.","og_url":"https:\/\/www.immobilienbusiness.ch\/en\/regionen\/2016-08-22\/zuerich-lidl-mietet-in-der-fraumuensterpost\/","og_site_name":"IMMOBILIEN Business","article_publisher":"https:\/\/www.facebook.com\/immobilienbusiness\/","article_published_time":"2016-08-22T06:37:34+00:00","author":"Redaktion","twitter_card":"summary_large_image","twitter_image":"https:\/\/www.immobilienbusiness.ch\/wp-content\/uploads\/2016\/12\/Zuerich-Lidl-mietet-in-der-Fraumuensterpost-immobilien-business.jpg","schema":{"@context":"https:\/\/schema.org","@graph":[{"@type":"Article","@id":"https:\/\/www.immobilienbusiness.ch\/fr\/regionen\/2016-08-22\/zuerich-lidl-mietet-in-der-fraumuensterpost\/#article","isPartOf":{"@id":"https:\/\/www.immobilienbusiness.ch\/fr\/regionen\/2016-08-22\/zuerich-lidl-mietet-in-der-fraumuensterpost\/"},"author":{"name":"Redaktion","@id":"https:\/\/www.immobilienbusiness.ch\/#\/schema\/person\/aa2bace6c5c5aad60102004a50c4eb1c"},"headline":"Z\u00fcrich: Lidl mietet in der Fraum\u00fcnsterpost","datePublished":"2016-08-22T06:37:34+00:00","mainEntityOfPage":{"@id":"https:\/\/www.immobilienbusiness.ch\/fr\/regionen\/2016-08-22\/zuerich-lidl-mietet-in-der-fraumuensterpost\/"},"wordCount":171,"commentCount":0,"publisher":{"@id":"https:\/\/www.immobilienbusiness.ch\/#organization"},"image":{"@id":"https:\/\/www.immobilienbusiness.ch\/fr\/regionen\/2016-08-22\/zuerich-lidl-mietet-in-der-fraumuensterpost\/#primaryimage"},"thumbnailUrl":"https:\/\/www.immobilienbusiness.ch\/wp-content\/uploads\/2016\/12\/Zuerich-Lidl-mietet-in-der-Fraumuensterpost-immobilien-business.jpg","keywords":["Regionen","Retail","Z\u00fcrich"],"articleSection":["REGIONEN","RETAIL"],"inLanguage":"en-US"},{"@type":"WebPage","@id":"https:\/\/www.immobilienbusiness.ch\/fr\/regionen\/2016-08-22\/zuerich-lidl-mietet-in-der-fraumuensterpost\/","url":"https:\/\/www.immobilienbusiness.ch\/fr\/regionen\/2016-08-22\/zuerich-lidl-mietet-in-der-fraumuensterpost\/","name":"Z\u00fcrich: Lidl mietet in der Fraum\u00fcnsterpost - IMMOBILIEN Business","isPartOf":{"@id":"https:\/\/www.immobilienbusiness.ch\/#website"},"primaryImageOfPage":{"@id":"https:\/\/www.immobilienbusiness.ch\/fr\/regionen\/2016-08-22\/zuerich-lidl-mietet-in-der-fraumuensterpost\/#primaryimage"},"image":{"@id":"https:\/\/www.immobilienbusiness.ch\/fr\/regionen\/2016-08-22\/zuerich-lidl-mietet-in-der-fraumuensterpost\/#primaryimage"},"thumbnailUrl":"https:\/\/www.immobilienbusiness.ch\/wp-content\/uploads\/2016\/12\/Zuerich-Lidl-mietet-in-der-Fraumuensterpost-immobilien-business.jpg","datePublished":"2016-08-22T06:37:34+00:00","description":"Lidl mietet in der Fraum\u00fcnsterpost: Der Discounter Lidl Schweiz mietet sich in der traditionsreichen Fraum\u00fcnsterpost im Kreis 1 (ZH) ein.","breadcrumb":{"@id":"https:\/\/www.immobilienbusiness.ch\/fr\/regionen\/2016-08-22\/zuerich-lidl-mietet-in-der-fraumuensterpost\/#breadcrumb"},"inLanguage":"en-US","potentialAction":[{"@type":"ReadAction","target":["https:\/\/www.immobilienbusiness.ch\/fr\/regionen\/2016-08-22\/zuerich-lidl-mietet-in-der-fraumuensterpost\/"]}]},{"@type":"ImageObject","inLanguage":"en-US","@id":"https:\/\/www.immobilienbusiness.ch\/fr\/regionen\/2016-08-22\/zuerich-lidl-mietet-in-der-fraumuensterpost\/#primaryimage","url":"https:\/\/www.immobilienbusiness.ch\/wp-content\/uploads\/2016\/12\/Zuerich-Lidl-mietet-in-der-Fraumuensterpost-immobilien-business.jpg","contentUrl":"https:\/\/www.immobilienbusiness.ch\/wp-content\/uploads\/2016\/12\/Zuerich-Lidl-mietet-in-der-Fraumuensterpost-immobilien-business.jpg","width":1024,"height":720,"caption":"Lidl wird eine Filiale in der Fraum\u00fcnsterpost er\u00f6ffnen (Foto: Adrian Michael, CC BY-SA 3.0, Wikimedia Commons)"},{"@type":"BreadcrumbList","@id":"https:\/\/www.immobilienbusiness.ch\/fr\/regionen\/2016-08-22\/zuerich-lidl-mietet-in-der-fraumuensterpost\/#breadcrumb","itemListElement":[{"@type":"ListItem","position":1,"name":"Home","item":"https:\/\/www.immobilienbusiness.ch\/"},{"@type":"ListItem","position":2,"name":"Z\u00fcrich: Lidl mietet in der Fraum\u00fcnsterpost"}]},{"@type":"WebSite","@id":"https:\/\/www.immobilienbusiness.ch\/#website","url":"https:\/\/www.immobilienbusiness.ch\/","name":"REAL ESTATE Business","description":"Independent Swiss business magazine focusing on real estate, architecture and construction as well as investment and financing.","publisher":{"@id":"https:\/\/www.immobilienbusiness.ch\/#organization"},"potentialAction":[{"@type":"SearchAction","target":{"@type":"EntryPoint","urlTemplate":"https:\/\/www.immobilienbusiness.ch\/?s={search_term_string}"},"query-input":{"@type":"PropertyValueSpecification","valueRequired":true,"valueName":"search_term_string"}}],"inLanguage":"en-US"},{"@type":"Organization","@id":"https:\/\/www.immobilienbusiness.ch\/#organization","name":"REAL ESTATE Business","url":"https:\/\/www.immobilienbusiness.ch\/","logo":{"@type":"ImageObject","inLanguage":"en-US","@id":"https:\/\/www.immobilienbusiness.ch\/#\/schema\/logo\/image\/","url":"https:\/\/www.immobilienbusiness.ch\/wp-content\/uploads\/2021\/07\/logo_ib.png","contentUrl":"https:\/\/www.immobilienbusiness.ch\/wp-content\/uploads\/2021\/07\/logo_ib.png","width":800,"height":181,"caption":"IMMOBILIEN Business"},"image":{"@id":"https:\/\/www.immobilienbusiness.ch\/#\/schema\/logo\/image\/"},"sameAs":["https:\/\/www.facebook.com\/immobilienbusiness\/"]},{"@type":"Person","@id":"https:\/\/www.immobilienbusiness.ch\/#\/schema\/person\/aa2bace6c5c5aad60102004a50c4eb1c","name":"Editorial","image":{"@type":"ImageObject","inLanguage":"en-US","@id":"https:\/\/secure.gravatar.com\/avatar\/ae2f4d718e6c49043e314ce431e7e645d646302a24a5ef5a8bc8e3f5a032e319?s=96&d=mm&r=g","url":"https:\/\/secure.gravatar.com\/avatar\/ae2f4d718e6c49043e314ce431e7e645d646302a24a5ef5a8bc8e3f5a032e319?s=96&d=mm&r=g","contentUrl":"https:\/\/secure.gravatar.com\/avatar\/ae2f4d718e6c49043e314ce431e7e645d646302a24a5ef5a8bc8e3f5a032e319?s=96&d=mm&r=g","caption":"Redaktion"},"sameAs":["http:\/\/develop.organisator.galledia.ch"],"url":"https:\/\/www.immobilienbusiness.ch\/en\/author\/admin\/"}]}},"_links":{"self":[{"href":"https:\/\/www.immobilienbusiness.ch\/en\/wp-json\/wp\/v2\/posts\/3615","targetHints":{"allow":["GET"]}}],"collection":[{"href":"https:\/\/www.immobilienbusiness.ch\/en\/wp-json\/wp\/v2\/posts"}],"about":[{"href":"https:\/\/www.immobilienbusiness.ch\/en\/wp-json\/wp\/v2\/types\/post"}],"author":[{"embeddable":true,"href":"https:\/\/www.immobilienbusiness.ch\/en\/wp-json\/wp\/v2\/users\/1"}],"replies":[{"embeddable":true,"href":"https:\/\/www.immobilienbusiness.ch\/en\/wp-json\/wp\/v2\/comments?post=3615"}],"version-history":[{"count":0,"href":"https:\/\/www.immobilienbusiness.ch\/en\/wp-json\/wp\/v2\/posts\/3615\/revisions"}],"wp:featuredmedia":[{"embeddable":true,"href":"https:\/\/www.immobilienbusiness.ch\/en\/wp-json\/wp\/v2\/media\/3616"}],"wp:attachment":[{"href":"https:\/\/www.immobilienbusiness.ch\/en\/wp-json\/wp\/v2\/media?parent=3615"}],"wp:term":[{"taxonomy":"category","embeddable":true,"href":"https:\/\/www.immobilienbusiness.ch\/en\/wp-json\/wp\/v2\/categories?post=3615"},{"taxonomy":"post_tag","embeddable":true,"href":"https:\/\/www.immobilienbusiness.ch\/en\/wp-json\/wp\/v2\/tags?post=3615"}],"curies":[{"name":"wp","href":"https:\/\/api.w.org\/{rel}","templated":true}]}}