{"id":3579,"date":"2016-08-18T09:46:28","date_gmt":"2016-08-18T07:46:28","guid":{"rendered":"http:\/\/dev.immobilienbusiness.ch\/?p=3579"},"modified":"2016-08-18T09:46:28","modified_gmt":"2016-08-18T07:46:28","slug":"zuerich-leerwohnungsziffer-im-kanton-steigt-deutlich","status":"publish","type":"post","link":"https:\/\/www.immobilienbusiness.ch\/en\/regionen\/2016-08-18\/zuerich-leerwohnungsziffer-im-kanton-steigt-deutlich\/","title":{"rendered":"Zurich: Vacancy rate in the canton rises significantly"},"content":{"rendered":"<figure id=\"attachment_3581\" aria-describedby=\"caption-attachment-3581\" style=\"width: 680px\" class=\"wp-caption alignnone\"><img loading=\"lazy\" decoding=\"async\" class=\"size-medium wp-image-3581\" src=\"https:\/\/immobilienbusiness.ch\/wp-content\/uploads\/2016\/12\/Z\u00fcrich-Leerwohnungsziffer-im-Kanton-steigt-deutlich-immobilien-business.jpg\" alt=\"Die Leerwohnungszahl in der Stadt Z\u00fcrich bleibt tief, im Kanton steigt sie jedoch (Foto: Pixabay)\" width=\"680\" height=\"453\" \/><figcaption id=\"caption-attachment-3581\" class=\"wp-caption-text\">The number of vacant apartments in the city of Zurich remains low, but in the canton it is rising (Photo: Pixabay)<\/figcaption><\/figure>\n<p>The number of apartments reported as vacant in the canton of Zurich was almost constant at around 4,000 from 2008 to 2012, the city and canton wrote in a joint media release. Currently, the number of vacant apartments stands at 6,146, reaching the level of the late 1990s. The increase affects all apartment sizes, but the lowest vacancies are in small apartments with less than three rooms.<\/p>\n<p>In contrast to the canton of Zurich, no significant increase in the number of vacant apartments was observed in the city of Zurich. On June 1, 2016, 484 apartments were vacant, compared with 483 in the previous year. The vacancy rate thus remains at 0.22 percent. Comparatively high vacancy rates are achieved in quarters close to the city center with a high level of new construction activity, such as Enge and Langstrasse. The lowest vacancy rates are found in Zurich North in districts 11 and 12.<\/p>\n<p>Of the 484 vacant apartments, 146 were in new buildings (previous year: 192), while the number of vacant apartments in older buildings increased from 291 to 338 compared with the previous year.<\/p>\n<p>In the city of Zurich, it is still mainly apartments in the upper price segment that are vacant, the statement continues: The monthly median rent for vacant apartments is CHF 34\/sqm, while it is almost a third lower for newly occupied apartments at CHF 23\/sqm. The difference is even greater compared with rents for apartments where there has been no change of tenant for at least three years, where the median rent is 19 CHF\/sqm.<\/p>\n<p>The vacancy census is used annually to determine the number of apartments that are vacant as of June 1. Because the majority of apartments are re-rented or sold immediately after moving out, the vacancy count only represents a portion of the apartments that come onto the market. According to the statistics, in the city of Zurich, for example, around 1,700 apartments are (re)occupied in an average month, which is more than three times the current vacancy rate. (ah)<\/p>","protected":false},"excerpt":{"rendered":"<p>In the canton of Zurich, more than 6,000 apartments are currently vacant, the highest number since 1998. In the city of Zurich, on the other hand, the number of vacant apartments has remained stable.<\/p>","protected":false},"author":1,"featured_media":3581,"comment_status":"open","ping_status":"open","sticky":false,"template":"","format":"standard","meta":{"_acf_changed":false,"_yoast_wpseo_focuskw":"Leerwohnungsziffer","_yoast_wpseo_title":"","_yoast_wpseo_metadesc":"Leerwohnungsziffer steigt: Im Kanton Z\u00fcrich stehen derzeit mehr als 6.000 Wohnungen leer. In der Stadt Z\u00fcrich ist die Leerwohnungszahl stabil geblieben.","_yoast_wpseo_linkdex":72,"pgc_sgb_lightbox_settings":"","footnotes":""},"categories":[985,986],"tags":[1629,1639,1862,1888],"class_list":["post-3579","post","type-post","status-publish","format-standard","has-post-thumbnail","hentry","category-regionen","category-residential","tag-regionen","tag-residential","tag-wohnen","tag-zuerich"],"acf":[],"yoast_head":"<!-- This site is optimized with the Yoast SEO plugin v27.5 - https:\/\/yoast.com\/product\/yoast-seo-wordpress\/ -->\n<title>Z\u00fcrich: Leerwohnungsziffer im Kanton steigt deutlich - IMMOBILIEN Business<\/title>\n<meta name=\"description\" content=\"Leerwohnungsziffer steigt: Im Kanton Z\u00fcrich stehen derzeit mehr als 6.000 Wohnungen leer. In der Stadt Z\u00fcrich ist die Leerwohnungszahl stabil geblieben.\" \/>\n<meta name=\"robots\" content=\"index, follow, max-snippet:-1, max-image-preview:large, max-video-preview:-1\" \/>\n<link rel=\"canonical\" href=\"https:\/\/www.immobilienbusiness.ch\/en\/regionen\/2016-08-18\/zuerich-leerwohnungsziffer-im-kanton-steigt-deutlich\/\" \/>\n<meta property=\"og:locale\" content=\"en_US\" \/>\n<meta property=\"og:type\" content=\"article\" \/>\n<meta property=\"og:title\" content=\"Z\u00fcrich: Leerwohnungsziffer im Kanton steigt deutlich\" \/>\n<meta property=\"og:description\" content=\"Im Kanton Z\u00fcrich stehen derzeit mehr als 6.000 Wohnungen leer, das sind so viele wie seit 1998 nicht mehr. In der Stadt Z\u00fcrich hingegen ist die Leerwohnungszahl stabil geblieben.\" \/>\n<meta property=\"og:url\" content=\"https:\/\/www.immobilienbusiness.ch\/en\/regionen\/2016-08-18\/zuerich-leerwohnungsziffer-im-kanton-steigt-deutlich\/\" \/>\n<meta property=\"og:site_name\" content=\"IMMOBILIEN Business\" \/>\n<meta property=\"article:publisher\" content=\"https:\/\/www.facebook.com\/immobilienbusiness\/\" \/>\n<meta property=\"article:published_time\" content=\"2016-08-18T07:46:28+00:00\" \/>\n<meta name=\"author\" content=\"Redaktion\" \/>\n<meta name=\"twitter:card\" content=\"summary_large_image\" \/>\n<meta name=\"twitter:image\" content=\"https:\/\/www.immobilienbusiness.ch\/wp-content\/uploads\/2016\/12\/Zuerich-Leerwohnungsziffer-im-Kanton-steigt-deutlich-immobilien-business.jpg\" \/>\n<script type=\"application\/ld+json\" class=\"yoast-schema-graph\">{\"@context\":\"https:\\\/\\\/schema.org\",\"@graph\":[{\"@type\":\"Article\",\"@id\":\"https:\\\/\\\/www.immobilienbusiness.ch\\\/fr\\\/regionen\\\/2016-08-18\\\/zuerich-leerwohnungsziffer-im-kanton-steigt-deutlich\\\/#article\",\"isPartOf\":{\"@id\":\"https:\\\/\\\/www.immobilienbusiness.ch\\\/fr\\\/regionen\\\/2016-08-18\\\/zuerich-leerwohnungsziffer-im-kanton-steigt-deutlich\\\/\"},\"author\":{\"name\":\"Redaktion\",\"@id\":\"https:\\\/\\\/www.immobilienbusiness.ch\\\/#\\\/schema\\\/person\\\/aa2bace6c5c5aad60102004a50c4eb1c\"},\"headline\":\"Z\u00fcrich: Leerwohnungsziffer im Kanton steigt deutlich\",\"datePublished\":\"2016-08-18T07:46:28+00:00\",\"mainEntityOfPage\":{\"@id\":\"https:\\\/\\\/www.immobilienbusiness.ch\\\/fr\\\/regionen\\\/2016-08-18\\\/zuerich-leerwohnungsziffer-im-kanton-steigt-deutlich\\\/\"},\"wordCount\":326,\"commentCount\":0,\"publisher\":{\"@id\":\"https:\\\/\\\/www.immobilienbusiness.ch\\\/#organization\"},\"image\":{\"@id\":\"https:\\\/\\\/www.immobilienbusiness.ch\\\/fr\\\/regionen\\\/2016-08-18\\\/zuerich-leerwohnungsziffer-im-kanton-steigt-deutlich\\\/#primaryimage\"},\"thumbnailUrl\":\"https:\\\/\\\/www.immobilienbusiness.ch\\\/wp-content\\\/uploads\\\/2016\\\/12\\\/Zuerich-Leerwohnungsziffer-im-Kanton-steigt-deutlich-immobilien-business.jpg\",\"keywords\":[\"Regionen\",\"Residential\",\"Wohnen\",\"Z\u00fcrich\"],\"articleSection\":[\"REGIONEN\",\"RESIDENTIAL\"],\"inLanguage\":\"en-US\"},{\"@type\":\"WebPage\",\"@id\":\"https:\\\/\\\/www.immobilienbusiness.ch\\\/fr\\\/regionen\\\/2016-08-18\\\/zuerich-leerwohnungsziffer-im-kanton-steigt-deutlich\\\/\",\"url\":\"https:\\\/\\\/www.immobilienbusiness.ch\\\/fr\\\/regionen\\\/2016-08-18\\\/zuerich-leerwohnungsziffer-im-kanton-steigt-deutlich\\\/\",\"name\":\"Z\u00fcrich: Leerwohnungsziffer im Kanton steigt deutlich - IMMOBILIEN Business\",\"isPartOf\":{\"@id\":\"https:\\\/\\\/www.immobilienbusiness.ch\\\/#website\"},\"primaryImageOfPage\":{\"@id\":\"https:\\\/\\\/www.immobilienbusiness.ch\\\/fr\\\/regionen\\\/2016-08-18\\\/zuerich-leerwohnungsziffer-im-kanton-steigt-deutlich\\\/#primaryimage\"},\"image\":{\"@id\":\"https:\\\/\\\/www.immobilienbusiness.ch\\\/fr\\\/regionen\\\/2016-08-18\\\/zuerich-leerwohnungsziffer-im-kanton-steigt-deutlich\\\/#primaryimage\"},\"thumbnailUrl\":\"https:\\\/\\\/www.immobilienbusiness.ch\\\/wp-content\\\/uploads\\\/2016\\\/12\\\/Zuerich-Leerwohnungsziffer-im-Kanton-steigt-deutlich-immobilien-business.jpg\",\"datePublished\":\"2016-08-18T07:46:28+00:00\",\"description\":\"Leerwohnungsziffer steigt: Im Kanton Z\u00fcrich stehen derzeit mehr als 6.000 Wohnungen leer. In der Stadt Z\u00fcrich ist die Leerwohnungszahl stabil geblieben.\",\"breadcrumb\":{\"@id\":\"https:\\\/\\\/www.immobilienbusiness.ch\\\/fr\\\/regionen\\\/2016-08-18\\\/zuerich-leerwohnungsziffer-im-kanton-steigt-deutlich\\\/#breadcrumb\"},\"inLanguage\":\"en-US\",\"potentialAction\":[{\"@type\":\"ReadAction\",\"target\":[\"https:\\\/\\\/www.immobilienbusiness.ch\\\/fr\\\/regionen\\\/2016-08-18\\\/zuerich-leerwohnungsziffer-im-kanton-steigt-deutlich\\\/\"]}]},{\"@type\":\"ImageObject\",\"inLanguage\":\"en-US\",\"@id\":\"https:\\\/\\\/www.immobilienbusiness.ch\\\/fr\\\/regionen\\\/2016-08-18\\\/zuerich-leerwohnungsziffer-im-kanton-steigt-deutlich\\\/#primaryimage\",\"url\":\"https:\\\/\\\/www.immobilienbusiness.ch\\\/wp-content\\\/uploads\\\/2016\\\/12\\\/Zuerich-Leerwohnungsziffer-im-Kanton-steigt-deutlich-immobilien-business.jpg\",\"contentUrl\":\"https:\\\/\\\/www.immobilienbusiness.ch\\\/wp-content\\\/uploads\\\/2016\\\/12\\\/Zuerich-Leerwohnungsziffer-im-Kanton-steigt-deutlich-immobilien-business.jpg\",\"width\":1280,\"height\":853,\"caption\":\"Die Leerwohnungszahl in der Stadt Z\u00fcrich bleibt tief, im Kanton steigt sie jedoch (Foto: Pixabay)\"},{\"@type\":\"BreadcrumbList\",\"@id\":\"https:\\\/\\\/www.immobilienbusiness.ch\\\/fr\\\/regionen\\\/2016-08-18\\\/zuerich-leerwohnungsziffer-im-kanton-steigt-deutlich\\\/#breadcrumb\",\"itemListElement\":[{\"@type\":\"ListItem\",\"position\":1,\"name\":\"Home\",\"item\":\"https:\\\/\\\/www.immobilienbusiness.ch\\\/\"},{\"@type\":\"ListItem\",\"position\":2,\"name\":\"Z\u00fcrich: Leerwohnungsziffer im Kanton steigt deutlich\"}]},{\"@type\":\"WebSite\",\"@id\":\"https:\\\/\\\/www.immobilienbusiness.ch\\\/#website\",\"url\":\"https:\\\/\\\/www.immobilienbusiness.ch\\\/\",\"name\":\"IMMOBILIEN Business\",\"description\":\"Unabh\u00e4ngiges Schweizer Wirtschaftsmagazin mit Fokus auf Immobilien, Architektur- und Bau sowie Investment- und Finanzierung.\",\"publisher\":{\"@id\":\"https:\\\/\\\/www.immobilienbusiness.ch\\\/#organization\"},\"potentialAction\":[{\"@type\":\"SearchAction\",\"target\":{\"@type\":\"EntryPoint\",\"urlTemplate\":\"https:\\\/\\\/www.immobilienbusiness.ch\\\/?s={search_term_string}\"},\"query-input\":{\"@type\":\"PropertyValueSpecification\",\"valueRequired\":true,\"valueName\":\"search_term_string\"}}],\"inLanguage\":\"en-US\"},{\"@type\":\"Organization\",\"@id\":\"https:\\\/\\\/www.immobilienbusiness.ch\\\/#organization\",\"name\":\"IMMOBILIEN Business\",\"url\":\"https:\\\/\\\/www.immobilienbusiness.ch\\\/\",\"logo\":{\"@type\":\"ImageObject\",\"inLanguage\":\"en-US\",\"@id\":\"https:\\\/\\\/www.immobilienbusiness.ch\\\/#\\\/schema\\\/logo\\\/image\\\/\",\"url\":\"https:\\\/\\\/www.immobilienbusiness.ch\\\/wp-content\\\/uploads\\\/2021\\\/07\\\/logo_ib.png\",\"contentUrl\":\"https:\\\/\\\/www.immobilienbusiness.ch\\\/wp-content\\\/uploads\\\/2021\\\/07\\\/logo_ib.png\",\"width\":800,\"height\":181,\"caption\":\"IMMOBILIEN Business\"},\"image\":{\"@id\":\"https:\\\/\\\/www.immobilienbusiness.ch\\\/#\\\/schema\\\/logo\\\/image\\\/\"},\"sameAs\":[\"https:\\\/\\\/www.facebook.com\\\/immobilienbusiness\\\/\"]},{\"@type\":\"Person\",\"@id\":\"https:\\\/\\\/www.immobilienbusiness.ch\\\/#\\\/schema\\\/person\\\/aa2bace6c5c5aad60102004a50c4eb1c\",\"name\":\"Redaktion\",\"image\":{\"@type\":\"ImageObject\",\"inLanguage\":\"en-US\",\"@id\":\"https:\\\/\\\/secure.gravatar.com\\\/avatar\\\/ae2f4d718e6c49043e314ce431e7e645d646302a24a5ef5a8bc8e3f5a032e319?s=96&d=mm&r=g\",\"url\":\"https:\\\/\\\/secure.gravatar.com\\\/avatar\\\/ae2f4d718e6c49043e314ce431e7e645d646302a24a5ef5a8bc8e3f5a032e319?s=96&d=mm&r=g\",\"contentUrl\":\"https:\\\/\\\/secure.gravatar.com\\\/avatar\\\/ae2f4d718e6c49043e314ce431e7e645d646302a24a5ef5a8bc8e3f5a032e319?s=96&d=mm&r=g\",\"caption\":\"Redaktion\"},\"sameAs\":[\"http:\\\/\\\/develop.organisator.galledia.ch\"],\"url\":\"https:\\\/\\\/www.immobilienbusiness.ch\\\/en\\\/author\\\/admin\\\/\"}]}<\/script>\n<!-- \/ Yoast SEO plugin. -->","yoast_head_json":{"title":"Zurich: Vacancy rate in the canton rises significantly - IMMOBILIEN Business","description":"Vacancy rate on the rise: More than 6,000 apartments are currently vacant in the canton of Zurich. In the city of Zurich, the number of vacant apartments has remained stable.","robots":{"index":"index","follow":"follow","max-snippet":"max-snippet:-1","max-image-preview":"max-image-preview:large","max-video-preview":"max-video-preview:-1"},"canonical":"https:\/\/www.immobilienbusiness.ch\/en\/regionen\/2016-08-18\/zuerich-leerwohnungsziffer-im-kanton-steigt-deutlich\/","og_locale":"en_US","og_type":"article","og_title":"Z\u00fcrich: Leerwohnungsziffer im Kanton steigt deutlich","og_description":"Im Kanton Z\u00fcrich stehen derzeit mehr als 6.000 Wohnungen leer, das sind so viele wie seit 1998 nicht mehr. In der Stadt Z\u00fcrich hingegen ist die Leerwohnungszahl stabil geblieben.","og_url":"https:\/\/www.immobilienbusiness.ch\/en\/regionen\/2016-08-18\/zuerich-leerwohnungsziffer-im-kanton-steigt-deutlich\/","og_site_name":"IMMOBILIEN Business","article_publisher":"https:\/\/www.facebook.com\/immobilienbusiness\/","article_published_time":"2016-08-18T07:46:28+00:00","author":"Redaktion","twitter_card":"summary_large_image","twitter_image":"https:\/\/www.immobilienbusiness.ch\/wp-content\/uploads\/2016\/12\/Zuerich-Leerwohnungsziffer-im-Kanton-steigt-deutlich-immobilien-business.jpg","schema":{"@context":"https:\/\/schema.org","@graph":[{"@type":"Article","@id":"https:\/\/www.immobilienbusiness.ch\/fr\/regionen\/2016-08-18\/zuerich-leerwohnungsziffer-im-kanton-steigt-deutlich\/#article","isPartOf":{"@id":"https:\/\/www.immobilienbusiness.ch\/fr\/regionen\/2016-08-18\/zuerich-leerwohnungsziffer-im-kanton-steigt-deutlich\/"},"author":{"name":"Redaktion","@id":"https:\/\/www.immobilienbusiness.ch\/#\/schema\/person\/aa2bace6c5c5aad60102004a50c4eb1c"},"headline":"Z\u00fcrich: Leerwohnungsziffer im Kanton steigt deutlich","datePublished":"2016-08-18T07:46:28+00:00","mainEntityOfPage":{"@id":"https:\/\/www.immobilienbusiness.ch\/fr\/regionen\/2016-08-18\/zuerich-leerwohnungsziffer-im-kanton-steigt-deutlich\/"},"wordCount":326,"commentCount":0,"publisher":{"@id":"https:\/\/www.immobilienbusiness.ch\/#organization"},"image":{"@id":"https:\/\/www.immobilienbusiness.ch\/fr\/regionen\/2016-08-18\/zuerich-leerwohnungsziffer-im-kanton-steigt-deutlich\/#primaryimage"},"thumbnailUrl":"https:\/\/www.immobilienbusiness.ch\/wp-content\/uploads\/2016\/12\/Zuerich-Leerwohnungsziffer-im-Kanton-steigt-deutlich-immobilien-business.jpg","keywords":["Regionen","Residential","Wohnen","Z\u00fcrich"],"articleSection":["REGIONEN","RESIDENTIAL"],"inLanguage":"en-US"},{"@type":"WebPage","@id":"https:\/\/www.immobilienbusiness.ch\/fr\/regionen\/2016-08-18\/zuerich-leerwohnungsziffer-im-kanton-steigt-deutlich\/","url":"https:\/\/www.immobilienbusiness.ch\/fr\/regionen\/2016-08-18\/zuerich-leerwohnungsziffer-im-kanton-steigt-deutlich\/","name":"Zurich: Vacancy rate in the canton rises significantly - IMMOBILIEN Business","isPartOf":{"@id":"https:\/\/www.immobilienbusiness.ch\/#website"},"primaryImageOfPage":{"@id":"https:\/\/www.immobilienbusiness.ch\/fr\/regionen\/2016-08-18\/zuerich-leerwohnungsziffer-im-kanton-steigt-deutlich\/#primaryimage"},"image":{"@id":"https:\/\/www.immobilienbusiness.ch\/fr\/regionen\/2016-08-18\/zuerich-leerwohnungsziffer-im-kanton-steigt-deutlich\/#primaryimage"},"thumbnailUrl":"https:\/\/www.immobilienbusiness.ch\/wp-content\/uploads\/2016\/12\/Zuerich-Leerwohnungsziffer-im-Kanton-steigt-deutlich-immobilien-business.jpg","datePublished":"2016-08-18T07:46:28+00:00","description":"Vacancy rate on the rise: More than 6,000 apartments are currently vacant in the canton of Zurich. In the city of Zurich, the number of vacant apartments has remained stable.","breadcrumb":{"@id":"https:\/\/www.immobilienbusiness.ch\/fr\/regionen\/2016-08-18\/zuerich-leerwohnungsziffer-im-kanton-steigt-deutlich\/#breadcrumb"},"inLanguage":"en-US","potentialAction":[{"@type":"ReadAction","target":["https:\/\/www.immobilienbusiness.ch\/fr\/regionen\/2016-08-18\/zuerich-leerwohnungsziffer-im-kanton-steigt-deutlich\/"]}]},{"@type":"ImageObject","inLanguage":"en-US","@id":"https:\/\/www.immobilienbusiness.ch\/fr\/regionen\/2016-08-18\/zuerich-leerwohnungsziffer-im-kanton-steigt-deutlich\/#primaryimage","url":"https:\/\/www.immobilienbusiness.ch\/wp-content\/uploads\/2016\/12\/Zuerich-Leerwohnungsziffer-im-Kanton-steigt-deutlich-immobilien-business.jpg","contentUrl":"https:\/\/www.immobilienbusiness.ch\/wp-content\/uploads\/2016\/12\/Zuerich-Leerwohnungsziffer-im-Kanton-steigt-deutlich-immobilien-business.jpg","width":1280,"height":853,"caption":"Die Leerwohnungszahl in der Stadt Z\u00fcrich bleibt tief, im Kanton steigt sie jedoch (Foto: Pixabay)"},{"@type":"BreadcrumbList","@id":"https:\/\/www.immobilienbusiness.ch\/fr\/regionen\/2016-08-18\/zuerich-leerwohnungsziffer-im-kanton-steigt-deutlich\/#breadcrumb","itemListElement":[{"@type":"ListItem","position":1,"name":"Home","item":"https:\/\/www.immobilienbusiness.ch\/"},{"@type":"ListItem","position":2,"name":"Z\u00fcrich: Leerwohnungsziffer im Kanton steigt deutlich"}]},{"@type":"WebSite","@id":"https:\/\/www.immobilienbusiness.ch\/#website","url":"https:\/\/www.immobilienbusiness.ch\/","name":"REAL ESTATE Business","description":"Independent Swiss business magazine focusing on real estate, architecture and construction as well as investment and financing.","publisher":{"@id":"https:\/\/www.immobilienbusiness.ch\/#organization"},"potentialAction":[{"@type":"SearchAction","target":{"@type":"EntryPoint","urlTemplate":"https:\/\/www.immobilienbusiness.ch\/?s={search_term_string}"},"query-input":{"@type":"PropertyValueSpecification","valueRequired":true,"valueName":"search_term_string"}}],"inLanguage":"en-US"},{"@type":"Organization","@id":"https:\/\/www.immobilienbusiness.ch\/#organization","name":"REAL ESTATE Business","url":"https:\/\/www.immobilienbusiness.ch\/","logo":{"@type":"ImageObject","inLanguage":"en-US","@id":"https:\/\/www.immobilienbusiness.ch\/#\/schema\/logo\/image\/","url":"https:\/\/www.immobilienbusiness.ch\/wp-content\/uploads\/2021\/07\/logo_ib.png","contentUrl":"https:\/\/www.immobilienbusiness.ch\/wp-content\/uploads\/2021\/07\/logo_ib.png","width":800,"height":181,"caption":"IMMOBILIEN Business"},"image":{"@id":"https:\/\/www.immobilienbusiness.ch\/#\/schema\/logo\/image\/"},"sameAs":["https:\/\/www.facebook.com\/immobilienbusiness\/"]},{"@type":"Person","@id":"https:\/\/www.immobilienbusiness.ch\/#\/schema\/person\/aa2bace6c5c5aad60102004a50c4eb1c","name":"Editorial","image":{"@type":"ImageObject","inLanguage":"en-US","@id":"https:\/\/secure.gravatar.com\/avatar\/ae2f4d718e6c49043e314ce431e7e645d646302a24a5ef5a8bc8e3f5a032e319?s=96&d=mm&r=g","url":"https:\/\/secure.gravatar.com\/avatar\/ae2f4d718e6c49043e314ce431e7e645d646302a24a5ef5a8bc8e3f5a032e319?s=96&d=mm&r=g","contentUrl":"https:\/\/secure.gravatar.com\/avatar\/ae2f4d718e6c49043e314ce431e7e645d646302a24a5ef5a8bc8e3f5a032e319?s=96&d=mm&r=g","caption":"Redaktion"},"sameAs":["http:\/\/develop.organisator.galledia.ch"],"url":"https:\/\/www.immobilienbusiness.ch\/en\/author\/admin\/"}]}},"_links":{"self":[{"href":"https:\/\/www.immobilienbusiness.ch\/en\/wp-json\/wp\/v2\/posts\/3579","targetHints":{"allow":["GET"]}}],"collection":[{"href":"https:\/\/www.immobilienbusiness.ch\/en\/wp-json\/wp\/v2\/posts"}],"about":[{"href":"https:\/\/www.immobilienbusiness.ch\/en\/wp-json\/wp\/v2\/types\/post"}],"author":[{"embeddable":true,"href":"https:\/\/www.immobilienbusiness.ch\/en\/wp-json\/wp\/v2\/users\/1"}],"replies":[{"embeddable":true,"href":"https:\/\/www.immobilienbusiness.ch\/en\/wp-json\/wp\/v2\/comments?post=3579"}],"version-history":[{"count":0,"href":"https:\/\/www.immobilienbusiness.ch\/en\/wp-json\/wp\/v2\/posts\/3579\/revisions"}],"wp:featuredmedia":[{"embeddable":true,"href":"https:\/\/www.immobilienbusiness.ch\/en\/wp-json\/wp\/v2\/media\/3581"}],"wp:attachment":[{"href":"https:\/\/www.immobilienbusiness.ch\/en\/wp-json\/wp\/v2\/media?parent=3579"}],"wp:term":[{"taxonomy":"category","embeddable":true,"href":"https:\/\/www.immobilienbusiness.ch\/en\/wp-json\/wp\/v2\/categories?post=3579"},{"taxonomy":"post_tag","embeddable":true,"href":"https:\/\/www.immobilienbusiness.ch\/en\/wp-json\/wp\/v2\/tags?post=3579"}],"curies":[{"name":"wp","href":"https:\/\/api.w.org\/{rel}","templated":true}]}}