{"id":3485,"date":"2022-09-19T10:44:32","date_gmt":"2022-09-19T08:44:32","guid":{"rendered":"https:\/\/develop.immobilienbusiness.ch\/?p=3485"},"modified":"2024-09-13T05:09:13","modified_gmt":"2024-09-13T03:09:13","slug":"kanton-solothurn-schwere-schlappe-fuer-das-grossprojekt-olten-suedwest","status":"publish","type":"post","link":"https:\/\/www.immobilienbusiness.ch\/en\/ib\/2022-09-19\/kanton-solothurn-schwere-schlappe-fuer-das-grossprojekt-olten-suedwest\/","title":{"rendered":"Canton of Solothurn: Major setback for the \"Olten S\u00fcdwest\" project"},"content":{"rendered":"<div class=\"swpm-post-not-logged-in-msg\">You need to be logged in to view this content. Please <a class=\"swpm-login-link\" href=\"https:\/\/www.immobilienbusiness.ch\/en\/login\/?swpm_redirect_to=https%3A%2F%2Fwww.immobilienbusiness.ch%2Fen%2Fwp-json%2Fwp%2Fv2%2Fposts%2F3485\">Log In<\/a>. Not a member? <a href=\"https:\/\/www.immobilienbusiness.ch\/en\/registrieren\/\">Join Us<\/a><\/div>","protected":false},"excerpt":{"rendered":"<p>The Administrative Court has revoked the approval of the Olten S\u00fcdwest project and criticized, among other things, the long planning horizon of the project. In the long term, 4,000 apartments are to be built.<\/p>","protected":false},"author":102,"featured_media":0,"comment_status":"closed","ping_status":"closed","sticky":false,"template":"","format":"standard","meta":{"_acf_changed":false,"_yoast_wpseo_focuskw":"S\u00fcdwest","_yoast_wpseo_title":"","_yoast_wpseo_metadesc":"Verwaltungsgericht hebt Genehmigung f\u00fcr Projekt Olten S\u00fcdwest auf. Planungshorizont bis 2055 und fehlende Koordination bem\u00e4ngelt.","_yoast_wpseo_linkdex":49,"pgc_sgb_lightbox_settings":"","footnotes":""},"categories":[1951],"tags":[1404,1542,1600,2108,2383,2109],"class_list":["post-3485","post","type-post","status-publish","format-standard","hentry","category-ib","tag-kanton-solothurn","tag-olten","tag-projekt-in-planung","tag-quartiere","tag-terrana-ag","tag-wohnungen"],"acf":[],"yoast_head":"<!-- This site is optimized with the Yoast SEO plugin v27.4 - https:\/\/yoast.com\/product\/yoast-seo-wordpress\/ -->\n<title>Kanton Solothurn: Schwere Schlappe f\u00fcr das Grossprojekt \u201eOlten S\u00fcdwest\u201c - IMMOBILIEN Business<\/title>\n<meta name=\"description\" content=\"Verwaltungsgericht hebt Genehmigung f\u00fcr Projekt Olten S\u00fcdwest auf. Planungshorizont bis 2055 und fehlende Koordination bem\u00e4ngelt.\" \/>\n<meta name=\"robots\" content=\"index, follow, max-snippet:-1, max-image-preview:large, max-video-preview:-1\" \/>\n<link rel=\"canonical\" href=\"https:\/\/www.immobilienbusiness.ch\/en\/ib\/2022-09-19\/kanton-solothurn-schwere-schlappe-fuer-das-grossprojekt-olten-suedwest\/\" \/>\n<meta property=\"og:locale\" content=\"en_US\" \/>\n<meta property=\"og:type\" content=\"article\" \/>\n<meta property=\"og:title\" content=\"Kanton Solothurn: Schwere Schlappe f\u00fcr das Grossprojekt \u201eOlten S\u00fcdwest\u201c - IMMOBILIEN Business\" \/>\n<meta property=\"og:description\" content=\"Verwaltungsgericht hebt Genehmigung f\u00fcr Projekt Olten S\u00fcdwest auf. Planungshorizont bis 2055 und fehlende Koordination bem\u00e4ngelt.\" \/>\n<meta property=\"og:url\" content=\"https:\/\/www.immobilienbusiness.ch\/en\/ib\/2022-09-19\/kanton-solothurn-schwere-schlappe-fuer-das-grossprojekt-olten-suedwest\/\" \/>\n<meta property=\"og:site_name\" content=\"IMMOBILIEN Business\" \/>\n<meta property=\"article:publisher\" content=\"https:\/\/www.facebook.com\/immobilienbusiness\/\" \/>\n<meta property=\"article:published_time\" content=\"2022-09-19T08:44:32+00:00\" \/>\n<meta property=\"article:modified_time\" content=\"2024-09-13T03:09:13+00:00\" \/>\n<meta name=\"author\" content=\"Alexander Wachter\" \/>\n<meta name=\"twitter:card\" content=\"summary_large_image\" \/>\n<script type=\"application\/ld+json\" class=\"yoast-schema-graph\">{\"@context\":\"https:\\\/\\\/schema.org\",\"@graph\":[{\"@type\":\"Article\",\"@id\":\"https:\\\/\\\/www.immobilienbusiness.ch\\\/it\\\/ib\\\/2022-09-19\\\/kanton-solothurn-schwere-schlappe-fuer-das-grossprojekt-olten-suedwest\\\/#article\",\"isPartOf\":{\"@id\":\"https:\\\/\\\/www.immobilienbusiness.ch\\\/it\\\/ib\\\/2022-09-19\\\/kanton-solothurn-schwere-schlappe-fuer-das-grossprojekt-olten-suedwest\\\/\"},\"author\":{\"name\":\"Alexander Wachter\",\"@id\":\"https:\\\/\\\/www.immobilienbusiness.ch\\\/#\\\/schema\\\/person\\\/aba8bea2db926aa0c24c08c43fe1fcd5\"},\"headline\":\"Kanton Solothurn: Schwere Schlappe f\u00fcr das Grossprojekt \u201eOlten S\u00fcdwest\u201c\",\"datePublished\":\"2022-09-19T08:44:32+00:00\",\"dateModified\":\"2024-09-13T03:09:13+00:00\",\"mainEntityOfPage\":{\"@id\":\"https:\\\/\\\/www.immobilienbusiness.ch\\\/it\\\/ib\\\/2022-09-19\\\/kanton-solothurn-schwere-schlappe-fuer-das-grossprojekt-olten-suedwest\\\/\"},\"wordCount\":119,\"publisher\":{\"@id\":\"https:\\\/\\\/www.immobilienbusiness.ch\\\/#organization\"},\"keywords\":[\"Kanton Solothurn\",\"Olten\",\"Projekt in Planung\",\"Quartiere\",\"Terrana AG\",\"Wohnungen\"],\"articleSection\":[\"IB+\"],\"inLanguage\":\"en-US\"},{\"@type\":\"WebPage\",\"@id\":\"https:\\\/\\\/www.immobilienbusiness.ch\\\/it\\\/ib\\\/2022-09-19\\\/kanton-solothurn-schwere-schlappe-fuer-das-grossprojekt-olten-suedwest\\\/\",\"url\":\"https:\\\/\\\/www.immobilienbusiness.ch\\\/it\\\/ib\\\/2022-09-19\\\/kanton-solothurn-schwere-schlappe-fuer-das-grossprojekt-olten-suedwest\\\/\",\"name\":\"Kanton Solothurn: Schwere Schlappe f\u00fcr das Grossprojekt \u201eOlten S\u00fcdwest\u201c - IMMOBILIEN Business\",\"isPartOf\":{\"@id\":\"https:\\\/\\\/www.immobilienbusiness.ch\\\/#website\"},\"datePublished\":\"2022-09-19T08:44:32+00:00\",\"dateModified\":\"2024-09-13T03:09:13+00:00\",\"description\":\"Verwaltungsgericht hebt Genehmigung f\u00fcr Projekt Olten S\u00fcdwest auf. Planungshorizont bis 2055 und fehlende Koordination bem\u00e4ngelt.\",\"breadcrumb\":{\"@id\":\"https:\\\/\\\/www.immobilienbusiness.ch\\\/it\\\/ib\\\/2022-09-19\\\/kanton-solothurn-schwere-schlappe-fuer-das-grossprojekt-olten-suedwest\\\/#breadcrumb\"},\"inLanguage\":\"en-US\",\"potentialAction\":[{\"@type\":\"ReadAction\",\"target\":[\"https:\\\/\\\/www.immobilienbusiness.ch\\\/it\\\/ib\\\/2022-09-19\\\/kanton-solothurn-schwere-schlappe-fuer-das-grossprojekt-olten-suedwest\\\/\"]}]},{\"@type\":\"BreadcrumbList\",\"@id\":\"https:\\\/\\\/www.immobilienbusiness.ch\\\/it\\\/ib\\\/2022-09-19\\\/kanton-solothurn-schwere-schlappe-fuer-das-grossprojekt-olten-suedwest\\\/#breadcrumb\",\"itemListElement\":[{\"@type\":\"ListItem\",\"position\":1,\"name\":\"Home\",\"item\":\"https:\\\/\\\/www.immobilienbusiness.ch\\\/\"},{\"@type\":\"ListItem\",\"position\":2,\"name\":\"Kanton Solothurn: Schwere Schlappe f\u00fcr das Grossprojekt \u201eOlten S\u00fcdwest\u201c\"}]},{\"@type\":\"WebSite\",\"@id\":\"https:\\\/\\\/www.immobilienbusiness.ch\\\/#website\",\"url\":\"https:\\\/\\\/www.immobilienbusiness.ch\\\/\",\"name\":\"IMMOBILIEN Business\",\"description\":\"Unabh\u00e4ngiges Schweizer Wirtschaftsmagazin mit Fokus auf Immobilien, Architektur- und Bau sowie Investment- und Finanzierung.\",\"publisher\":{\"@id\":\"https:\\\/\\\/www.immobilienbusiness.ch\\\/#organization\"},\"potentialAction\":[{\"@type\":\"SearchAction\",\"target\":{\"@type\":\"EntryPoint\",\"urlTemplate\":\"https:\\\/\\\/www.immobilienbusiness.ch\\\/?s={search_term_string}\"},\"query-input\":{\"@type\":\"PropertyValueSpecification\",\"valueRequired\":true,\"valueName\":\"search_term_string\"}}],\"inLanguage\":\"en-US\"},{\"@type\":\"Organization\",\"@id\":\"https:\\\/\\\/www.immobilienbusiness.ch\\\/#organization\",\"name\":\"IMMOBILIEN Business\",\"url\":\"https:\\\/\\\/www.immobilienbusiness.ch\\\/\",\"logo\":{\"@type\":\"ImageObject\",\"inLanguage\":\"en-US\",\"@id\":\"https:\\\/\\\/www.immobilienbusiness.ch\\\/#\\\/schema\\\/logo\\\/image\\\/\",\"url\":\"https:\\\/\\\/www.immobilienbusiness.ch\\\/wp-content\\\/uploads\\\/2021\\\/07\\\/logo_ib.png\",\"contentUrl\":\"https:\\\/\\\/www.immobilienbusiness.ch\\\/wp-content\\\/uploads\\\/2021\\\/07\\\/logo_ib.png\",\"width\":800,\"height\":181,\"caption\":\"IMMOBILIEN Business\"},\"image\":{\"@id\":\"https:\\\/\\\/www.immobilienbusiness.ch\\\/#\\\/schema\\\/logo\\\/image\\\/\"},\"sameAs\":[\"https:\\\/\\\/www.facebook.com\\\/immobilienbusiness\\\/\"]},{\"@type\":\"Person\",\"@id\":\"https:\\\/\\\/www.immobilienbusiness.ch\\\/#\\\/schema\\\/person\\\/aba8bea2db926aa0c24c08c43fe1fcd5\",\"name\":\"Alexander Wachter\",\"image\":{\"@type\":\"ImageObject\",\"inLanguage\":\"en-US\",\"@id\":\"https:\\\/\\\/secure.gravatar.com\\\/avatar\\\/1a09e471f5389b0e0a6416eac287e0927c7c97a7b77f9e787eba3af7aee281dd?s=96&d=mm&r=g\",\"url\":\"https:\\\/\\\/secure.gravatar.com\\\/avatar\\\/1a09e471f5389b0e0a6416eac287e0927c7c97a7b77f9e787eba3af7aee281dd?s=96&d=mm&r=g\",\"contentUrl\":\"https:\\\/\\\/secure.gravatar.com\\\/avatar\\\/1a09e471f5389b0e0a6416eac287e0927c7c97a7b77f9e787eba3af7aee281dd?s=96&d=mm&r=g\",\"caption\":\"Alexander Wachter\"},\"url\":\"https:\\\/\\\/www.immobilienbusiness.ch\\\/en\\\/author\\\/alexander-wachter\\\/\"}]}<\/script>\n<!-- \/ Yoast SEO plugin. -->","yoast_head_json":{"title":"Kanton Solothurn: Schwere Schlappe f\u00fcr das Grossprojekt \u201eOlten S\u00fcdwest\u201c - IMMOBILIEN Business","description":"Verwaltungsgericht hebt Genehmigung f\u00fcr Projekt Olten S\u00fcdwest auf. Planungshorizont bis 2055 und fehlende Koordination bem\u00e4ngelt.","robots":{"index":"index","follow":"follow","max-snippet":"max-snippet:-1","max-image-preview":"max-image-preview:large","max-video-preview":"max-video-preview:-1"},"canonical":"https:\/\/www.immobilienbusiness.ch\/en\/ib\/2022-09-19\/kanton-solothurn-schwere-schlappe-fuer-das-grossprojekt-olten-suedwest\/","og_locale":"en_US","og_type":"article","og_title":"Kanton Solothurn: Schwere Schlappe f\u00fcr das Grossprojekt \u201eOlten S\u00fcdwest\u201c - IMMOBILIEN Business","og_description":"Verwaltungsgericht hebt Genehmigung f\u00fcr Projekt Olten S\u00fcdwest auf. Planungshorizont bis 2055 und fehlende Koordination bem\u00e4ngelt.","og_url":"https:\/\/www.immobilienbusiness.ch\/en\/ib\/2022-09-19\/kanton-solothurn-schwere-schlappe-fuer-das-grossprojekt-olten-suedwest\/","og_site_name":"IMMOBILIEN Business","article_publisher":"https:\/\/www.facebook.com\/immobilienbusiness\/","article_published_time":"2022-09-19T08:44:32+00:00","article_modified_time":"2024-09-13T03:09:13+00:00","author":"Alexander Wachter","twitter_card":"summary_large_image","schema":{"@context":"https:\/\/schema.org","@graph":[{"@type":"Article","@id":"https:\/\/www.immobilienbusiness.ch\/it\/ib\/2022-09-19\/kanton-solothurn-schwere-schlappe-fuer-das-grossprojekt-olten-suedwest\/#article","isPartOf":{"@id":"https:\/\/www.immobilienbusiness.ch\/it\/ib\/2022-09-19\/kanton-solothurn-schwere-schlappe-fuer-das-grossprojekt-olten-suedwest\/"},"author":{"name":"Alexander Wachter","@id":"https:\/\/www.immobilienbusiness.ch\/#\/schema\/person\/aba8bea2db926aa0c24c08c43fe1fcd5"},"headline":"Kanton Solothurn: Schwere Schlappe f\u00fcr das Grossprojekt \u201eOlten S\u00fcdwest\u201c","datePublished":"2022-09-19T08:44:32+00:00","dateModified":"2024-09-13T03:09:13+00:00","mainEntityOfPage":{"@id":"https:\/\/www.immobilienbusiness.ch\/it\/ib\/2022-09-19\/kanton-solothurn-schwere-schlappe-fuer-das-grossprojekt-olten-suedwest\/"},"wordCount":119,"publisher":{"@id":"https:\/\/www.immobilienbusiness.ch\/#organization"},"keywords":["Kanton Solothurn","Olten","Projekt in Planung","Quartiere","Terrana AG","Wohnungen"],"articleSection":["IB+"],"inLanguage":"en-US"},{"@type":"WebPage","@id":"https:\/\/www.immobilienbusiness.ch\/it\/ib\/2022-09-19\/kanton-solothurn-schwere-schlappe-fuer-das-grossprojekt-olten-suedwest\/","url":"https:\/\/www.immobilienbusiness.ch\/it\/ib\/2022-09-19\/kanton-solothurn-schwere-schlappe-fuer-das-grossprojekt-olten-suedwest\/","name":"Kanton Solothurn: Schwere Schlappe f\u00fcr das Grossprojekt \u201eOlten S\u00fcdwest\u201c - IMMOBILIEN Business","isPartOf":{"@id":"https:\/\/www.immobilienbusiness.ch\/#website"},"datePublished":"2022-09-19T08:44:32+00:00","dateModified":"2024-09-13T03:09:13+00:00","description":"Verwaltungsgericht hebt Genehmigung f\u00fcr Projekt Olten S\u00fcdwest auf. Planungshorizont bis 2055 und fehlende Koordination bem\u00e4ngelt.","breadcrumb":{"@id":"https:\/\/www.immobilienbusiness.ch\/it\/ib\/2022-09-19\/kanton-solothurn-schwere-schlappe-fuer-das-grossprojekt-olten-suedwest\/#breadcrumb"},"inLanguage":"en-US","potentialAction":[{"@type":"ReadAction","target":["https:\/\/www.immobilienbusiness.ch\/it\/ib\/2022-09-19\/kanton-solothurn-schwere-schlappe-fuer-das-grossprojekt-olten-suedwest\/"]}]},{"@type":"BreadcrumbList","@id":"https:\/\/www.immobilienbusiness.ch\/it\/ib\/2022-09-19\/kanton-solothurn-schwere-schlappe-fuer-das-grossprojekt-olten-suedwest\/#breadcrumb","itemListElement":[{"@type":"ListItem","position":1,"name":"Home","item":"https:\/\/www.immobilienbusiness.ch\/"},{"@type":"ListItem","position":2,"name":"Kanton Solothurn: Schwere Schlappe f\u00fcr das Grossprojekt \u201eOlten S\u00fcdwest\u201c"}]},{"@type":"WebSite","@id":"https:\/\/www.immobilienbusiness.ch\/#website","url":"https:\/\/www.immobilienbusiness.ch\/","name":"REAL ESTATE Business","description":"Independent Swiss business magazine focusing on real estate, architecture and construction as well as investment and financing.","publisher":{"@id":"https:\/\/www.immobilienbusiness.ch\/#organization"},"potentialAction":[{"@type":"SearchAction","target":{"@type":"EntryPoint","urlTemplate":"https:\/\/www.immobilienbusiness.ch\/?s={search_term_string}"},"query-input":{"@type":"PropertyValueSpecification","valueRequired":true,"valueName":"search_term_string"}}],"inLanguage":"en-US"},{"@type":"Organization","@id":"https:\/\/www.immobilienbusiness.ch\/#organization","name":"REAL ESTATE Business","url":"https:\/\/www.immobilienbusiness.ch\/","logo":{"@type":"ImageObject","inLanguage":"en-US","@id":"https:\/\/www.immobilienbusiness.ch\/#\/schema\/logo\/image\/","url":"https:\/\/www.immobilienbusiness.ch\/wp-content\/uploads\/2021\/07\/logo_ib.png","contentUrl":"https:\/\/www.immobilienbusiness.ch\/wp-content\/uploads\/2021\/07\/logo_ib.png","width":800,"height":181,"caption":"IMMOBILIEN Business"},"image":{"@id":"https:\/\/www.immobilienbusiness.ch\/#\/schema\/logo\/image\/"},"sameAs":["https:\/\/www.facebook.com\/immobilienbusiness\/"]},{"@type":"Person","@id":"https:\/\/www.immobilienbusiness.ch\/#\/schema\/person\/aba8bea2db926aa0c24c08c43fe1fcd5","name":"Alexander Wachter","image":{"@type":"ImageObject","inLanguage":"en-US","@id":"https:\/\/secure.gravatar.com\/avatar\/1a09e471f5389b0e0a6416eac287e0927c7c97a7b77f9e787eba3af7aee281dd?s=96&d=mm&r=g","url":"https:\/\/secure.gravatar.com\/avatar\/1a09e471f5389b0e0a6416eac287e0927c7c97a7b77f9e787eba3af7aee281dd?s=96&d=mm&r=g","contentUrl":"https:\/\/secure.gravatar.com\/avatar\/1a09e471f5389b0e0a6416eac287e0927c7c97a7b77f9e787eba3af7aee281dd?s=96&d=mm&r=g","caption":"Alexander Wachter"},"url":"https:\/\/www.immobilienbusiness.ch\/en\/author\/alexander-wachter\/"}]}},"_links":{"self":[{"href":"https:\/\/www.immobilienbusiness.ch\/en\/wp-json\/wp\/v2\/posts\/3485","targetHints":{"allow":["GET"]}}],"collection":[{"href":"https:\/\/www.immobilienbusiness.ch\/en\/wp-json\/wp\/v2\/posts"}],"about":[{"href":"https:\/\/www.immobilienbusiness.ch\/en\/wp-json\/wp\/v2\/types\/post"}],"author":[{"embeddable":true,"href":"https:\/\/www.immobilienbusiness.ch\/en\/wp-json\/wp\/v2\/users\/102"}],"replies":[{"embeddable":true,"href":"https:\/\/www.immobilienbusiness.ch\/en\/wp-json\/wp\/v2\/comments?post=3485"}],"version-history":[{"count":1,"href":"https:\/\/www.immobilienbusiness.ch\/en\/wp-json\/wp\/v2\/posts\/3485\/revisions"}],"predecessor-version":[{"id":60442,"href":"https:\/\/www.immobilienbusiness.ch\/en\/wp-json\/wp\/v2\/posts\/3485\/revisions\/60442"}],"wp:attachment":[{"href":"https:\/\/www.immobilienbusiness.ch\/en\/wp-json\/wp\/v2\/media?parent=3485"}],"wp:term":[{"taxonomy":"category","embeddable":true,"href":"https:\/\/www.immobilienbusiness.ch\/en\/wp-json\/wp\/v2\/categories?post=3485"},{"taxonomy":"post_tag","embeddable":true,"href":"https:\/\/www.immobilienbusiness.ch\/en\/wp-json\/wp\/v2\/tags?post=3485"}],"curies":[{"name":"wp","href":"https:\/\/api.w.org\/{rel}","templated":true}]}}