{"id":3334,"date":"2016-07-26T10:00:44","date_gmt":"2016-07-26T08:00:44","guid":{"rendered":"http:\/\/dev.immobilienbusiness.ch\/?p=3334"},"modified":"2016-07-26T10:00:44","modified_gmt":"2016-07-26T08:00:44","slug":"charles-voegele-schliesst-zuercher-hauptfiliale","status":"publish","type":"post","link":"https:\/\/www.immobilienbusiness.ch\/en\/regionen\/2016-07-26\/charles-voegele-schliesst-zuercher-hauptfiliale\/","title":{"rendered":"Charles V\u00f6gele closes main branch in Zurich"},"content":{"rendered":"<figure id=\"attachment_3335\" aria-describedby=\"caption-attachment-3335\" style=\"width: 680px\" class=\"wp-caption alignnone\"><img loading=\"lazy\" decoding=\"async\" class=\"size-medium wp-image-3335\" src=\"https:\/\/immobilienbusiness.ch\/wp-content\/uploads\/2016\/12\/Charles-V\u00f6gele-schliesst-Z\u00fcrcher-Hauptfiliale-immobilien-business.jpg\" alt=\"Auf Ende Jahr ist Schluss mit dem Verkauf von Textilien der Charles V\u00f6gele AG in der Z\u00fcrcher Innenstadt (Bild: Pixabay)\" width=\"680\" height=\"458\" \/><figcaption id=\"caption-attachment-3335\" class=\"wp-caption-text\">At the end of the year, Charles V\u00f6gele AG will stop selling textiles in downtown Zurich (Image: Pixabay)<\/figcaption><\/figure>\n<p>Charles V\u00f6gele AG, which is listed on the SIX Swiss Exchange, justifies its move with the more difficult conditions in the retail trade. The company itself owns the building near Bahnhofstrasse. The new tenant there is to be Migros with a SportXX store. A rental agreement has already been signed, according to the \"NZZ am Sonntag\".<\/p>\n<p>Only recently, the fashion group had announced its intention to withdraw completely from Belgium, while at the same time launching a redesign of its existing stores. In Zurich, the stores in Altstetten and Oerlikon will remain after the closure of the main branch on Sihlstrasse.<\/p>\n<p>The Group currently has 761 sales outlets in seven countries (Switzerland, Germany, the Netherlands, Belgium, Austria, Slovenia and Hungary) and generated gross sales of CHF 955 million in 2015. (mr)<\/p>","protected":false},"excerpt":{"rendered":"<p>The Charles V\u00f6gele clothing group is giving up its four-story fashion store at Sihlstrasse 3 in downtown Zurich at the end of the year. This is reported by the \"NZZ am Sonntag\".<\/p>","protected":false},"author":1,"featured_media":3335,"comment_status":"open","ping_status":"open","sticky":false,"template":"","format":"standard","meta":{"_acf_changed":false,"_yoast_wpseo_focuskw":"Charles V\u00f6gele schliesst Z\u00fcrcher Hauptfiliale","_yoast_wpseo_title":"","_yoast_wpseo_metadesc":"Charles V\u00f6gele schliesst Z\u00fcrcher Hauptfiliale: Der Bekleidungskonzern gibt sein vierst\u00f6ckiges Modehaus an der Sihlstrasse 3 auf Ende Jahr auf.","_yoast_wpseo_linkdex":59,"pgc_sgb_lightbox_settings":"","footnotes":""},"categories":[985,987],"tags":[1629,1643,1888],"class_list":["post-3334","post","type-post","status-publish","format-standard","has-post-thumbnail","hentry","category-regionen","category-retail","tag-regionen","tag-retail","tag-zuerich"],"acf":[],"yoast_head":"<!-- This site is optimized with the Yoast SEO plugin v27.4 - https:\/\/yoast.com\/product\/yoast-seo-wordpress\/ -->\n<title>Charles V\u00f6gele schliesst Z\u00fcrcher Hauptfiliale - IMMOBILIEN Business<\/title>\n<meta name=\"description\" content=\"Charles V\u00f6gele schliesst Z\u00fcrcher Hauptfiliale: Der Bekleidungskonzern gibt sein vierst\u00f6ckiges Modehaus an der Sihlstrasse 3 auf Ende Jahr auf.\" \/>\n<meta name=\"robots\" content=\"index, follow, max-snippet:-1, max-image-preview:large, max-video-preview:-1\" \/>\n<link rel=\"canonical\" href=\"https:\/\/www.immobilienbusiness.ch\/en\/regionen\/2016-07-26\/charles-voegele-schliesst-zuercher-hauptfiliale\/\" \/>\n<meta property=\"og:locale\" content=\"en_US\" \/>\n<meta property=\"og:type\" content=\"article\" \/>\n<meta property=\"og:title\" content=\"Charles V\u00f6gele schliesst Z\u00fcrcher Hauptfiliale\" \/>\n<meta property=\"og:description\" content=\"Der Bekleidungskonzern Charles V\u00f6gele gibt sein vierst\u00f6ckiges Modehaus an der Sihlstrasse 3 in der Z\u00fcrcher Innenstadt auf Ende Jahr auf. Dies berichtet die \u00abNZZ am Sonntag\u00bb.\" \/>\n<meta property=\"og:url\" content=\"https:\/\/www.immobilienbusiness.ch\/en\/regionen\/2016-07-26\/charles-voegele-schliesst-zuercher-hauptfiliale\/\" \/>\n<meta property=\"og:site_name\" content=\"IMMOBILIEN Business\" \/>\n<meta property=\"article:publisher\" content=\"https:\/\/www.facebook.com\/immobilienbusiness\/\" \/>\n<meta property=\"article:published_time\" content=\"2016-07-26T08:00:44+00:00\" \/>\n<meta name=\"author\" content=\"Redaktion\" \/>\n<meta name=\"twitter:card\" content=\"summary_large_image\" \/>\n<meta name=\"twitter:image\" content=\"https:\/\/www.immobilienbusiness.ch\/wp-content\/uploads\/2016\/12\/Charles-Voegele-schliesst-Zuercher-Hauptfiliale-immobilien-business.jpg\" \/>\n<script type=\"application\/ld+json\" class=\"yoast-schema-graph\">{\"@context\":\"https:\\\/\\\/schema.org\",\"@graph\":[{\"@type\":\"Article\",\"@id\":\"https:\\\/\\\/www.immobilienbusiness.ch\\\/regionen\\\/2016-07-26\\\/charles-voegele-schliesst-zuercher-hauptfiliale\\\/#article\",\"isPartOf\":{\"@id\":\"https:\\\/\\\/www.immobilienbusiness.ch\\\/regionen\\\/2016-07-26\\\/charles-voegele-schliesst-zuercher-hauptfiliale\\\/\"},\"author\":{\"name\":\"Redaktion\",\"@id\":\"https:\\\/\\\/www.immobilienbusiness.ch\\\/#\\\/schema\\\/person\\\/aa2bace6c5c5aad60102004a50c4eb1c\"},\"headline\":\"Charles V\u00f6gele schliesst Z\u00fcrcher Hauptfiliale\",\"datePublished\":\"2016-07-26T08:00:44+00:00\",\"mainEntityOfPage\":{\"@id\":\"https:\\\/\\\/www.immobilienbusiness.ch\\\/regionen\\\/2016-07-26\\\/charles-voegele-schliesst-zuercher-hauptfiliale\\\/\"},\"wordCount\":159,\"commentCount\":0,\"publisher\":{\"@id\":\"https:\\\/\\\/www.immobilienbusiness.ch\\\/#organization\"},\"image\":{\"@id\":\"https:\\\/\\\/www.immobilienbusiness.ch\\\/regionen\\\/2016-07-26\\\/charles-voegele-schliesst-zuercher-hauptfiliale\\\/#primaryimage\"},\"thumbnailUrl\":\"https:\\\/\\\/www.immobilienbusiness.ch\\\/wp-content\\\/uploads\\\/2016\\\/12\\\/Charles-Voegele-schliesst-Zuercher-Hauptfiliale-immobilien-business.jpg\",\"keywords\":[\"Regionen\",\"Retail\",\"Z\u00fcrich\"],\"articleSection\":[\"REGIONEN\",\"RETAIL\"],\"inLanguage\":\"en-US\"},{\"@type\":\"WebPage\",\"@id\":\"https:\\\/\\\/www.immobilienbusiness.ch\\\/regionen\\\/2016-07-26\\\/charles-voegele-schliesst-zuercher-hauptfiliale\\\/\",\"url\":\"https:\\\/\\\/www.immobilienbusiness.ch\\\/regionen\\\/2016-07-26\\\/charles-voegele-schliesst-zuercher-hauptfiliale\\\/\",\"name\":\"Charles V\u00f6gele schliesst Z\u00fcrcher Hauptfiliale - IMMOBILIEN Business\",\"isPartOf\":{\"@id\":\"https:\\\/\\\/www.immobilienbusiness.ch\\\/#website\"},\"primaryImageOfPage\":{\"@id\":\"https:\\\/\\\/www.immobilienbusiness.ch\\\/regionen\\\/2016-07-26\\\/charles-voegele-schliesst-zuercher-hauptfiliale\\\/#primaryimage\"},\"image\":{\"@id\":\"https:\\\/\\\/www.immobilienbusiness.ch\\\/regionen\\\/2016-07-26\\\/charles-voegele-schliesst-zuercher-hauptfiliale\\\/#primaryimage\"},\"thumbnailUrl\":\"https:\\\/\\\/www.immobilienbusiness.ch\\\/wp-content\\\/uploads\\\/2016\\\/12\\\/Charles-Voegele-schliesst-Zuercher-Hauptfiliale-immobilien-business.jpg\",\"datePublished\":\"2016-07-26T08:00:44+00:00\",\"description\":\"Charles V\u00f6gele schliesst Z\u00fcrcher Hauptfiliale: Der Bekleidungskonzern gibt sein vierst\u00f6ckiges Modehaus an der Sihlstrasse 3 auf Ende Jahr auf.\",\"breadcrumb\":{\"@id\":\"https:\\\/\\\/www.immobilienbusiness.ch\\\/regionen\\\/2016-07-26\\\/charles-voegele-schliesst-zuercher-hauptfiliale\\\/#breadcrumb\"},\"inLanguage\":\"en-US\",\"potentialAction\":[{\"@type\":\"ReadAction\",\"target\":[\"https:\\\/\\\/www.immobilienbusiness.ch\\\/regionen\\\/2016-07-26\\\/charles-voegele-schliesst-zuercher-hauptfiliale\\\/\"]}]},{\"@type\":\"ImageObject\",\"inLanguage\":\"en-US\",\"@id\":\"https:\\\/\\\/www.immobilienbusiness.ch\\\/regionen\\\/2016-07-26\\\/charles-voegele-schliesst-zuercher-hauptfiliale\\\/#primaryimage\",\"url\":\"https:\\\/\\\/www.immobilienbusiness.ch\\\/wp-content\\\/uploads\\\/2016\\\/12\\\/Charles-Voegele-schliesst-Zuercher-Hauptfiliale-immobilien-business.jpg\",\"contentUrl\":\"https:\\\/\\\/www.immobilienbusiness.ch\\\/wp-content\\\/uploads\\\/2016\\\/12\\\/Charles-Voegele-schliesst-Zuercher-Hauptfiliale-immobilien-business.jpg\",\"width\":1920,\"height\":1293,\"caption\":\"Es gibt expandierende Textilketten in der Schweiz (Symbolbild: Pixabay)\"},{\"@type\":\"BreadcrumbList\",\"@id\":\"https:\\\/\\\/www.immobilienbusiness.ch\\\/regionen\\\/2016-07-26\\\/charles-voegele-schliesst-zuercher-hauptfiliale\\\/#breadcrumb\",\"itemListElement\":[{\"@type\":\"ListItem\",\"position\":1,\"name\":\"Home\",\"item\":\"https:\\\/\\\/www.immobilienbusiness.ch\\\/\"},{\"@type\":\"ListItem\",\"position\":2,\"name\":\"Charles V\u00f6gele schliesst Z\u00fcrcher Hauptfiliale\"}]},{\"@type\":\"WebSite\",\"@id\":\"https:\\\/\\\/www.immobilienbusiness.ch\\\/#website\",\"url\":\"https:\\\/\\\/www.immobilienbusiness.ch\\\/\",\"name\":\"IMMOBILIEN Business\",\"description\":\"Unabh\u00e4ngiges Schweizer Wirtschaftsmagazin mit Fokus auf Immobilien, Architektur- und Bau sowie Investment- und Finanzierung.\",\"publisher\":{\"@id\":\"https:\\\/\\\/www.immobilienbusiness.ch\\\/#organization\"},\"potentialAction\":[{\"@type\":\"SearchAction\",\"target\":{\"@type\":\"EntryPoint\",\"urlTemplate\":\"https:\\\/\\\/www.immobilienbusiness.ch\\\/?s={search_term_string}\"},\"query-input\":{\"@type\":\"PropertyValueSpecification\",\"valueRequired\":true,\"valueName\":\"search_term_string\"}}],\"inLanguage\":\"en-US\"},{\"@type\":\"Organization\",\"@id\":\"https:\\\/\\\/www.immobilienbusiness.ch\\\/#organization\",\"name\":\"IMMOBILIEN Business\",\"url\":\"https:\\\/\\\/www.immobilienbusiness.ch\\\/\",\"logo\":{\"@type\":\"ImageObject\",\"inLanguage\":\"en-US\",\"@id\":\"https:\\\/\\\/www.immobilienbusiness.ch\\\/#\\\/schema\\\/logo\\\/image\\\/\",\"url\":\"https:\\\/\\\/www.immobilienbusiness.ch\\\/wp-content\\\/uploads\\\/2021\\\/07\\\/logo_ib.png\",\"contentUrl\":\"https:\\\/\\\/www.immobilienbusiness.ch\\\/wp-content\\\/uploads\\\/2021\\\/07\\\/logo_ib.png\",\"width\":800,\"height\":181,\"caption\":\"IMMOBILIEN Business\"},\"image\":{\"@id\":\"https:\\\/\\\/www.immobilienbusiness.ch\\\/#\\\/schema\\\/logo\\\/image\\\/\"},\"sameAs\":[\"https:\\\/\\\/www.facebook.com\\\/immobilienbusiness\\\/\"]},{\"@type\":\"Person\",\"@id\":\"https:\\\/\\\/www.immobilienbusiness.ch\\\/#\\\/schema\\\/person\\\/aa2bace6c5c5aad60102004a50c4eb1c\",\"name\":\"Redaktion\",\"image\":{\"@type\":\"ImageObject\",\"inLanguage\":\"en-US\",\"@id\":\"https:\\\/\\\/secure.gravatar.com\\\/avatar\\\/ae2f4d718e6c49043e314ce431e7e645d646302a24a5ef5a8bc8e3f5a032e319?s=96&d=mm&r=g\",\"url\":\"https:\\\/\\\/secure.gravatar.com\\\/avatar\\\/ae2f4d718e6c49043e314ce431e7e645d646302a24a5ef5a8bc8e3f5a032e319?s=96&d=mm&r=g\",\"contentUrl\":\"https:\\\/\\\/secure.gravatar.com\\\/avatar\\\/ae2f4d718e6c49043e314ce431e7e645d646302a24a5ef5a8bc8e3f5a032e319?s=96&d=mm&r=g\",\"caption\":\"Redaktion\"},\"sameAs\":[\"http:\\\/\\\/develop.organisator.galledia.ch\"],\"url\":\"https:\\\/\\\/www.immobilienbusiness.ch\\\/en\\\/author\\\/admin\\\/\"}]}<\/script>\n<!-- \/ Yoast SEO plugin. -->","yoast_head_json":{"title":"Charles V\u00f6gele schliesst Z\u00fcrcher Hauptfiliale - IMMOBILIEN Business","description":"Charles V\u00f6gele schliesst Z\u00fcrcher Hauptfiliale: Der Bekleidungskonzern gibt sein vierst\u00f6ckiges Modehaus an der Sihlstrasse 3 auf Ende Jahr auf.","robots":{"index":"index","follow":"follow","max-snippet":"max-snippet:-1","max-image-preview":"max-image-preview:large","max-video-preview":"max-video-preview:-1"},"canonical":"https:\/\/www.immobilienbusiness.ch\/en\/regionen\/2016-07-26\/charles-voegele-schliesst-zuercher-hauptfiliale\/","og_locale":"en_US","og_type":"article","og_title":"Charles V\u00f6gele schliesst Z\u00fcrcher Hauptfiliale","og_description":"Der Bekleidungskonzern Charles V\u00f6gele gibt sein vierst\u00f6ckiges Modehaus an der Sihlstrasse 3 in der Z\u00fcrcher Innenstadt auf Ende Jahr auf. Dies berichtet die \u00abNZZ am Sonntag\u00bb.","og_url":"https:\/\/www.immobilienbusiness.ch\/en\/regionen\/2016-07-26\/charles-voegele-schliesst-zuercher-hauptfiliale\/","og_site_name":"IMMOBILIEN Business","article_publisher":"https:\/\/www.facebook.com\/immobilienbusiness\/","article_published_time":"2016-07-26T08:00:44+00:00","author":"Redaktion","twitter_card":"summary_large_image","twitter_image":"https:\/\/www.immobilienbusiness.ch\/wp-content\/uploads\/2016\/12\/Charles-Voegele-schliesst-Zuercher-Hauptfiliale-immobilien-business.jpg","schema":{"@context":"https:\/\/schema.org","@graph":[{"@type":"Article","@id":"https:\/\/www.immobilienbusiness.ch\/regionen\/2016-07-26\/charles-voegele-schliesst-zuercher-hauptfiliale\/#article","isPartOf":{"@id":"https:\/\/www.immobilienbusiness.ch\/regionen\/2016-07-26\/charles-voegele-schliesst-zuercher-hauptfiliale\/"},"author":{"name":"Redaktion","@id":"https:\/\/www.immobilienbusiness.ch\/#\/schema\/person\/aa2bace6c5c5aad60102004a50c4eb1c"},"headline":"Charles V\u00f6gele schliesst Z\u00fcrcher Hauptfiliale","datePublished":"2016-07-26T08:00:44+00:00","mainEntityOfPage":{"@id":"https:\/\/www.immobilienbusiness.ch\/regionen\/2016-07-26\/charles-voegele-schliesst-zuercher-hauptfiliale\/"},"wordCount":159,"commentCount":0,"publisher":{"@id":"https:\/\/www.immobilienbusiness.ch\/#organization"},"image":{"@id":"https:\/\/www.immobilienbusiness.ch\/regionen\/2016-07-26\/charles-voegele-schliesst-zuercher-hauptfiliale\/#primaryimage"},"thumbnailUrl":"https:\/\/www.immobilienbusiness.ch\/wp-content\/uploads\/2016\/12\/Charles-Voegele-schliesst-Zuercher-Hauptfiliale-immobilien-business.jpg","keywords":["Regionen","Retail","Z\u00fcrich"],"articleSection":["REGIONEN","RETAIL"],"inLanguage":"en-US"},{"@type":"WebPage","@id":"https:\/\/www.immobilienbusiness.ch\/regionen\/2016-07-26\/charles-voegele-schliesst-zuercher-hauptfiliale\/","url":"https:\/\/www.immobilienbusiness.ch\/regionen\/2016-07-26\/charles-voegele-schliesst-zuercher-hauptfiliale\/","name":"Charles V\u00f6gele schliesst Z\u00fcrcher Hauptfiliale - IMMOBILIEN Business","isPartOf":{"@id":"https:\/\/www.immobilienbusiness.ch\/#website"},"primaryImageOfPage":{"@id":"https:\/\/www.immobilienbusiness.ch\/regionen\/2016-07-26\/charles-voegele-schliesst-zuercher-hauptfiliale\/#primaryimage"},"image":{"@id":"https:\/\/www.immobilienbusiness.ch\/regionen\/2016-07-26\/charles-voegele-schliesst-zuercher-hauptfiliale\/#primaryimage"},"thumbnailUrl":"https:\/\/www.immobilienbusiness.ch\/wp-content\/uploads\/2016\/12\/Charles-Voegele-schliesst-Zuercher-Hauptfiliale-immobilien-business.jpg","datePublished":"2016-07-26T08:00:44+00:00","description":"Charles V\u00f6gele schliesst Z\u00fcrcher Hauptfiliale: Der Bekleidungskonzern gibt sein vierst\u00f6ckiges Modehaus an der Sihlstrasse 3 auf Ende Jahr auf.","breadcrumb":{"@id":"https:\/\/www.immobilienbusiness.ch\/regionen\/2016-07-26\/charles-voegele-schliesst-zuercher-hauptfiliale\/#breadcrumb"},"inLanguage":"en-US","potentialAction":[{"@type":"ReadAction","target":["https:\/\/www.immobilienbusiness.ch\/regionen\/2016-07-26\/charles-voegele-schliesst-zuercher-hauptfiliale\/"]}]},{"@type":"ImageObject","inLanguage":"en-US","@id":"https:\/\/www.immobilienbusiness.ch\/regionen\/2016-07-26\/charles-voegele-schliesst-zuercher-hauptfiliale\/#primaryimage","url":"https:\/\/www.immobilienbusiness.ch\/wp-content\/uploads\/2016\/12\/Charles-Voegele-schliesst-Zuercher-Hauptfiliale-immobilien-business.jpg","contentUrl":"https:\/\/www.immobilienbusiness.ch\/wp-content\/uploads\/2016\/12\/Charles-Voegele-schliesst-Zuercher-Hauptfiliale-immobilien-business.jpg","width":1920,"height":1293,"caption":"Es gibt expandierende Textilketten in der Schweiz (Symbolbild: Pixabay)"},{"@type":"BreadcrumbList","@id":"https:\/\/www.immobilienbusiness.ch\/regionen\/2016-07-26\/charles-voegele-schliesst-zuercher-hauptfiliale\/#breadcrumb","itemListElement":[{"@type":"ListItem","position":1,"name":"Home","item":"https:\/\/www.immobilienbusiness.ch\/"},{"@type":"ListItem","position":2,"name":"Charles V\u00f6gele schliesst Z\u00fcrcher Hauptfiliale"}]},{"@type":"WebSite","@id":"https:\/\/www.immobilienbusiness.ch\/#website","url":"https:\/\/www.immobilienbusiness.ch\/","name":"REAL ESTATE Business","description":"Independent Swiss business magazine focusing on real estate, architecture and construction as well as investment and financing.","publisher":{"@id":"https:\/\/www.immobilienbusiness.ch\/#organization"},"potentialAction":[{"@type":"SearchAction","target":{"@type":"EntryPoint","urlTemplate":"https:\/\/www.immobilienbusiness.ch\/?s={search_term_string}"},"query-input":{"@type":"PropertyValueSpecification","valueRequired":true,"valueName":"search_term_string"}}],"inLanguage":"en-US"},{"@type":"Organization","@id":"https:\/\/www.immobilienbusiness.ch\/#organization","name":"REAL ESTATE Business","url":"https:\/\/www.immobilienbusiness.ch\/","logo":{"@type":"ImageObject","inLanguage":"en-US","@id":"https:\/\/www.immobilienbusiness.ch\/#\/schema\/logo\/image\/","url":"https:\/\/www.immobilienbusiness.ch\/wp-content\/uploads\/2021\/07\/logo_ib.png","contentUrl":"https:\/\/www.immobilienbusiness.ch\/wp-content\/uploads\/2021\/07\/logo_ib.png","width":800,"height":181,"caption":"IMMOBILIEN Business"},"image":{"@id":"https:\/\/www.immobilienbusiness.ch\/#\/schema\/logo\/image\/"},"sameAs":["https:\/\/www.facebook.com\/immobilienbusiness\/"]},{"@type":"Person","@id":"https:\/\/www.immobilienbusiness.ch\/#\/schema\/person\/aa2bace6c5c5aad60102004a50c4eb1c","name":"Editorial","image":{"@type":"ImageObject","inLanguage":"en-US","@id":"https:\/\/secure.gravatar.com\/avatar\/ae2f4d718e6c49043e314ce431e7e645d646302a24a5ef5a8bc8e3f5a032e319?s=96&d=mm&r=g","url":"https:\/\/secure.gravatar.com\/avatar\/ae2f4d718e6c49043e314ce431e7e645d646302a24a5ef5a8bc8e3f5a032e319?s=96&d=mm&r=g","contentUrl":"https:\/\/secure.gravatar.com\/avatar\/ae2f4d718e6c49043e314ce431e7e645d646302a24a5ef5a8bc8e3f5a032e319?s=96&d=mm&r=g","caption":"Redaktion"},"sameAs":["http:\/\/develop.organisator.galledia.ch"],"url":"https:\/\/www.immobilienbusiness.ch\/en\/author\/admin\/"}]}},"_links":{"self":[{"href":"https:\/\/www.immobilienbusiness.ch\/en\/wp-json\/wp\/v2\/posts\/3334","targetHints":{"allow":["GET"]}}],"collection":[{"href":"https:\/\/www.immobilienbusiness.ch\/en\/wp-json\/wp\/v2\/posts"}],"about":[{"href":"https:\/\/www.immobilienbusiness.ch\/en\/wp-json\/wp\/v2\/types\/post"}],"author":[{"embeddable":true,"href":"https:\/\/www.immobilienbusiness.ch\/en\/wp-json\/wp\/v2\/users\/1"}],"replies":[{"embeddable":true,"href":"https:\/\/www.immobilienbusiness.ch\/en\/wp-json\/wp\/v2\/comments?post=3334"}],"version-history":[{"count":0,"href":"https:\/\/www.immobilienbusiness.ch\/en\/wp-json\/wp\/v2\/posts\/3334\/revisions"}],"wp:featuredmedia":[{"embeddable":true,"href":"https:\/\/www.immobilienbusiness.ch\/en\/wp-json\/wp\/v2\/media\/3335"}],"wp:attachment":[{"href":"https:\/\/www.immobilienbusiness.ch\/en\/wp-json\/wp\/v2\/media?parent=3334"}],"wp:term":[{"taxonomy":"category","embeddable":true,"href":"https:\/\/www.immobilienbusiness.ch\/en\/wp-json\/wp\/v2\/categories?post=3334"},{"taxonomy":"post_tag","embeddable":true,"href":"https:\/\/www.immobilienbusiness.ch\/en\/wp-json\/wp\/v2\/tags?post=3334"}],"curies":[{"name":"wp","href":"https:\/\/api.w.org\/{rel}","templated":true}]}}