{"id":3311,"date":"2016-07-24T09:30:07","date_gmt":"2016-07-24T07:30:07","guid":{"rendered":"http:\/\/dev.immobilienbusiness.ch\/?p=3311"},"modified":"2016-07-24T09:30:07","modified_gmt":"2016-07-24T07:30:07","slug":"neuer-leiter-der-privera-niederlassung-in-baden","status":"publish","type":"post","link":"https:\/\/www.immobilienbusiness.ch\/en\/allgemein\/2016-07-24\/neuer-leiter-der-privera-niederlassung-in-baden\/","title":{"rendered":"New head of the Privera branch in Baden"},"content":{"rendered":"<figure id=\"attachment_3313\" aria-describedby=\"caption-attachment-3313\" style=\"width: 680px\" class=\"wp-caption alignnone\"><img loading=\"lazy\" decoding=\"async\" class=\"size-medium wp-image-3313\" src=\"https:\/\/immobilienbusiness.ch\/wp-content\/uploads\/2016\/12\/Neuer-Leiter-der-Privera-Niederlassung-in-Baden-immobilien-business.jpg\" alt=\"Christian Baur (34) wird per 1. August 2016 neuer Niederlassungsleiter der Privera in Baden- D\u00e4ttwil (Foto: Privera)\" width=\"680\" height=\"634\" srcset=\"https:\/\/www.immobilienbusiness.ch\/wp-content\/uploads\/2016\/12\/Neuer-Leiter-der-Privera-Niederlassung-in-Baden-immobilien-business.jpg 1189w, https:\/\/www.immobilienbusiness.ch\/wp-content\/uploads\/2016\/12\/Neuer-Leiter-der-Privera-Niederlassung-in-Baden-immobilien-business-300x280.jpg 300w, https:\/\/www.immobilienbusiness.ch\/wp-content\/uploads\/2016\/12\/Neuer-Leiter-der-Privera-Niederlassung-in-Baden-immobilien-business-1024x954.jpg 1024w, https:\/\/www.immobilienbusiness.ch\/wp-content\/uploads\/2016\/12\/Neuer-Leiter-der-Privera-Niederlassung-in-Baden-immobilien-business-768x716.jpg 768w, https:\/\/www.immobilienbusiness.ch\/wp-content\/uploads\/2016\/12\/Neuer-Leiter-der-Privera-Niederlassung-in-Baden-immobilien-business-13x12.jpg 13w, https:\/\/www.immobilienbusiness.ch\/wp-content\/uploads\/2016\/12\/Neuer-Leiter-der-Privera-Niederlassung-in-Baden-immobilien-business-188x175.jpg 188w, https:\/\/www.immobilienbusiness.ch\/wp-content\/uploads\/2016\/12\/Neuer-Leiter-der-Privera-Niederlassung-in-Baden-immobilien-business-376x350.jpg 376w, https:\/\/www.immobilienbusiness.ch\/wp-content\/uploads\/2016\/12\/Neuer-Leiter-der-Privera-Niederlassung-in-Baden-immobilien-business-858x800.jpg 858w, https:\/\/www.immobilienbusiness.ch\/wp-content\/uploads\/2016\/12\/Neuer-Leiter-der-Privera-Niederlassung-in-Baden-immobilien-business-920x857.jpg 920w\" sizes=\"auto, (max-width: 680px) 100vw, 680px\" \/><figcaption id=\"caption-attachment-3313\" class=\"wp-caption-text\">Christian Baur (34) will become the new branch manager of Privera in Baden-D\u00e4ttwil on August 1, 2016 (Photo: Privera)<\/figcaption><\/figure>\n<p>Christian Baur has been with Privera for 13 years. As Head of Commercial Property Management since 2012, he was responsible for the management of complex commercial properties and shopping centers and led a team of 16 employees.<\/p>\n<p>Under Baur's leadership, various digitalization projects at Privera will be driven forward and the existing high quality of services will be further developed, the statement continues.<\/p>\n<p>Baur is taking over the management of the Baden-D\u00e4ttwil site from Pascal Kurth, who has been in charge since 2012. He is leaving the company and will return to his home country of Germany. (mr)<\/p>","protected":false},"excerpt":{"rendered":"<p>From August 1, 2016, Christian Baur (34) will become the new branch manager of Privera in Baden-D\u00e4ttwil. In his new role, the qualified real estate manager and developer will assume overall responsibility for looking after the branch's customers.<\/p>","protected":false},"author":1,"featured_media":3313,"comment_status":"open","ping_status":"open","sticky":false,"template":"","format":"standard","meta":{"_acf_changed":false,"_yoast_wpseo_focuskw":"Neuer Leiter der Privera-Niederlassung in Baden","_yoast_wpseo_title":"","_yoast_wpseo_metadesc":"Neuer Leiter der Privera-Niederlassung in Baden: Ab dem 1. August 2016 wird Christian Baur (34) neuer Niederlassungsleiter der Privera in Baden-D\u00e4ttwil.","_yoast_wpseo_linkdex":54,"pgc_sgb_lightbox_settings":"","footnotes":""},"categories":[1],"tags":[1529,1563],"class_list":["post-3311","post","type-post","status-publish","format-standard","has-post-thumbnail","hentry","category-allgemein","tag-nord-west-schweiz","tag-personalia"],"acf":[],"yoast_head":"<!-- This site is optimized with the Yoast SEO plugin v27.5 - https:\/\/yoast.com\/product\/yoast-seo-wordpress\/ -->\n<title>Neuer Leiter der Privera-Niederlassung in Baden - IMMOBILIEN Business<\/title>\n<meta name=\"description\" content=\"Neuer Leiter der Privera-Niederlassung in Baden: Ab dem 1. August 2016 wird Christian Baur (34) neuer Niederlassungsleiter der Privera in Baden-D\u00e4ttwil.\" \/>\n<meta name=\"robots\" content=\"index, follow, max-snippet:-1, max-image-preview:large, max-video-preview:-1\" \/>\n<link rel=\"canonical\" href=\"https:\/\/www.immobilienbusiness.ch\/en\/allgemein\/2016-07-24\/neuer-leiter-der-privera-niederlassung-in-baden\/\" \/>\n<meta property=\"og:locale\" content=\"en_US\" \/>\n<meta property=\"og:type\" content=\"article\" \/>\n<meta property=\"og:title\" content=\"Neuer Leiter der Privera-Niederlassung in Baden\" \/>\n<meta property=\"og:description\" content=\"Ab dem 1. August 2016 wird Christian Baur (34) neuer Niederlassungsleiter der Privera in Baden-D\u00e4ttwil. Der diplomierte Immobilienbewirtschafter und -entwickler wird in der neuen Funktion die Gesamtverantwortung f\u00fcr die Betreuung der Kunden der Niederlassung \u00fcbernehmen.\" \/>\n<meta property=\"og:url\" content=\"https:\/\/www.immobilienbusiness.ch\/en\/allgemein\/2016-07-24\/neuer-leiter-der-privera-niederlassung-in-baden\/\" \/>\n<meta property=\"og:site_name\" content=\"IMMOBILIEN Business\" \/>\n<meta property=\"article:publisher\" content=\"https:\/\/www.facebook.com\/immobilienbusiness\/\" \/>\n<meta property=\"article:published_time\" content=\"2016-07-24T07:30:07+00:00\" \/>\n<meta name=\"author\" content=\"Redaktion\" \/>\n<meta name=\"twitter:card\" content=\"summary_large_image\" \/>\n<meta name=\"twitter:image\" content=\"https:\/\/www.immobilienbusiness.ch\/wp-content\/uploads\/2016\/12\/Neuer-Leiter-der-Privera-Niederlassung-in-Baden-immobilien-business.jpg\" \/>\n<script type=\"application\/ld+json\" class=\"yoast-schema-graph\">{\"@context\":\"https:\\\/\\\/schema.org\",\"@graph\":[{\"@type\":\"Article\",\"@id\":\"https:\\\/\\\/www.immobilienbusiness.ch\\\/allgemein\\\/2016-07-24\\\/neuer-leiter-der-privera-niederlassung-in-baden\\\/#article\",\"isPartOf\":{\"@id\":\"https:\\\/\\\/www.immobilienbusiness.ch\\\/allgemein\\\/2016-07-24\\\/neuer-leiter-der-privera-niederlassung-in-baden\\\/\"},\"author\":{\"name\":\"Redaktion\",\"@id\":\"https:\\\/\\\/www.immobilienbusiness.ch\\\/#\\\/schema\\\/person\\\/aa2bace6c5c5aad60102004a50c4eb1c\"},\"headline\":\"Neuer Leiter der Privera-Niederlassung in Baden\",\"datePublished\":\"2016-07-24T07:30:07+00:00\",\"mainEntityOfPage\":{\"@id\":\"https:\\\/\\\/www.immobilienbusiness.ch\\\/allgemein\\\/2016-07-24\\\/neuer-leiter-der-privera-niederlassung-in-baden\\\/\"},\"wordCount\":119,\"commentCount\":0,\"publisher\":{\"@id\":\"https:\\\/\\\/www.immobilienbusiness.ch\\\/#organization\"},\"image\":{\"@id\":\"https:\\\/\\\/www.immobilienbusiness.ch\\\/allgemein\\\/2016-07-24\\\/neuer-leiter-der-privera-niederlassung-in-baden\\\/#primaryimage\"},\"thumbnailUrl\":\"https:\\\/\\\/www.immobilienbusiness.ch\\\/wp-content\\\/uploads\\\/2016\\\/12\\\/Neuer-Leiter-der-Privera-Niederlassung-in-Baden-immobilien-business.jpg\",\"keywords\":[\"Nord-West-Schweiz\",\"Personalia\"],\"articleSection\":[\"Allgemein\"],\"inLanguage\":\"en-US\"},{\"@type\":\"WebPage\",\"@id\":\"https:\\\/\\\/www.immobilienbusiness.ch\\\/allgemein\\\/2016-07-24\\\/neuer-leiter-der-privera-niederlassung-in-baden\\\/\",\"url\":\"https:\\\/\\\/www.immobilienbusiness.ch\\\/allgemein\\\/2016-07-24\\\/neuer-leiter-der-privera-niederlassung-in-baden\\\/\",\"name\":\"Neuer Leiter der Privera-Niederlassung in Baden - IMMOBILIEN Business\",\"isPartOf\":{\"@id\":\"https:\\\/\\\/www.immobilienbusiness.ch\\\/#website\"},\"primaryImageOfPage\":{\"@id\":\"https:\\\/\\\/www.immobilienbusiness.ch\\\/allgemein\\\/2016-07-24\\\/neuer-leiter-der-privera-niederlassung-in-baden\\\/#primaryimage\"},\"image\":{\"@id\":\"https:\\\/\\\/www.immobilienbusiness.ch\\\/allgemein\\\/2016-07-24\\\/neuer-leiter-der-privera-niederlassung-in-baden\\\/#primaryimage\"},\"thumbnailUrl\":\"https:\\\/\\\/www.immobilienbusiness.ch\\\/wp-content\\\/uploads\\\/2016\\\/12\\\/Neuer-Leiter-der-Privera-Niederlassung-in-Baden-immobilien-business.jpg\",\"datePublished\":\"2016-07-24T07:30:07+00:00\",\"description\":\"Neuer Leiter der Privera-Niederlassung in Baden: Ab dem 1. August 2016 wird Christian Baur (34) neuer Niederlassungsleiter der Privera in Baden-D\u00e4ttwil.\",\"breadcrumb\":{\"@id\":\"https:\\\/\\\/www.immobilienbusiness.ch\\\/allgemein\\\/2016-07-24\\\/neuer-leiter-der-privera-niederlassung-in-baden\\\/#breadcrumb\"},\"inLanguage\":\"en-US\",\"potentialAction\":[{\"@type\":\"ReadAction\",\"target\":[\"https:\\\/\\\/www.immobilienbusiness.ch\\\/allgemein\\\/2016-07-24\\\/neuer-leiter-der-privera-niederlassung-in-baden\\\/\"]}]},{\"@type\":\"ImageObject\",\"inLanguage\":\"en-US\",\"@id\":\"https:\\\/\\\/www.immobilienbusiness.ch\\\/allgemein\\\/2016-07-24\\\/neuer-leiter-der-privera-niederlassung-in-baden\\\/#primaryimage\",\"url\":\"https:\\\/\\\/www.immobilienbusiness.ch\\\/wp-content\\\/uploads\\\/2016\\\/12\\\/Neuer-Leiter-der-Privera-Niederlassung-in-Baden-immobilien-business.jpg\",\"contentUrl\":\"https:\\\/\\\/www.immobilienbusiness.ch\\\/wp-content\\\/uploads\\\/2016\\\/12\\\/Neuer-Leiter-der-Privera-Niederlassung-in-Baden-immobilien-business.jpg\",\"width\":1189,\"height\":1108,\"caption\":\"Christian Baur (34) wird per 1. August 2016 neuer Niederlassungsleiter der Privera in Baden- D\u00e4ttwil (Foto: Privera)\"},{\"@type\":\"BreadcrumbList\",\"@id\":\"https:\\\/\\\/www.immobilienbusiness.ch\\\/allgemein\\\/2016-07-24\\\/neuer-leiter-der-privera-niederlassung-in-baden\\\/#breadcrumb\",\"itemListElement\":[{\"@type\":\"ListItem\",\"position\":1,\"name\":\"Home\",\"item\":\"https:\\\/\\\/www.immobilienbusiness.ch\\\/\"},{\"@type\":\"ListItem\",\"position\":2,\"name\":\"Neuer Leiter der Privera-Niederlassung in Baden\"}]},{\"@type\":\"WebSite\",\"@id\":\"https:\\\/\\\/www.immobilienbusiness.ch\\\/#website\",\"url\":\"https:\\\/\\\/www.immobilienbusiness.ch\\\/\",\"name\":\"IMMOBILIEN Business\",\"description\":\"Unabh\u00e4ngiges Schweizer Wirtschaftsmagazin mit Fokus auf Immobilien, Architektur- und Bau sowie Investment- und Finanzierung.\",\"publisher\":{\"@id\":\"https:\\\/\\\/www.immobilienbusiness.ch\\\/#organization\"},\"potentialAction\":[{\"@type\":\"SearchAction\",\"target\":{\"@type\":\"EntryPoint\",\"urlTemplate\":\"https:\\\/\\\/www.immobilienbusiness.ch\\\/?s={search_term_string}\"},\"query-input\":{\"@type\":\"PropertyValueSpecification\",\"valueRequired\":true,\"valueName\":\"search_term_string\"}}],\"inLanguage\":\"en-US\"},{\"@type\":\"Organization\",\"@id\":\"https:\\\/\\\/www.immobilienbusiness.ch\\\/#organization\",\"name\":\"IMMOBILIEN Business\",\"url\":\"https:\\\/\\\/www.immobilienbusiness.ch\\\/\",\"logo\":{\"@type\":\"ImageObject\",\"inLanguage\":\"en-US\",\"@id\":\"https:\\\/\\\/www.immobilienbusiness.ch\\\/#\\\/schema\\\/logo\\\/image\\\/\",\"url\":\"https:\\\/\\\/www.immobilienbusiness.ch\\\/wp-content\\\/uploads\\\/2021\\\/07\\\/logo_ib.png\",\"contentUrl\":\"https:\\\/\\\/www.immobilienbusiness.ch\\\/wp-content\\\/uploads\\\/2021\\\/07\\\/logo_ib.png\",\"width\":800,\"height\":181,\"caption\":\"IMMOBILIEN Business\"},\"image\":{\"@id\":\"https:\\\/\\\/www.immobilienbusiness.ch\\\/#\\\/schema\\\/logo\\\/image\\\/\"},\"sameAs\":[\"https:\\\/\\\/www.facebook.com\\\/immobilienbusiness\\\/\"]},{\"@type\":\"Person\",\"@id\":\"https:\\\/\\\/www.immobilienbusiness.ch\\\/#\\\/schema\\\/person\\\/aa2bace6c5c5aad60102004a50c4eb1c\",\"name\":\"Redaktion\",\"image\":{\"@type\":\"ImageObject\",\"inLanguage\":\"en-US\",\"@id\":\"https:\\\/\\\/secure.gravatar.com\\\/avatar\\\/ae2f4d718e6c49043e314ce431e7e645d646302a24a5ef5a8bc8e3f5a032e319?s=96&d=mm&r=g\",\"url\":\"https:\\\/\\\/secure.gravatar.com\\\/avatar\\\/ae2f4d718e6c49043e314ce431e7e645d646302a24a5ef5a8bc8e3f5a032e319?s=96&d=mm&r=g\",\"contentUrl\":\"https:\\\/\\\/secure.gravatar.com\\\/avatar\\\/ae2f4d718e6c49043e314ce431e7e645d646302a24a5ef5a8bc8e3f5a032e319?s=96&d=mm&r=g\",\"caption\":\"Redaktion\"},\"sameAs\":[\"http:\\\/\\\/develop.organisator.galledia.ch\"],\"url\":\"https:\\\/\\\/www.immobilienbusiness.ch\\\/en\\\/author\\\/admin\\\/\"}]}<\/script>\n<!-- \/ Yoast SEO plugin. -->","yoast_head_json":{"title":"Neuer Leiter der Privera-Niederlassung in Baden - IMMOBILIEN Business","description":"Neuer Leiter der Privera-Niederlassung in Baden: Ab dem 1. August 2016 wird Christian Baur (34) neuer Niederlassungsleiter der Privera in Baden-D\u00e4ttwil.","robots":{"index":"index","follow":"follow","max-snippet":"max-snippet:-1","max-image-preview":"max-image-preview:large","max-video-preview":"max-video-preview:-1"},"canonical":"https:\/\/www.immobilienbusiness.ch\/en\/allgemein\/2016-07-24\/neuer-leiter-der-privera-niederlassung-in-baden\/","og_locale":"en_US","og_type":"article","og_title":"Neuer Leiter der Privera-Niederlassung in Baden","og_description":"Ab dem 1. August 2016 wird Christian Baur (34) neuer Niederlassungsleiter der Privera in Baden-D\u00e4ttwil. Der diplomierte Immobilienbewirtschafter und -entwickler wird in der neuen Funktion die Gesamtverantwortung f\u00fcr die Betreuung der Kunden der Niederlassung \u00fcbernehmen.","og_url":"https:\/\/www.immobilienbusiness.ch\/en\/allgemein\/2016-07-24\/neuer-leiter-der-privera-niederlassung-in-baden\/","og_site_name":"IMMOBILIEN Business","article_publisher":"https:\/\/www.facebook.com\/immobilienbusiness\/","article_published_time":"2016-07-24T07:30:07+00:00","author":"Redaktion","twitter_card":"summary_large_image","twitter_image":"https:\/\/www.immobilienbusiness.ch\/wp-content\/uploads\/2016\/12\/Neuer-Leiter-der-Privera-Niederlassung-in-Baden-immobilien-business.jpg","schema":{"@context":"https:\/\/schema.org","@graph":[{"@type":"Article","@id":"https:\/\/www.immobilienbusiness.ch\/allgemein\/2016-07-24\/neuer-leiter-der-privera-niederlassung-in-baden\/#article","isPartOf":{"@id":"https:\/\/www.immobilienbusiness.ch\/allgemein\/2016-07-24\/neuer-leiter-der-privera-niederlassung-in-baden\/"},"author":{"name":"Redaktion","@id":"https:\/\/www.immobilienbusiness.ch\/#\/schema\/person\/aa2bace6c5c5aad60102004a50c4eb1c"},"headline":"Neuer Leiter der Privera-Niederlassung in Baden","datePublished":"2016-07-24T07:30:07+00:00","mainEntityOfPage":{"@id":"https:\/\/www.immobilienbusiness.ch\/allgemein\/2016-07-24\/neuer-leiter-der-privera-niederlassung-in-baden\/"},"wordCount":119,"commentCount":0,"publisher":{"@id":"https:\/\/www.immobilienbusiness.ch\/#organization"},"image":{"@id":"https:\/\/www.immobilienbusiness.ch\/allgemein\/2016-07-24\/neuer-leiter-der-privera-niederlassung-in-baden\/#primaryimage"},"thumbnailUrl":"https:\/\/www.immobilienbusiness.ch\/wp-content\/uploads\/2016\/12\/Neuer-Leiter-der-Privera-Niederlassung-in-Baden-immobilien-business.jpg","keywords":["Nord-West-Schweiz","Personalia"],"articleSection":["Allgemein"],"inLanguage":"en-US"},{"@type":"WebPage","@id":"https:\/\/www.immobilienbusiness.ch\/allgemein\/2016-07-24\/neuer-leiter-der-privera-niederlassung-in-baden\/","url":"https:\/\/www.immobilienbusiness.ch\/allgemein\/2016-07-24\/neuer-leiter-der-privera-niederlassung-in-baden\/","name":"Neuer Leiter der Privera-Niederlassung in Baden - IMMOBILIEN Business","isPartOf":{"@id":"https:\/\/www.immobilienbusiness.ch\/#website"},"primaryImageOfPage":{"@id":"https:\/\/www.immobilienbusiness.ch\/allgemein\/2016-07-24\/neuer-leiter-der-privera-niederlassung-in-baden\/#primaryimage"},"image":{"@id":"https:\/\/www.immobilienbusiness.ch\/allgemein\/2016-07-24\/neuer-leiter-der-privera-niederlassung-in-baden\/#primaryimage"},"thumbnailUrl":"https:\/\/www.immobilienbusiness.ch\/wp-content\/uploads\/2016\/12\/Neuer-Leiter-der-Privera-Niederlassung-in-Baden-immobilien-business.jpg","datePublished":"2016-07-24T07:30:07+00:00","description":"Neuer Leiter der Privera-Niederlassung in Baden: Ab dem 1. August 2016 wird Christian Baur (34) neuer Niederlassungsleiter der Privera in Baden-D\u00e4ttwil.","breadcrumb":{"@id":"https:\/\/www.immobilienbusiness.ch\/allgemein\/2016-07-24\/neuer-leiter-der-privera-niederlassung-in-baden\/#breadcrumb"},"inLanguage":"en-US","potentialAction":[{"@type":"ReadAction","target":["https:\/\/www.immobilienbusiness.ch\/allgemein\/2016-07-24\/neuer-leiter-der-privera-niederlassung-in-baden\/"]}]},{"@type":"ImageObject","inLanguage":"en-US","@id":"https:\/\/www.immobilienbusiness.ch\/allgemein\/2016-07-24\/neuer-leiter-der-privera-niederlassung-in-baden\/#primaryimage","url":"https:\/\/www.immobilienbusiness.ch\/wp-content\/uploads\/2016\/12\/Neuer-Leiter-der-Privera-Niederlassung-in-Baden-immobilien-business.jpg","contentUrl":"https:\/\/www.immobilienbusiness.ch\/wp-content\/uploads\/2016\/12\/Neuer-Leiter-der-Privera-Niederlassung-in-Baden-immobilien-business.jpg","width":1189,"height":1108,"caption":"Christian Baur (34) wird per 1. August 2016 neuer Niederlassungsleiter der Privera in Baden- D\u00e4ttwil (Foto: Privera)"},{"@type":"BreadcrumbList","@id":"https:\/\/www.immobilienbusiness.ch\/allgemein\/2016-07-24\/neuer-leiter-der-privera-niederlassung-in-baden\/#breadcrumb","itemListElement":[{"@type":"ListItem","position":1,"name":"Home","item":"https:\/\/www.immobilienbusiness.ch\/"},{"@type":"ListItem","position":2,"name":"Neuer Leiter der Privera-Niederlassung in Baden"}]},{"@type":"WebSite","@id":"https:\/\/www.immobilienbusiness.ch\/#website","url":"https:\/\/www.immobilienbusiness.ch\/","name":"REAL ESTATE Business","description":"Independent Swiss business magazine focusing on real estate, architecture and construction as well as investment and financing.","publisher":{"@id":"https:\/\/www.immobilienbusiness.ch\/#organization"},"potentialAction":[{"@type":"SearchAction","target":{"@type":"EntryPoint","urlTemplate":"https:\/\/www.immobilienbusiness.ch\/?s={search_term_string}"},"query-input":{"@type":"PropertyValueSpecification","valueRequired":true,"valueName":"search_term_string"}}],"inLanguage":"en-US"},{"@type":"Organization","@id":"https:\/\/www.immobilienbusiness.ch\/#organization","name":"REAL ESTATE Business","url":"https:\/\/www.immobilienbusiness.ch\/","logo":{"@type":"ImageObject","inLanguage":"en-US","@id":"https:\/\/www.immobilienbusiness.ch\/#\/schema\/logo\/image\/","url":"https:\/\/www.immobilienbusiness.ch\/wp-content\/uploads\/2021\/07\/logo_ib.png","contentUrl":"https:\/\/www.immobilienbusiness.ch\/wp-content\/uploads\/2021\/07\/logo_ib.png","width":800,"height":181,"caption":"IMMOBILIEN Business"},"image":{"@id":"https:\/\/www.immobilienbusiness.ch\/#\/schema\/logo\/image\/"},"sameAs":["https:\/\/www.facebook.com\/immobilienbusiness\/"]},{"@type":"Person","@id":"https:\/\/www.immobilienbusiness.ch\/#\/schema\/person\/aa2bace6c5c5aad60102004a50c4eb1c","name":"Editorial","image":{"@type":"ImageObject","inLanguage":"en-US","@id":"https:\/\/secure.gravatar.com\/avatar\/ae2f4d718e6c49043e314ce431e7e645d646302a24a5ef5a8bc8e3f5a032e319?s=96&d=mm&r=g","url":"https:\/\/secure.gravatar.com\/avatar\/ae2f4d718e6c49043e314ce431e7e645d646302a24a5ef5a8bc8e3f5a032e319?s=96&d=mm&r=g","contentUrl":"https:\/\/secure.gravatar.com\/avatar\/ae2f4d718e6c49043e314ce431e7e645d646302a24a5ef5a8bc8e3f5a032e319?s=96&d=mm&r=g","caption":"Redaktion"},"sameAs":["http:\/\/develop.organisator.galledia.ch"],"url":"https:\/\/www.immobilienbusiness.ch\/en\/author\/admin\/"}]}},"_links":{"self":[{"href":"https:\/\/www.immobilienbusiness.ch\/en\/wp-json\/wp\/v2\/posts\/3311","targetHints":{"allow":["GET"]}}],"collection":[{"href":"https:\/\/www.immobilienbusiness.ch\/en\/wp-json\/wp\/v2\/posts"}],"about":[{"href":"https:\/\/www.immobilienbusiness.ch\/en\/wp-json\/wp\/v2\/types\/post"}],"author":[{"embeddable":true,"href":"https:\/\/www.immobilienbusiness.ch\/en\/wp-json\/wp\/v2\/users\/1"}],"replies":[{"embeddable":true,"href":"https:\/\/www.immobilienbusiness.ch\/en\/wp-json\/wp\/v2\/comments?post=3311"}],"version-history":[{"count":0,"href":"https:\/\/www.immobilienbusiness.ch\/en\/wp-json\/wp\/v2\/posts\/3311\/revisions"}],"wp:featuredmedia":[{"embeddable":true,"href":"https:\/\/www.immobilienbusiness.ch\/en\/wp-json\/wp\/v2\/media\/3313"}],"wp:attachment":[{"href":"https:\/\/www.immobilienbusiness.ch\/en\/wp-json\/wp\/v2\/media?parent=3311"}],"wp:term":[{"taxonomy":"category","embeddable":true,"href":"https:\/\/www.immobilienbusiness.ch\/en\/wp-json\/wp\/v2\/categories?post=3311"},{"taxonomy":"post_tag","embeddable":true,"href":"https:\/\/www.immobilienbusiness.ch\/en\/wp-json\/wp\/v2\/tags?post=3311"}],"curies":[{"name":"wp","href":"https:\/\/api.w.org\/{rel}","templated":true}]}}