{"id":3287,"date":"2016-05-20T09:30:31","date_gmt":"2016-05-20T07:30:31","guid":{"rendered":"http:\/\/dev.immobilienbusiness.ch\/?p=3287"},"modified":"2016-05-20T09:30:31","modified_gmt":"2016-05-20T07:30:31","slug":"bundes-asylzentrum-entsteht-in-muttenz","status":"publish","type":"post","link":"https:\/\/www.immobilienbusiness.ch\/en\/allgemein\/2016-05-20\/bundes-asylzentrum-entsteht-in-muttenz\/","title":{"rendered":"Federal asylum center to be built in Muttenz"},"content":{"rendered":"<figure id=\"attachment_3290\" aria-describedby=\"caption-attachment-3290\" style=\"width: 500px\" class=\"wp-caption alignnone\"><img loading=\"lazy\" decoding=\"async\" class=\"size-full wp-image-3290\" src=\"https:\/\/immobilienbusiness.ch\/wp-content\/uploads\/2016\/12\/Bundes-Asylzentrum-entsteht-in-Muttenz-immobilien-business.jpg\" alt=\"In Muttenz entsteht ein Bundes-Asylzentrum (Foto: Roland Zumb\u00fchl - picswiss.ch, CC BY-SA 3.0, Wikimedia Commons)\" width=\"500\" height=\"333\" srcset=\"https:\/\/www.immobilienbusiness.ch\/wp-content\/uploads\/2016\/12\/Bundes-Asylzentrum-entsteht-in-Muttenz-immobilien-business.jpg 500w, https:\/\/www.immobilienbusiness.ch\/wp-content\/uploads\/2016\/12\/Bundes-Asylzentrum-entsteht-in-Muttenz-immobilien-business-300x200.jpg 300w, https:\/\/www.immobilienbusiness.ch\/wp-content\/uploads\/2016\/12\/Bundes-Asylzentrum-entsteht-in-Muttenz-immobilien-business-16x12.jpg 16w, https:\/\/www.immobilienbusiness.ch\/wp-content\/uploads\/2016\/12\/Bundes-Asylzentrum-entsteht-in-Muttenz-immobilien-business-263x175.jpg 263w\" sizes=\"auto, (max-width: 500px) 100vw, 500px\" \/><figcaption id=\"caption-attachment-3290\" class=\"wp-caption-text\">A federal asylum center is being built in Muttenz (Photo: Roland Zumb\u00fchl - picswiss.ch, CC BY-SA 3.0, Wikimedia Commons)<\/figcaption><\/figure>\n<p>The building application for the temporary center is now open to the public. The asylum seekers are to be accommodated in residential modules made of gas concrete slabs and wooden fire protection panels. In addition to the playground, a climbing area and sports facilities are planned.<\/p>\n<p>Asylum seekers are to stay at the Muttenz center for only two weeks, where they will be registered, security-checked and subjected to \"border-sanitary measures,\" according to the federal government. Currently, the State Secretariat for Migration (SEM) runs 20 asylum centers with around 5,000 accommodation places.<\/p>\n<p>The use of the site is initially planned for two years from the time of commissioning, but an extension could be renegotiated before the end of the two years, provided that the schedule of the landfill remediation permits this. A permanent use is not possible due to the upcoming remediation of the contaminated site. According to an expert opinion from the canton, temporary residential use does not pose a risk to the people housed there. (ah)<\/p>","protected":false},"excerpt":{"rendered":"<p>A federal asylum center is to be built on the site of the former Feldreben landfill in Muttenz. Starting in August, 500 asylum seekers will initially be housed there; if necessary, the center can be expanded to accommodate up to 900 people. The approximately 52,000-square-meter site is currently used as a truck terminal.<\/p>","protected":false},"author":1,"featured_media":3290,"comment_status":"open","ping_status":"open","sticky":false,"template":"","format":"standard","meta":{"_acf_changed":false,"_yoast_wpseo_focuskw":"Bundes-Asylzentrum","_yoast_wpseo_title":"","_yoast_wpseo_metadesc":"Auf dem Gel\u00e4nde der ehemaligen Deponie Feldreben in Muttenz wird ein Bundes-Asylzentrum entstehen.","_yoast_wpseo_linkdex":71,"pgc_sgb_lightbox_settings":"","footnotes":""},"categories":[1],"tags":[1069],"class_list":["post-3287","post","type-post","status-publish","format-standard","has-post-thumbnail","hentry","category-allgemein","tag-basel"],"acf":[],"yoast_head":"<!-- This site is optimized with the Yoast SEO plugin v27.4 - https:\/\/yoast.com\/product\/yoast-seo-wordpress\/ -->\n<title>Bundes-Asylzentrum entsteht in Muttenz - IMMOBILIEN Business<\/title>\n<meta name=\"description\" content=\"Auf dem Gel\u00e4nde der ehemaligen Deponie Feldreben in Muttenz wird ein Bundes-Asylzentrum entstehen.\" \/>\n<meta name=\"robots\" content=\"index, follow, max-snippet:-1, max-image-preview:large, max-video-preview:-1\" \/>\n<link rel=\"canonical\" href=\"https:\/\/www.immobilienbusiness.ch\/en\/allgemein\/2016-05-20\/bundes-asylzentrum-entsteht-in-muttenz\/\" \/>\n<meta property=\"og:locale\" content=\"en_US\" \/>\n<meta property=\"og:type\" content=\"article\" \/>\n<meta property=\"og:title\" content=\"Bundes-Asylzentrum entsteht in Muttenz\" \/>\n<meta property=\"og:description\" content=\"Auf dem Gel\u00e4nde der ehemaligen Deponie Feldreben in Muttenz wird ein Bundes-Asylzentrum entstehen. Ab August sollen dort zun\u00e4chst 500 Asylsuchende untergebracht werden, bei Bedarf kann das Zentrum auf bis zu 900 Pl\u00e4tze erweitert werden. Das rund 52.000 qm grosse Gel\u00e4nde wird derzeit als Lastwagenterminal genutzt.\" \/>\n<meta property=\"og:url\" content=\"https:\/\/www.immobilienbusiness.ch\/en\/allgemein\/2016-05-20\/bundes-asylzentrum-entsteht-in-muttenz\/\" \/>\n<meta property=\"og:site_name\" content=\"IMMOBILIEN Business\" \/>\n<meta property=\"article:publisher\" content=\"https:\/\/www.facebook.com\/immobilienbusiness\/\" \/>\n<meta property=\"article:published_time\" content=\"2016-05-20T07:30:31+00:00\" \/>\n<meta name=\"author\" content=\"Redaktion\" \/>\n<meta name=\"twitter:card\" content=\"summary_large_image\" \/>\n<meta name=\"twitter:image\" content=\"https:\/\/www.immobilienbusiness.ch\/wp-content\/uploads\/2016\/12\/Bundes-Asylzentrum-entsteht-in-Muttenz-immobilien-business.jpg\" \/>\n<script type=\"application\/ld+json\" class=\"yoast-schema-graph\">{\"@context\":\"https:\\\/\\\/schema.org\",\"@graph\":[{\"@type\":\"Article\",\"@id\":\"https:\\\/\\\/www.immobilienbusiness.ch\\\/it\\\/allgemein\\\/2016-05-20\\\/bundes-asylzentrum-entsteht-in-muttenz\\\/#article\",\"isPartOf\":{\"@id\":\"https:\\\/\\\/www.immobilienbusiness.ch\\\/it\\\/allgemein\\\/2016-05-20\\\/bundes-asylzentrum-entsteht-in-muttenz\\\/\"},\"author\":{\"name\":\"Redaktion\",\"@id\":\"https:\\\/\\\/www.immobilienbusiness.ch\\\/#\\\/schema\\\/person\\\/aa2bace6c5c5aad60102004a50c4eb1c\"},\"headline\":\"Bundes-Asylzentrum entsteht in Muttenz\",\"datePublished\":\"2016-05-20T07:30:31+00:00\",\"mainEntityOfPage\":{\"@id\":\"https:\\\/\\\/www.immobilienbusiness.ch\\\/it\\\/allgemein\\\/2016-05-20\\\/bundes-asylzentrum-entsteht-in-muttenz\\\/\"},\"wordCount\":167,\"commentCount\":0,\"publisher\":{\"@id\":\"https:\\\/\\\/www.immobilienbusiness.ch\\\/#organization\"},\"image\":{\"@id\":\"https:\\\/\\\/www.immobilienbusiness.ch\\\/it\\\/allgemein\\\/2016-05-20\\\/bundes-asylzentrum-entsteht-in-muttenz\\\/#primaryimage\"},\"thumbnailUrl\":\"https:\\\/\\\/www.immobilienbusiness.ch\\\/wp-content\\\/uploads\\\/2016\\\/12\\\/Bundes-Asylzentrum-entsteht-in-Muttenz-immobilien-business.jpg\",\"keywords\":[\"Basel\"],\"articleSection\":[\"Allgemein\"],\"inLanguage\":\"en-US\"},{\"@type\":\"WebPage\",\"@id\":\"https:\\\/\\\/www.immobilienbusiness.ch\\\/it\\\/allgemein\\\/2016-05-20\\\/bundes-asylzentrum-entsteht-in-muttenz\\\/\",\"url\":\"https:\\\/\\\/www.immobilienbusiness.ch\\\/it\\\/allgemein\\\/2016-05-20\\\/bundes-asylzentrum-entsteht-in-muttenz\\\/\",\"name\":\"Bundes-Asylzentrum entsteht in Muttenz - IMMOBILIEN Business\",\"isPartOf\":{\"@id\":\"https:\\\/\\\/www.immobilienbusiness.ch\\\/#website\"},\"primaryImageOfPage\":{\"@id\":\"https:\\\/\\\/www.immobilienbusiness.ch\\\/it\\\/allgemein\\\/2016-05-20\\\/bundes-asylzentrum-entsteht-in-muttenz\\\/#primaryimage\"},\"image\":{\"@id\":\"https:\\\/\\\/www.immobilienbusiness.ch\\\/it\\\/allgemein\\\/2016-05-20\\\/bundes-asylzentrum-entsteht-in-muttenz\\\/#primaryimage\"},\"thumbnailUrl\":\"https:\\\/\\\/www.immobilienbusiness.ch\\\/wp-content\\\/uploads\\\/2016\\\/12\\\/Bundes-Asylzentrum-entsteht-in-Muttenz-immobilien-business.jpg\",\"datePublished\":\"2016-05-20T07:30:31+00:00\",\"description\":\"Auf dem Gel\u00e4nde der ehemaligen Deponie Feldreben in Muttenz wird ein Bundes-Asylzentrum entstehen.\",\"breadcrumb\":{\"@id\":\"https:\\\/\\\/www.immobilienbusiness.ch\\\/it\\\/allgemein\\\/2016-05-20\\\/bundes-asylzentrum-entsteht-in-muttenz\\\/#breadcrumb\"},\"inLanguage\":\"en-US\",\"potentialAction\":[{\"@type\":\"ReadAction\",\"target\":[\"https:\\\/\\\/www.immobilienbusiness.ch\\\/it\\\/allgemein\\\/2016-05-20\\\/bundes-asylzentrum-entsteht-in-muttenz\\\/\"]}]},{\"@type\":\"ImageObject\",\"inLanguage\":\"en-US\",\"@id\":\"https:\\\/\\\/www.immobilienbusiness.ch\\\/it\\\/allgemein\\\/2016-05-20\\\/bundes-asylzentrum-entsteht-in-muttenz\\\/#primaryimage\",\"url\":\"https:\\\/\\\/www.immobilienbusiness.ch\\\/wp-content\\\/uploads\\\/2016\\\/12\\\/Bundes-Asylzentrum-entsteht-in-Muttenz-immobilien-business.jpg\",\"contentUrl\":\"https:\\\/\\\/www.immobilienbusiness.ch\\\/wp-content\\\/uploads\\\/2016\\\/12\\\/Bundes-Asylzentrum-entsteht-in-Muttenz-immobilien-business.jpg\",\"width\":500,\"height\":333,\"caption\":\"In Muttenz entsteht ein Bundes-Asylzentrum (Foto: Roland Zumb\u00fchl - picswiss.ch, CC BY-SA 3.0, Wikimedia Commons)\"},{\"@type\":\"BreadcrumbList\",\"@id\":\"https:\\\/\\\/www.immobilienbusiness.ch\\\/it\\\/allgemein\\\/2016-05-20\\\/bundes-asylzentrum-entsteht-in-muttenz\\\/#breadcrumb\",\"itemListElement\":[{\"@type\":\"ListItem\",\"position\":1,\"name\":\"Home\",\"item\":\"https:\\\/\\\/www.immobilienbusiness.ch\\\/\"},{\"@type\":\"ListItem\",\"position\":2,\"name\":\"Bundes-Asylzentrum entsteht in Muttenz\"}]},{\"@type\":\"WebSite\",\"@id\":\"https:\\\/\\\/www.immobilienbusiness.ch\\\/#website\",\"url\":\"https:\\\/\\\/www.immobilienbusiness.ch\\\/\",\"name\":\"IMMOBILIEN Business\",\"description\":\"Unabh\u00e4ngiges Schweizer Wirtschaftsmagazin mit Fokus auf Immobilien, Architektur- und Bau sowie Investment- und Finanzierung.\",\"publisher\":{\"@id\":\"https:\\\/\\\/www.immobilienbusiness.ch\\\/#organization\"},\"potentialAction\":[{\"@type\":\"SearchAction\",\"target\":{\"@type\":\"EntryPoint\",\"urlTemplate\":\"https:\\\/\\\/www.immobilienbusiness.ch\\\/?s={search_term_string}\"},\"query-input\":{\"@type\":\"PropertyValueSpecification\",\"valueRequired\":true,\"valueName\":\"search_term_string\"}}],\"inLanguage\":\"en-US\"},{\"@type\":\"Organization\",\"@id\":\"https:\\\/\\\/www.immobilienbusiness.ch\\\/#organization\",\"name\":\"IMMOBILIEN Business\",\"url\":\"https:\\\/\\\/www.immobilienbusiness.ch\\\/\",\"logo\":{\"@type\":\"ImageObject\",\"inLanguage\":\"en-US\",\"@id\":\"https:\\\/\\\/www.immobilienbusiness.ch\\\/#\\\/schema\\\/logo\\\/image\\\/\",\"url\":\"https:\\\/\\\/www.immobilienbusiness.ch\\\/wp-content\\\/uploads\\\/2021\\\/07\\\/logo_ib.png\",\"contentUrl\":\"https:\\\/\\\/www.immobilienbusiness.ch\\\/wp-content\\\/uploads\\\/2021\\\/07\\\/logo_ib.png\",\"width\":800,\"height\":181,\"caption\":\"IMMOBILIEN Business\"},\"image\":{\"@id\":\"https:\\\/\\\/www.immobilienbusiness.ch\\\/#\\\/schema\\\/logo\\\/image\\\/\"},\"sameAs\":[\"https:\\\/\\\/www.facebook.com\\\/immobilienbusiness\\\/\"]},{\"@type\":\"Person\",\"@id\":\"https:\\\/\\\/www.immobilienbusiness.ch\\\/#\\\/schema\\\/person\\\/aa2bace6c5c5aad60102004a50c4eb1c\",\"name\":\"Redaktion\",\"image\":{\"@type\":\"ImageObject\",\"inLanguage\":\"en-US\",\"@id\":\"https:\\\/\\\/secure.gravatar.com\\\/avatar\\\/ae2f4d718e6c49043e314ce431e7e645d646302a24a5ef5a8bc8e3f5a032e319?s=96&d=mm&r=g\",\"url\":\"https:\\\/\\\/secure.gravatar.com\\\/avatar\\\/ae2f4d718e6c49043e314ce431e7e645d646302a24a5ef5a8bc8e3f5a032e319?s=96&d=mm&r=g\",\"contentUrl\":\"https:\\\/\\\/secure.gravatar.com\\\/avatar\\\/ae2f4d718e6c49043e314ce431e7e645d646302a24a5ef5a8bc8e3f5a032e319?s=96&d=mm&r=g\",\"caption\":\"Redaktion\"},\"sameAs\":[\"http:\\\/\\\/develop.organisator.galledia.ch\"],\"url\":\"https:\\\/\\\/www.immobilienbusiness.ch\\\/en\\\/author\\\/admin\\\/\"}]}<\/script>\n<!-- \/ Yoast SEO plugin. -->","yoast_head_json":{"title":"Federal asylum center to be built in Muttenz - IMMOBILIEN Business","description":"A federal asylum center will be built on the site of the former Feldreben landfill in Muttenz.","robots":{"index":"index","follow":"follow","max-snippet":"max-snippet:-1","max-image-preview":"max-image-preview:large","max-video-preview":"max-video-preview:-1"},"canonical":"https:\/\/www.immobilienbusiness.ch\/en\/allgemein\/2016-05-20\/bundes-asylzentrum-entsteht-in-muttenz\/","og_locale":"en_US","og_type":"article","og_title":"Bundes-Asylzentrum entsteht in Muttenz","og_description":"Auf dem Gel\u00e4nde der ehemaligen Deponie Feldreben in Muttenz wird ein Bundes-Asylzentrum entstehen. Ab August sollen dort zun\u00e4chst 500 Asylsuchende untergebracht werden, bei Bedarf kann das Zentrum auf bis zu 900 Pl\u00e4tze erweitert werden. Das rund 52.000 qm grosse Gel\u00e4nde wird derzeit als Lastwagenterminal genutzt.","og_url":"https:\/\/www.immobilienbusiness.ch\/en\/allgemein\/2016-05-20\/bundes-asylzentrum-entsteht-in-muttenz\/","og_site_name":"IMMOBILIEN Business","article_publisher":"https:\/\/www.facebook.com\/immobilienbusiness\/","article_published_time":"2016-05-20T07:30:31+00:00","author":"Redaktion","twitter_card":"summary_large_image","twitter_image":"https:\/\/www.immobilienbusiness.ch\/wp-content\/uploads\/2016\/12\/Bundes-Asylzentrum-entsteht-in-Muttenz-immobilien-business.jpg","schema":{"@context":"https:\/\/schema.org","@graph":[{"@type":"Article","@id":"https:\/\/www.immobilienbusiness.ch\/it\/allgemein\/2016-05-20\/bundes-asylzentrum-entsteht-in-muttenz\/#article","isPartOf":{"@id":"https:\/\/www.immobilienbusiness.ch\/it\/allgemein\/2016-05-20\/bundes-asylzentrum-entsteht-in-muttenz\/"},"author":{"name":"Redaktion","@id":"https:\/\/www.immobilienbusiness.ch\/#\/schema\/person\/aa2bace6c5c5aad60102004a50c4eb1c"},"headline":"Bundes-Asylzentrum entsteht in Muttenz","datePublished":"2016-05-20T07:30:31+00:00","mainEntityOfPage":{"@id":"https:\/\/www.immobilienbusiness.ch\/it\/allgemein\/2016-05-20\/bundes-asylzentrum-entsteht-in-muttenz\/"},"wordCount":167,"commentCount":0,"publisher":{"@id":"https:\/\/www.immobilienbusiness.ch\/#organization"},"image":{"@id":"https:\/\/www.immobilienbusiness.ch\/it\/allgemein\/2016-05-20\/bundes-asylzentrum-entsteht-in-muttenz\/#primaryimage"},"thumbnailUrl":"https:\/\/www.immobilienbusiness.ch\/wp-content\/uploads\/2016\/12\/Bundes-Asylzentrum-entsteht-in-Muttenz-immobilien-business.jpg","keywords":["Basel"],"articleSection":["Allgemein"],"inLanguage":"en-US"},{"@type":"WebPage","@id":"https:\/\/www.immobilienbusiness.ch\/it\/allgemein\/2016-05-20\/bundes-asylzentrum-entsteht-in-muttenz\/","url":"https:\/\/www.immobilienbusiness.ch\/it\/allgemein\/2016-05-20\/bundes-asylzentrum-entsteht-in-muttenz\/","name":"Federal asylum center to be built in Muttenz - IMMOBILIEN Business","isPartOf":{"@id":"https:\/\/www.immobilienbusiness.ch\/#website"},"primaryImageOfPage":{"@id":"https:\/\/www.immobilienbusiness.ch\/it\/allgemein\/2016-05-20\/bundes-asylzentrum-entsteht-in-muttenz\/#primaryimage"},"image":{"@id":"https:\/\/www.immobilienbusiness.ch\/it\/allgemein\/2016-05-20\/bundes-asylzentrum-entsteht-in-muttenz\/#primaryimage"},"thumbnailUrl":"https:\/\/www.immobilienbusiness.ch\/wp-content\/uploads\/2016\/12\/Bundes-Asylzentrum-entsteht-in-Muttenz-immobilien-business.jpg","datePublished":"2016-05-20T07:30:31+00:00","description":"A federal asylum center will be built on the site of the former Feldreben landfill in Muttenz.","breadcrumb":{"@id":"https:\/\/www.immobilienbusiness.ch\/it\/allgemein\/2016-05-20\/bundes-asylzentrum-entsteht-in-muttenz\/#breadcrumb"},"inLanguage":"en-US","potentialAction":[{"@type":"ReadAction","target":["https:\/\/www.immobilienbusiness.ch\/it\/allgemein\/2016-05-20\/bundes-asylzentrum-entsteht-in-muttenz\/"]}]},{"@type":"ImageObject","inLanguage":"en-US","@id":"https:\/\/www.immobilienbusiness.ch\/it\/allgemein\/2016-05-20\/bundes-asylzentrum-entsteht-in-muttenz\/#primaryimage","url":"https:\/\/www.immobilienbusiness.ch\/wp-content\/uploads\/2016\/12\/Bundes-Asylzentrum-entsteht-in-Muttenz-immobilien-business.jpg","contentUrl":"https:\/\/www.immobilienbusiness.ch\/wp-content\/uploads\/2016\/12\/Bundes-Asylzentrum-entsteht-in-Muttenz-immobilien-business.jpg","width":500,"height":333,"caption":"In Muttenz entsteht ein Bundes-Asylzentrum (Foto: Roland Zumb\u00fchl - picswiss.ch, CC BY-SA 3.0, Wikimedia Commons)"},{"@type":"BreadcrumbList","@id":"https:\/\/www.immobilienbusiness.ch\/it\/allgemein\/2016-05-20\/bundes-asylzentrum-entsteht-in-muttenz\/#breadcrumb","itemListElement":[{"@type":"ListItem","position":1,"name":"Home","item":"https:\/\/www.immobilienbusiness.ch\/"},{"@type":"ListItem","position":2,"name":"Bundes-Asylzentrum entsteht in Muttenz"}]},{"@type":"WebSite","@id":"https:\/\/www.immobilienbusiness.ch\/#website","url":"https:\/\/www.immobilienbusiness.ch\/","name":"REAL ESTATE Business","description":"Independent Swiss business magazine focusing on real estate, architecture and construction as well as investment and financing.","publisher":{"@id":"https:\/\/www.immobilienbusiness.ch\/#organization"},"potentialAction":[{"@type":"SearchAction","target":{"@type":"EntryPoint","urlTemplate":"https:\/\/www.immobilienbusiness.ch\/?s={search_term_string}"},"query-input":{"@type":"PropertyValueSpecification","valueRequired":true,"valueName":"search_term_string"}}],"inLanguage":"en-US"},{"@type":"Organization","@id":"https:\/\/www.immobilienbusiness.ch\/#organization","name":"REAL ESTATE Business","url":"https:\/\/www.immobilienbusiness.ch\/","logo":{"@type":"ImageObject","inLanguage":"en-US","@id":"https:\/\/www.immobilienbusiness.ch\/#\/schema\/logo\/image\/","url":"https:\/\/www.immobilienbusiness.ch\/wp-content\/uploads\/2021\/07\/logo_ib.png","contentUrl":"https:\/\/www.immobilienbusiness.ch\/wp-content\/uploads\/2021\/07\/logo_ib.png","width":800,"height":181,"caption":"IMMOBILIEN Business"},"image":{"@id":"https:\/\/www.immobilienbusiness.ch\/#\/schema\/logo\/image\/"},"sameAs":["https:\/\/www.facebook.com\/immobilienbusiness\/"]},{"@type":"Person","@id":"https:\/\/www.immobilienbusiness.ch\/#\/schema\/person\/aa2bace6c5c5aad60102004a50c4eb1c","name":"Editorial","image":{"@type":"ImageObject","inLanguage":"en-US","@id":"https:\/\/secure.gravatar.com\/avatar\/ae2f4d718e6c49043e314ce431e7e645d646302a24a5ef5a8bc8e3f5a032e319?s=96&d=mm&r=g","url":"https:\/\/secure.gravatar.com\/avatar\/ae2f4d718e6c49043e314ce431e7e645d646302a24a5ef5a8bc8e3f5a032e319?s=96&d=mm&r=g","contentUrl":"https:\/\/secure.gravatar.com\/avatar\/ae2f4d718e6c49043e314ce431e7e645d646302a24a5ef5a8bc8e3f5a032e319?s=96&d=mm&r=g","caption":"Redaktion"},"sameAs":["http:\/\/develop.organisator.galledia.ch"],"url":"https:\/\/www.immobilienbusiness.ch\/en\/author\/admin\/"}]}},"_links":{"self":[{"href":"https:\/\/www.immobilienbusiness.ch\/en\/wp-json\/wp\/v2\/posts\/3287","targetHints":{"allow":["GET"]}}],"collection":[{"href":"https:\/\/www.immobilienbusiness.ch\/en\/wp-json\/wp\/v2\/posts"}],"about":[{"href":"https:\/\/www.immobilienbusiness.ch\/en\/wp-json\/wp\/v2\/types\/post"}],"author":[{"embeddable":true,"href":"https:\/\/www.immobilienbusiness.ch\/en\/wp-json\/wp\/v2\/users\/1"}],"replies":[{"embeddable":true,"href":"https:\/\/www.immobilienbusiness.ch\/en\/wp-json\/wp\/v2\/comments?post=3287"}],"version-history":[{"count":0,"href":"https:\/\/www.immobilienbusiness.ch\/en\/wp-json\/wp\/v2\/posts\/3287\/revisions"}],"wp:featuredmedia":[{"embeddable":true,"href":"https:\/\/www.immobilienbusiness.ch\/en\/wp-json\/wp\/v2\/media\/3290"}],"wp:attachment":[{"href":"https:\/\/www.immobilienbusiness.ch\/en\/wp-json\/wp\/v2\/media?parent=3287"}],"wp:term":[{"taxonomy":"category","embeddable":true,"href":"https:\/\/www.immobilienbusiness.ch\/en\/wp-json\/wp\/v2\/categories?post=3287"},{"taxonomy":"post_tag","embeddable":true,"href":"https:\/\/www.immobilienbusiness.ch\/en\/wp-json\/wp\/v2\/tags?post=3287"}],"curies":[{"name":"wp","href":"https:\/\/api.w.org\/{rel}","templated":true}]}}