{"id":3255,"date":"2016-07-20T10:00:32","date_gmt":"2016-07-20T08:00:32","guid":{"rendered":"http:\/\/dev.immobilienbusiness.ch\/?p=3255"},"modified":"2016-07-20T10:00:32","modified_gmt":"2016-07-20T08:00:32","slug":"pom-erweitert-team-in-zuerich-und-lausanne","status":"publish","type":"post","link":"https:\/\/www.immobilienbusiness.ch\/en\/regionen\/2016-07-20\/pom-erweitert-team-in-zuerich-und-lausanne\/","title":{"rendered":"pom+ expands team in Zurich and Lausanne"},"content":{"rendered":"<figure id=\"attachment_3256\" aria-describedby=\"caption-attachment-3256\" style=\"width: 680px\" class=\"wp-caption alignnone\"><img loading=\"lazy\" decoding=\"async\" class=\"size-medium wp-image-3256\" src=\"https:\/\/immobilienbusiness.ch\/wp-content\/uploads\/2016\/12\/pom-erweitert-Team-in-Z\u00fcrich-und-Lausanne-immobilien-business.jpg\" alt=\"Drei Neuzug\u00e4nge in Z\u00fcrich und einen am Standort Lausanne begr\u00fcsste die pom+ Consulting AG j\u00fcngst (Bild: Pixabay)\" width=\"680\" height=\"452\" \/><figcaption id=\"caption-attachment-3256\" class=\"wp-caption-text\">pom+ Consulting AG recently welcomed three new employees in Zurich and one in Lausanne (Image: Pixabay)<\/figcaption><\/figure>\n<p>In Western Switzerland, the Swiss consulting firm pom+ Consulting, active for real estate, infrastructures and organizations, is strengthened by the new Senior Consultant Aymeric Sevestre (39). The Master ing. Civil Engineering at EPFL in Lausanne, worked as project manager at BG Consulting AG before joining pom+. His know how is in the field of tenders and construction management.<\/p>","protected":false},"excerpt":{"rendered":"<p>pom+ Consulting AG enlarges its team at the headquarters in Zurich and at the Lausanne location with four new additions and further important competences.<\/p>","protected":false},"author":1,"featured_media":3256,"comment_status":"open","ping_status":"open","sticky":false,"template":"","format":"standard","meta":{"_acf_changed":false,"_yoast_wpseo_focuskw":"Team in Z\u00fcrich und Lausanne","_yoast_wpseo_title":"","_yoast_wpseo_metadesc":"Die pom+ Consulting AG vergr\u00f6ssert ihr Team in Z\u00fcrich und Lausanne mit vier Neuzug\u00e4ngen und weiteren wichtigen Kompetenzen.","_yoast_wpseo_linkdex":44,"pgc_sgb_lightbox_settings":"","footnotes":""},"categories":[985],"tags":[1216,1438,1563,1564,1629,1888],"class_list":["post-3255","post","type-post","status-publish","format-standard","has-post-thumbnail","hentry","category-regionen","tag-facility-management","tag-lausanne","tag-personalia","tag-personalien","tag-regionen","tag-zuerich"],"acf":[],"yoast_head":"<!-- This site is optimized with the Yoast SEO plugin v27.4 - https:\/\/yoast.com\/product\/yoast-seo-wordpress\/ -->\n<title>pom+ erweitert Team in Z\u00fcrich und Lausanne - IMMOBILIEN Business<\/title>\n<meta name=\"description\" content=\"Die pom+ Consulting AG vergr\u00f6ssert ihr Team in Z\u00fcrich und Lausanne mit vier Neuzug\u00e4ngen und weiteren wichtigen Kompetenzen.\" \/>\n<meta name=\"robots\" content=\"index, follow, max-snippet:-1, max-image-preview:large, max-video-preview:-1\" \/>\n<link rel=\"canonical\" href=\"https:\/\/www.immobilienbusiness.ch\/en\/regionen\/2016-07-20\/pom-erweitert-team-in-zuerich-und-lausanne\/\" \/>\n<meta property=\"og:locale\" content=\"en_US\" \/>\n<meta property=\"og:type\" content=\"article\" \/>\n<meta property=\"og:title\" content=\"pom+ erweitert Team in Z\u00fcrich und Lausanne\" \/>\n<meta property=\"og:description\" content=\"Die pom+ Consulting AG vergr\u00f6ssert ihr Team am Hauptsitz in Z\u00fcrich und am Standort Lausanne mit vier Neuzug\u00e4ngen und weiteren wichtigen Kompetenzen.\" \/>\n<meta property=\"og:url\" content=\"https:\/\/www.immobilienbusiness.ch\/en\/regionen\/2016-07-20\/pom-erweitert-team-in-zuerich-und-lausanne\/\" \/>\n<meta property=\"og:site_name\" content=\"IMMOBILIEN Business\" \/>\n<meta property=\"article:publisher\" content=\"https:\/\/www.facebook.com\/immobilienbusiness\/\" \/>\n<meta property=\"article:published_time\" content=\"2016-07-20T08:00:32+00:00\" \/>\n<meta name=\"author\" content=\"Redaktion\" \/>\n<meta name=\"twitter:card\" content=\"summary_large_image\" \/>\n<meta name=\"twitter:image\" content=\"https:\/\/www.immobilienbusiness.ch\/wp-content\/uploads\/2016\/12\/pom-erweitert-Team-in-Zuerich-und-Lausanne-immobilien-business.jpg\" \/>\n<script type=\"application\/ld+json\" class=\"yoast-schema-graph\">{\"@context\":\"https:\\\/\\\/schema.org\",\"@graph\":[{\"@type\":\"Article\",\"@id\":\"https:\\\/\\\/www.immobilienbusiness.ch\\\/de\\\/regionen\\\/2016-07-20\\\/pom-erweitert-team-in-zuerich-und-lausanne\\\/#article\",\"isPartOf\":{\"@id\":\"https:\\\/\\\/www.immobilienbusiness.ch\\\/de\\\/regionen\\\/2016-07-20\\\/pom-erweitert-team-in-zuerich-und-lausanne\\\/\"},\"author\":{\"name\":\"Redaktion\",\"@id\":\"https:\\\/\\\/www.immobilienbusiness.ch\\\/#\\\/schema\\\/person\\\/aa2bace6c5c5aad60102004a50c4eb1c\"},\"headline\":\"pom+ erweitert Team in Z\u00fcrich und Lausanne\",\"datePublished\":\"2016-07-20T08:00:32+00:00\",\"mainEntityOfPage\":{\"@id\":\"https:\\\/\\\/www.immobilienbusiness.ch\\\/de\\\/regionen\\\/2016-07-20\\\/pom-erweitert-team-in-zuerich-und-lausanne\\\/\"},\"wordCount\":92,\"commentCount\":0,\"publisher\":{\"@id\":\"https:\\\/\\\/www.immobilienbusiness.ch\\\/#organization\"},\"image\":{\"@id\":\"https:\\\/\\\/www.immobilienbusiness.ch\\\/de\\\/regionen\\\/2016-07-20\\\/pom-erweitert-team-in-zuerich-und-lausanne\\\/#primaryimage\"},\"thumbnailUrl\":\"https:\\\/\\\/www.immobilienbusiness.ch\\\/wp-content\\\/uploads\\\/2016\\\/12\\\/pom-erweitert-Team-in-Zuerich-und-Lausanne-immobilien-business.jpg\",\"keywords\":[\"Facility Management\",\"Lausanne\",\"Personalia\",\"Personalien\",\"Regionen\",\"Z\u00fcrich\"],\"articleSection\":[\"REGIONEN\"],\"inLanguage\":\"en-US\"},{\"@type\":\"WebPage\",\"@id\":\"https:\\\/\\\/www.immobilienbusiness.ch\\\/de\\\/regionen\\\/2016-07-20\\\/pom-erweitert-team-in-zuerich-und-lausanne\\\/\",\"url\":\"https:\\\/\\\/www.immobilienbusiness.ch\\\/de\\\/regionen\\\/2016-07-20\\\/pom-erweitert-team-in-zuerich-und-lausanne\\\/\",\"name\":\"pom+ erweitert Team in Z\u00fcrich und Lausanne - IMMOBILIEN Business\",\"isPartOf\":{\"@id\":\"https:\\\/\\\/www.immobilienbusiness.ch\\\/#website\"},\"primaryImageOfPage\":{\"@id\":\"https:\\\/\\\/www.immobilienbusiness.ch\\\/de\\\/regionen\\\/2016-07-20\\\/pom-erweitert-team-in-zuerich-und-lausanne\\\/#primaryimage\"},\"image\":{\"@id\":\"https:\\\/\\\/www.immobilienbusiness.ch\\\/de\\\/regionen\\\/2016-07-20\\\/pom-erweitert-team-in-zuerich-und-lausanne\\\/#primaryimage\"},\"thumbnailUrl\":\"https:\\\/\\\/www.immobilienbusiness.ch\\\/wp-content\\\/uploads\\\/2016\\\/12\\\/pom-erweitert-Team-in-Zuerich-und-Lausanne-immobilien-business.jpg\",\"datePublished\":\"2016-07-20T08:00:32+00:00\",\"description\":\"Die pom+ Consulting AG vergr\u00f6ssert ihr Team in Z\u00fcrich und Lausanne mit vier Neuzug\u00e4ngen und weiteren wichtigen Kompetenzen.\",\"breadcrumb\":{\"@id\":\"https:\\\/\\\/www.immobilienbusiness.ch\\\/de\\\/regionen\\\/2016-07-20\\\/pom-erweitert-team-in-zuerich-und-lausanne\\\/#breadcrumb\"},\"inLanguage\":\"en-US\",\"potentialAction\":[{\"@type\":\"ReadAction\",\"target\":[\"https:\\\/\\\/www.immobilienbusiness.ch\\\/de\\\/regionen\\\/2016-07-20\\\/pom-erweitert-team-in-zuerich-und-lausanne\\\/\"]}]},{\"@type\":\"ImageObject\",\"inLanguage\":\"en-US\",\"@id\":\"https:\\\/\\\/www.immobilienbusiness.ch\\\/de\\\/regionen\\\/2016-07-20\\\/pom-erweitert-team-in-zuerich-und-lausanne\\\/#primaryimage\",\"url\":\"https:\\\/\\\/www.immobilienbusiness.ch\\\/wp-content\\\/uploads\\\/2016\\\/12\\\/pom-erweitert-Team-in-Zuerich-und-Lausanne-immobilien-business.jpg\",\"contentUrl\":\"https:\\\/\\\/www.immobilienbusiness.ch\\\/wp-content\\\/uploads\\\/2016\\\/12\\\/pom-erweitert-Team-in-Zuerich-und-Lausanne-immobilien-business.jpg\",\"width\":1280,\"height\":850,\"caption\":\"Drei Neuzug\u00e4nge in Z\u00fcrich und einen am Standort Lausanne begr\u00fcsste die pom+ Consulting AG j\u00fcngst (Bild: Pixabay)\"},{\"@type\":\"BreadcrumbList\",\"@id\":\"https:\\\/\\\/www.immobilienbusiness.ch\\\/de\\\/regionen\\\/2016-07-20\\\/pom-erweitert-team-in-zuerich-und-lausanne\\\/#breadcrumb\",\"itemListElement\":[{\"@type\":\"ListItem\",\"position\":1,\"name\":\"Home\",\"item\":\"https:\\\/\\\/www.immobilienbusiness.ch\\\/\"},{\"@type\":\"ListItem\",\"position\":2,\"name\":\"pom+ erweitert Team in Z\u00fcrich und Lausanne\"}]},{\"@type\":\"WebSite\",\"@id\":\"https:\\\/\\\/www.immobilienbusiness.ch\\\/#website\",\"url\":\"https:\\\/\\\/www.immobilienbusiness.ch\\\/\",\"name\":\"IMMOBILIEN Business\",\"description\":\"Unabh\u00e4ngiges Schweizer Wirtschaftsmagazin mit Fokus auf Immobilien, Architektur- und Bau sowie Investment- und Finanzierung.\",\"publisher\":{\"@id\":\"https:\\\/\\\/www.immobilienbusiness.ch\\\/#organization\"},\"potentialAction\":[{\"@type\":\"SearchAction\",\"target\":{\"@type\":\"EntryPoint\",\"urlTemplate\":\"https:\\\/\\\/www.immobilienbusiness.ch\\\/?s={search_term_string}\"},\"query-input\":{\"@type\":\"PropertyValueSpecification\",\"valueRequired\":true,\"valueName\":\"search_term_string\"}}],\"inLanguage\":\"en-US\"},{\"@type\":\"Organization\",\"@id\":\"https:\\\/\\\/www.immobilienbusiness.ch\\\/#organization\",\"name\":\"IMMOBILIEN Business\",\"url\":\"https:\\\/\\\/www.immobilienbusiness.ch\\\/\",\"logo\":{\"@type\":\"ImageObject\",\"inLanguage\":\"en-US\",\"@id\":\"https:\\\/\\\/www.immobilienbusiness.ch\\\/#\\\/schema\\\/logo\\\/image\\\/\",\"url\":\"https:\\\/\\\/www.immobilienbusiness.ch\\\/wp-content\\\/uploads\\\/2021\\\/07\\\/logo_ib.png\",\"contentUrl\":\"https:\\\/\\\/www.immobilienbusiness.ch\\\/wp-content\\\/uploads\\\/2021\\\/07\\\/logo_ib.png\",\"width\":800,\"height\":181,\"caption\":\"IMMOBILIEN Business\"},\"image\":{\"@id\":\"https:\\\/\\\/www.immobilienbusiness.ch\\\/#\\\/schema\\\/logo\\\/image\\\/\"},\"sameAs\":[\"https:\\\/\\\/www.facebook.com\\\/immobilienbusiness\\\/\"]},{\"@type\":\"Person\",\"@id\":\"https:\\\/\\\/www.immobilienbusiness.ch\\\/#\\\/schema\\\/person\\\/aa2bace6c5c5aad60102004a50c4eb1c\",\"name\":\"Redaktion\",\"image\":{\"@type\":\"ImageObject\",\"inLanguage\":\"en-US\",\"@id\":\"https:\\\/\\\/secure.gravatar.com\\\/avatar\\\/ae2f4d718e6c49043e314ce431e7e645d646302a24a5ef5a8bc8e3f5a032e319?s=96&d=mm&r=g\",\"url\":\"https:\\\/\\\/secure.gravatar.com\\\/avatar\\\/ae2f4d718e6c49043e314ce431e7e645d646302a24a5ef5a8bc8e3f5a032e319?s=96&d=mm&r=g\",\"contentUrl\":\"https:\\\/\\\/secure.gravatar.com\\\/avatar\\\/ae2f4d718e6c49043e314ce431e7e645d646302a24a5ef5a8bc8e3f5a032e319?s=96&d=mm&r=g\",\"caption\":\"Redaktion\"},\"sameAs\":[\"http:\\\/\\\/develop.organisator.galledia.ch\"],\"url\":\"https:\\\/\\\/www.immobilienbusiness.ch\\\/en\\\/author\\\/admin\\\/\"}]}<\/script>\n<!-- \/ Yoast SEO plugin. -->","yoast_head_json":{"title":"pom+ expands team in Zurich and Lausanne - IMMOBILIEN Business","description":"pom+ Consulting AG is expanding its team in Zurich and Lausanne with four new additions and other important skills.","robots":{"index":"index","follow":"follow","max-snippet":"max-snippet:-1","max-image-preview":"max-image-preview:large","max-video-preview":"max-video-preview:-1"},"canonical":"https:\/\/www.immobilienbusiness.ch\/en\/regionen\/2016-07-20\/pom-erweitert-team-in-zuerich-und-lausanne\/","og_locale":"en_US","og_type":"article","og_title":"pom+ erweitert Team in Z\u00fcrich und Lausanne","og_description":"Die pom+ Consulting AG vergr\u00f6ssert ihr Team am Hauptsitz in Z\u00fcrich und am Standort Lausanne mit vier Neuzug\u00e4ngen und weiteren wichtigen Kompetenzen.","og_url":"https:\/\/www.immobilienbusiness.ch\/en\/regionen\/2016-07-20\/pom-erweitert-team-in-zuerich-und-lausanne\/","og_site_name":"IMMOBILIEN Business","article_publisher":"https:\/\/www.facebook.com\/immobilienbusiness\/","article_published_time":"2016-07-20T08:00:32+00:00","author":"Redaktion","twitter_card":"summary_large_image","twitter_image":"https:\/\/www.immobilienbusiness.ch\/wp-content\/uploads\/2016\/12\/pom-erweitert-Team-in-Zuerich-und-Lausanne-immobilien-business.jpg","schema":{"@context":"https:\/\/schema.org","@graph":[{"@type":"Article","@id":"https:\/\/www.immobilienbusiness.ch\/de\/regionen\/2016-07-20\/pom-erweitert-team-in-zuerich-und-lausanne\/#article","isPartOf":{"@id":"https:\/\/www.immobilienbusiness.ch\/de\/regionen\/2016-07-20\/pom-erweitert-team-in-zuerich-und-lausanne\/"},"author":{"name":"Redaktion","@id":"https:\/\/www.immobilienbusiness.ch\/#\/schema\/person\/aa2bace6c5c5aad60102004a50c4eb1c"},"headline":"pom+ erweitert Team in Z\u00fcrich und Lausanne","datePublished":"2016-07-20T08:00:32+00:00","mainEntityOfPage":{"@id":"https:\/\/www.immobilienbusiness.ch\/de\/regionen\/2016-07-20\/pom-erweitert-team-in-zuerich-und-lausanne\/"},"wordCount":92,"commentCount":0,"publisher":{"@id":"https:\/\/www.immobilienbusiness.ch\/#organization"},"image":{"@id":"https:\/\/www.immobilienbusiness.ch\/de\/regionen\/2016-07-20\/pom-erweitert-team-in-zuerich-und-lausanne\/#primaryimage"},"thumbnailUrl":"https:\/\/www.immobilienbusiness.ch\/wp-content\/uploads\/2016\/12\/pom-erweitert-Team-in-Zuerich-und-Lausanne-immobilien-business.jpg","keywords":["Facility Management","Lausanne","Personalia","Personalien","Regionen","Z\u00fcrich"],"articleSection":["REGIONEN"],"inLanguage":"en-US"},{"@type":"WebPage","@id":"https:\/\/www.immobilienbusiness.ch\/de\/regionen\/2016-07-20\/pom-erweitert-team-in-zuerich-und-lausanne\/","url":"https:\/\/www.immobilienbusiness.ch\/de\/regionen\/2016-07-20\/pom-erweitert-team-in-zuerich-und-lausanne\/","name":"pom+ expands team in Zurich and Lausanne - IMMOBILIEN Business","isPartOf":{"@id":"https:\/\/www.immobilienbusiness.ch\/#website"},"primaryImageOfPage":{"@id":"https:\/\/www.immobilienbusiness.ch\/de\/regionen\/2016-07-20\/pom-erweitert-team-in-zuerich-und-lausanne\/#primaryimage"},"image":{"@id":"https:\/\/www.immobilienbusiness.ch\/de\/regionen\/2016-07-20\/pom-erweitert-team-in-zuerich-und-lausanne\/#primaryimage"},"thumbnailUrl":"https:\/\/www.immobilienbusiness.ch\/wp-content\/uploads\/2016\/12\/pom-erweitert-Team-in-Zuerich-und-Lausanne-immobilien-business.jpg","datePublished":"2016-07-20T08:00:32+00:00","description":"pom+ Consulting AG is expanding its team in Zurich and Lausanne with four new additions and other important skills.","breadcrumb":{"@id":"https:\/\/www.immobilienbusiness.ch\/de\/regionen\/2016-07-20\/pom-erweitert-team-in-zuerich-und-lausanne\/#breadcrumb"},"inLanguage":"en-US","potentialAction":[{"@type":"ReadAction","target":["https:\/\/www.immobilienbusiness.ch\/de\/regionen\/2016-07-20\/pom-erweitert-team-in-zuerich-und-lausanne\/"]}]},{"@type":"ImageObject","inLanguage":"en-US","@id":"https:\/\/www.immobilienbusiness.ch\/de\/regionen\/2016-07-20\/pom-erweitert-team-in-zuerich-und-lausanne\/#primaryimage","url":"https:\/\/www.immobilienbusiness.ch\/wp-content\/uploads\/2016\/12\/pom-erweitert-Team-in-Zuerich-und-Lausanne-immobilien-business.jpg","contentUrl":"https:\/\/www.immobilienbusiness.ch\/wp-content\/uploads\/2016\/12\/pom-erweitert-Team-in-Zuerich-und-Lausanne-immobilien-business.jpg","width":1280,"height":850,"caption":"Drei Neuzug\u00e4nge in Z\u00fcrich und einen am Standort Lausanne begr\u00fcsste die pom+ Consulting AG j\u00fcngst (Bild: Pixabay)"},{"@type":"BreadcrumbList","@id":"https:\/\/www.immobilienbusiness.ch\/de\/regionen\/2016-07-20\/pom-erweitert-team-in-zuerich-und-lausanne\/#breadcrumb","itemListElement":[{"@type":"ListItem","position":1,"name":"Home","item":"https:\/\/www.immobilienbusiness.ch\/"},{"@type":"ListItem","position":2,"name":"pom+ erweitert Team in Z\u00fcrich und Lausanne"}]},{"@type":"WebSite","@id":"https:\/\/www.immobilienbusiness.ch\/#website","url":"https:\/\/www.immobilienbusiness.ch\/","name":"REAL ESTATE Business","description":"Independent Swiss business magazine focusing on real estate, architecture and construction as well as investment and financing.","publisher":{"@id":"https:\/\/www.immobilienbusiness.ch\/#organization"},"potentialAction":[{"@type":"SearchAction","target":{"@type":"EntryPoint","urlTemplate":"https:\/\/www.immobilienbusiness.ch\/?s={search_term_string}"},"query-input":{"@type":"PropertyValueSpecification","valueRequired":true,"valueName":"search_term_string"}}],"inLanguage":"en-US"},{"@type":"Organization","@id":"https:\/\/www.immobilienbusiness.ch\/#organization","name":"REAL ESTATE Business","url":"https:\/\/www.immobilienbusiness.ch\/","logo":{"@type":"ImageObject","inLanguage":"en-US","@id":"https:\/\/www.immobilienbusiness.ch\/#\/schema\/logo\/image\/","url":"https:\/\/www.immobilienbusiness.ch\/wp-content\/uploads\/2021\/07\/logo_ib.png","contentUrl":"https:\/\/www.immobilienbusiness.ch\/wp-content\/uploads\/2021\/07\/logo_ib.png","width":800,"height":181,"caption":"IMMOBILIEN Business"},"image":{"@id":"https:\/\/www.immobilienbusiness.ch\/#\/schema\/logo\/image\/"},"sameAs":["https:\/\/www.facebook.com\/immobilienbusiness\/"]},{"@type":"Person","@id":"https:\/\/www.immobilienbusiness.ch\/#\/schema\/person\/aa2bace6c5c5aad60102004a50c4eb1c","name":"Editorial","image":{"@type":"ImageObject","inLanguage":"en-US","@id":"https:\/\/secure.gravatar.com\/avatar\/ae2f4d718e6c49043e314ce431e7e645d646302a24a5ef5a8bc8e3f5a032e319?s=96&d=mm&r=g","url":"https:\/\/secure.gravatar.com\/avatar\/ae2f4d718e6c49043e314ce431e7e645d646302a24a5ef5a8bc8e3f5a032e319?s=96&d=mm&r=g","contentUrl":"https:\/\/secure.gravatar.com\/avatar\/ae2f4d718e6c49043e314ce431e7e645d646302a24a5ef5a8bc8e3f5a032e319?s=96&d=mm&r=g","caption":"Redaktion"},"sameAs":["http:\/\/develop.organisator.galledia.ch"],"url":"https:\/\/www.immobilienbusiness.ch\/en\/author\/admin\/"}]}},"_links":{"self":[{"href":"https:\/\/www.immobilienbusiness.ch\/en\/wp-json\/wp\/v2\/posts\/3255","targetHints":{"allow":["GET"]}}],"collection":[{"href":"https:\/\/www.immobilienbusiness.ch\/en\/wp-json\/wp\/v2\/posts"}],"about":[{"href":"https:\/\/www.immobilienbusiness.ch\/en\/wp-json\/wp\/v2\/types\/post"}],"author":[{"embeddable":true,"href":"https:\/\/www.immobilienbusiness.ch\/en\/wp-json\/wp\/v2\/users\/1"}],"replies":[{"embeddable":true,"href":"https:\/\/www.immobilienbusiness.ch\/en\/wp-json\/wp\/v2\/comments?post=3255"}],"version-history":[{"count":0,"href":"https:\/\/www.immobilienbusiness.ch\/en\/wp-json\/wp\/v2\/posts\/3255\/revisions"}],"wp:featuredmedia":[{"embeddable":true,"href":"https:\/\/www.immobilienbusiness.ch\/en\/wp-json\/wp\/v2\/media\/3256"}],"wp:attachment":[{"href":"https:\/\/www.immobilienbusiness.ch\/en\/wp-json\/wp\/v2\/media?parent=3255"}],"wp:term":[{"taxonomy":"category","embeddable":true,"href":"https:\/\/www.immobilienbusiness.ch\/en\/wp-json\/wp\/v2\/categories?post=3255"},{"taxonomy":"post_tag","embeddable":true,"href":"https:\/\/www.immobilienbusiness.ch\/en\/wp-json\/wp\/v2\/tags?post=3255"}],"curies":[{"name":"wp","href":"https:\/\/api.w.org\/{rel}","templated":true}]}}