{"id":3107,"date":"2016-07-07T09:07:53","date_gmt":"2016-07-07T07:07:53","guid":{"rendered":"http:\/\/dev.immobilienbusiness.ch\/?p=3107"},"modified":"2016-07-07T09:07:53","modified_gmt":"2016-07-07T07:07:53","slug":"zuerich-pwg-baut-in-leimbach","status":"publish","type":"post","link":"https:\/\/www.immobilienbusiness.ch\/en\/regionen\/2016-07-07\/zuerich-pwg-baut-in-leimbach\/","title":{"rendered":"Zurich: PWG builds in Leimbach"},"content":{"rendered":"<figure id=\"attachment_3108\" aria-describedby=\"caption-attachment-3108\" style=\"width: 680px\" class=\"wp-caption alignnone\"><img loading=\"lazy\" decoding=\"async\" class=\"size-medium wp-image-3108\" src=\"https:\/\/immobilienbusiness.ch\/wp-content\/uploads\/2016\/12\/Z\u00fcrich-PWG-baut-in-Leimbach-immobilien-business.jpg\" alt=\"Der Neubau der Stiftung PWG in Z\u00fcrich-Leimbach (Visualisierung \u00a9 Indievisual)\" width=\"680\" height=\"510\" \/><figcaption id=\"caption-attachment-3108\" class=\"wp-caption-text\">The new building of the PWG Foundation in Zurich-Leimbach (Visualization \u00a9 Indievisual)<\/figcaption><\/figure>\n<p>The new building will be built onto an existing property of the PWG Foundation. In the course of the extension, the older property from 1975 will be partially renovated. The construction costs amount to CHF 12.85 million.<\/p>\n<p>Appeals had delayed the construction of the seven-story residential building at Sihlweidstrasse 26 since 2012. The project competition had already been held in 2011, which Guignard &amp; Saner Architekten won.<\/p>\n<p>The PWG Foundation has been promoting affordable residential and commercial space in the city of Zurich for over 25 years and now holds 136 properties in its portfolio. According to its own information, the rents of the PWG Foundation are on average one third lower than the market level. (ah)<\/p>","protected":false},"excerpt":{"rendered":"<p>The groundbreaking ceremony for a residential building of the PWG Foundation in Zurich-Leimbach took place at the beginning of July. The new building with 14 affordable apartments complements the foundation's existing houses, which will receive a new facade, new insulation and new balconies.<\/p>","protected":false},"author":1,"featured_media":3108,"comment_status":"open","ping_status":"open","sticky":false,"template":"","format":"standard","meta":{"_acf_changed":false,"_yoast_wpseo_focuskw":"Leimbach","_yoast_wpseo_title":"","_yoast_wpseo_metadesc":"Anfang Juli erfolgte der Spatenstich f\u00fcr ein Wohnhaus der Stiftung PWG in Z\u00fcrich-Leimbach.","_yoast_wpseo_linkdex":71,"pgc_sgb_lightbox_settings":"","footnotes":""},"categories":[985,986],"tags":[1629,1639,1862,1888],"class_list":["post-3107","post","type-post","status-publish","format-standard","has-post-thumbnail","hentry","category-regionen","category-residential","tag-regionen","tag-residential","tag-wohnen","tag-zuerich"],"acf":[],"yoast_head":"<!-- This site is optimized with the Yoast SEO plugin v27.4 - https:\/\/yoast.com\/product\/yoast-seo-wordpress\/ -->\n<title>Z\u00fcrich: PWG baut in Leimbach - IMMOBILIEN Business<\/title>\n<meta name=\"description\" content=\"Anfang Juli erfolgte der Spatenstich f\u00fcr ein Wohnhaus der Stiftung PWG in Z\u00fcrich-Leimbach.\" \/>\n<meta name=\"robots\" content=\"index, follow, max-snippet:-1, max-image-preview:large, max-video-preview:-1\" \/>\n<link rel=\"canonical\" href=\"https:\/\/www.immobilienbusiness.ch\/en\/regionen\/2016-07-07\/zuerich-pwg-baut-in-leimbach\/\" \/>\n<meta property=\"og:locale\" content=\"en_US\" \/>\n<meta property=\"og:type\" content=\"article\" \/>\n<meta property=\"og:title\" content=\"Z\u00fcrich: PWG baut in Leimbach\" \/>\n<meta property=\"og:description\" content=\"Anfang Juli erfolgte der Spatenstich f\u00fcr ein Wohnhaus der Stiftung PWG in Z\u00fcrich-Leimbach. Der Neubau mit 14 erschwinglichen Wohnungen erg\u00e4nzt die bestehenden H\u00e4user der Stiftung, die eine neue Fassade, eine neue D\u00e4mmung und neue Balkone erhalten.\" \/>\n<meta property=\"og:url\" content=\"https:\/\/www.immobilienbusiness.ch\/en\/regionen\/2016-07-07\/zuerich-pwg-baut-in-leimbach\/\" \/>\n<meta property=\"og:site_name\" content=\"IMMOBILIEN Business\" \/>\n<meta property=\"article:publisher\" content=\"https:\/\/www.facebook.com\/immobilienbusiness\/\" \/>\n<meta property=\"article:published_time\" content=\"2016-07-07T07:07:53+00:00\" \/>\n<meta name=\"author\" content=\"Redaktion\" \/>\n<meta name=\"twitter:card\" content=\"summary_large_image\" \/>\n<meta name=\"twitter:image\" content=\"https:\/\/www.immobilienbusiness.ch\/wp-content\/uploads\/2016\/12\/Zuerich-PWG-baut-in-Leimbach-immobilien-business.jpg\" \/>\n<script type=\"application\/ld+json\" class=\"yoast-schema-graph\">{\"@context\":\"https:\\\/\\\/schema.org\",\"@graph\":[{\"@type\":\"Article\",\"@id\":\"https:\\\/\\\/www.immobilienbusiness.ch\\\/fr\\\/regionen\\\/2016-07-07\\\/zuerich-pwg-baut-in-leimbach\\\/#article\",\"isPartOf\":{\"@id\":\"https:\\\/\\\/www.immobilienbusiness.ch\\\/fr\\\/regionen\\\/2016-07-07\\\/zuerich-pwg-baut-in-leimbach\\\/\"},\"author\":{\"name\":\"Redaktion\",\"@id\":\"https:\\\/\\\/www.immobilienbusiness.ch\\\/#\\\/schema\\\/person\\\/aa2bace6c5c5aad60102004a50c4eb1c\"},\"headline\":\"Z\u00fcrich: PWG baut in Leimbach\",\"datePublished\":\"2016-07-07T07:07:53+00:00\",\"mainEntityOfPage\":{\"@id\":\"https:\\\/\\\/www.immobilienbusiness.ch\\\/fr\\\/regionen\\\/2016-07-07\\\/zuerich-pwg-baut-in-leimbach\\\/\"},\"wordCount\":126,\"commentCount\":0,\"publisher\":{\"@id\":\"https:\\\/\\\/www.immobilienbusiness.ch\\\/#organization\"},\"image\":{\"@id\":\"https:\\\/\\\/www.immobilienbusiness.ch\\\/fr\\\/regionen\\\/2016-07-07\\\/zuerich-pwg-baut-in-leimbach\\\/#primaryimage\"},\"thumbnailUrl\":\"https:\\\/\\\/www.immobilienbusiness.ch\\\/wp-content\\\/uploads\\\/2016\\\/12\\\/Zuerich-PWG-baut-in-Leimbach-immobilien-business.jpg\",\"keywords\":[\"Regionen\",\"Residential\",\"Wohnen\",\"Z\u00fcrich\"],\"articleSection\":[\"REGIONEN\",\"RESIDENTIAL\"],\"inLanguage\":\"en-US\"},{\"@type\":\"WebPage\",\"@id\":\"https:\\\/\\\/www.immobilienbusiness.ch\\\/fr\\\/regionen\\\/2016-07-07\\\/zuerich-pwg-baut-in-leimbach\\\/\",\"url\":\"https:\\\/\\\/www.immobilienbusiness.ch\\\/fr\\\/regionen\\\/2016-07-07\\\/zuerich-pwg-baut-in-leimbach\\\/\",\"name\":\"Z\u00fcrich: PWG baut in Leimbach - IMMOBILIEN Business\",\"isPartOf\":{\"@id\":\"https:\\\/\\\/www.immobilienbusiness.ch\\\/#website\"},\"primaryImageOfPage\":{\"@id\":\"https:\\\/\\\/www.immobilienbusiness.ch\\\/fr\\\/regionen\\\/2016-07-07\\\/zuerich-pwg-baut-in-leimbach\\\/#primaryimage\"},\"image\":{\"@id\":\"https:\\\/\\\/www.immobilienbusiness.ch\\\/fr\\\/regionen\\\/2016-07-07\\\/zuerich-pwg-baut-in-leimbach\\\/#primaryimage\"},\"thumbnailUrl\":\"https:\\\/\\\/www.immobilienbusiness.ch\\\/wp-content\\\/uploads\\\/2016\\\/12\\\/Zuerich-PWG-baut-in-Leimbach-immobilien-business.jpg\",\"datePublished\":\"2016-07-07T07:07:53+00:00\",\"description\":\"Anfang Juli erfolgte der Spatenstich f\u00fcr ein Wohnhaus der Stiftung PWG in Z\u00fcrich-Leimbach.\",\"breadcrumb\":{\"@id\":\"https:\\\/\\\/www.immobilienbusiness.ch\\\/fr\\\/regionen\\\/2016-07-07\\\/zuerich-pwg-baut-in-leimbach\\\/#breadcrumb\"},\"inLanguage\":\"en-US\",\"potentialAction\":[{\"@type\":\"ReadAction\",\"target\":[\"https:\\\/\\\/www.immobilienbusiness.ch\\\/fr\\\/regionen\\\/2016-07-07\\\/zuerich-pwg-baut-in-leimbach\\\/\"]}]},{\"@type\":\"ImageObject\",\"inLanguage\":\"en-US\",\"@id\":\"https:\\\/\\\/www.immobilienbusiness.ch\\\/fr\\\/regionen\\\/2016-07-07\\\/zuerich-pwg-baut-in-leimbach\\\/#primaryimage\",\"url\":\"https:\\\/\\\/www.immobilienbusiness.ch\\\/wp-content\\\/uploads\\\/2016\\\/12\\\/Zuerich-PWG-baut-in-Leimbach-immobilien-business.jpg\",\"contentUrl\":\"https:\\\/\\\/www.immobilienbusiness.ch\\\/wp-content\\\/uploads\\\/2016\\\/12\\\/Zuerich-PWG-baut-in-Leimbach-immobilien-business.jpg\",\"width\":1417,\"height\":1063,\"caption\":\"Der Neubau der Stiftung PWG in Z\u00fcrich-Leimbach (Visualisierung \u00a9 Indievisual)\"},{\"@type\":\"BreadcrumbList\",\"@id\":\"https:\\\/\\\/www.immobilienbusiness.ch\\\/fr\\\/regionen\\\/2016-07-07\\\/zuerich-pwg-baut-in-leimbach\\\/#breadcrumb\",\"itemListElement\":[{\"@type\":\"ListItem\",\"position\":1,\"name\":\"Home\",\"item\":\"https:\\\/\\\/www.immobilienbusiness.ch\\\/\"},{\"@type\":\"ListItem\",\"position\":2,\"name\":\"Z\u00fcrich: PWG baut in Leimbach\"}]},{\"@type\":\"WebSite\",\"@id\":\"https:\\\/\\\/www.immobilienbusiness.ch\\\/#website\",\"url\":\"https:\\\/\\\/www.immobilienbusiness.ch\\\/\",\"name\":\"IMMOBILIEN Business\",\"description\":\"Unabh\u00e4ngiges Schweizer Wirtschaftsmagazin mit Fokus auf Immobilien, Architektur- und Bau sowie Investment- und Finanzierung.\",\"publisher\":{\"@id\":\"https:\\\/\\\/www.immobilienbusiness.ch\\\/#organization\"},\"potentialAction\":[{\"@type\":\"SearchAction\",\"target\":{\"@type\":\"EntryPoint\",\"urlTemplate\":\"https:\\\/\\\/www.immobilienbusiness.ch\\\/?s={search_term_string}\"},\"query-input\":{\"@type\":\"PropertyValueSpecification\",\"valueRequired\":true,\"valueName\":\"search_term_string\"}}],\"inLanguage\":\"en-US\"},{\"@type\":\"Organization\",\"@id\":\"https:\\\/\\\/www.immobilienbusiness.ch\\\/#organization\",\"name\":\"IMMOBILIEN Business\",\"url\":\"https:\\\/\\\/www.immobilienbusiness.ch\\\/\",\"logo\":{\"@type\":\"ImageObject\",\"inLanguage\":\"en-US\",\"@id\":\"https:\\\/\\\/www.immobilienbusiness.ch\\\/#\\\/schema\\\/logo\\\/image\\\/\",\"url\":\"https:\\\/\\\/www.immobilienbusiness.ch\\\/wp-content\\\/uploads\\\/2021\\\/07\\\/logo_ib.png\",\"contentUrl\":\"https:\\\/\\\/www.immobilienbusiness.ch\\\/wp-content\\\/uploads\\\/2021\\\/07\\\/logo_ib.png\",\"width\":800,\"height\":181,\"caption\":\"IMMOBILIEN Business\"},\"image\":{\"@id\":\"https:\\\/\\\/www.immobilienbusiness.ch\\\/#\\\/schema\\\/logo\\\/image\\\/\"},\"sameAs\":[\"https:\\\/\\\/www.facebook.com\\\/immobilienbusiness\\\/\"]},{\"@type\":\"Person\",\"@id\":\"https:\\\/\\\/www.immobilienbusiness.ch\\\/#\\\/schema\\\/person\\\/aa2bace6c5c5aad60102004a50c4eb1c\",\"name\":\"Redaktion\",\"image\":{\"@type\":\"ImageObject\",\"inLanguage\":\"en-US\",\"@id\":\"https:\\\/\\\/secure.gravatar.com\\\/avatar\\\/ae2f4d718e6c49043e314ce431e7e645d646302a24a5ef5a8bc8e3f5a032e319?s=96&d=mm&r=g\",\"url\":\"https:\\\/\\\/secure.gravatar.com\\\/avatar\\\/ae2f4d718e6c49043e314ce431e7e645d646302a24a5ef5a8bc8e3f5a032e319?s=96&d=mm&r=g\",\"contentUrl\":\"https:\\\/\\\/secure.gravatar.com\\\/avatar\\\/ae2f4d718e6c49043e314ce431e7e645d646302a24a5ef5a8bc8e3f5a032e319?s=96&d=mm&r=g\",\"caption\":\"Redaktion\"},\"sameAs\":[\"http:\\\/\\\/develop.organisator.galledia.ch\"],\"url\":\"https:\\\/\\\/www.immobilienbusiness.ch\\\/en\\\/author\\\/admin\\\/\"}]}<\/script>\n<!-- \/ Yoast SEO plugin. -->","yoast_head_json":{"title":"Zurich: PWG builds in Leimbach - IMMOBILIEN Business","description":"The ground-breaking ceremony for a residential building for the PWG Foundation in Zurich-Leimbach took place at the beginning of July.","robots":{"index":"index","follow":"follow","max-snippet":"max-snippet:-1","max-image-preview":"max-image-preview:large","max-video-preview":"max-video-preview:-1"},"canonical":"https:\/\/www.immobilienbusiness.ch\/en\/regionen\/2016-07-07\/zuerich-pwg-baut-in-leimbach\/","og_locale":"en_US","og_type":"article","og_title":"Z\u00fcrich: PWG baut in Leimbach","og_description":"Anfang Juli erfolgte der Spatenstich f\u00fcr ein Wohnhaus der Stiftung PWG in Z\u00fcrich-Leimbach. Der Neubau mit 14 erschwinglichen Wohnungen erg\u00e4nzt die bestehenden H\u00e4user der Stiftung, die eine neue Fassade, eine neue D\u00e4mmung und neue Balkone erhalten.","og_url":"https:\/\/www.immobilienbusiness.ch\/en\/regionen\/2016-07-07\/zuerich-pwg-baut-in-leimbach\/","og_site_name":"IMMOBILIEN Business","article_publisher":"https:\/\/www.facebook.com\/immobilienbusiness\/","article_published_time":"2016-07-07T07:07:53+00:00","author":"Redaktion","twitter_card":"summary_large_image","twitter_image":"https:\/\/www.immobilienbusiness.ch\/wp-content\/uploads\/2016\/12\/Zuerich-PWG-baut-in-Leimbach-immobilien-business.jpg","schema":{"@context":"https:\/\/schema.org","@graph":[{"@type":"Article","@id":"https:\/\/www.immobilienbusiness.ch\/fr\/regionen\/2016-07-07\/zuerich-pwg-baut-in-leimbach\/#article","isPartOf":{"@id":"https:\/\/www.immobilienbusiness.ch\/fr\/regionen\/2016-07-07\/zuerich-pwg-baut-in-leimbach\/"},"author":{"name":"Redaktion","@id":"https:\/\/www.immobilienbusiness.ch\/#\/schema\/person\/aa2bace6c5c5aad60102004a50c4eb1c"},"headline":"Z\u00fcrich: PWG baut in Leimbach","datePublished":"2016-07-07T07:07:53+00:00","mainEntityOfPage":{"@id":"https:\/\/www.immobilienbusiness.ch\/fr\/regionen\/2016-07-07\/zuerich-pwg-baut-in-leimbach\/"},"wordCount":126,"commentCount":0,"publisher":{"@id":"https:\/\/www.immobilienbusiness.ch\/#organization"},"image":{"@id":"https:\/\/www.immobilienbusiness.ch\/fr\/regionen\/2016-07-07\/zuerich-pwg-baut-in-leimbach\/#primaryimage"},"thumbnailUrl":"https:\/\/www.immobilienbusiness.ch\/wp-content\/uploads\/2016\/12\/Zuerich-PWG-baut-in-Leimbach-immobilien-business.jpg","keywords":["Regionen","Residential","Wohnen","Z\u00fcrich"],"articleSection":["REGIONEN","RESIDENTIAL"],"inLanguage":"en-US"},{"@type":"WebPage","@id":"https:\/\/www.immobilienbusiness.ch\/fr\/regionen\/2016-07-07\/zuerich-pwg-baut-in-leimbach\/","url":"https:\/\/www.immobilienbusiness.ch\/fr\/regionen\/2016-07-07\/zuerich-pwg-baut-in-leimbach\/","name":"Zurich: PWG builds in Leimbach - IMMOBILIEN Business","isPartOf":{"@id":"https:\/\/www.immobilienbusiness.ch\/#website"},"primaryImageOfPage":{"@id":"https:\/\/www.immobilienbusiness.ch\/fr\/regionen\/2016-07-07\/zuerich-pwg-baut-in-leimbach\/#primaryimage"},"image":{"@id":"https:\/\/www.immobilienbusiness.ch\/fr\/regionen\/2016-07-07\/zuerich-pwg-baut-in-leimbach\/#primaryimage"},"thumbnailUrl":"https:\/\/www.immobilienbusiness.ch\/wp-content\/uploads\/2016\/12\/Zuerich-PWG-baut-in-Leimbach-immobilien-business.jpg","datePublished":"2016-07-07T07:07:53+00:00","description":"The ground-breaking ceremony for a residential building for the PWG Foundation in Zurich-Leimbach took place at the beginning of July.","breadcrumb":{"@id":"https:\/\/www.immobilienbusiness.ch\/fr\/regionen\/2016-07-07\/zuerich-pwg-baut-in-leimbach\/#breadcrumb"},"inLanguage":"en-US","potentialAction":[{"@type":"ReadAction","target":["https:\/\/www.immobilienbusiness.ch\/fr\/regionen\/2016-07-07\/zuerich-pwg-baut-in-leimbach\/"]}]},{"@type":"ImageObject","inLanguage":"en-US","@id":"https:\/\/www.immobilienbusiness.ch\/fr\/regionen\/2016-07-07\/zuerich-pwg-baut-in-leimbach\/#primaryimage","url":"https:\/\/www.immobilienbusiness.ch\/wp-content\/uploads\/2016\/12\/Zuerich-PWG-baut-in-Leimbach-immobilien-business.jpg","contentUrl":"https:\/\/www.immobilienbusiness.ch\/wp-content\/uploads\/2016\/12\/Zuerich-PWG-baut-in-Leimbach-immobilien-business.jpg","width":1417,"height":1063,"caption":"Der Neubau der Stiftung PWG in Z\u00fcrich-Leimbach (Visualisierung \u00a9 Indievisual)"},{"@type":"BreadcrumbList","@id":"https:\/\/www.immobilienbusiness.ch\/fr\/regionen\/2016-07-07\/zuerich-pwg-baut-in-leimbach\/#breadcrumb","itemListElement":[{"@type":"ListItem","position":1,"name":"Home","item":"https:\/\/www.immobilienbusiness.ch\/"},{"@type":"ListItem","position":2,"name":"Z\u00fcrich: PWG baut in Leimbach"}]},{"@type":"WebSite","@id":"https:\/\/www.immobilienbusiness.ch\/#website","url":"https:\/\/www.immobilienbusiness.ch\/","name":"REAL ESTATE Business","description":"Independent Swiss business magazine focusing on real estate, architecture and construction as well as investment and financing.","publisher":{"@id":"https:\/\/www.immobilienbusiness.ch\/#organization"},"potentialAction":[{"@type":"SearchAction","target":{"@type":"EntryPoint","urlTemplate":"https:\/\/www.immobilienbusiness.ch\/?s={search_term_string}"},"query-input":{"@type":"PropertyValueSpecification","valueRequired":true,"valueName":"search_term_string"}}],"inLanguage":"en-US"},{"@type":"Organization","@id":"https:\/\/www.immobilienbusiness.ch\/#organization","name":"REAL ESTATE Business","url":"https:\/\/www.immobilienbusiness.ch\/","logo":{"@type":"ImageObject","inLanguage":"en-US","@id":"https:\/\/www.immobilienbusiness.ch\/#\/schema\/logo\/image\/","url":"https:\/\/www.immobilienbusiness.ch\/wp-content\/uploads\/2021\/07\/logo_ib.png","contentUrl":"https:\/\/www.immobilienbusiness.ch\/wp-content\/uploads\/2021\/07\/logo_ib.png","width":800,"height":181,"caption":"IMMOBILIEN Business"},"image":{"@id":"https:\/\/www.immobilienbusiness.ch\/#\/schema\/logo\/image\/"},"sameAs":["https:\/\/www.facebook.com\/immobilienbusiness\/"]},{"@type":"Person","@id":"https:\/\/www.immobilienbusiness.ch\/#\/schema\/person\/aa2bace6c5c5aad60102004a50c4eb1c","name":"Editorial","image":{"@type":"ImageObject","inLanguage":"en-US","@id":"https:\/\/secure.gravatar.com\/avatar\/ae2f4d718e6c49043e314ce431e7e645d646302a24a5ef5a8bc8e3f5a032e319?s=96&d=mm&r=g","url":"https:\/\/secure.gravatar.com\/avatar\/ae2f4d718e6c49043e314ce431e7e645d646302a24a5ef5a8bc8e3f5a032e319?s=96&d=mm&r=g","contentUrl":"https:\/\/secure.gravatar.com\/avatar\/ae2f4d718e6c49043e314ce431e7e645d646302a24a5ef5a8bc8e3f5a032e319?s=96&d=mm&r=g","caption":"Redaktion"},"sameAs":["http:\/\/develop.organisator.galledia.ch"],"url":"https:\/\/www.immobilienbusiness.ch\/en\/author\/admin\/"}]}},"_links":{"self":[{"href":"https:\/\/www.immobilienbusiness.ch\/en\/wp-json\/wp\/v2\/posts\/3107","targetHints":{"allow":["GET"]}}],"collection":[{"href":"https:\/\/www.immobilienbusiness.ch\/en\/wp-json\/wp\/v2\/posts"}],"about":[{"href":"https:\/\/www.immobilienbusiness.ch\/en\/wp-json\/wp\/v2\/types\/post"}],"author":[{"embeddable":true,"href":"https:\/\/www.immobilienbusiness.ch\/en\/wp-json\/wp\/v2\/users\/1"}],"replies":[{"embeddable":true,"href":"https:\/\/www.immobilienbusiness.ch\/en\/wp-json\/wp\/v2\/comments?post=3107"}],"version-history":[{"count":0,"href":"https:\/\/www.immobilienbusiness.ch\/en\/wp-json\/wp\/v2\/posts\/3107\/revisions"}],"wp:featuredmedia":[{"embeddable":true,"href":"https:\/\/www.immobilienbusiness.ch\/en\/wp-json\/wp\/v2\/media\/3108"}],"wp:attachment":[{"href":"https:\/\/www.immobilienbusiness.ch\/en\/wp-json\/wp\/v2\/media?parent=3107"}],"wp:term":[{"taxonomy":"category","embeddable":true,"href":"https:\/\/www.immobilienbusiness.ch\/en\/wp-json\/wp\/v2\/categories?post=3107"},{"taxonomy":"post_tag","embeddable":true,"href":"https:\/\/www.immobilienbusiness.ch\/en\/wp-json\/wp\/v2\/tags?post=3107"}],"curies":[{"name":"wp","href":"https:\/\/api.w.org\/{rel}","templated":true}]}}