{"id":3080,"date":"2016-05-12T08:48:32","date_gmt":"2016-05-12T06:48:32","guid":{"rendered":"http:\/\/dev.immobilienbusiness.ch\/?p=3080"},"modified":"2016-05-12T08:48:32","modified_gmt":"2016-05-12T06:48:32","slug":"genf-confederation-centre-wird-renoviert","status":"publish","type":"post","link":"https:\/\/www.immobilienbusiness.ch\/en\/retail\/2016-05-12\/genf-confederation-centre-wird-renoviert\/","title":{"rendered":"Geneva: Conf\u00e9d\u00e9ration Centre to be renovated"},"content":{"rendered":"<figure id=\"attachment_3085\" aria-describedby=\"caption-attachment-3085\" style=\"width: 680px\" class=\"wp-caption alignnone\"><img loading=\"lazy\" decoding=\"async\" class=\"size-medium wp-image-3085\" src=\"https:\/\/immobilienbusiness.ch\/wp-content\/uploads\/2016\/12\/Genf-Conf\u00e9d\u00e9ration-Centre-wird-renoviert-immobilien-business.jpg\" alt=\"Das Genfer Conf\u00e9d\u00e9ration Centre wird renoviert (Visualisierung \u00a9 Credit Suisse)\" width=\"680\" height=\"432\" \/><figcaption id=\"caption-attachment-3085\" class=\"wp-caption-text\">The Geneva Conf\u00e9d\u00e9ration Centre is being renovated (Visualization \u00a9 Credit Suisse)<\/figcaption><\/figure>\n<p>According to Credit Suisse, this step is a milestone in a project that began in 2011 and, in the best case scenario, will be completed at the end of 2019 with the inauguration of the new Conf\u00e9d\u00e9ration Centre.<\/p>\n<p>The interior will be redesigned to create more space and better direct the flow of visitors. The marble currently installed will be replaced with modern materials and wood. Outside, a new awning will be installed to match the look of the building's facade. The renovation is also expected to reduce the building's energy consumption, as all technology (electricity, heating, service water, ventilation) will be renewed. (ah)<\/p>","protected":false},"excerpt":{"rendered":"<p>The shopping arcade in Geneva's Conf\u00e9d\u00e9ration Centre, which opened 30 years ago, is to be renovated at a cost of CHF 60 million. The three owners have submitted the building application together with CSA Real Estate Switzerland, an investment group of Credit Suisse Investment Foundation.<\/p>","protected":false},"author":1,"featured_media":3085,"comment_status":"open","ping_status":"open","sticky":false,"template":"","format":"standard","meta":{"_acf_changed":false,"_yoast_wpseo_focuskw":"Genf Conf\u00e9d\u00e9ration Centre","_yoast_wpseo_title":"Genf Conf\u00e9d\u00e9ration Centre: Renovation im Endspurt","_yoast_wpseo_metadesc":"Die Renovation des Genfer Conf\u00e9d\u00e9ration Centre schreitet voran. Modernisierung, Energieeffizienz und Besucherlenkung stehen im Fokus der Arbeiten.","_yoast_wpseo_linkdex":69,"pgc_sgb_lightbox_settings":"","footnotes":""},"categories":[987],"tags":[1260,1643],"class_list":["post-3080","post","type-post","status-publish","format-standard","has-post-thumbnail","hentry","category-retail","tag-genf","tag-retail"],"acf":[],"yoast_head":"<!-- This site is optimized with the Yoast SEO plugin v27.4 - https:\/\/yoast.com\/product\/yoast-seo-wordpress\/ -->\n<title>Genf Conf\u00e9d\u00e9ration Centre: Renovation im Endspurt<\/title>\n<meta name=\"description\" content=\"Die Renovation des Genfer Conf\u00e9d\u00e9ration Centre schreitet voran. Modernisierung, Energieeffizienz und Besucherlenkung stehen im Fokus der Arbeiten.\" \/>\n<meta name=\"robots\" content=\"index, follow, max-snippet:-1, max-image-preview:large, max-video-preview:-1\" \/>\n<link rel=\"canonical\" href=\"https:\/\/www.immobilienbusiness.ch\/en\/retail\/2016-05-12\/genf-confederation-centre-wird-renoviert\/\" \/>\n<meta property=\"og:locale\" content=\"en_US\" \/>\n<meta property=\"og:type\" content=\"article\" \/>\n<meta property=\"og:title\" content=\"Genf: Conf\u00e9d\u00e9ration Centre wird renoviert\" \/>\n<meta property=\"og:description\" content=\"Die vor 30 Jahren er\u00f6ffnete Einkaufspassage im Genfer Conf\u00e9d\u00e9ration Centre soll f\u00fcr 60 Millionen CHF erneuert werden. Die drei Eigent\u00fcmer haben gemeinsam mit der CSA Real Estate Switzerland, einer Anlagegruppe der Credit Suisse Anlagestiftung, das Baugesuch eingereicht.\" \/>\n<meta property=\"og:url\" content=\"https:\/\/www.immobilienbusiness.ch\/en\/retail\/2016-05-12\/genf-confederation-centre-wird-renoviert\/\" \/>\n<meta property=\"og:site_name\" content=\"IMMOBILIEN Business\" \/>\n<meta property=\"article:publisher\" content=\"https:\/\/www.facebook.com\/immobilienbusiness\/\" \/>\n<meta property=\"article:published_time\" content=\"2016-05-12T06:48:32+00:00\" \/>\n<meta name=\"author\" content=\"Redaktion\" \/>\n<meta name=\"twitter:card\" content=\"summary_large_image\" \/>\n<meta name=\"twitter:image\" content=\"https:\/\/www.immobilienbusiness.ch\/wp-content\/uploads\/2016\/12\/Genf-Confederation-Centre-wird-renoviert-immobilien-business.jpg\" \/>\n<script type=\"application\/ld+json\" class=\"yoast-schema-graph\">{\"@context\":\"https:\\\/\\\/schema.org\",\"@graph\":[{\"@type\":\"Article\",\"@id\":\"https:\\\/\\\/www.immobilienbusiness.ch\\\/retail\\\/2016-05-12\\\/genf-confederation-centre-wird-renoviert\\\/#article\",\"isPartOf\":{\"@id\":\"https:\\\/\\\/www.immobilienbusiness.ch\\\/retail\\\/2016-05-12\\\/genf-confederation-centre-wird-renoviert\\\/\"},\"author\":{\"name\":\"Redaktion\",\"@id\":\"https:\\\/\\\/www.immobilienbusiness.ch\\\/#\\\/schema\\\/person\\\/aa2bace6c5c5aad60102004a50c4eb1c\"},\"headline\":\"Genf: Conf\u00e9d\u00e9ration Centre wird renoviert\",\"datePublished\":\"2016-05-12T06:48:32+00:00\",\"mainEntityOfPage\":{\"@id\":\"https:\\\/\\\/www.immobilienbusiness.ch\\\/retail\\\/2016-05-12\\\/genf-confederation-centre-wird-renoviert\\\/\"},\"wordCount\":123,\"commentCount\":0,\"publisher\":{\"@id\":\"https:\\\/\\\/www.immobilienbusiness.ch\\\/#organization\"},\"image\":{\"@id\":\"https:\\\/\\\/www.immobilienbusiness.ch\\\/retail\\\/2016-05-12\\\/genf-confederation-centre-wird-renoviert\\\/#primaryimage\"},\"thumbnailUrl\":\"https:\\\/\\\/www.immobilienbusiness.ch\\\/wp-content\\\/uploads\\\/2016\\\/12\\\/Genf-Confederation-Centre-wird-renoviert-immobilien-business.jpg\",\"keywords\":[\"Genf\",\"Retail\"],\"articleSection\":[\"RETAIL\"],\"inLanguage\":\"en-US\"},{\"@type\":\"WebPage\",\"@id\":\"https:\\\/\\\/www.immobilienbusiness.ch\\\/retail\\\/2016-05-12\\\/genf-confederation-centre-wird-renoviert\\\/\",\"url\":\"https:\\\/\\\/www.immobilienbusiness.ch\\\/retail\\\/2016-05-12\\\/genf-confederation-centre-wird-renoviert\\\/\",\"name\":\"Genf Conf\u00e9d\u00e9ration Centre: Renovation im Endspurt\",\"isPartOf\":{\"@id\":\"https:\\\/\\\/www.immobilienbusiness.ch\\\/#website\"},\"primaryImageOfPage\":{\"@id\":\"https:\\\/\\\/www.immobilienbusiness.ch\\\/retail\\\/2016-05-12\\\/genf-confederation-centre-wird-renoviert\\\/#primaryimage\"},\"image\":{\"@id\":\"https:\\\/\\\/www.immobilienbusiness.ch\\\/retail\\\/2016-05-12\\\/genf-confederation-centre-wird-renoviert\\\/#primaryimage\"},\"thumbnailUrl\":\"https:\\\/\\\/www.immobilienbusiness.ch\\\/wp-content\\\/uploads\\\/2016\\\/12\\\/Genf-Confederation-Centre-wird-renoviert-immobilien-business.jpg\",\"datePublished\":\"2016-05-12T06:48:32+00:00\",\"description\":\"Die Renovation des Genfer Conf\u00e9d\u00e9ration Centre schreitet voran. Modernisierung, Energieeffizienz und Besucherlenkung stehen im Fokus der Arbeiten.\",\"breadcrumb\":{\"@id\":\"https:\\\/\\\/www.immobilienbusiness.ch\\\/retail\\\/2016-05-12\\\/genf-confederation-centre-wird-renoviert\\\/#breadcrumb\"},\"inLanguage\":\"en-US\",\"potentialAction\":[{\"@type\":\"ReadAction\",\"target\":[\"https:\\\/\\\/www.immobilienbusiness.ch\\\/retail\\\/2016-05-12\\\/genf-confederation-centre-wird-renoviert\\\/\"]}]},{\"@type\":\"ImageObject\",\"inLanguage\":\"en-US\",\"@id\":\"https:\\\/\\\/www.immobilienbusiness.ch\\\/retail\\\/2016-05-12\\\/genf-confederation-centre-wird-renoviert\\\/#primaryimage\",\"url\":\"https:\\\/\\\/www.immobilienbusiness.ch\\\/wp-content\\\/uploads\\\/2016\\\/12\\\/Genf-Confederation-Centre-wird-renoviert-immobilien-business.jpg\",\"contentUrl\":\"https:\\\/\\\/www.immobilienbusiness.ch\\\/wp-content\\\/uploads\\\/2016\\\/12\\\/Genf-Confederation-Centre-wird-renoviert-immobilien-business.jpg\",\"width\":2560,\"height\":1627,\"caption\":\"Das Genfer Conf\u00e9d\u00e9ration Centre wird renoviert (Visualisierung \u00a9 Credit Suisse)\"},{\"@type\":\"BreadcrumbList\",\"@id\":\"https:\\\/\\\/www.immobilienbusiness.ch\\\/retail\\\/2016-05-12\\\/genf-confederation-centre-wird-renoviert\\\/#breadcrumb\",\"itemListElement\":[{\"@type\":\"ListItem\",\"position\":1,\"name\":\"Home\",\"item\":\"https:\\\/\\\/www.immobilienbusiness.ch\\\/\"},{\"@type\":\"ListItem\",\"position\":2,\"name\":\"Genf: Conf\u00e9d\u00e9ration Centre wird renoviert\"}]},{\"@type\":\"WebSite\",\"@id\":\"https:\\\/\\\/www.immobilienbusiness.ch\\\/#website\",\"url\":\"https:\\\/\\\/www.immobilienbusiness.ch\\\/\",\"name\":\"IMMOBILIEN Business\",\"description\":\"Unabh\u00e4ngiges Schweizer Wirtschaftsmagazin mit Fokus auf Immobilien, Architektur- und Bau sowie Investment- und Finanzierung.\",\"publisher\":{\"@id\":\"https:\\\/\\\/www.immobilienbusiness.ch\\\/#organization\"},\"potentialAction\":[{\"@type\":\"SearchAction\",\"target\":{\"@type\":\"EntryPoint\",\"urlTemplate\":\"https:\\\/\\\/www.immobilienbusiness.ch\\\/?s={search_term_string}\"},\"query-input\":{\"@type\":\"PropertyValueSpecification\",\"valueRequired\":true,\"valueName\":\"search_term_string\"}}],\"inLanguage\":\"en-US\"},{\"@type\":\"Organization\",\"@id\":\"https:\\\/\\\/www.immobilienbusiness.ch\\\/#organization\",\"name\":\"IMMOBILIEN Business\",\"url\":\"https:\\\/\\\/www.immobilienbusiness.ch\\\/\",\"logo\":{\"@type\":\"ImageObject\",\"inLanguage\":\"en-US\",\"@id\":\"https:\\\/\\\/www.immobilienbusiness.ch\\\/#\\\/schema\\\/logo\\\/image\\\/\",\"url\":\"https:\\\/\\\/www.immobilienbusiness.ch\\\/wp-content\\\/uploads\\\/2021\\\/07\\\/logo_ib.png\",\"contentUrl\":\"https:\\\/\\\/www.immobilienbusiness.ch\\\/wp-content\\\/uploads\\\/2021\\\/07\\\/logo_ib.png\",\"width\":800,\"height\":181,\"caption\":\"IMMOBILIEN Business\"},\"image\":{\"@id\":\"https:\\\/\\\/www.immobilienbusiness.ch\\\/#\\\/schema\\\/logo\\\/image\\\/\"},\"sameAs\":[\"https:\\\/\\\/www.facebook.com\\\/immobilienbusiness\\\/\"]},{\"@type\":\"Person\",\"@id\":\"https:\\\/\\\/www.immobilienbusiness.ch\\\/#\\\/schema\\\/person\\\/aa2bace6c5c5aad60102004a50c4eb1c\",\"name\":\"Redaktion\",\"image\":{\"@type\":\"ImageObject\",\"inLanguage\":\"en-US\",\"@id\":\"https:\\\/\\\/secure.gravatar.com\\\/avatar\\\/ae2f4d718e6c49043e314ce431e7e645d646302a24a5ef5a8bc8e3f5a032e319?s=96&d=mm&r=g\",\"url\":\"https:\\\/\\\/secure.gravatar.com\\\/avatar\\\/ae2f4d718e6c49043e314ce431e7e645d646302a24a5ef5a8bc8e3f5a032e319?s=96&d=mm&r=g\",\"contentUrl\":\"https:\\\/\\\/secure.gravatar.com\\\/avatar\\\/ae2f4d718e6c49043e314ce431e7e645d646302a24a5ef5a8bc8e3f5a032e319?s=96&d=mm&r=g\",\"caption\":\"Redaktion\"},\"sameAs\":[\"http:\\\/\\\/develop.organisator.galledia.ch\"],\"url\":\"https:\\\/\\\/www.immobilienbusiness.ch\\\/en\\\/author\\\/admin\\\/\"}]}<\/script>\n<!-- \/ Yoast SEO plugin. -->","yoast_head_json":{"title":"Genf Conf\u00e9d\u00e9ration Centre: Renovation im Endspurt","description":"Die Renovation des Genfer Conf\u00e9d\u00e9ration Centre schreitet voran. Modernisierung, Energieeffizienz und Besucherlenkung stehen im Fokus der Arbeiten.","robots":{"index":"index","follow":"follow","max-snippet":"max-snippet:-1","max-image-preview":"max-image-preview:large","max-video-preview":"max-video-preview:-1"},"canonical":"https:\/\/www.immobilienbusiness.ch\/en\/retail\/2016-05-12\/genf-confederation-centre-wird-renoviert\/","og_locale":"en_US","og_type":"article","og_title":"Genf: Conf\u00e9d\u00e9ration Centre wird renoviert","og_description":"Die vor 30 Jahren er\u00f6ffnete Einkaufspassage im Genfer Conf\u00e9d\u00e9ration Centre soll f\u00fcr 60 Millionen CHF erneuert werden. Die drei Eigent\u00fcmer haben gemeinsam mit der CSA Real Estate Switzerland, einer Anlagegruppe der Credit Suisse Anlagestiftung, das Baugesuch eingereicht.","og_url":"https:\/\/www.immobilienbusiness.ch\/en\/retail\/2016-05-12\/genf-confederation-centre-wird-renoviert\/","og_site_name":"IMMOBILIEN Business","article_publisher":"https:\/\/www.facebook.com\/immobilienbusiness\/","article_published_time":"2016-05-12T06:48:32+00:00","author":"Redaktion","twitter_card":"summary_large_image","twitter_image":"https:\/\/www.immobilienbusiness.ch\/wp-content\/uploads\/2016\/12\/Genf-Confederation-Centre-wird-renoviert-immobilien-business.jpg","schema":{"@context":"https:\/\/schema.org","@graph":[{"@type":"Article","@id":"https:\/\/www.immobilienbusiness.ch\/retail\/2016-05-12\/genf-confederation-centre-wird-renoviert\/#article","isPartOf":{"@id":"https:\/\/www.immobilienbusiness.ch\/retail\/2016-05-12\/genf-confederation-centre-wird-renoviert\/"},"author":{"name":"Redaktion","@id":"https:\/\/www.immobilienbusiness.ch\/#\/schema\/person\/aa2bace6c5c5aad60102004a50c4eb1c"},"headline":"Genf: Conf\u00e9d\u00e9ration Centre wird renoviert","datePublished":"2016-05-12T06:48:32+00:00","mainEntityOfPage":{"@id":"https:\/\/www.immobilienbusiness.ch\/retail\/2016-05-12\/genf-confederation-centre-wird-renoviert\/"},"wordCount":123,"commentCount":0,"publisher":{"@id":"https:\/\/www.immobilienbusiness.ch\/#organization"},"image":{"@id":"https:\/\/www.immobilienbusiness.ch\/retail\/2016-05-12\/genf-confederation-centre-wird-renoviert\/#primaryimage"},"thumbnailUrl":"https:\/\/www.immobilienbusiness.ch\/wp-content\/uploads\/2016\/12\/Genf-Confederation-Centre-wird-renoviert-immobilien-business.jpg","keywords":["Genf","Retail"],"articleSection":["RETAIL"],"inLanguage":"en-US"},{"@type":"WebPage","@id":"https:\/\/www.immobilienbusiness.ch\/retail\/2016-05-12\/genf-confederation-centre-wird-renoviert\/","url":"https:\/\/www.immobilienbusiness.ch\/retail\/2016-05-12\/genf-confederation-centre-wird-renoviert\/","name":"Genf Conf\u00e9d\u00e9ration Centre: Renovation im Endspurt","isPartOf":{"@id":"https:\/\/www.immobilienbusiness.ch\/#website"},"primaryImageOfPage":{"@id":"https:\/\/www.immobilienbusiness.ch\/retail\/2016-05-12\/genf-confederation-centre-wird-renoviert\/#primaryimage"},"image":{"@id":"https:\/\/www.immobilienbusiness.ch\/retail\/2016-05-12\/genf-confederation-centre-wird-renoviert\/#primaryimage"},"thumbnailUrl":"https:\/\/www.immobilienbusiness.ch\/wp-content\/uploads\/2016\/12\/Genf-Confederation-Centre-wird-renoviert-immobilien-business.jpg","datePublished":"2016-05-12T06:48:32+00:00","description":"Die Renovation des Genfer Conf\u00e9d\u00e9ration Centre schreitet voran. Modernisierung, Energieeffizienz und Besucherlenkung stehen im Fokus der Arbeiten.","breadcrumb":{"@id":"https:\/\/www.immobilienbusiness.ch\/retail\/2016-05-12\/genf-confederation-centre-wird-renoviert\/#breadcrumb"},"inLanguage":"en-US","potentialAction":[{"@type":"ReadAction","target":["https:\/\/www.immobilienbusiness.ch\/retail\/2016-05-12\/genf-confederation-centre-wird-renoviert\/"]}]},{"@type":"ImageObject","inLanguage":"en-US","@id":"https:\/\/www.immobilienbusiness.ch\/retail\/2016-05-12\/genf-confederation-centre-wird-renoviert\/#primaryimage","url":"https:\/\/www.immobilienbusiness.ch\/wp-content\/uploads\/2016\/12\/Genf-Confederation-Centre-wird-renoviert-immobilien-business.jpg","contentUrl":"https:\/\/www.immobilienbusiness.ch\/wp-content\/uploads\/2016\/12\/Genf-Confederation-Centre-wird-renoviert-immobilien-business.jpg","width":2560,"height":1627,"caption":"Das Genfer Conf\u00e9d\u00e9ration Centre wird renoviert (Visualisierung \u00a9 Credit Suisse)"},{"@type":"BreadcrumbList","@id":"https:\/\/www.immobilienbusiness.ch\/retail\/2016-05-12\/genf-confederation-centre-wird-renoviert\/#breadcrumb","itemListElement":[{"@type":"ListItem","position":1,"name":"Home","item":"https:\/\/www.immobilienbusiness.ch\/"},{"@type":"ListItem","position":2,"name":"Genf: Conf\u00e9d\u00e9ration Centre wird renoviert"}]},{"@type":"WebSite","@id":"https:\/\/www.immobilienbusiness.ch\/#website","url":"https:\/\/www.immobilienbusiness.ch\/","name":"REAL ESTATE Business","description":"Independent Swiss business magazine focusing on real estate, architecture and construction as well as investment and financing.","publisher":{"@id":"https:\/\/www.immobilienbusiness.ch\/#organization"},"potentialAction":[{"@type":"SearchAction","target":{"@type":"EntryPoint","urlTemplate":"https:\/\/www.immobilienbusiness.ch\/?s={search_term_string}"},"query-input":{"@type":"PropertyValueSpecification","valueRequired":true,"valueName":"search_term_string"}}],"inLanguage":"en-US"},{"@type":"Organization","@id":"https:\/\/www.immobilienbusiness.ch\/#organization","name":"REAL ESTATE Business","url":"https:\/\/www.immobilienbusiness.ch\/","logo":{"@type":"ImageObject","inLanguage":"en-US","@id":"https:\/\/www.immobilienbusiness.ch\/#\/schema\/logo\/image\/","url":"https:\/\/www.immobilienbusiness.ch\/wp-content\/uploads\/2021\/07\/logo_ib.png","contentUrl":"https:\/\/www.immobilienbusiness.ch\/wp-content\/uploads\/2021\/07\/logo_ib.png","width":800,"height":181,"caption":"IMMOBILIEN Business"},"image":{"@id":"https:\/\/www.immobilienbusiness.ch\/#\/schema\/logo\/image\/"},"sameAs":["https:\/\/www.facebook.com\/immobilienbusiness\/"]},{"@type":"Person","@id":"https:\/\/www.immobilienbusiness.ch\/#\/schema\/person\/aa2bace6c5c5aad60102004a50c4eb1c","name":"Editorial","image":{"@type":"ImageObject","inLanguage":"en-US","@id":"https:\/\/secure.gravatar.com\/avatar\/ae2f4d718e6c49043e314ce431e7e645d646302a24a5ef5a8bc8e3f5a032e319?s=96&d=mm&r=g","url":"https:\/\/secure.gravatar.com\/avatar\/ae2f4d718e6c49043e314ce431e7e645d646302a24a5ef5a8bc8e3f5a032e319?s=96&d=mm&r=g","contentUrl":"https:\/\/secure.gravatar.com\/avatar\/ae2f4d718e6c49043e314ce431e7e645d646302a24a5ef5a8bc8e3f5a032e319?s=96&d=mm&r=g","caption":"Redaktion"},"sameAs":["http:\/\/develop.organisator.galledia.ch"],"url":"https:\/\/www.immobilienbusiness.ch\/en\/author\/admin\/"}]}},"_links":{"self":[{"href":"https:\/\/www.immobilienbusiness.ch\/en\/wp-json\/wp\/v2\/posts\/3080","targetHints":{"allow":["GET"]}}],"collection":[{"href":"https:\/\/www.immobilienbusiness.ch\/en\/wp-json\/wp\/v2\/posts"}],"about":[{"href":"https:\/\/www.immobilienbusiness.ch\/en\/wp-json\/wp\/v2\/types\/post"}],"author":[{"embeddable":true,"href":"https:\/\/www.immobilienbusiness.ch\/en\/wp-json\/wp\/v2\/users\/1"}],"replies":[{"embeddable":true,"href":"https:\/\/www.immobilienbusiness.ch\/en\/wp-json\/wp\/v2\/comments?post=3080"}],"version-history":[{"count":0,"href":"https:\/\/www.immobilienbusiness.ch\/en\/wp-json\/wp\/v2\/posts\/3080\/revisions"}],"wp:featuredmedia":[{"embeddable":true,"href":"https:\/\/www.immobilienbusiness.ch\/en\/wp-json\/wp\/v2\/media\/3085"}],"wp:attachment":[{"href":"https:\/\/www.immobilienbusiness.ch\/en\/wp-json\/wp\/v2\/media?parent=3080"}],"wp:term":[{"taxonomy":"category","embeddable":true,"href":"https:\/\/www.immobilienbusiness.ch\/en\/wp-json\/wp\/v2\/categories?post=3080"},{"taxonomy":"post_tag","embeddable":true,"href":"https:\/\/www.immobilienbusiness.ch\/en\/wp-json\/wp\/v2\/tags?post=3080"}],"curies":[{"name":"wp","href":"https:\/\/api.w.org\/{rel}","templated":true}]}}