{"id":2680,"date":"2016-03-23T08:45:47","date_gmt":"2016-03-23T07:45:47","guid":{"rendered":"http:\/\/dev.immobilienbusiness.ch\/?p=2680"},"modified":"2016-03-23T08:45:47","modified_gmt":"2016-03-23T07:45:47","slug":"implenia-hans-ulrich-meister-zum-vr-praesidenten-gewaehlt","status":"publish","type":"post","link":"https:\/\/www.immobilienbusiness.ch\/en\/unternehmen\/2016-03-23\/implenia-hans-ulrich-meister-zum-vr-praesidenten-gewaehlt\/","title":{"rendered":"Implenia: Hans-Ulrich Meister elected Chairman of the Board of Directors"},"content":{"rendered":"<figure id=\"attachment_2682\" aria-describedby=\"caption-attachment-2682\" style=\"width: 680px\" class=\"wp-caption alignnone\"><img loading=\"lazy\" decoding=\"async\" class=\"size-medium wp-image-2682\" src=\"https:\/\/immobilienbusiness.ch\/wp-content\/uploads\/2016\/12\/Implenia-Hans-Ulrich-Meister-zum-VR-Pr\u00e4sidenten-gew\u00e4hlt-immobilien-business.jpg\" alt=\"Hans-Ulrich Meister ist zum neuen VR-Pr\u00e4sidenten der Implenia gew\u00e4hlt worden (Foto: Implenia AG)\" width=\"680\" height=\"453\" \/><figcaption id=\"caption-attachment-2682\" class=\"wp-caption-text\">Hans-Ulrich Meister has been elected as Implenia's new Chairman of the Board of Directors (Photo: Implenia AG)<\/figcaption><\/figure>\n<p>Ines P\u00f6schel, Kyrre Olaf Johansen and Laurent Vulliet were also newly elected to the Board of Directors. The existing Board members Chantal Balet Emery, Calvin Grieder and Henner Mahlstedt were confirmed for a further term of office.<\/p>\n<p>The Annual General Meeting also approved the distribution of an ordinary dividend of CHF 1.80 per share (previous year: CHF 1.80) and an additional anniversary dividend of CHF 0.10 per share to mark Implenia's tenth anniversary in the current year. (ah)<\/p>","protected":false},"excerpt":{"rendered":"<p>The Annual General Meeting of Implenia AG elected Hans-Ulrich Meister as a new member of the Board of Directors and as its Chairman.<\/p>","protected":false},"author":1,"featured_media":2682,"comment_status":"open","ping_status":"open","sticky":false,"template":"","format":"standard","meta":{"_acf_changed":false,"_yoast_wpseo_focuskw":"Implenia Verwaltungsrat","_yoast_wpseo_title":"Implenia: Hans-Ulrich Meister zum VR-Pr\u00e4sidenten gew\u00e4hlt","_yoast_wpseo_metadesc":"Der Verwaltungsrat von Implenia erh\u00e4lt mit Hans-Ulrich Meister neuen VR-Pr\u00e4sidenten. Zudem kommen Ines P\u00f6schel, Kyrre Olaf Johansen und Laurent Vulliet hinzu.","_yoast_wpseo_linkdex":41,"pgc_sgb_lightbox_settings":"","footnotes":""},"categories":[988],"tags":[1564,1807],"class_list":["post-2680","post","type-post","status-publish","format-standard","has-post-thumbnail","hentry","category-unternehmen","tag-personalien","tag-unternehmen"],"acf":[],"yoast_head":"<!-- This site is optimized with the Yoast SEO plugin v27.4 - https:\/\/yoast.com\/product\/yoast-seo-wordpress\/ -->\n<title>Implenia: Hans-Ulrich Meister zum VR-Pr\u00e4sidenten gew\u00e4hlt<\/title>\n<meta name=\"description\" content=\"Der Verwaltungsrat von Implenia erh\u00e4lt mit Hans-Ulrich Meister neuen VR-Pr\u00e4sidenten. Zudem kommen Ines P\u00f6schel, Kyrre Olaf Johansen und Laurent Vulliet hinzu.\" \/>\n<meta name=\"robots\" content=\"index, follow, max-snippet:-1, max-image-preview:large, max-video-preview:-1\" \/>\n<link rel=\"canonical\" href=\"https:\/\/www.immobilienbusiness.ch\/en\/unternehmen\/2016-03-23\/implenia-hans-ulrich-meister-zum-vr-praesidenten-gewaehlt\/\" \/>\n<meta property=\"og:locale\" content=\"en_US\" \/>\n<meta property=\"og:type\" content=\"article\" \/>\n<meta property=\"og:title\" content=\"Implenia: Hans-Ulrich Meister zum VR-Pr\u00e4sidenten gew\u00e4hlt\" \/>\n<meta property=\"og:description\" content=\"Die ordentliche Generalversammlung der Implenia AG hat Hans-Ulrich Meister neu in den Verwaltungsrat und zum Pr\u00e4sidenten des Gremiums gew\u00e4hlt.\" \/>\n<meta property=\"og:url\" content=\"https:\/\/www.immobilienbusiness.ch\/en\/unternehmen\/2016-03-23\/implenia-hans-ulrich-meister-zum-vr-praesidenten-gewaehlt\/\" \/>\n<meta property=\"og:site_name\" content=\"IMMOBILIEN Business\" \/>\n<meta property=\"article:publisher\" content=\"https:\/\/www.facebook.com\/immobilienbusiness\/\" \/>\n<meta property=\"article:published_time\" content=\"2016-03-23T07:45:47+00:00\" \/>\n<meta name=\"author\" content=\"Redaktion\" \/>\n<meta name=\"twitter:card\" content=\"summary_large_image\" \/>\n<meta name=\"twitter:image\" content=\"https:\/\/www.immobilienbusiness.ch\/wp-content\/uploads\/2016\/12\/Implenia-Hans-Ulrich-Meister-zum-VR-Praesidenten-gewaehlt-immobilien-business.jpg\" \/>\n<script type=\"application\/ld+json\" class=\"yoast-schema-graph\">{\"@context\":\"https:\\\/\\\/schema.org\",\"@graph\":[{\"@type\":\"Article\",\"@id\":\"https:\\\/\\\/www.immobilienbusiness.ch\\\/unternehmen\\\/2016-03-23\\\/implenia-hans-ulrich-meister-zum-vr-praesidenten-gewaehlt\\\/#article\",\"isPartOf\":{\"@id\":\"https:\\\/\\\/www.immobilienbusiness.ch\\\/unternehmen\\\/2016-03-23\\\/implenia-hans-ulrich-meister-zum-vr-praesidenten-gewaehlt\\\/\"},\"author\":{\"name\":\"Redaktion\",\"@id\":\"https:\\\/\\\/www.immobilienbusiness.ch\\\/#\\\/schema\\\/person\\\/aa2bace6c5c5aad60102004a50c4eb1c\"},\"headline\":\"Implenia: Hans-Ulrich Meister zum VR-Pr\u00e4sidenten gew\u00e4hlt\",\"datePublished\":\"2016-03-23T07:45:47+00:00\",\"mainEntityOfPage\":{\"@id\":\"https:\\\/\\\/www.immobilienbusiness.ch\\\/unternehmen\\\/2016-03-23\\\/implenia-hans-ulrich-meister-zum-vr-praesidenten-gewaehlt\\\/\"},\"wordCount\":106,\"commentCount\":0,\"publisher\":{\"@id\":\"https:\\\/\\\/www.immobilienbusiness.ch\\\/#organization\"},\"image\":{\"@id\":\"https:\\\/\\\/www.immobilienbusiness.ch\\\/unternehmen\\\/2016-03-23\\\/implenia-hans-ulrich-meister-zum-vr-praesidenten-gewaehlt\\\/#primaryimage\"},\"thumbnailUrl\":\"https:\\\/\\\/www.immobilienbusiness.ch\\\/wp-content\\\/uploads\\\/2016\\\/12\\\/Implenia-Hans-Ulrich-Meister-zum-VR-Praesidenten-gewaehlt-immobilien-business.jpg\",\"keywords\":[\"Personalien\",\"Unternehmen\"],\"articleSection\":[\"UNTERNEHMEN\"],\"inLanguage\":\"en-US\"},{\"@type\":\"WebPage\",\"@id\":\"https:\\\/\\\/www.immobilienbusiness.ch\\\/unternehmen\\\/2016-03-23\\\/implenia-hans-ulrich-meister-zum-vr-praesidenten-gewaehlt\\\/\",\"url\":\"https:\\\/\\\/www.immobilienbusiness.ch\\\/unternehmen\\\/2016-03-23\\\/implenia-hans-ulrich-meister-zum-vr-praesidenten-gewaehlt\\\/\",\"name\":\"Implenia: Hans-Ulrich Meister zum VR-Pr\u00e4sidenten gew\u00e4hlt\",\"isPartOf\":{\"@id\":\"https:\\\/\\\/www.immobilienbusiness.ch\\\/#website\"},\"primaryImageOfPage\":{\"@id\":\"https:\\\/\\\/www.immobilienbusiness.ch\\\/unternehmen\\\/2016-03-23\\\/implenia-hans-ulrich-meister-zum-vr-praesidenten-gewaehlt\\\/#primaryimage\"},\"image\":{\"@id\":\"https:\\\/\\\/www.immobilienbusiness.ch\\\/unternehmen\\\/2016-03-23\\\/implenia-hans-ulrich-meister-zum-vr-praesidenten-gewaehlt\\\/#primaryimage\"},\"thumbnailUrl\":\"https:\\\/\\\/www.immobilienbusiness.ch\\\/wp-content\\\/uploads\\\/2016\\\/12\\\/Implenia-Hans-Ulrich-Meister-zum-VR-Praesidenten-gewaehlt-immobilien-business.jpg\",\"datePublished\":\"2016-03-23T07:45:47+00:00\",\"description\":\"Der Verwaltungsrat von Implenia erh\u00e4lt mit Hans-Ulrich Meister neuen VR-Pr\u00e4sidenten. Zudem kommen Ines P\u00f6schel, Kyrre Olaf Johansen und Laurent Vulliet hinzu.\",\"breadcrumb\":{\"@id\":\"https:\\\/\\\/www.immobilienbusiness.ch\\\/unternehmen\\\/2016-03-23\\\/implenia-hans-ulrich-meister-zum-vr-praesidenten-gewaehlt\\\/#breadcrumb\"},\"inLanguage\":\"en-US\",\"potentialAction\":[{\"@type\":\"ReadAction\",\"target\":[\"https:\\\/\\\/www.immobilienbusiness.ch\\\/unternehmen\\\/2016-03-23\\\/implenia-hans-ulrich-meister-zum-vr-praesidenten-gewaehlt\\\/\"]}]},{\"@type\":\"ImageObject\",\"inLanguage\":\"en-US\",\"@id\":\"https:\\\/\\\/www.immobilienbusiness.ch\\\/unternehmen\\\/2016-03-23\\\/implenia-hans-ulrich-meister-zum-vr-praesidenten-gewaehlt\\\/#primaryimage\",\"url\":\"https:\\\/\\\/www.immobilienbusiness.ch\\\/wp-content\\\/uploads\\\/2016\\\/12\\\/Implenia-Hans-Ulrich-Meister-zum-VR-Praesidenten-gewaehlt-immobilien-business.jpg\",\"contentUrl\":\"https:\\\/\\\/www.immobilienbusiness.ch\\\/wp-content\\\/uploads\\\/2016\\\/12\\\/Implenia-Hans-Ulrich-Meister-zum-VR-Praesidenten-gewaehlt-immobilien-business.jpg\",\"width\":1104,\"height\":735,\"caption\":\"Hans-Ulrich Meister ist zum neuen VR-Pr\u00e4sidenten der Implenia gew\u00e4hlt worden (Foto: Implenia AG)\"},{\"@type\":\"BreadcrumbList\",\"@id\":\"https:\\\/\\\/www.immobilienbusiness.ch\\\/unternehmen\\\/2016-03-23\\\/implenia-hans-ulrich-meister-zum-vr-praesidenten-gewaehlt\\\/#breadcrumb\",\"itemListElement\":[{\"@type\":\"ListItem\",\"position\":1,\"name\":\"Home\",\"item\":\"https:\\\/\\\/www.immobilienbusiness.ch\\\/\"},{\"@type\":\"ListItem\",\"position\":2,\"name\":\"Implenia: Hans-Ulrich Meister zum VR-Pr\u00e4sidenten gew\u00e4hlt\"}]},{\"@type\":\"WebSite\",\"@id\":\"https:\\\/\\\/www.immobilienbusiness.ch\\\/#website\",\"url\":\"https:\\\/\\\/www.immobilienbusiness.ch\\\/\",\"name\":\"IMMOBILIEN Business\",\"description\":\"Unabh\u00e4ngiges Schweizer Wirtschaftsmagazin mit Fokus auf Immobilien, Architektur- und Bau sowie Investment- und Finanzierung.\",\"publisher\":{\"@id\":\"https:\\\/\\\/www.immobilienbusiness.ch\\\/#organization\"},\"potentialAction\":[{\"@type\":\"SearchAction\",\"target\":{\"@type\":\"EntryPoint\",\"urlTemplate\":\"https:\\\/\\\/www.immobilienbusiness.ch\\\/?s={search_term_string}\"},\"query-input\":{\"@type\":\"PropertyValueSpecification\",\"valueRequired\":true,\"valueName\":\"search_term_string\"}}],\"inLanguage\":\"en-US\"},{\"@type\":\"Organization\",\"@id\":\"https:\\\/\\\/www.immobilienbusiness.ch\\\/#organization\",\"name\":\"IMMOBILIEN Business\",\"url\":\"https:\\\/\\\/www.immobilienbusiness.ch\\\/\",\"logo\":{\"@type\":\"ImageObject\",\"inLanguage\":\"en-US\",\"@id\":\"https:\\\/\\\/www.immobilienbusiness.ch\\\/#\\\/schema\\\/logo\\\/image\\\/\",\"url\":\"https:\\\/\\\/www.immobilienbusiness.ch\\\/wp-content\\\/uploads\\\/2021\\\/07\\\/logo_ib.png\",\"contentUrl\":\"https:\\\/\\\/www.immobilienbusiness.ch\\\/wp-content\\\/uploads\\\/2021\\\/07\\\/logo_ib.png\",\"width\":800,\"height\":181,\"caption\":\"IMMOBILIEN Business\"},\"image\":{\"@id\":\"https:\\\/\\\/www.immobilienbusiness.ch\\\/#\\\/schema\\\/logo\\\/image\\\/\"},\"sameAs\":[\"https:\\\/\\\/www.facebook.com\\\/immobilienbusiness\\\/\"]},{\"@type\":\"Person\",\"@id\":\"https:\\\/\\\/www.immobilienbusiness.ch\\\/#\\\/schema\\\/person\\\/aa2bace6c5c5aad60102004a50c4eb1c\",\"name\":\"Redaktion\",\"image\":{\"@type\":\"ImageObject\",\"inLanguage\":\"en-US\",\"@id\":\"https:\\\/\\\/secure.gravatar.com\\\/avatar\\\/ae2f4d718e6c49043e314ce431e7e645d646302a24a5ef5a8bc8e3f5a032e319?s=96&d=mm&r=g\",\"url\":\"https:\\\/\\\/secure.gravatar.com\\\/avatar\\\/ae2f4d718e6c49043e314ce431e7e645d646302a24a5ef5a8bc8e3f5a032e319?s=96&d=mm&r=g\",\"contentUrl\":\"https:\\\/\\\/secure.gravatar.com\\\/avatar\\\/ae2f4d718e6c49043e314ce431e7e645d646302a24a5ef5a8bc8e3f5a032e319?s=96&d=mm&r=g\",\"caption\":\"Redaktion\"},\"sameAs\":[\"http:\\\/\\\/develop.organisator.galledia.ch\"],\"url\":\"https:\\\/\\\/www.immobilienbusiness.ch\\\/en\\\/author\\\/admin\\\/\"}]}<\/script>\n<!-- \/ Yoast SEO plugin. -->","yoast_head_json":{"title":"Implenia: Hans-Ulrich Meister elected Chairman of the Board of Directors","description":"Der Verwaltungsrat von Implenia erh\u00e4lt mit Hans-Ulrich Meister neuen VR-Pr\u00e4sidenten. Zudem kommen Ines P\u00f6schel, Kyrre Olaf Johansen und Laurent Vulliet hinzu.","robots":{"index":"index","follow":"follow","max-snippet":"max-snippet:-1","max-image-preview":"max-image-preview:large","max-video-preview":"max-video-preview:-1"},"canonical":"https:\/\/www.immobilienbusiness.ch\/en\/unternehmen\/2016-03-23\/implenia-hans-ulrich-meister-zum-vr-praesidenten-gewaehlt\/","og_locale":"en_US","og_type":"article","og_title":"Implenia: Hans-Ulrich Meister zum VR-Pr\u00e4sidenten gew\u00e4hlt","og_description":"Die ordentliche Generalversammlung der Implenia AG hat Hans-Ulrich Meister neu in den Verwaltungsrat und zum Pr\u00e4sidenten des Gremiums gew\u00e4hlt.","og_url":"https:\/\/www.immobilienbusiness.ch\/en\/unternehmen\/2016-03-23\/implenia-hans-ulrich-meister-zum-vr-praesidenten-gewaehlt\/","og_site_name":"IMMOBILIEN Business","article_publisher":"https:\/\/www.facebook.com\/immobilienbusiness\/","article_published_time":"2016-03-23T07:45:47+00:00","author":"Redaktion","twitter_card":"summary_large_image","twitter_image":"https:\/\/www.immobilienbusiness.ch\/wp-content\/uploads\/2016\/12\/Implenia-Hans-Ulrich-Meister-zum-VR-Praesidenten-gewaehlt-immobilien-business.jpg","schema":{"@context":"https:\/\/schema.org","@graph":[{"@type":"Article","@id":"https:\/\/www.immobilienbusiness.ch\/unternehmen\/2016-03-23\/implenia-hans-ulrich-meister-zum-vr-praesidenten-gewaehlt\/#article","isPartOf":{"@id":"https:\/\/www.immobilienbusiness.ch\/unternehmen\/2016-03-23\/implenia-hans-ulrich-meister-zum-vr-praesidenten-gewaehlt\/"},"author":{"name":"Redaktion","@id":"https:\/\/www.immobilienbusiness.ch\/#\/schema\/person\/aa2bace6c5c5aad60102004a50c4eb1c"},"headline":"Implenia: Hans-Ulrich Meister zum VR-Pr\u00e4sidenten gew\u00e4hlt","datePublished":"2016-03-23T07:45:47+00:00","mainEntityOfPage":{"@id":"https:\/\/www.immobilienbusiness.ch\/unternehmen\/2016-03-23\/implenia-hans-ulrich-meister-zum-vr-praesidenten-gewaehlt\/"},"wordCount":106,"commentCount":0,"publisher":{"@id":"https:\/\/www.immobilienbusiness.ch\/#organization"},"image":{"@id":"https:\/\/www.immobilienbusiness.ch\/unternehmen\/2016-03-23\/implenia-hans-ulrich-meister-zum-vr-praesidenten-gewaehlt\/#primaryimage"},"thumbnailUrl":"https:\/\/www.immobilienbusiness.ch\/wp-content\/uploads\/2016\/12\/Implenia-Hans-Ulrich-Meister-zum-VR-Praesidenten-gewaehlt-immobilien-business.jpg","keywords":["Personalien","Unternehmen"],"articleSection":["UNTERNEHMEN"],"inLanguage":"en-US"},{"@type":"WebPage","@id":"https:\/\/www.immobilienbusiness.ch\/unternehmen\/2016-03-23\/implenia-hans-ulrich-meister-zum-vr-praesidenten-gewaehlt\/","url":"https:\/\/www.immobilienbusiness.ch\/unternehmen\/2016-03-23\/implenia-hans-ulrich-meister-zum-vr-praesidenten-gewaehlt\/","name":"Implenia: Hans-Ulrich Meister elected Chairman of the Board of Directors","isPartOf":{"@id":"https:\/\/www.immobilienbusiness.ch\/#website"},"primaryImageOfPage":{"@id":"https:\/\/www.immobilienbusiness.ch\/unternehmen\/2016-03-23\/implenia-hans-ulrich-meister-zum-vr-praesidenten-gewaehlt\/#primaryimage"},"image":{"@id":"https:\/\/www.immobilienbusiness.ch\/unternehmen\/2016-03-23\/implenia-hans-ulrich-meister-zum-vr-praesidenten-gewaehlt\/#primaryimage"},"thumbnailUrl":"https:\/\/www.immobilienbusiness.ch\/wp-content\/uploads\/2016\/12\/Implenia-Hans-Ulrich-Meister-zum-VR-Praesidenten-gewaehlt-immobilien-business.jpg","datePublished":"2016-03-23T07:45:47+00:00","description":"Der Verwaltungsrat von Implenia erh\u00e4lt mit Hans-Ulrich Meister neuen VR-Pr\u00e4sidenten. Zudem kommen Ines P\u00f6schel, Kyrre Olaf Johansen und Laurent Vulliet hinzu.","breadcrumb":{"@id":"https:\/\/www.immobilienbusiness.ch\/unternehmen\/2016-03-23\/implenia-hans-ulrich-meister-zum-vr-praesidenten-gewaehlt\/#breadcrumb"},"inLanguage":"en-US","potentialAction":[{"@type":"ReadAction","target":["https:\/\/www.immobilienbusiness.ch\/unternehmen\/2016-03-23\/implenia-hans-ulrich-meister-zum-vr-praesidenten-gewaehlt\/"]}]},{"@type":"ImageObject","inLanguage":"en-US","@id":"https:\/\/www.immobilienbusiness.ch\/unternehmen\/2016-03-23\/implenia-hans-ulrich-meister-zum-vr-praesidenten-gewaehlt\/#primaryimage","url":"https:\/\/www.immobilienbusiness.ch\/wp-content\/uploads\/2016\/12\/Implenia-Hans-Ulrich-Meister-zum-VR-Praesidenten-gewaehlt-immobilien-business.jpg","contentUrl":"https:\/\/www.immobilienbusiness.ch\/wp-content\/uploads\/2016\/12\/Implenia-Hans-Ulrich-Meister-zum-VR-Praesidenten-gewaehlt-immobilien-business.jpg","width":1104,"height":735,"caption":"Hans-Ulrich Meister ist zum neuen VR-Pr\u00e4sidenten der Implenia gew\u00e4hlt worden (Foto: Implenia AG)"},{"@type":"BreadcrumbList","@id":"https:\/\/www.immobilienbusiness.ch\/unternehmen\/2016-03-23\/implenia-hans-ulrich-meister-zum-vr-praesidenten-gewaehlt\/#breadcrumb","itemListElement":[{"@type":"ListItem","position":1,"name":"Home","item":"https:\/\/www.immobilienbusiness.ch\/"},{"@type":"ListItem","position":2,"name":"Implenia: Hans-Ulrich Meister zum VR-Pr\u00e4sidenten gew\u00e4hlt"}]},{"@type":"WebSite","@id":"https:\/\/www.immobilienbusiness.ch\/#website","url":"https:\/\/www.immobilienbusiness.ch\/","name":"REAL ESTATE Business","description":"Independent Swiss business magazine focusing on real estate, architecture and construction as well as investment and financing.","publisher":{"@id":"https:\/\/www.immobilienbusiness.ch\/#organization"},"potentialAction":[{"@type":"SearchAction","target":{"@type":"EntryPoint","urlTemplate":"https:\/\/www.immobilienbusiness.ch\/?s={search_term_string}"},"query-input":{"@type":"PropertyValueSpecification","valueRequired":true,"valueName":"search_term_string"}}],"inLanguage":"en-US"},{"@type":"Organization","@id":"https:\/\/www.immobilienbusiness.ch\/#organization","name":"REAL ESTATE Business","url":"https:\/\/www.immobilienbusiness.ch\/","logo":{"@type":"ImageObject","inLanguage":"en-US","@id":"https:\/\/www.immobilienbusiness.ch\/#\/schema\/logo\/image\/","url":"https:\/\/www.immobilienbusiness.ch\/wp-content\/uploads\/2021\/07\/logo_ib.png","contentUrl":"https:\/\/www.immobilienbusiness.ch\/wp-content\/uploads\/2021\/07\/logo_ib.png","width":800,"height":181,"caption":"IMMOBILIEN Business"},"image":{"@id":"https:\/\/www.immobilienbusiness.ch\/#\/schema\/logo\/image\/"},"sameAs":["https:\/\/www.facebook.com\/immobilienbusiness\/"]},{"@type":"Person","@id":"https:\/\/www.immobilienbusiness.ch\/#\/schema\/person\/aa2bace6c5c5aad60102004a50c4eb1c","name":"Editorial","image":{"@type":"ImageObject","inLanguage":"en-US","@id":"https:\/\/secure.gravatar.com\/avatar\/ae2f4d718e6c49043e314ce431e7e645d646302a24a5ef5a8bc8e3f5a032e319?s=96&d=mm&r=g","url":"https:\/\/secure.gravatar.com\/avatar\/ae2f4d718e6c49043e314ce431e7e645d646302a24a5ef5a8bc8e3f5a032e319?s=96&d=mm&r=g","contentUrl":"https:\/\/secure.gravatar.com\/avatar\/ae2f4d718e6c49043e314ce431e7e645d646302a24a5ef5a8bc8e3f5a032e319?s=96&d=mm&r=g","caption":"Redaktion"},"sameAs":["http:\/\/develop.organisator.galledia.ch"],"url":"https:\/\/www.immobilienbusiness.ch\/en\/author\/admin\/"}]}},"_links":{"self":[{"href":"https:\/\/www.immobilienbusiness.ch\/en\/wp-json\/wp\/v2\/posts\/2680","targetHints":{"allow":["GET"]}}],"collection":[{"href":"https:\/\/www.immobilienbusiness.ch\/en\/wp-json\/wp\/v2\/posts"}],"about":[{"href":"https:\/\/www.immobilienbusiness.ch\/en\/wp-json\/wp\/v2\/types\/post"}],"author":[{"embeddable":true,"href":"https:\/\/www.immobilienbusiness.ch\/en\/wp-json\/wp\/v2\/users\/1"}],"replies":[{"embeddable":true,"href":"https:\/\/www.immobilienbusiness.ch\/en\/wp-json\/wp\/v2\/comments?post=2680"}],"version-history":[{"count":0,"href":"https:\/\/www.immobilienbusiness.ch\/en\/wp-json\/wp\/v2\/posts\/2680\/revisions"}],"wp:featuredmedia":[{"embeddable":true,"href":"https:\/\/www.immobilienbusiness.ch\/en\/wp-json\/wp\/v2\/media\/2682"}],"wp:attachment":[{"href":"https:\/\/www.immobilienbusiness.ch\/en\/wp-json\/wp\/v2\/media?parent=2680"}],"wp:term":[{"taxonomy":"category","embeddable":true,"href":"https:\/\/www.immobilienbusiness.ch\/en\/wp-json\/wp\/v2\/categories?post=2680"},{"taxonomy":"post_tag","embeddable":true,"href":"https:\/\/www.immobilienbusiness.ch\/en\/wp-json\/wp\/v2\/tags?post=2680"}],"curies":[{"name":"wp","href":"https:\/\/api.w.org\/{rel}","templated":true}]}}