{"id":2573,"date":"2021-12-06T11:08:21","date_gmt":"2021-12-06T10:08:21","guid":{"rendered":"https:\/\/develop.immobilienbusiness.ch\/de\/allgemein\/2021-12-06\/deisswil-neue-mieter-fur-den-bernapark\/"},"modified":"2023-06-26T08:17:35","modified_gmt":"2023-06-26T06:17:35","slug":"deisswil-neue-mieter-fur-den-bernapark","status":"publish","type":"post","link":"https:\/\/www.immobilienbusiness.ch\/en\/ib\/2021-12-06\/deisswil-neue-mieter-fur-den-bernapark\/","title":{"rendered":"Deisswil: New tenants for Bernapark"},"content":{"rendered":"<div class=\"swpm-post-not-logged-in-msg\">You need to be logged in to view this content. Please <a class=\"swpm-login-link\" href=\"https:\/\/www.immobilienbusiness.ch\/en\/login\/?swpm_redirect_to=https%3A%2F%2Fwww.immobilienbusiness.ch%2Fen%2Fwp-json%2Fwp%2Fv2%2Fposts%2F2573\">Log In<\/a>. Not a member? <a href=\"https:\/\/www.immobilienbusiness.ch\/en\/registrieren\/\">Join Us<\/a><\/div>","protected":false},"excerpt":{"rendered":"<p><span><span><span>The School of Design will move to Bernapark in Deisswil (BE) for ten years and occupy 20,000 square meters there. The catering facilities on the site of the former cardboard factory have also been expanded. <\/span><\/span><\/span><\/p>","protected":false},"author":3,"featured_media":0,"comment_status":"closed","ping_status":"closed","sticky":false,"template":"","format":"standard","meta":{"_acf_changed":false,"_yoast_wpseo_focuskw":"Bernapark","_yoast_wpseo_title":"","_yoast_wpseo_metadesc":"Die Schule f\u00fcr Gestaltung wird f\u00fcr zehn Jahre in den Bernapark in Deisswil (BE) ziehen und dort 20.000 qm belegen. Auch das gastronomische Angebot im Areal der ehemaligen Kartonfabrik wurde erweitert.","_yoast_wpseo_linkdex":51,"pgc_sgb_lightbox_settings":"","footnotes":""},"categories":[1951],"tags":[1974,1832],"class_list":["post-2573","post","type-post","status-publish","format-standard","hentry","category-ib","tag-be","tag-vermietung"],"acf":[],"yoast_head":"<!-- This site is optimized with the Yoast SEO plugin v27.4 - https:\/\/yoast.com\/product\/yoast-seo-wordpress\/ -->\n<title>Deisswil: Neue Mieter f\u00fcr den Bernapark - IMMOBILIEN Business<\/title>\n<meta name=\"description\" content=\"Die Schule f\u00fcr Gestaltung wird f\u00fcr zehn Jahre in den Bernapark in Deisswil (BE) ziehen und dort 20.000 qm belegen. Auch das gastronomische Angebot im Areal der ehemaligen Kartonfabrik wurde erweitert.\" \/>\n<meta name=\"robots\" content=\"index, follow, max-snippet:-1, max-image-preview:large, max-video-preview:-1\" \/>\n<link rel=\"canonical\" href=\"https:\/\/www.immobilienbusiness.ch\/en\/ib\/2021-12-06\/deisswil-neue-mieter-fur-den-bernapark\/\" \/>\n<meta property=\"og:locale\" content=\"en_US\" \/>\n<meta property=\"og:type\" content=\"article\" \/>\n<meta property=\"og:title\" content=\"Deisswil: Neue Mieter f\u00fcr den Bernapark - IMMOBILIEN Business\" \/>\n<meta property=\"og:description\" content=\"Die Schule f\u00fcr Gestaltung wird f\u00fcr zehn Jahre in den Bernapark in Deisswil (BE) ziehen und dort 20.000 qm belegen. Auch das gastronomische Angebot im Areal der ehemaligen Kartonfabrik wurde erweitert.\" \/>\n<meta property=\"og:url\" content=\"https:\/\/www.immobilienbusiness.ch\/en\/ib\/2021-12-06\/deisswil-neue-mieter-fur-den-bernapark\/\" \/>\n<meta property=\"og:site_name\" content=\"IMMOBILIEN Business\" \/>\n<meta property=\"article:publisher\" content=\"https:\/\/www.facebook.com\/immobilienbusiness\/\" \/>\n<meta property=\"article:published_time\" content=\"2021-12-06T10:08:21+00:00\" \/>\n<meta property=\"article:modified_time\" content=\"2023-06-26T06:17:35+00:00\" \/>\n<meta name=\"author\" content=\"anja.hall\" \/>\n<meta name=\"twitter:card\" content=\"summary_large_image\" \/>\n<script type=\"application\/ld+json\" class=\"yoast-schema-graph\">{\"@context\":\"https:\\\/\\\/schema.org\",\"@graph\":[{\"@type\":\"Article\",\"@id\":\"https:\\\/\\\/www.immobilienbusiness.ch\\\/ib\\\/2021-12-06\\\/deisswil-neue-mieter-fur-den-bernapark\\\/#article\",\"isPartOf\":{\"@id\":\"https:\\\/\\\/www.immobilienbusiness.ch\\\/ib\\\/2021-12-06\\\/deisswil-neue-mieter-fur-den-bernapark\\\/\"},\"author\":{\"name\":\"anja.hall\",\"@id\":\"https:\\\/\\\/www.immobilienbusiness.ch\\\/#\\\/schema\\\/person\\\/3fc036297b10b9f42d6db5ee932af8c8\"},\"headline\":\"Deisswil: Neue Mieter f\u00fcr den Bernapark\",\"datePublished\":\"2021-12-06T10:08:21+00:00\",\"dateModified\":\"2023-06-26T06:17:35+00:00\",\"mainEntityOfPage\":{\"@id\":\"https:\\\/\\\/www.immobilienbusiness.ch\\\/ib\\\/2021-12-06\\\/deisswil-neue-mieter-fur-den-bernapark\\\/\"},\"wordCount\":122,\"publisher\":{\"@id\":\"https:\\\/\\\/www.immobilienbusiness.ch\\\/#organization\"},\"keywords\":[\"BE\",\"Vermietung\"],\"articleSection\":[\"IB+\"],\"inLanguage\":\"en-US\"},{\"@type\":\"WebPage\",\"@id\":\"https:\\\/\\\/www.immobilienbusiness.ch\\\/ib\\\/2021-12-06\\\/deisswil-neue-mieter-fur-den-bernapark\\\/\",\"url\":\"https:\\\/\\\/www.immobilienbusiness.ch\\\/ib\\\/2021-12-06\\\/deisswil-neue-mieter-fur-den-bernapark\\\/\",\"name\":\"Deisswil: Neue Mieter f\u00fcr den Bernapark - IMMOBILIEN Business\",\"isPartOf\":{\"@id\":\"https:\\\/\\\/www.immobilienbusiness.ch\\\/#website\"},\"datePublished\":\"2021-12-06T10:08:21+00:00\",\"dateModified\":\"2023-06-26T06:17:35+00:00\",\"description\":\"Die Schule f\u00fcr Gestaltung wird f\u00fcr zehn Jahre in den Bernapark in Deisswil (BE) ziehen und dort 20.000 qm belegen. Auch das gastronomische Angebot im Areal der ehemaligen Kartonfabrik wurde erweitert.\",\"breadcrumb\":{\"@id\":\"https:\\\/\\\/www.immobilienbusiness.ch\\\/ib\\\/2021-12-06\\\/deisswil-neue-mieter-fur-den-bernapark\\\/#breadcrumb\"},\"inLanguage\":\"en-US\",\"potentialAction\":[{\"@type\":\"ReadAction\",\"target\":[\"https:\\\/\\\/www.immobilienbusiness.ch\\\/ib\\\/2021-12-06\\\/deisswil-neue-mieter-fur-den-bernapark\\\/\"]}]},{\"@type\":\"BreadcrumbList\",\"@id\":\"https:\\\/\\\/www.immobilienbusiness.ch\\\/ib\\\/2021-12-06\\\/deisswil-neue-mieter-fur-den-bernapark\\\/#breadcrumb\",\"itemListElement\":[{\"@type\":\"ListItem\",\"position\":1,\"name\":\"Home\",\"item\":\"https:\\\/\\\/www.immobilienbusiness.ch\\\/\"},{\"@type\":\"ListItem\",\"position\":2,\"name\":\"Deisswil: Neue Mieter f\u00fcr den Bernapark\"}]},{\"@type\":\"WebSite\",\"@id\":\"https:\\\/\\\/www.immobilienbusiness.ch\\\/#website\",\"url\":\"https:\\\/\\\/www.immobilienbusiness.ch\\\/\",\"name\":\"IMMOBILIEN Business\",\"description\":\"Unabh\u00e4ngiges Schweizer Wirtschaftsmagazin mit Fokus auf Immobilien, Architektur- und Bau sowie Investment- und Finanzierung.\",\"publisher\":{\"@id\":\"https:\\\/\\\/www.immobilienbusiness.ch\\\/#organization\"},\"potentialAction\":[{\"@type\":\"SearchAction\",\"target\":{\"@type\":\"EntryPoint\",\"urlTemplate\":\"https:\\\/\\\/www.immobilienbusiness.ch\\\/?s={search_term_string}\"},\"query-input\":{\"@type\":\"PropertyValueSpecification\",\"valueRequired\":true,\"valueName\":\"search_term_string\"}}],\"inLanguage\":\"en-US\"},{\"@type\":\"Organization\",\"@id\":\"https:\\\/\\\/www.immobilienbusiness.ch\\\/#organization\",\"name\":\"IMMOBILIEN Business\",\"url\":\"https:\\\/\\\/www.immobilienbusiness.ch\\\/\",\"logo\":{\"@type\":\"ImageObject\",\"inLanguage\":\"en-US\",\"@id\":\"https:\\\/\\\/www.immobilienbusiness.ch\\\/#\\\/schema\\\/logo\\\/image\\\/\",\"url\":\"https:\\\/\\\/www.immobilienbusiness.ch\\\/wp-content\\\/uploads\\\/2021\\\/07\\\/logo_ib.png\",\"contentUrl\":\"https:\\\/\\\/www.immobilienbusiness.ch\\\/wp-content\\\/uploads\\\/2021\\\/07\\\/logo_ib.png\",\"width\":800,\"height\":181,\"caption\":\"IMMOBILIEN Business\"},\"image\":{\"@id\":\"https:\\\/\\\/www.immobilienbusiness.ch\\\/#\\\/schema\\\/logo\\\/image\\\/\"},\"sameAs\":[\"https:\\\/\\\/www.facebook.com\\\/immobilienbusiness\\\/\"]},{\"@type\":\"Person\",\"@id\":\"https:\\\/\\\/www.immobilienbusiness.ch\\\/#\\\/schema\\\/person\\\/3fc036297b10b9f42d6db5ee932af8c8\",\"name\":\"anja.hall\",\"image\":{\"@type\":\"ImageObject\",\"inLanguage\":\"en-US\",\"@id\":\"https:\\\/\\\/secure.gravatar.com\\\/avatar\\\/066b5a0d447013502c71a5782f4f3469f03cfe595cc2329fb94652fe47511bfb?s=96&d=mm&r=g\",\"url\":\"https:\\\/\\\/secure.gravatar.com\\\/avatar\\\/066b5a0d447013502c71a5782f4f3469f03cfe595cc2329fb94652fe47511bfb?s=96&d=mm&r=g\",\"contentUrl\":\"https:\\\/\\\/secure.gravatar.com\\\/avatar\\\/066b5a0d447013502c71a5782f4f3469f03cfe595cc2329fb94652fe47511bfb?s=96&d=mm&r=g\",\"caption\":\"anja.hall\"},\"url\":\"https:\\\/\\\/www.immobilienbusiness.ch\\\/en\\\/author\\\/anja-hall\\\/\"}]}<\/script>\n<!-- \/ Yoast SEO plugin. -->","yoast_head_json":{"title":"Deisswil: Neue Mieter f\u00fcr den Bernapark - IMMOBILIEN Business","description":"The School of Design will move to Bernapark in Deisswil (BE) for ten years and occupy 20,000 square meters there. The catering facilities on the site of the former cardboard factory have also been expanded.","robots":{"index":"index","follow":"follow","max-snippet":"max-snippet:-1","max-image-preview":"max-image-preview:large","max-video-preview":"max-video-preview:-1"},"canonical":"https:\/\/www.immobilienbusiness.ch\/en\/ib\/2021-12-06\/deisswil-neue-mieter-fur-den-bernapark\/","og_locale":"en_US","og_type":"article","og_title":"Deisswil: Neue Mieter f\u00fcr den Bernapark - IMMOBILIEN Business","og_description":"Die Schule f\u00fcr Gestaltung wird f\u00fcr zehn Jahre in den Bernapark in Deisswil (BE) ziehen und dort 20.000 qm belegen. Auch das gastronomische Angebot im Areal der ehemaligen Kartonfabrik wurde erweitert.","og_url":"https:\/\/www.immobilienbusiness.ch\/en\/ib\/2021-12-06\/deisswil-neue-mieter-fur-den-bernapark\/","og_site_name":"IMMOBILIEN Business","article_publisher":"https:\/\/www.facebook.com\/immobilienbusiness\/","article_published_time":"2021-12-06T10:08:21+00:00","article_modified_time":"2023-06-26T06:17:35+00:00","author":"anja.hall","twitter_card":"summary_large_image","schema":{"@context":"https:\/\/schema.org","@graph":[{"@type":"Article","@id":"https:\/\/www.immobilienbusiness.ch\/ib\/2021-12-06\/deisswil-neue-mieter-fur-den-bernapark\/#article","isPartOf":{"@id":"https:\/\/www.immobilienbusiness.ch\/ib\/2021-12-06\/deisswil-neue-mieter-fur-den-bernapark\/"},"author":{"name":"anja.hall","@id":"https:\/\/www.immobilienbusiness.ch\/#\/schema\/person\/3fc036297b10b9f42d6db5ee932af8c8"},"headline":"Deisswil: Neue Mieter f\u00fcr den Bernapark","datePublished":"2021-12-06T10:08:21+00:00","dateModified":"2023-06-26T06:17:35+00:00","mainEntityOfPage":{"@id":"https:\/\/www.immobilienbusiness.ch\/ib\/2021-12-06\/deisswil-neue-mieter-fur-den-bernapark\/"},"wordCount":122,"publisher":{"@id":"https:\/\/www.immobilienbusiness.ch\/#organization"},"keywords":["BE","Vermietung"],"articleSection":["IB+"],"inLanguage":"en-US"},{"@type":"WebPage","@id":"https:\/\/www.immobilienbusiness.ch\/ib\/2021-12-06\/deisswil-neue-mieter-fur-den-bernapark\/","url":"https:\/\/www.immobilienbusiness.ch\/ib\/2021-12-06\/deisswil-neue-mieter-fur-den-bernapark\/","name":"Deisswil: Neue Mieter f\u00fcr den Bernapark - IMMOBILIEN Business","isPartOf":{"@id":"https:\/\/www.immobilienbusiness.ch\/#website"},"datePublished":"2021-12-06T10:08:21+00:00","dateModified":"2023-06-26T06:17:35+00:00","description":"The School of Design will move to Bernapark in Deisswil (BE) for ten years and occupy 20,000 square meters there. The catering facilities on the site of the former cardboard factory have also been expanded.","breadcrumb":{"@id":"https:\/\/www.immobilienbusiness.ch\/ib\/2021-12-06\/deisswil-neue-mieter-fur-den-bernapark\/#breadcrumb"},"inLanguage":"en-US","potentialAction":[{"@type":"ReadAction","target":["https:\/\/www.immobilienbusiness.ch\/ib\/2021-12-06\/deisswil-neue-mieter-fur-den-bernapark\/"]}]},{"@type":"BreadcrumbList","@id":"https:\/\/www.immobilienbusiness.ch\/ib\/2021-12-06\/deisswil-neue-mieter-fur-den-bernapark\/#breadcrumb","itemListElement":[{"@type":"ListItem","position":1,"name":"Home","item":"https:\/\/www.immobilienbusiness.ch\/"},{"@type":"ListItem","position":2,"name":"Deisswil: Neue Mieter f\u00fcr den Bernapark"}]},{"@type":"WebSite","@id":"https:\/\/www.immobilienbusiness.ch\/#website","url":"https:\/\/www.immobilienbusiness.ch\/","name":"REAL ESTATE Business","description":"Independent Swiss business magazine focusing on real estate, architecture and construction as well as investment and financing.","publisher":{"@id":"https:\/\/www.immobilienbusiness.ch\/#organization"},"potentialAction":[{"@type":"SearchAction","target":{"@type":"EntryPoint","urlTemplate":"https:\/\/www.immobilienbusiness.ch\/?s={search_term_string}"},"query-input":{"@type":"PropertyValueSpecification","valueRequired":true,"valueName":"search_term_string"}}],"inLanguage":"en-US"},{"@type":"Organization","@id":"https:\/\/www.immobilienbusiness.ch\/#organization","name":"REAL ESTATE Business","url":"https:\/\/www.immobilienbusiness.ch\/","logo":{"@type":"ImageObject","inLanguage":"en-US","@id":"https:\/\/www.immobilienbusiness.ch\/#\/schema\/logo\/image\/","url":"https:\/\/www.immobilienbusiness.ch\/wp-content\/uploads\/2021\/07\/logo_ib.png","contentUrl":"https:\/\/www.immobilienbusiness.ch\/wp-content\/uploads\/2021\/07\/logo_ib.png","width":800,"height":181,"caption":"IMMOBILIEN Business"},"image":{"@id":"https:\/\/www.immobilienbusiness.ch\/#\/schema\/logo\/image\/"},"sameAs":["https:\/\/www.facebook.com\/immobilienbusiness\/"]},{"@type":"Person","@id":"https:\/\/www.immobilienbusiness.ch\/#\/schema\/person\/3fc036297b10b9f42d6db5ee932af8c8","name":"anja.hall","image":{"@type":"ImageObject","inLanguage":"en-US","@id":"https:\/\/secure.gravatar.com\/avatar\/066b5a0d447013502c71a5782f4f3469f03cfe595cc2329fb94652fe47511bfb?s=96&d=mm&r=g","url":"https:\/\/secure.gravatar.com\/avatar\/066b5a0d447013502c71a5782f4f3469f03cfe595cc2329fb94652fe47511bfb?s=96&d=mm&r=g","contentUrl":"https:\/\/secure.gravatar.com\/avatar\/066b5a0d447013502c71a5782f4f3469f03cfe595cc2329fb94652fe47511bfb?s=96&d=mm&r=g","caption":"anja.hall"},"url":"https:\/\/www.immobilienbusiness.ch\/en\/author\/anja-hall\/"}]}},"_links":{"self":[{"href":"https:\/\/www.immobilienbusiness.ch\/en\/wp-json\/wp\/v2\/posts\/2573","targetHints":{"allow":["GET"]}}],"collection":[{"href":"https:\/\/www.immobilienbusiness.ch\/en\/wp-json\/wp\/v2\/posts"}],"about":[{"href":"https:\/\/www.immobilienbusiness.ch\/en\/wp-json\/wp\/v2\/types\/post"}],"author":[{"embeddable":true,"href":"https:\/\/www.immobilienbusiness.ch\/en\/wp-json\/wp\/v2\/users\/3"}],"replies":[{"embeddable":true,"href":"https:\/\/www.immobilienbusiness.ch\/en\/wp-json\/wp\/v2\/comments?post=2573"}],"version-history":[{"count":1,"href":"https:\/\/www.immobilienbusiness.ch\/en\/wp-json\/wp\/v2\/posts\/2573\/revisions"}],"predecessor-version":[{"id":48227,"href":"https:\/\/www.immobilienbusiness.ch\/en\/wp-json\/wp\/v2\/posts\/2573\/revisions\/48227"}],"wp:attachment":[{"href":"https:\/\/www.immobilienbusiness.ch\/en\/wp-json\/wp\/v2\/media?parent=2573"}],"wp:term":[{"taxonomy":"category","embeddable":true,"href":"https:\/\/www.immobilienbusiness.ch\/en\/wp-json\/wp\/v2\/categories?post=2573"},{"taxonomy":"post_tag","embeddable":true,"href":"https:\/\/www.immobilienbusiness.ch\/en\/wp-json\/wp\/v2\/tags?post=2573"}],"curies":[{"name":"wp","href":"https:\/\/api.w.org\/{rel}","templated":true}]}}