{"id":24478,"date":"2021-06-18T09:27:05","date_gmt":"2021-06-18T07:27:05","guid":{"rendered":"https:\/\/www.immobilienbusiness.ch\/?p=24478"},"modified":"2023-08-09T19:11:15","modified_gmt":"2023-08-09T17:11:15","slug":"zug-coworking-anbieter-westhive-kommt-ins-tech-cluster","status":"publish","type":"post","link":"https:\/\/www.immobilienbusiness.ch\/en\/regionen\/2021-06-18\/zug-coworking-anbieter-westhive-kommt-ins-tech-cluster\/","title":{"rendered":"Zug: Coworking provider Westhive comes to the Tech Cluster"},"content":{"rendered":"<div class=\"quickedit-field\" data-quickedit-field-id=\"node\/5948\/field_content\/de\/full\">\n<div>\n<div class=\"paragraph paragraph--type--text paragraph--view-mode--default\" data-quickedit-entity-id=\"paragraph\/6116\" data-quickedit-entity-instance-id=\"0\">\n<div data-quickedit-field-id=\"paragraph\/6116\/field_text\/de\/default\">\n<figure id=\"attachment_24479\" aria-describedby=\"caption-attachment-24479\" style=\"width: 300px\" class=\"wp-caption alignnone\"><img loading=\"lazy\" decoding=\"async\" class=\"wp-image-24479 size-medium\" src=\"https:\/\/www.immobilienbusiness.ch\/wp-content\/uploads\/2021\/06\/Tech-Cluster-Zug-300x200.jpg\" alt=\"Westhive\" width=\"300\" height=\"200\" srcset=\"https:\/\/www.immobilienbusiness.ch\/wp-content\/uploads\/2021\/06\/Tech-Cluster-Zug-300x200.jpg 300w, https:\/\/www.immobilienbusiness.ch\/wp-content\/uploads\/2021\/06\/Tech-Cluster-Zug-1024x682.jpg 1024w, https:\/\/www.immobilienbusiness.ch\/wp-content\/uploads\/2021\/06\/Tech-Cluster-Zug-768x512.jpg 768w, https:\/\/www.immobilienbusiness.ch\/wp-content\/uploads\/2021\/06\/Tech-Cluster-Zug-16x12.jpg 16w, https:\/\/www.immobilienbusiness.ch\/wp-content\/uploads\/2021\/06\/Tech-Cluster-Zug-263x175.jpg 263w, https:\/\/www.immobilienbusiness.ch\/wp-content\/uploads\/2021\/06\/Tech-Cluster-Zug-525x350.jpg 525w, https:\/\/www.immobilienbusiness.ch\/wp-content\/uploads\/2021\/06\/Tech-Cluster-Zug-1200x800.jpg 1200w, https:\/\/www.immobilienbusiness.ch\/wp-content\/uploads\/2021\/06\/Tech-Cluster-Zug-920x613.jpg 920w, https:\/\/www.immobilienbusiness.ch\/wp-content\/uploads\/2021\/06\/Tech-Cluster-Zug.jpg 1385w\" sizes=\"auto, (max-width: 300px) 100vw, 300px\" \/><figcaption id=\"caption-attachment-24479\" class=\"wp-caption-text\">The Tech Cluster Zug (Image: Tech Cluster Zug AG)<\/figcaption><\/figure>\n<p>The Metall-Zug Group is planning a location on the V-Zug site under the name Tech Cluster Zug for startups, technology service providers, training institutions, but also for industrial companies, all in all an \"industrially influenced ecosystem,\" according to reports. Westhive is now set to be one of the users. The coworking provider plans to open its new location on the site in late summer 2022.<\/p>\n<p>In addition to flexible workplaces and conference rooms, but also private offices, a coffee bar, a team kitchen and a fitness area are also planned, according to the company. All of this will be found on the site in the \"light-flooded, completely refurbished and air-conditioned Shedhalle\" at the address Oberallmendstrasse 18, it said.<\/p>\n<p>According to the Metall-Zug Group, the future \"Tech Cluster Zug\" will be supplied with all the necessary energies in a climate-neutral manner via a \"multi-energy hub that is unique in Switzerland\". In addition to new outdoor spaces with squares, alleys and meadows, neighborhood amenities will also be created in the coming years, including restaurants, conference facilities and daycare centers. <em>(mr)<\/em><\/p>\n<\/div>\n<\/div>\n<\/div>\n<\/div>","protected":false},"excerpt":{"rendered":"<p>Zurich-based coworking provider Westhive plans to offer flexible workplaces, offices and conference rooms at the V-Zug site from summer 2022. The new location will cover an area of over 2,000 square meters.<\/p>","protected":false},"author":3,"featured_media":24479,"comment_status":"closed","ping_status":"closed","sticky":false,"template":"","format":"standard","meta":{"_acf_changed":false,"_yoast_wpseo_focuskw":"Westhive","_yoast_wpseo_title":"","_yoast_wpseo_metadesc":"Flexible Arbeitspl\u00e4tze, B\u00fcros und Konferenzr\u00e4ume will der Z\u00fcrcher Coworking-Anbieter Westhive ab Sommer 2022 auf dem V-Zug-Areal anbieten.","_yoast_wpseo_linkdex":48,"pgc_sgb_lightbox_settings":"","footnotes":""},"categories":[985],"tags":[1118,1813,1832,1884],"class_list":["post-24478","post","type-post","status-publish","format-standard","has-post-thumbnail","hentry","category-regionen","tag-buero","tag-v-zug","tag-vermietung","tag-zug"],"acf":[],"yoast_head":"<!-- This site is optimized with the Yoast SEO plugin v27.4 - https:\/\/yoast.com\/product\/yoast-seo-wordpress\/ -->\n<title>Zug: Coworking-Anbieter Westhive kommt ins Tech Cluster - IMMOBILIEN Business<\/title>\n<meta name=\"description\" content=\"Flexible Arbeitspl\u00e4tze, B\u00fcros und Konferenzr\u00e4ume will der Z\u00fcrcher Coworking-Anbieter Westhive ab Sommer 2022 auf dem V-Zug-Areal anbieten.\" \/>\n<meta name=\"robots\" content=\"index, follow, max-snippet:-1, max-image-preview:large, max-video-preview:-1\" \/>\n<link rel=\"canonical\" href=\"https:\/\/www.immobilienbusiness.ch\/en\/regionen\/2021-06-18\/zug-coworking-anbieter-westhive-kommt-ins-tech-cluster\/\" \/>\n<meta property=\"og:locale\" content=\"en_US\" \/>\n<meta property=\"og:type\" content=\"article\" \/>\n<meta property=\"og:title\" content=\"Zug: Coworking-Anbieter Westhive kommt ins Tech Cluster - IMMOBILIEN Business\" \/>\n<meta property=\"og:description\" content=\"Flexible Arbeitspl\u00e4tze, B\u00fcros und Konferenzr\u00e4ume will der Z\u00fcrcher Coworking-Anbieter Westhive ab Sommer 2022 auf dem V-Zug-Areal anbieten.\" \/>\n<meta property=\"og:url\" content=\"https:\/\/www.immobilienbusiness.ch\/en\/regionen\/2021-06-18\/zug-coworking-anbieter-westhive-kommt-ins-tech-cluster\/\" \/>\n<meta property=\"og:site_name\" content=\"IMMOBILIEN Business\" \/>\n<meta property=\"article:publisher\" content=\"https:\/\/www.facebook.com\/immobilienbusiness\/\" \/>\n<meta property=\"article:published_time\" content=\"2021-06-18T07:27:05+00:00\" \/>\n<meta property=\"article:modified_time\" content=\"2023-08-09T17:11:15+00:00\" \/>\n<meta property=\"og:image\" content=\"https:\/\/www.immobilienbusiness.ch\/wp-content\/uploads\/2021\/06\/Tech-Cluster-Zug.jpg\" \/>\n\t<meta property=\"og:image:width\" content=\"1385\" \/>\n\t<meta property=\"og:image:height\" content=\"923\" \/>\n\t<meta property=\"og:image:type\" content=\"image\/jpeg\" \/>\n<meta name=\"author\" content=\"anja.hall\" \/>\n<meta name=\"twitter:card\" content=\"summary_large_image\" \/>\n<meta name=\"twitter:image\" content=\"https:\/\/www.immobilienbusiness.ch\/wp-content\/uploads\/2021\/06\/Tech-Cluster-Zug.jpg\" \/>\n<script type=\"application\/ld+json\" class=\"yoast-schema-graph\">{\"@context\":\"https:\\\/\\\/schema.org\",\"@graph\":[{\"@type\":\"Article\",\"@id\":\"https:\\\/\\\/www.immobilienbusiness.ch\\\/regionen\\\/2021-06-18\\\/zug-coworking-anbieter-westhive-kommt-ins-tech-cluster\\\/#article\",\"isPartOf\":{\"@id\":\"https:\\\/\\\/www.immobilienbusiness.ch\\\/regionen\\\/2021-06-18\\\/zug-coworking-anbieter-westhive-kommt-ins-tech-cluster\\\/\"},\"author\":{\"name\":\"anja.hall\",\"@id\":\"https:\\\/\\\/www.immobilienbusiness.ch\\\/#\\\/schema\\\/person\\\/3fc036297b10b9f42d6db5ee932af8c8\"},\"headline\":\"Zug: Coworking-Anbieter Westhive kommt ins Tech Cluster\",\"datePublished\":\"2021-06-18T07:27:05+00:00\",\"dateModified\":\"2023-08-09T17:11:15+00:00\",\"mainEntityOfPage\":{\"@id\":\"https:\\\/\\\/www.immobilienbusiness.ch\\\/regionen\\\/2021-06-18\\\/zug-coworking-anbieter-westhive-kommt-ins-tech-cluster\\\/\"},\"wordCount\":176,\"publisher\":{\"@id\":\"https:\\\/\\\/www.immobilienbusiness.ch\\\/#organization\"},\"image\":{\"@id\":\"https:\\\/\\\/www.immobilienbusiness.ch\\\/regionen\\\/2021-06-18\\\/zug-coworking-anbieter-westhive-kommt-ins-tech-cluster\\\/#primaryimage\"},\"thumbnailUrl\":\"https:\\\/\\\/www.immobilienbusiness.ch\\\/wp-content\\\/uploads\\\/2021\\\/06\\\/Tech-Cluster-Zug.jpg\",\"keywords\":[\"B\u00fcro\",\"V-Zug\",\"Vermietung\",\"Zug\"],\"articleSection\":[\"REGIONEN\"],\"inLanguage\":\"en-US\"},{\"@type\":\"WebPage\",\"@id\":\"https:\\\/\\\/www.immobilienbusiness.ch\\\/regionen\\\/2021-06-18\\\/zug-coworking-anbieter-westhive-kommt-ins-tech-cluster\\\/\",\"url\":\"https:\\\/\\\/www.immobilienbusiness.ch\\\/regionen\\\/2021-06-18\\\/zug-coworking-anbieter-westhive-kommt-ins-tech-cluster\\\/\",\"name\":\"Zug: Coworking-Anbieter Westhive kommt ins Tech Cluster - IMMOBILIEN Business\",\"isPartOf\":{\"@id\":\"https:\\\/\\\/www.immobilienbusiness.ch\\\/#website\"},\"primaryImageOfPage\":{\"@id\":\"https:\\\/\\\/www.immobilienbusiness.ch\\\/regionen\\\/2021-06-18\\\/zug-coworking-anbieter-westhive-kommt-ins-tech-cluster\\\/#primaryimage\"},\"image\":{\"@id\":\"https:\\\/\\\/www.immobilienbusiness.ch\\\/regionen\\\/2021-06-18\\\/zug-coworking-anbieter-westhive-kommt-ins-tech-cluster\\\/#primaryimage\"},\"thumbnailUrl\":\"https:\\\/\\\/www.immobilienbusiness.ch\\\/wp-content\\\/uploads\\\/2021\\\/06\\\/Tech-Cluster-Zug.jpg\",\"datePublished\":\"2021-06-18T07:27:05+00:00\",\"dateModified\":\"2023-08-09T17:11:15+00:00\",\"description\":\"Flexible Arbeitspl\u00e4tze, B\u00fcros und Konferenzr\u00e4ume will der Z\u00fcrcher Coworking-Anbieter Westhive ab Sommer 2022 auf dem V-Zug-Areal anbieten.\",\"breadcrumb\":{\"@id\":\"https:\\\/\\\/www.immobilienbusiness.ch\\\/regionen\\\/2021-06-18\\\/zug-coworking-anbieter-westhive-kommt-ins-tech-cluster\\\/#breadcrumb\"},\"inLanguage\":\"en-US\",\"potentialAction\":[{\"@type\":\"ReadAction\",\"target\":[\"https:\\\/\\\/www.immobilienbusiness.ch\\\/regionen\\\/2021-06-18\\\/zug-coworking-anbieter-westhive-kommt-ins-tech-cluster\\\/\"]}]},{\"@type\":\"ImageObject\",\"inLanguage\":\"en-US\",\"@id\":\"https:\\\/\\\/www.immobilienbusiness.ch\\\/regionen\\\/2021-06-18\\\/zug-coworking-anbieter-westhive-kommt-ins-tech-cluster\\\/#primaryimage\",\"url\":\"https:\\\/\\\/www.immobilienbusiness.ch\\\/wp-content\\\/uploads\\\/2021\\\/06\\\/Tech-Cluster-Zug.jpg\",\"contentUrl\":\"https:\\\/\\\/www.immobilienbusiness.ch\\\/wp-content\\\/uploads\\\/2021\\\/06\\\/Tech-Cluster-Zug.jpg\",\"width\":1385,\"height\":923,\"caption\":\"Der Tech Cluster Zug (Bild: Tech Cluster Zug AG)\"},{\"@type\":\"BreadcrumbList\",\"@id\":\"https:\\\/\\\/www.immobilienbusiness.ch\\\/regionen\\\/2021-06-18\\\/zug-coworking-anbieter-westhive-kommt-ins-tech-cluster\\\/#breadcrumb\",\"itemListElement\":[{\"@type\":\"ListItem\",\"position\":1,\"name\":\"Home\",\"item\":\"https:\\\/\\\/www.immobilienbusiness.ch\\\/\"},{\"@type\":\"ListItem\",\"position\":2,\"name\":\"Zug: Coworking-Anbieter Westhive kommt ins Tech Cluster\"}]},{\"@type\":\"WebSite\",\"@id\":\"https:\\\/\\\/www.immobilienbusiness.ch\\\/#website\",\"url\":\"https:\\\/\\\/www.immobilienbusiness.ch\\\/\",\"name\":\"IMMOBILIEN Business\",\"description\":\"Unabh\u00e4ngiges Schweizer Wirtschaftsmagazin mit Fokus auf Immobilien, Architektur- und Bau sowie Investment- und Finanzierung.\",\"publisher\":{\"@id\":\"https:\\\/\\\/www.immobilienbusiness.ch\\\/#organization\"},\"potentialAction\":[{\"@type\":\"SearchAction\",\"target\":{\"@type\":\"EntryPoint\",\"urlTemplate\":\"https:\\\/\\\/www.immobilienbusiness.ch\\\/?s={search_term_string}\"},\"query-input\":{\"@type\":\"PropertyValueSpecification\",\"valueRequired\":true,\"valueName\":\"search_term_string\"}}],\"inLanguage\":\"en-US\"},{\"@type\":\"Organization\",\"@id\":\"https:\\\/\\\/www.immobilienbusiness.ch\\\/#organization\",\"name\":\"IMMOBILIEN Business\",\"url\":\"https:\\\/\\\/www.immobilienbusiness.ch\\\/\",\"logo\":{\"@type\":\"ImageObject\",\"inLanguage\":\"en-US\",\"@id\":\"https:\\\/\\\/www.immobilienbusiness.ch\\\/#\\\/schema\\\/logo\\\/image\\\/\",\"url\":\"https:\\\/\\\/www.immobilienbusiness.ch\\\/wp-content\\\/uploads\\\/2021\\\/07\\\/logo_ib.png\",\"contentUrl\":\"https:\\\/\\\/www.immobilienbusiness.ch\\\/wp-content\\\/uploads\\\/2021\\\/07\\\/logo_ib.png\",\"width\":800,\"height\":181,\"caption\":\"IMMOBILIEN Business\"},\"image\":{\"@id\":\"https:\\\/\\\/www.immobilienbusiness.ch\\\/#\\\/schema\\\/logo\\\/image\\\/\"},\"sameAs\":[\"https:\\\/\\\/www.facebook.com\\\/immobilienbusiness\\\/\"]},{\"@type\":\"Person\",\"@id\":\"https:\\\/\\\/www.immobilienbusiness.ch\\\/#\\\/schema\\\/person\\\/3fc036297b10b9f42d6db5ee932af8c8\",\"name\":\"anja.hall\",\"image\":{\"@type\":\"ImageObject\",\"inLanguage\":\"en-US\",\"@id\":\"https:\\\/\\\/secure.gravatar.com\\\/avatar\\\/066b5a0d447013502c71a5782f4f3469f03cfe595cc2329fb94652fe47511bfb?s=96&d=mm&r=g\",\"url\":\"https:\\\/\\\/secure.gravatar.com\\\/avatar\\\/066b5a0d447013502c71a5782f4f3469f03cfe595cc2329fb94652fe47511bfb?s=96&d=mm&r=g\",\"contentUrl\":\"https:\\\/\\\/secure.gravatar.com\\\/avatar\\\/066b5a0d447013502c71a5782f4f3469f03cfe595cc2329fb94652fe47511bfb?s=96&d=mm&r=g\",\"caption\":\"anja.hall\"},\"url\":\"https:\\\/\\\/www.immobilienbusiness.ch\\\/en\\\/author\\\/anja-hall\\\/\"}]}<\/script>\n<!-- \/ Yoast SEO plugin. -->","yoast_head_json":{"title":"Zug: Coworking-Anbieter Westhive kommt ins Tech Cluster - IMMOBILIEN Business","description":"Flexible Arbeitspl\u00e4tze, B\u00fcros und Konferenzr\u00e4ume will der Z\u00fcrcher Coworking-Anbieter Westhive ab Sommer 2022 auf dem V-Zug-Areal anbieten.","robots":{"index":"index","follow":"follow","max-snippet":"max-snippet:-1","max-image-preview":"max-image-preview:large","max-video-preview":"max-video-preview:-1"},"canonical":"https:\/\/www.immobilienbusiness.ch\/en\/regionen\/2021-06-18\/zug-coworking-anbieter-westhive-kommt-ins-tech-cluster\/","og_locale":"en_US","og_type":"article","og_title":"Zug: Coworking-Anbieter Westhive kommt ins Tech Cluster - IMMOBILIEN Business","og_description":"Flexible Arbeitspl\u00e4tze, B\u00fcros und Konferenzr\u00e4ume will der Z\u00fcrcher Coworking-Anbieter Westhive ab Sommer 2022 auf dem V-Zug-Areal anbieten.","og_url":"https:\/\/www.immobilienbusiness.ch\/en\/regionen\/2021-06-18\/zug-coworking-anbieter-westhive-kommt-ins-tech-cluster\/","og_site_name":"IMMOBILIEN Business","article_publisher":"https:\/\/www.facebook.com\/immobilienbusiness\/","article_published_time":"2021-06-18T07:27:05+00:00","article_modified_time":"2023-08-09T17:11:15+00:00","og_image":[{"width":1385,"height":923,"url":"https:\/\/www.immobilienbusiness.ch\/wp-content\/uploads\/2021\/06\/Tech-Cluster-Zug.jpg","type":"image\/jpeg"}],"author":"anja.hall","twitter_card":"summary_large_image","twitter_image":"https:\/\/www.immobilienbusiness.ch\/wp-content\/uploads\/2021\/06\/Tech-Cluster-Zug.jpg","schema":{"@context":"https:\/\/schema.org","@graph":[{"@type":"Article","@id":"https:\/\/www.immobilienbusiness.ch\/regionen\/2021-06-18\/zug-coworking-anbieter-westhive-kommt-ins-tech-cluster\/#article","isPartOf":{"@id":"https:\/\/www.immobilienbusiness.ch\/regionen\/2021-06-18\/zug-coworking-anbieter-westhive-kommt-ins-tech-cluster\/"},"author":{"name":"anja.hall","@id":"https:\/\/www.immobilienbusiness.ch\/#\/schema\/person\/3fc036297b10b9f42d6db5ee932af8c8"},"headline":"Zug: Coworking-Anbieter Westhive kommt ins Tech Cluster","datePublished":"2021-06-18T07:27:05+00:00","dateModified":"2023-08-09T17:11:15+00:00","mainEntityOfPage":{"@id":"https:\/\/www.immobilienbusiness.ch\/regionen\/2021-06-18\/zug-coworking-anbieter-westhive-kommt-ins-tech-cluster\/"},"wordCount":176,"publisher":{"@id":"https:\/\/www.immobilienbusiness.ch\/#organization"},"image":{"@id":"https:\/\/www.immobilienbusiness.ch\/regionen\/2021-06-18\/zug-coworking-anbieter-westhive-kommt-ins-tech-cluster\/#primaryimage"},"thumbnailUrl":"https:\/\/www.immobilienbusiness.ch\/wp-content\/uploads\/2021\/06\/Tech-Cluster-Zug.jpg","keywords":["B\u00fcro","V-Zug","Vermietung","Zug"],"articleSection":["REGIONEN"],"inLanguage":"en-US"},{"@type":"WebPage","@id":"https:\/\/www.immobilienbusiness.ch\/regionen\/2021-06-18\/zug-coworking-anbieter-westhive-kommt-ins-tech-cluster\/","url":"https:\/\/www.immobilienbusiness.ch\/regionen\/2021-06-18\/zug-coworking-anbieter-westhive-kommt-ins-tech-cluster\/","name":"Zug: Coworking-Anbieter Westhive kommt ins Tech Cluster - IMMOBILIEN Business","isPartOf":{"@id":"https:\/\/www.immobilienbusiness.ch\/#website"},"primaryImageOfPage":{"@id":"https:\/\/www.immobilienbusiness.ch\/regionen\/2021-06-18\/zug-coworking-anbieter-westhive-kommt-ins-tech-cluster\/#primaryimage"},"image":{"@id":"https:\/\/www.immobilienbusiness.ch\/regionen\/2021-06-18\/zug-coworking-anbieter-westhive-kommt-ins-tech-cluster\/#primaryimage"},"thumbnailUrl":"https:\/\/www.immobilienbusiness.ch\/wp-content\/uploads\/2021\/06\/Tech-Cluster-Zug.jpg","datePublished":"2021-06-18T07:27:05+00:00","dateModified":"2023-08-09T17:11:15+00:00","description":"Flexible Arbeitspl\u00e4tze, B\u00fcros und Konferenzr\u00e4ume will der Z\u00fcrcher Coworking-Anbieter Westhive ab Sommer 2022 auf dem V-Zug-Areal anbieten.","breadcrumb":{"@id":"https:\/\/www.immobilienbusiness.ch\/regionen\/2021-06-18\/zug-coworking-anbieter-westhive-kommt-ins-tech-cluster\/#breadcrumb"},"inLanguage":"en-US","potentialAction":[{"@type":"ReadAction","target":["https:\/\/www.immobilienbusiness.ch\/regionen\/2021-06-18\/zug-coworking-anbieter-westhive-kommt-ins-tech-cluster\/"]}]},{"@type":"ImageObject","inLanguage":"en-US","@id":"https:\/\/www.immobilienbusiness.ch\/regionen\/2021-06-18\/zug-coworking-anbieter-westhive-kommt-ins-tech-cluster\/#primaryimage","url":"https:\/\/www.immobilienbusiness.ch\/wp-content\/uploads\/2021\/06\/Tech-Cluster-Zug.jpg","contentUrl":"https:\/\/www.immobilienbusiness.ch\/wp-content\/uploads\/2021\/06\/Tech-Cluster-Zug.jpg","width":1385,"height":923,"caption":"Der Tech Cluster Zug (Bild: Tech Cluster Zug AG)"},{"@type":"BreadcrumbList","@id":"https:\/\/www.immobilienbusiness.ch\/regionen\/2021-06-18\/zug-coworking-anbieter-westhive-kommt-ins-tech-cluster\/#breadcrumb","itemListElement":[{"@type":"ListItem","position":1,"name":"Home","item":"https:\/\/www.immobilienbusiness.ch\/"},{"@type":"ListItem","position":2,"name":"Zug: Coworking-Anbieter Westhive kommt ins Tech Cluster"}]},{"@type":"WebSite","@id":"https:\/\/www.immobilienbusiness.ch\/#website","url":"https:\/\/www.immobilienbusiness.ch\/","name":"REAL ESTATE Business","description":"Independent Swiss business magazine focusing on real estate, architecture and construction as well as investment and financing.","publisher":{"@id":"https:\/\/www.immobilienbusiness.ch\/#organization"},"potentialAction":[{"@type":"SearchAction","target":{"@type":"EntryPoint","urlTemplate":"https:\/\/www.immobilienbusiness.ch\/?s={search_term_string}"},"query-input":{"@type":"PropertyValueSpecification","valueRequired":true,"valueName":"search_term_string"}}],"inLanguage":"en-US"},{"@type":"Organization","@id":"https:\/\/www.immobilienbusiness.ch\/#organization","name":"REAL ESTATE Business","url":"https:\/\/www.immobilienbusiness.ch\/","logo":{"@type":"ImageObject","inLanguage":"en-US","@id":"https:\/\/www.immobilienbusiness.ch\/#\/schema\/logo\/image\/","url":"https:\/\/www.immobilienbusiness.ch\/wp-content\/uploads\/2021\/07\/logo_ib.png","contentUrl":"https:\/\/www.immobilienbusiness.ch\/wp-content\/uploads\/2021\/07\/logo_ib.png","width":800,"height":181,"caption":"IMMOBILIEN Business"},"image":{"@id":"https:\/\/www.immobilienbusiness.ch\/#\/schema\/logo\/image\/"},"sameAs":["https:\/\/www.facebook.com\/immobilienbusiness\/"]},{"@type":"Person","@id":"https:\/\/www.immobilienbusiness.ch\/#\/schema\/person\/3fc036297b10b9f42d6db5ee932af8c8","name":"anja.hall","image":{"@type":"ImageObject","inLanguage":"en-US","@id":"https:\/\/secure.gravatar.com\/avatar\/066b5a0d447013502c71a5782f4f3469f03cfe595cc2329fb94652fe47511bfb?s=96&d=mm&r=g","url":"https:\/\/secure.gravatar.com\/avatar\/066b5a0d447013502c71a5782f4f3469f03cfe595cc2329fb94652fe47511bfb?s=96&d=mm&r=g","contentUrl":"https:\/\/secure.gravatar.com\/avatar\/066b5a0d447013502c71a5782f4f3469f03cfe595cc2329fb94652fe47511bfb?s=96&d=mm&r=g","caption":"anja.hall"},"url":"https:\/\/www.immobilienbusiness.ch\/en\/author\/anja-hall\/"}]}},"_links":{"self":[{"href":"https:\/\/www.immobilienbusiness.ch\/en\/wp-json\/wp\/v2\/posts\/24478","targetHints":{"allow":["GET"]}}],"collection":[{"href":"https:\/\/www.immobilienbusiness.ch\/en\/wp-json\/wp\/v2\/posts"}],"about":[{"href":"https:\/\/www.immobilienbusiness.ch\/en\/wp-json\/wp\/v2\/types\/post"}],"author":[{"embeddable":true,"href":"https:\/\/www.immobilienbusiness.ch\/en\/wp-json\/wp\/v2\/users\/3"}],"replies":[{"embeddable":true,"href":"https:\/\/www.immobilienbusiness.ch\/en\/wp-json\/wp\/v2\/comments?post=24478"}],"version-history":[{"count":1,"href":"https:\/\/www.immobilienbusiness.ch\/en\/wp-json\/wp\/v2\/posts\/24478\/revisions"}],"predecessor-version":[{"id":51683,"href":"https:\/\/www.immobilienbusiness.ch\/en\/wp-json\/wp\/v2\/posts\/24478\/revisions\/51683"}],"wp:featuredmedia":[{"embeddable":true,"href":"https:\/\/www.immobilienbusiness.ch\/en\/wp-json\/wp\/v2\/media\/24479"}],"wp:attachment":[{"href":"https:\/\/www.immobilienbusiness.ch\/en\/wp-json\/wp\/v2\/media?parent=24478"}],"wp:term":[{"taxonomy":"category","embeddable":true,"href":"https:\/\/www.immobilienbusiness.ch\/en\/wp-json\/wp\/v2\/categories?post=24478"},{"taxonomy":"post_tag","embeddable":true,"href":"https:\/\/www.immobilienbusiness.ch\/en\/wp-json\/wp\/v2\/tags?post=24478"}],"curies":[{"name":"wp","href":"https:\/\/api.w.org\/{rel}","templated":true}]}}