{"id":24445,"date":"2021-06-15T09:50:24","date_gmt":"2021-06-15T07:50:24","guid":{"rendered":"https:\/\/www.immobilienbusiness.ch\/?p=24445"},"modified":"2021-06-15T09:50:24","modified_gmt":"2021-06-15T07:50:24","slug":"zuerich-ersatzneubau-fuer-die-siedlung-werdhoelzli-geplant","status":"publish","type":"post","link":"https:\/\/www.immobilienbusiness.ch\/en\/regionen\/2021-06-15\/zuerich-ersatzneubau-fuer-die-siedlung-werdhoelzli-geplant\/","title":{"rendered":"Zurich: New replacement building planned for Werdh\u00f6lzli estate"},"content":{"rendered":"<figure id=\"attachment_24446\" aria-describedby=\"caption-attachment-24446\" style=\"width: 680px\" class=\"wp-caption alignnone\"><img loading=\"lazy\" decoding=\"async\" class=\"size-medium wp-image-24446\" src=\"https:\/\/www.immobilienbusiness.ch\/wp-content\/uploads\/2021\/06\/210610_mm_saw_werdhoelzli_aussenansicht.jpg\" alt=\"\" width=\"680\" height=\"453\" srcset=\"https:\/\/www.immobilienbusiness.ch\/wp-content\/uploads\/2021\/06\/210610_mm_saw_werdhoelzli_aussenansicht.jpg 2560w, https:\/\/www.immobilienbusiness.ch\/wp-content\/uploads\/2021\/06\/210610_mm_saw_werdhoelzli_aussenansicht-300x200.jpg 300w, https:\/\/www.immobilienbusiness.ch\/wp-content\/uploads\/2021\/06\/210610_mm_saw_werdhoelzli_aussenansicht-1024x683.jpg 1024w, https:\/\/www.immobilienbusiness.ch\/wp-content\/uploads\/2021\/06\/210610_mm_saw_werdhoelzli_aussenansicht-768x512.jpg 768w, https:\/\/www.immobilienbusiness.ch\/wp-content\/uploads\/2021\/06\/210610_mm_saw_werdhoelzli_aussenansicht-1536x1024.jpg 1536w, https:\/\/www.immobilienbusiness.ch\/wp-content\/uploads\/2021\/06\/210610_mm_saw_werdhoelzli_aussenansicht-2048x1365.jpg 2048w, https:\/\/www.immobilienbusiness.ch\/wp-content\/uploads\/2021\/06\/210610_mm_saw_werdhoelzli_aussenansicht-16x12.jpg 16w, https:\/\/www.immobilienbusiness.ch\/wp-content\/uploads\/2021\/06\/210610_mm_saw_werdhoelzli_aussenansicht-263x175.jpg 263w, https:\/\/www.immobilienbusiness.ch\/wp-content\/uploads\/2021\/06\/210610_mm_saw_werdhoelzli_aussenansicht-525x350.jpg 525w, https:\/\/www.immobilienbusiness.ch\/wp-content\/uploads\/2021\/06\/210610_mm_saw_werdhoelzli_aussenansicht-1200x800.jpg 1200w, https:\/\/www.immobilienbusiness.ch\/wp-content\/uploads\/2021\/06\/210610_mm_saw_werdhoelzli_aussenansicht-920x613.jpg 920w, https:\/\/www.immobilienbusiness.ch\/wp-content\/uploads\/2021\/06\/210610_mm_saw_werdhoelzli_aussenansicht-1400x933.jpg 1400w\" sizes=\"auto, (max-width: 680px) 100vw, 680px\" \/><figcaption id=\"caption-attachment-24446\" class=\"wp-caption-text\">The planned new building of the Werdh\u00f6lzli housing estate (Image: Stiftung Alterswohnungen Z\u00fcrich)<\/figcaption><\/figure>\n<p>The new replacement building, which is to be completed by 2026, will create around 70 apartments, 30 more than before. For the first time, cluster apartments will also be realized, and day care for the elderly is also planned. Commercial space, studios and community rooms are planned for the first floor. An attractive green space will create connections to the surrounding neighborhood.<\/p>\n<p>The Werdh\u00f6lzli housing estate was built in 1973 on behalf of the Gemeinschaftshaus Z\u00fcrich cooperative. At the beginning of 2000, the Stiftung Alterswohnungen der Stadt Z\u00fcrich (SAW) acquired the estate and the land. Due to the state of the building, which was in need of renovation, and the high utilization potential on the property, the SAW decided to build a replacement building. The architectural competition was won by the Wiedehopf project of the Knorr &amp; P\u00fcrckhauer Architekten \/ Linea Landscape Architecture team.<\/p>\n<p>The design envisages a linear structure 30 meters high that makes reference to the surrounding high-rise buildings and creates noise-protected areas with a staggered floor plan. Along the streetcar terminus, a two-story low-rise building with a light-flooded roof structure is planned. <em>(ah)<\/em><\/p>","protected":false},"excerpt":{"rendered":"<p>The Foundation for Retirement Apartments of the City of Zurich is planning to replace its Werdh\u00f6lzli housing estate in Zurich-Altstetten. The winner of the architectural competition has now been chosen.<\/p>","protected":false},"author":3,"featured_media":24446,"comment_status":"closed","ping_status":"open","sticky":false,"template":"","format":"standard","meta":{"_acf_changed":false,"_yoast_wpseo_focuskw":"Werdh\u00f6lzli","_yoast_wpseo_title":"","_yoast_wpseo_metadesc":"Die Stiftung Alterswohnungen der Stadt Z\u00fcrich plant den Ersatz ihrer Siedlung Werdh\u00f6lzli in Z\u00fcrich-Altstetten.","_yoast_wpseo_linkdex":49,"pgc_sgb_lightbox_settings":"","footnotes":""},"categories":[985],"tags":[1600,1863,1888],"class_list":["post-24445","post","type-post","status-publish","format-standard","has-post-thumbnail","hentry","category-regionen","tag-projekt-in-planung","tag-wohnimmobilien","tag-zuerich"],"acf":[],"yoast_head":"<!-- This site is optimized with the Yoast SEO plugin v27.5 - https:\/\/yoast.com\/product\/yoast-seo-wordpress\/ -->\n<title>Z\u00fcrich: Ersatzneubau f\u00fcr die Siedlung Werdh\u00f6lzli geplant - IMMOBILIEN Business<\/title>\n<meta name=\"description\" content=\"Die Stiftung Alterswohnungen der Stadt Z\u00fcrich plant den Ersatz ihrer Siedlung Werdh\u00f6lzli in Z\u00fcrich-Altstetten.\" \/>\n<meta name=\"robots\" content=\"index, follow, max-snippet:-1, max-image-preview:large, max-video-preview:-1\" \/>\n<link rel=\"canonical\" href=\"https:\/\/www.immobilienbusiness.ch\/en\/regionen\/2021-06-15\/zuerich-ersatzneubau-fuer-die-siedlung-werdhoelzli-geplant\/\" \/>\n<meta property=\"og:locale\" content=\"en_US\" \/>\n<meta property=\"og:type\" content=\"article\" \/>\n<meta property=\"og:title\" content=\"Z\u00fcrich: Ersatzneubau f\u00fcr die Siedlung Werdh\u00f6lzli geplant - IMMOBILIEN Business\" \/>\n<meta property=\"og:description\" content=\"Die Stiftung Alterswohnungen der Stadt Z\u00fcrich plant den Ersatz ihrer Siedlung Werdh\u00f6lzli in Z\u00fcrich-Altstetten.\" \/>\n<meta property=\"og:url\" content=\"https:\/\/www.immobilienbusiness.ch\/en\/regionen\/2021-06-15\/zuerich-ersatzneubau-fuer-die-siedlung-werdhoelzli-geplant\/\" \/>\n<meta property=\"og:site_name\" content=\"IMMOBILIEN Business\" \/>\n<meta property=\"article:publisher\" content=\"https:\/\/www.facebook.com\/immobilienbusiness\/\" \/>\n<meta property=\"article:published_time\" content=\"2021-06-15T07:50:24+00:00\" \/>\n<meta property=\"og:image\" content=\"https:\/\/www.immobilienbusiness.ch\/wp-content\/uploads\/2021\/06\/210610_mm_saw_werdhoelzli_aussenansicht.jpg\" \/>\n\t<meta property=\"og:image:width\" content=\"2560\" \/>\n\t<meta property=\"og:image:height\" content=\"1707\" \/>\n\t<meta property=\"og:image:type\" content=\"image\/jpeg\" \/>\n<meta name=\"author\" content=\"anja.hall\" \/>\n<meta name=\"twitter:card\" content=\"summary_large_image\" \/>\n<script type=\"application\/ld+json\" class=\"yoast-schema-graph\">{\"@context\":\"https:\\\/\\\/schema.org\",\"@graph\":[{\"@type\":\"Article\",\"@id\":\"https:\\\/\\\/www.immobilienbusiness.ch\\\/regionen\\\/2021-06-15\\\/zuerich-ersatzneubau-fuer-die-siedlung-werdhoelzli-geplant\\\/#article\",\"isPartOf\":{\"@id\":\"https:\\\/\\\/www.immobilienbusiness.ch\\\/regionen\\\/2021-06-15\\\/zuerich-ersatzneubau-fuer-die-siedlung-werdhoelzli-geplant\\\/\"},\"author\":{\"name\":\"anja.hall\",\"@id\":\"https:\\\/\\\/www.immobilienbusiness.ch\\\/#\\\/schema\\\/person\\\/3fc036297b10b9f42d6db5ee932af8c8\"},\"headline\":\"Z\u00fcrich: Ersatzneubau f\u00fcr die Siedlung Werdh\u00f6lzli geplant\",\"datePublished\":\"2021-06-15T07:50:24+00:00\",\"mainEntityOfPage\":{\"@id\":\"https:\\\/\\\/www.immobilienbusiness.ch\\\/regionen\\\/2021-06-15\\\/zuerich-ersatzneubau-fuer-die-siedlung-werdhoelzli-geplant\\\/\"},\"wordCount\":192,\"publisher\":{\"@id\":\"https:\\\/\\\/www.immobilienbusiness.ch\\\/#organization\"},\"image\":{\"@id\":\"https:\\\/\\\/www.immobilienbusiness.ch\\\/regionen\\\/2021-06-15\\\/zuerich-ersatzneubau-fuer-die-siedlung-werdhoelzli-geplant\\\/#primaryimage\"},\"thumbnailUrl\":\"https:\\\/\\\/www.immobilienbusiness.ch\\\/wp-content\\\/uploads\\\/2021\\\/06\\\/210610_mm_saw_werdhoelzli_aussenansicht.jpg\",\"keywords\":[\"Projekt in Planung\",\"Wohnimmobilien\",\"Z\u00fcrich\"],\"articleSection\":[\"REGIONEN\"],\"inLanguage\":\"en-US\"},{\"@type\":\"WebPage\",\"@id\":\"https:\\\/\\\/www.immobilienbusiness.ch\\\/regionen\\\/2021-06-15\\\/zuerich-ersatzneubau-fuer-die-siedlung-werdhoelzli-geplant\\\/\",\"url\":\"https:\\\/\\\/www.immobilienbusiness.ch\\\/regionen\\\/2021-06-15\\\/zuerich-ersatzneubau-fuer-die-siedlung-werdhoelzli-geplant\\\/\",\"name\":\"Z\u00fcrich: Ersatzneubau f\u00fcr die Siedlung Werdh\u00f6lzli geplant - IMMOBILIEN Business\",\"isPartOf\":{\"@id\":\"https:\\\/\\\/www.immobilienbusiness.ch\\\/#website\"},\"primaryImageOfPage\":{\"@id\":\"https:\\\/\\\/www.immobilienbusiness.ch\\\/regionen\\\/2021-06-15\\\/zuerich-ersatzneubau-fuer-die-siedlung-werdhoelzli-geplant\\\/#primaryimage\"},\"image\":{\"@id\":\"https:\\\/\\\/www.immobilienbusiness.ch\\\/regionen\\\/2021-06-15\\\/zuerich-ersatzneubau-fuer-die-siedlung-werdhoelzli-geplant\\\/#primaryimage\"},\"thumbnailUrl\":\"https:\\\/\\\/www.immobilienbusiness.ch\\\/wp-content\\\/uploads\\\/2021\\\/06\\\/210610_mm_saw_werdhoelzli_aussenansicht.jpg\",\"datePublished\":\"2021-06-15T07:50:24+00:00\",\"description\":\"Die Stiftung Alterswohnungen der Stadt Z\u00fcrich plant den Ersatz ihrer Siedlung Werdh\u00f6lzli in Z\u00fcrich-Altstetten.\",\"breadcrumb\":{\"@id\":\"https:\\\/\\\/www.immobilienbusiness.ch\\\/regionen\\\/2021-06-15\\\/zuerich-ersatzneubau-fuer-die-siedlung-werdhoelzli-geplant\\\/#breadcrumb\"},\"inLanguage\":\"en-US\",\"potentialAction\":[{\"@type\":\"ReadAction\",\"target\":[\"https:\\\/\\\/www.immobilienbusiness.ch\\\/regionen\\\/2021-06-15\\\/zuerich-ersatzneubau-fuer-die-siedlung-werdhoelzli-geplant\\\/\"]}]},{\"@type\":\"ImageObject\",\"inLanguage\":\"en-US\",\"@id\":\"https:\\\/\\\/www.immobilienbusiness.ch\\\/regionen\\\/2021-06-15\\\/zuerich-ersatzneubau-fuer-die-siedlung-werdhoelzli-geplant\\\/#primaryimage\",\"url\":\"https:\\\/\\\/www.immobilienbusiness.ch\\\/wp-content\\\/uploads\\\/2021\\\/06\\\/210610_mm_saw_werdhoelzli_aussenansicht.jpg\",\"contentUrl\":\"https:\\\/\\\/www.immobilienbusiness.ch\\\/wp-content\\\/uploads\\\/2021\\\/06\\\/210610_mm_saw_werdhoelzli_aussenansicht.jpg\",\"width\":2560,\"height\":1707,\"caption\":\"Der geplante Neubau der Siedlung Werdh\u00f6lzli (Bild: Stiftung Alterswohnen Z\u00fcrich)\"},{\"@type\":\"BreadcrumbList\",\"@id\":\"https:\\\/\\\/www.immobilienbusiness.ch\\\/regionen\\\/2021-06-15\\\/zuerich-ersatzneubau-fuer-die-siedlung-werdhoelzli-geplant\\\/#breadcrumb\",\"itemListElement\":[{\"@type\":\"ListItem\",\"position\":1,\"name\":\"Home\",\"item\":\"https:\\\/\\\/www.immobilienbusiness.ch\\\/\"},{\"@type\":\"ListItem\",\"position\":2,\"name\":\"Z\u00fcrich: Ersatzneubau f\u00fcr die Siedlung Werdh\u00f6lzli geplant\"}]},{\"@type\":\"WebSite\",\"@id\":\"https:\\\/\\\/www.immobilienbusiness.ch\\\/#website\",\"url\":\"https:\\\/\\\/www.immobilienbusiness.ch\\\/\",\"name\":\"IMMOBILIEN Business\",\"description\":\"Unabh\u00e4ngiges Schweizer Wirtschaftsmagazin mit Fokus auf Immobilien, Architektur- und Bau sowie Investment- und Finanzierung.\",\"publisher\":{\"@id\":\"https:\\\/\\\/www.immobilienbusiness.ch\\\/#organization\"},\"potentialAction\":[{\"@type\":\"SearchAction\",\"target\":{\"@type\":\"EntryPoint\",\"urlTemplate\":\"https:\\\/\\\/www.immobilienbusiness.ch\\\/?s={search_term_string}\"},\"query-input\":{\"@type\":\"PropertyValueSpecification\",\"valueRequired\":true,\"valueName\":\"search_term_string\"}}],\"inLanguage\":\"en-US\"},{\"@type\":\"Organization\",\"@id\":\"https:\\\/\\\/www.immobilienbusiness.ch\\\/#organization\",\"name\":\"IMMOBILIEN Business\",\"url\":\"https:\\\/\\\/www.immobilienbusiness.ch\\\/\",\"logo\":{\"@type\":\"ImageObject\",\"inLanguage\":\"en-US\",\"@id\":\"https:\\\/\\\/www.immobilienbusiness.ch\\\/#\\\/schema\\\/logo\\\/image\\\/\",\"url\":\"https:\\\/\\\/www.immobilienbusiness.ch\\\/wp-content\\\/uploads\\\/2021\\\/07\\\/logo_ib.png\",\"contentUrl\":\"https:\\\/\\\/www.immobilienbusiness.ch\\\/wp-content\\\/uploads\\\/2021\\\/07\\\/logo_ib.png\",\"width\":800,\"height\":181,\"caption\":\"IMMOBILIEN Business\"},\"image\":{\"@id\":\"https:\\\/\\\/www.immobilienbusiness.ch\\\/#\\\/schema\\\/logo\\\/image\\\/\"},\"sameAs\":[\"https:\\\/\\\/www.facebook.com\\\/immobilienbusiness\\\/\"]},{\"@type\":\"Person\",\"@id\":\"https:\\\/\\\/www.immobilienbusiness.ch\\\/#\\\/schema\\\/person\\\/3fc036297b10b9f42d6db5ee932af8c8\",\"name\":\"anja.hall\",\"image\":{\"@type\":\"ImageObject\",\"inLanguage\":\"en-US\",\"@id\":\"https:\\\/\\\/secure.gravatar.com\\\/avatar\\\/066b5a0d447013502c71a5782f4f3469f03cfe595cc2329fb94652fe47511bfb?s=96&d=mm&r=g\",\"url\":\"https:\\\/\\\/secure.gravatar.com\\\/avatar\\\/066b5a0d447013502c71a5782f4f3469f03cfe595cc2329fb94652fe47511bfb?s=96&d=mm&r=g\",\"contentUrl\":\"https:\\\/\\\/secure.gravatar.com\\\/avatar\\\/066b5a0d447013502c71a5782f4f3469f03cfe595cc2329fb94652fe47511bfb?s=96&d=mm&r=g\",\"caption\":\"anja.hall\"},\"url\":\"https:\\\/\\\/www.immobilienbusiness.ch\\\/en\\\/author\\\/anja-hall\\\/\"}]}<\/script>\n<!-- \/ Yoast SEO plugin. -->","yoast_head_json":{"title":"Z\u00fcrich: Ersatzneubau f\u00fcr die Siedlung Werdh\u00f6lzli geplant - IMMOBILIEN Business","description":"Die Stiftung Alterswohnungen der Stadt Z\u00fcrich plant den Ersatz ihrer Siedlung Werdh\u00f6lzli in Z\u00fcrich-Altstetten.","robots":{"index":"index","follow":"follow","max-snippet":"max-snippet:-1","max-image-preview":"max-image-preview:large","max-video-preview":"max-video-preview:-1"},"canonical":"https:\/\/www.immobilienbusiness.ch\/en\/regionen\/2021-06-15\/zuerich-ersatzneubau-fuer-die-siedlung-werdhoelzli-geplant\/","og_locale":"en_US","og_type":"article","og_title":"Z\u00fcrich: Ersatzneubau f\u00fcr die Siedlung Werdh\u00f6lzli geplant - IMMOBILIEN Business","og_description":"Die Stiftung Alterswohnungen der Stadt Z\u00fcrich plant den Ersatz ihrer Siedlung Werdh\u00f6lzli in Z\u00fcrich-Altstetten.","og_url":"https:\/\/www.immobilienbusiness.ch\/en\/regionen\/2021-06-15\/zuerich-ersatzneubau-fuer-die-siedlung-werdhoelzli-geplant\/","og_site_name":"IMMOBILIEN Business","article_publisher":"https:\/\/www.facebook.com\/immobilienbusiness\/","article_published_time":"2021-06-15T07:50:24+00:00","og_image":[{"width":2560,"height":1707,"url":"https:\/\/www.immobilienbusiness.ch\/wp-content\/uploads\/2021\/06\/210610_mm_saw_werdhoelzli_aussenansicht.jpg","type":"image\/jpeg"}],"author":"anja.hall","twitter_card":"summary_large_image","schema":{"@context":"https:\/\/schema.org","@graph":[{"@type":"Article","@id":"https:\/\/www.immobilienbusiness.ch\/regionen\/2021-06-15\/zuerich-ersatzneubau-fuer-die-siedlung-werdhoelzli-geplant\/#article","isPartOf":{"@id":"https:\/\/www.immobilienbusiness.ch\/regionen\/2021-06-15\/zuerich-ersatzneubau-fuer-die-siedlung-werdhoelzli-geplant\/"},"author":{"name":"anja.hall","@id":"https:\/\/www.immobilienbusiness.ch\/#\/schema\/person\/3fc036297b10b9f42d6db5ee932af8c8"},"headline":"Z\u00fcrich: Ersatzneubau f\u00fcr die Siedlung Werdh\u00f6lzli geplant","datePublished":"2021-06-15T07:50:24+00:00","mainEntityOfPage":{"@id":"https:\/\/www.immobilienbusiness.ch\/regionen\/2021-06-15\/zuerich-ersatzneubau-fuer-die-siedlung-werdhoelzli-geplant\/"},"wordCount":192,"publisher":{"@id":"https:\/\/www.immobilienbusiness.ch\/#organization"},"image":{"@id":"https:\/\/www.immobilienbusiness.ch\/regionen\/2021-06-15\/zuerich-ersatzneubau-fuer-die-siedlung-werdhoelzli-geplant\/#primaryimage"},"thumbnailUrl":"https:\/\/www.immobilienbusiness.ch\/wp-content\/uploads\/2021\/06\/210610_mm_saw_werdhoelzli_aussenansicht.jpg","keywords":["Projekt in Planung","Wohnimmobilien","Z\u00fcrich"],"articleSection":["REGIONEN"],"inLanguage":"en-US"},{"@type":"WebPage","@id":"https:\/\/www.immobilienbusiness.ch\/regionen\/2021-06-15\/zuerich-ersatzneubau-fuer-die-siedlung-werdhoelzli-geplant\/","url":"https:\/\/www.immobilienbusiness.ch\/regionen\/2021-06-15\/zuerich-ersatzneubau-fuer-die-siedlung-werdhoelzli-geplant\/","name":"Z\u00fcrich: Ersatzneubau f\u00fcr die Siedlung Werdh\u00f6lzli geplant - IMMOBILIEN Business","isPartOf":{"@id":"https:\/\/www.immobilienbusiness.ch\/#website"},"primaryImageOfPage":{"@id":"https:\/\/www.immobilienbusiness.ch\/regionen\/2021-06-15\/zuerich-ersatzneubau-fuer-die-siedlung-werdhoelzli-geplant\/#primaryimage"},"image":{"@id":"https:\/\/www.immobilienbusiness.ch\/regionen\/2021-06-15\/zuerich-ersatzneubau-fuer-die-siedlung-werdhoelzli-geplant\/#primaryimage"},"thumbnailUrl":"https:\/\/www.immobilienbusiness.ch\/wp-content\/uploads\/2021\/06\/210610_mm_saw_werdhoelzli_aussenansicht.jpg","datePublished":"2021-06-15T07:50:24+00:00","description":"Die Stiftung Alterswohnungen der Stadt Z\u00fcrich plant den Ersatz ihrer Siedlung Werdh\u00f6lzli in Z\u00fcrich-Altstetten.","breadcrumb":{"@id":"https:\/\/www.immobilienbusiness.ch\/regionen\/2021-06-15\/zuerich-ersatzneubau-fuer-die-siedlung-werdhoelzli-geplant\/#breadcrumb"},"inLanguage":"en-US","potentialAction":[{"@type":"ReadAction","target":["https:\/\/www.immobilienbusiness.ch\/regionen\/2021-06-15\/zuerich-ersatzneubau-fuer-die-siedlung-werdhoelzli-geplant\/"]}]},{"@type":"ImageObject","inLanguage":"en-US","@id":"https:\/\/www.immobilienbusiness.ch\/regionen\/2021-06-15\/zuerich-ersatzneubau-fuer-die-siedlung-werdhoelzli-geplant\/#primaryimage","url":"https:\/\/www.immobilienbusiness.ch\/wp-content\/uploads\/2021\/06\/210610_mm_saw_werdhoelzli_aussenansicht.jpg","contentUrl":"https:\/\/www.immobilienbusiness.ch\/wp-content\/uploads\/2021\/06\/210610_mm_saw_werdhoelzli_aussenansicht.jpg","width":2560,"height":1707,"caption":"Der geplante Neubau der Siedlung Werdh\u00f6lzli (Bild: Stiftung Alterswohnen Z\u00fcrich)"},{"@type":"BreadcrumbList","@id":"https:\/\/www.immobilienbusiness.ch\/regionen\/2021-06-15\/zuerich-ersatzneubau-fuer-die-siedlung-werdhoelzli-geplant\/#breadcrumb","itemListElement":[{"@type":"ListItem","position":1,"name":"Home","item":"https:\/\/www.immobilienbusiness.ch\/"},{"@type":"ListItem","position":2,"name":"Z\u00fcrich: Ersatzneubau f\u00fcr die Siedlung Werdh\u00f6lzli geplant"}]},{"@type":"WebSite","@id":"https:\/\/www.immobilienbusiness.ch\/#website","url":"https:\/\/www.immobilienbusiness.ch\/","name":"REAL ESTATE Business","description":"Independent Swiss business magazine focusing on real estate, architecture and construction as well as investment and financing.","publisher":{"@id":"https:\/\/www.immobilienbusiness.ch\/#organization"},"potentialAction":[{"@type":"SearchAction","target":{"@type":"EntryPoint","urlTemplate":"https:\/\/www.immobilienbusiness.ch\/?s={search_term_string}"},"query-input":{"@type":"PropertyValueSpecification","valueRequired":true,"valueName":"search_term_string"}}],"inLanguage":"en-US"},{"@type":"Organization","@id":"https:\/\/www.immobilienbusiness.ch\/#organization","name":"REAL ESTATE Business","url":"https:\/\/www.immobilienbusiness.ch\/","logo":{"@type":"ImageObject","inLanguage":"en-US","@id":"https:\/\/www.immobilienbusiness.ch\/#\/schema\/logo\/image\/","url":"https:\/\/www.immobilienbusiness.ch\/wp-content\/uploads\/2021\/07\/logo_ib.png","contentUrl":"https:\/\/www.immobilienbusiness.ch\/wp-content\/uploads\/2021\/07\/logo_ib.png","width":800,"height":181,"caption":"IMMOBILIEN Business"},"image":{"@id":"https:\/\/www.immobilienbusiness.ch\/#\/schema\/logo\/image\/"},"sameAs":["https:\/\/www.facebook.com\/immobilienbusiness\/"]},{"@type":"Person","@id":"https:\/\/www.immobilienbusiness.ch\/#\/schema\/person\/3fc036297b10b9f42d6db5ee932af8c8","name":"anja.hall","image":{"@type":"ImageObject","inLanguage":"en-US","@id":"https:\/\/secure.gravatar.com\/avatar\/066b5a0d447013502c71a5782f4f3469f03cfe595cc2329fb94652fe47511bfb?s=96&d=mm&r=g","url":"https:\/\/secure.gravatar.com\/avatar\/066b5a0d447013502c71a5782f4f3469f03cfe595cc2329fb94652fe47511bfb?s=96&d=mm&r=g","contentUrl":"https:\/\/secure.gravatar.com\/avatar\/066b5a0d447013502c71a5782f4f3469f03cfe595cc2329fb94652fe47511bfb?s=96&d=mm&r=g","caption":"anja.hall"},"url":"https:\/\/www.immobilienbusiness.ch\/en\/author\/anja-hall\/"}]}},"_links":{"self":[{"href":"https:\/\/www.immobilienbusiness.ch\/en\/wp-json\/wp\/v2\/posts\/24445","targetHints":{"allow":["GET"]}}],"collection":[{"href":"https:\/\/www.immobilienbusiness.ch\/en\/wp-json\/wp\/v2\/posts"}],"about":[{"href":"https:\/\/www.immobilienbusiness.ch\/en\/wp-json\/wp\/v2\/types\/post"}],"author":[{"embeddable":true,"href":"https:\/\/www.immobilienbusiness.ch\/en\/wp-json\/wp\/v2\/users\/3"}],"replies":[{"embeddable":true,"href":"https:\/\/www.immobilienbusiness.ch\/en\/wp-json\/wp\/v2\/comments?post=24445"}],"version-history":[{"count":0,"href":"https:\/\/www.immobilienbusiness.ch\/en\/wp-json\/wp\/v2\/posts\/24445\/revisions"}],"wp:featuredmedia":[{"embeddable":true,"href":"https:\/\/www.immobilienbusiness.ch\/en\/wp-json\/wp\/v2\/media\/24446"}],"wp:attachment":[{"href":"https:\/\/www.immobilienbusiness.ch\/en\/wp-json\/wp\/v2\/media?parent=24445"}],"wp:term":[{"taxonomy":"category","embeddable":true,"href":"https:\/\/www.immobilienbusiness.ch\/en\/wp-json\/wp\/v2\/categories?post=24445"},{"taxonomy":"post_tag","embeddable":true,"href":"https:\/\/www.immobilienbusiness.ch\/en\/wp-json\/wp\/v2\/tags?post=24445"}],"curies":[{"name":"wp","href":"https:\/\/api.w.org\/{rel}","templated":true}]}}