{"id":23385,"date":"2021-02-02T08:17:45","date_gmt":"2021-02-02T07:17:45","guid":{"rendered":"https:\/\/www.immobilienbusiness.ch\/?p=23385"},"modified":"2023-08-09T19:42:29","modified_gmt":"2023-08-09T17:42:29","slug":"ubs-erhaelt-gruenes-licht-fuer-residentia-uebernahme","status":"publish","type":"post","link":"https:\/\/www.immobilienbusiness.ch\/en\/unternehmen\/2021-02-02\/ubs-erhaelt-gruenes-licht-fuer-residentia-uebernahme\/","title":{"rendered":"UBS receives green light for Residentia acquisition"},"content":{"rendered":"<figure id=\"attachment_17382\" aria-describedby=\"caption-attachment-17382\" style=\"width: 300px\" class=\"wp-caption alignnone\"><img loading=\"lazy\" decoding=\"async\" class=\"wp-image-17382 size-medium\" src=\"https:\/\/www.immobilienbusiness.ch\/wp-content\/uploads\/2019\/06\/Depositphotos_78294064_xl-2015-300x200.jpg\" alt=\"Residentia\" width=\"300\" height=\"200\" srcset=\"https:\/\/www.immobilienbusiness.ch\/wp-content\/uploads\/2019\/06\/Depositphotos_78294064_xl-2015-300x200.jpg 300w, https:\/\/www.immobilienbusiness.ch\/wp-content\/uploads\/2019\/06\/Depositphotos_78294064_xl-2015-1024x683.jpg 1024w, https:\/\/www.immobilienbusiness.ch\/wp-content\/uploads\/2019\/06\/Depositphotos_78294064_xl-2015-768x513.jpg 768w, https:\/\/www.immobilienbusiness.ch\/wp-content\/uploads\/2019\/06\/Depositphotos_78294064_xl-2015-1536x1025.jpg 1536w, https:\/\/www.immobilienbusiness.ch\/wp-content\/uploads\/2019\/06\/Depositphotos_78294064_xl-2015-2048x1367.jpg 2048w, https:\/\/www.immobilienbusiness.ch\/wp-content\/uploads\/2019\/06\/Depositphotos_78294064_xl-2015-16x12.jpg 16w, https:\/\/www.immobilienbusiness.ch\/wp-content\/uploads\/2019\/06\/Depositphotos_78294064_xl-2015-262x175.jpg 262w, https:\/\/www.immobilienbusiness.ch\/wp-content\/uploads\/2019\/06\/Depositphotos_78294064_xl-2015-524x350.jpg 524w, https:\/\/www.immobilienbusiness.ch\/wp-content\/uploads\/2019\/06\/Depositphotos_78294064_xl-2015-1199x800.jpg 1199w, https:\/\/www.immobilienbusiness.ch\/wp-content\/uploads\/2019\/06\/Depositphotos_78294064_xl-2015-920x614.jpg 920w, https:\/\/www.immobilienbusiness.ch\/wp-content\/uploads\/2019\/06\/Depositphotos_78294064_xl-2015.jpg 1200w\" sizes=\"auto, (max-width: 300px) 100vw, 300px\" \/><figcaption id=\"caption-attachment-17382\" class=\"wp-caption-text\">UBS Asset Management acquires the Residentia fund (Image: depositphotos)<\/figcaption><\/figure>\n<p>UBS Asset Management has established a new foothold in the Ticino real estate market. Real Estate Switzerland, the Swiss real estate business of UBS Asset Management, said it has received final approval to take over Residentia's fund management operations as of January 28, 2021. The acquisition has thus taken place as planned on February 1, 2021.<\/p>\n<p>Residentia was established in 2009 under Swiss law and is the only fund with an investment focus on southern Switzerland. The portfolio mainly comprises residential properties in the canton of Ticino; total fund assets were around CHF 275 million as of June 30, 2020. <em>(ah)<\/em><\/p>","protected":false},"excerpt":{"rendered":"<p>UBS Asset Management can acquire the southern Swiss real estate fund Residentia as planned. The financial regulator Finma has given final approval. <\/p>","protected":false},"author":3,"featured_media":17382,"comment_status":"closed","ping_status":"closed","sticky":false,"template":"","format":"standard","meta":{"_acf_changed":false,"_yoast_wpseo_focuskw":"Residentia","_yoast_wpseo_title":"","_yoast_wpseo_metadesc":"UBS Asset Management kann wie geplant den S\u00fcdschweizer Immobilienfonds Residentia \u00fcbernehmen. Die Finanzaufsicht Finma hat die finale Genehmigung erteilt.","_yoast_wpseo_linkdex":43,"pgc_sgb_lightbox_settings":"","footnotes":""},"categories":[988],"tags":[1344,1775,1796],"class_list":["post-23385","post","type-post","status-publish","format-standard","has-post-thumbnail","hentry","category-unternehmen","tag-immobilienfonds","tag-tessin","tag-ubs"],"acf":[],"yoast_head":"<!-- This site is optimized with the Yoast SEO plugin v27.4 - https:\/\/yoast.com\/product\/yoast-seo-wordpress\/ -->\n<title>UBS erh\u00e4lt gr\u00fcnes Licht f\u00fcr Residentia-\u00dcbernahme - IMMOBILIEN Business<\/title>\n<meta name=\"description\" content=\"UBS Asset Management kann wie geplant den S\u00fcdschweizer Immobilienfonds Residentia \u00fcbernehmen. Die Finanzaufsicht Finma hat die finale Genehmigung erteilt.\" \/>\n<meta name=\"robots\" content=\"index, follow, max-snippet:-1, max-image-preview:large, max-video-preview:-1\" \/>\n<link rel=\"canonical\" href=\"https:\/\/www.immobilienbusiness.ch\/en\/unternehmen\/2021-02-02\/ubs-erhaelt-gruenes-licht-fuer-residentia-uebernahme\/\" \/>\n<meta property=\"og:locale\" content=\"en_US\" \/>\n<meta property=\"og:type\" content=\"article\" \/>\n<meta property=\"og:title\" content=\"UBS erh\u00e4lt gr\u00fcnes Licht f\u00fcr Residentia-\u00dcbernahme - IMMOBILIEN Business\" \/>\n<meta property=\"og:description\" content=\"UBS Asset Management kann wie geplant den S\u00fcdschweizer Immobilienfonds Residentia \u00fcbernehmen. Die Finanzaufsicht Finma hat die finale Genehmigung erteilt.\" \/>\n<meta property=\"og:url\" content=\"https:\/\/www.immobilienbusiness.ch\/en\/unternehmen\/2021-02-02\/ubs-erhaelt-gruenes-licht-fuer-residentia-uebernahme\/\" \/>\n<meta property=\"og:site_name\" content=\"IMMOBILIEN Business\" \/>\n<meta property=\"article:publisher\" content=\"https:\/\/www.facebook.com\/immobilienbusiness\/\" \/>\n<meta property=\"article:published_time\" content=\"2021-02-02T07:17:45+00:00\" \/>\n<meta property=\"article:modified_time\" content=\"2023-08-09T17:42:29+00:00\" \/>\n<meta property=\"og:image\" content=\"https:\/\/www.immobilienbusiness.ch\/wp-content\/uploads\/2019\/06\/Depositphotos_78294064_xl-2015.jpg\" \/>\n\t<meta property=\"og:image:width\" content=\"1200\" \/>\n\t<meta property=\"og:image:height\" content=\"801\" \/>\n\t<meta property=\"og:image:type\" content=\"image\/jpeg\" \/>\n<meta name=\"author\" content=\"anja.hall\" \/>\n<meta name=\"twitter:card\" content=\"summary_large_image\" \/>\n<meta name=\"twitter:image\" content=\"https:\/\/www.immobilienbusiness.ch\/wp-content\/uploads\/2019\/06\/Depositphotos_78294064_xl-2015.jpg\" \/>\n<script type=\"application\/ld+json\" class=\"yoast-schema-graph\">{\"@context\":\"https:\\\/\\\/schema.org\",\"@graph\":[{\"@type\":\"Article\",\"@id\":\"https:\\\/\\\/www.immobilienbusiness.ch\\\/en\\\/unternehmen\\\/2021-02-02\\\/ubs-erhaelt-gruenes-licht-fuer-residentia-uebernahme\\\/#article\",\"isPartOf\":{\"@id\":\"https:\\\/\\\/www.immobilienbusiness.ch\\\/en\\\/unternehmen\\\/2021-02-02\\\/ubs-erhaelt-gruenes-licht-fuer-residentia-uebernahme\\\/\"},\"author\":{\"name\":\"anja.hall\",\"@id\":\"https:\\\/\\\/www.immobilienbusiness.ch\\\/#\\\/schema\\\/person\\\/3fc036297b10b9f42d6db5ee932af8c8\"},\"headline\":\"UBS erh\u00e4lt gr\u00fcnes Licht f\u00fcr Residentia-\u00dcbernahme\",\"datePublished\":\"2021-02-02T07:17:45+00:00\",\"dateModified\":\"2023-08-09T17:42:29+00:00\",\"mainEntityOfPage\":{\"@id\":\"https:\\\/\\\/www.immobilienbusiness.ch\\\/en\\\/unternehmen\\\/2021-02-02\\\/ubs-erhaelt-gruenes-licht-fuer-residentia-uebernahme\\\/\"},\"wordCount\":114,\"publisher\":{\"@id\":\"https:\\\/\\\/www.immobilienbusiness.ch\\\/#organization\"},\"image\":{\"@id\":\"https:\\\/\\\/www.immobilienbusiness.ch\\\/en\\\/unternehmen\\\/2021-02-02\\\/ubs-erhaelt-gruenes-licht-fuer-residentia-uebernahme\\\/#primaryimage\"},\"thumbnailUrl\":\"https:\\\/\\\/www.immobilienbusiness.ch\\\/wp-content\\\/uploads\\\/2019\\\/06\\\/Depositphotos_78294064_xl-2015.jpg\",\"keywords\":[\"Immobilienfonds\",\"Tessin\",\"UBS\"],\"articleSection\":[\"UNTERNEHMEN\"],\"inLanguage\":\"en-US\"},{\"@type\":\"WebPage\",\"@id\":\"https:\\\/\\\/www.immobilienbusiness.ch\\\/en\\\/unternehmen\\\/2021-02-02\\\/ubs-erhaelt-gruenes-licht-fuer-residentia-uebernahme\\\/\",\"url\":\"https:\\\/\\\/www.immobilienbusiness.ch\\\/en\\\/unternehmen\\\/2021-02-02\\\/ubs-erhaelt-gruenes-licht-fuer-residentia-uebernahme\\\/\",\"name\":\"UBS erh\u00e4lt gr\u00fcnes Licht f\u00fcr Residentia-\u00dcbernahme - IMMOBILIEN Business\",\"isPartOf\":{\"@id\":\"https:\\\/\\\/www.immobilienbusiness.ch\\\/#website\"},\"primaryImageOfPage\":{\"@id\":\"https:\\\/\\\/www.immobilienbusiness.ch\\\/en\\\/unternehmen\\\/2021-02-02\\\/ubs-erhaelt-gruenes-licht-fuer-residentia-uebernahme\\\/#primaryimage\"},\"image\":{\"@id\":\"https:\\\/\\\/www.immobilienbusiness.ch\\\/en\\\/unternehmen\\\/2021-02-02\\\/ubs-erhaelt-gruenes-licht-fuer-residentia-uebernahme\\\/#primaryimage\"},\"thumbnailUrl\":\"https:\\\/\\\/www.immobilienbusiness.ch\\\/wp-content\\\/uploads\\\/2019\\\/06\\\/Depositphotos_78294064_xl-2015.jpg\",\"datePublished\":\"2021-02-02T07:17:45+00:00\",\"dateModified\":\"2023-08-09T17:42:29+00:00\",\"description\":\"UBS Asset Management kann wie geplant den S\u00fcdschweizer Immobilienfonds Residentia \u00fcbernehmen. Die Finanzaufsicht Finma hat die finale Genehmigung erteilt.\",\"breadcrumb\":{\"@id\":\"https:\\\/\\\/www.immobilienbusiness.ch\\\/en\\\/unternehmen\\\/2021-02-02\\\/ubs-erhaelt-gruenes-licht-fuer-residentia-uebernahme\\\/#breadcrumb\"},\"inLanguage\":\"en-US\",\"potentialAction\":[{\"@type\":\"ReadAction\",\"target\":[\"https:\\\/\\\/www.immobilienbusiness.ch\\\/en\\\/unternehmen\\\/2021-02-02\\\/ubs-erhaelt-gruenes-licht-fuer-residentia-uebernahme\\\/\"]}]},{\"@type\":\"ImageObject\",\"inLanguage\":\"en-US\",\"@id\":\"https:\\\/\\\/www.immobilienbusiness.ch\\\/en\\\/unternehmen\\\/2021-02-02\\\/ubs-erhaelt-gruenes-licht-fuer-residentia-uebernahme\\\/#primaryimage\",\"url\":\"https:\\\/\\\/www.immobilienbusiness.ch\\\/wp-content\\\/uploads\\\/2019\\\/06\\\/Depositphotos_78294064_xl-2015.jpg\",\"contentUrl\":\"https:\\\/\\\/www.immobilienbusiness.ch\\\/wp-content\\\/uploads\\\/2019\\\/06\\\/Depositphotos_78294064_xl-2015.jpg\",\"width\":1200,\"height\":801,\"caption\":\"Z\u00fcblin hat seinen Gesch\u00e4ftsbericht f\u00fcr 2023\\\/24 vorgelegt (Bild: depositphotos)\"},{\"@type\":\"BreadcrumbList\",\"@id\":\"https:\\\/\\\/www.immobilienbusiness.ch\\\/en\\\/unternehmen\\\/2021-02-02\\\/ubs-erhaelt-gruenes-licht-fuer-residentia-uebernahme\\\/#breadcrumb\",\"itemListElement\":[{\"@type\":\"ListItem\",\"position\":1,\"name\":\"Home\",\"item\":\"https:\\\/\\\/www.immobilienbusiness.ch\\\/\"},{\"@type\":\"ListItem\",\"position\":2,\"name\":\"UBS erh\u00e4lt gr\u00fcnes Licht f\u00fcr Residentia-\u00dcbernahme\"}]},{\"@type\":\"WebSite\",\"@id\":\"https:\\\/\\\/www.immobilienbusiness.ch\\\/#website\",\"url\":\"https:\\\/\\\/www.immobilienbusiness.ch\\\/\",\"name\":\"IMMOBILIEN Business\",\"description\":\"Unabh\u00e4ngiges Schweizer Wirtschaftsmagazin mit Fokus auf Immobilien, Architektur- und Bau sowie Investment- und Finanzierung.\",\"publisher\":{\"@id\":\"https:\\\/\\\/www.immobilienbusiness.ch\\\/#organization\"},\"potentialAction\":[{\"@type\":\"SearchAction\",\"target\":{\"@type\":\"EntryPoint\",\"urlTemplate\":\"https:\\\/\\\/www.immobilienbusiness.ch\\\/?s={search_term_string}\"},\"query-input\":{\"@type\":\"PropertyValueSpecification\",\"valueRequired\":true,\"valueName\":\"search_term_string\"}}],\"inLanguage\":\"en-US\"},{\"@type\":\"Organization\",\"@id\":\"https:\\\/\\\/www.immobilienbusiness.ch\\\/#organization\",\"name\":\"IMMOBILIEN Business\",\"url\":\"https:\\\/\\\/www.immobilienbusiness.ch\\\/\",\"logo\":{\"@type\":\"ImageObject\",\"inLanguage\":\"en-US\",\"@id\":\"https:\\\/\\\/www.immobilienbusiness.ch\\\/#\\\/schema\\\/logo\\\/image\\\/\",\"url\":\"https:\\\/\\\/www.immobilienbusiness.ch\\\/wp-content\\\/uploads\\\/2021\\\/07\\\/logo_ib.png\",\"contentUrl\":\"https:\\\/\\\/www.immobilienbusiness.ch\\\/wp-content\\\/uploads\\\/2021\\\/07\\\/logo_ib.png\",\"width\":800,\"height\":181,\"caption\":\"IMMOBILIEN Business\"},\"image\":{\"@id\":\"https:\\\/\\\/www.immobilienbusiness.ch\\\/#\\\/schema\\\/logo\\\/image\\\/\"},\"sameAs\":[\"https:\\\/\\\/www.facebook.com\\\/immobilienbusiness\\\/\"]},{\"@type\":\"Person\",\"@id\":\"https:\\\/\\\/www.immobilienbusiness.ch\\\/#\\\/schema\\\/person\\\/3fc036297b10b9f42d6db5ee932af8c8\",\"name\":\"anja.hall\",\"image\":{\"@type\":\"ImageObject\",\"inLanguage\":\"en-US\",\"@id\":\"https:\\\/\\\/secure.gravatar.com\\\/avatar\\\/066b5a0d447013502c71a5782f4f3469f03cfe595cc2329fb94652fe47511bfb?s=96&d=mm&r=g\",\"url\":\"https:\\\/\\\/secure.gravatar.com\\\/avatar\\\/066b5a0d447013502c71a5782f4f3469f03cfe595cc2329fb94652fe47511bfb?s=96&d=mm&r=g\",\"contentUrl\":\"https:\\\/\\\/secure.gravatar.com\\\/avatar\\\/066b5a0d447013502c71a5782f4f3469f03cfe595cc2329fb94652fe47511bfb?s=96&d=mm&r=g\",\"caption\":\"anja.hall\"},\"url\":\"https:\\\/\\\/www.immobilienbusiness.ch\\\/en\\\/author\\\/anja-hall\\\/\"}]}<\/script>\n<!-- \/ Yoast SEO plugin. -->","yoast_head_json":{"title":"UBS erh\u00e4lt gr\u00fcnes Licht f\u00fcr Residentia-\u00dcbernahme - IMMOBILIEN Business","description":"UBS Asset Management can acquire the southern Swiss real estate fund Residentia as planned. The financial regulator Finma has given final approval.","robots":{"index":"index","follow":"follow","max-snippet":"max-snippet:-1","max-image-preview":"max-image-preview:large","max-video-preview":"max-video-preview:-1"},"canonical":"https:\/\/www.immobilienbusiness.ch\/en\/unternehmen\/2021-02-02\/ubs-erhaelt-gruenes-licht-fuer-residentia-uebernahme\/","og_locale":"en_US","og_type":"article","og_title":"UBS erh\u00e4lt gr\u00fcnes Licht f\u00fcr Residentia-\u00dcbernahme - IMMOBILIEN Business","og_description":"UBS Asset Management kann wie geplant den S\u00fcdschweizer Immobilienfonds Residentia \u00fcbernehmen. Die Finanzaufsicht Finma hat die finale Genehmigung erteilt.","og_url":"https:\/\/www.immobilienbusiness.ch\/en\/unternehmen\/2021-02-02\/ubs-erhaelt-gruenes-licht-fuer-residentia-uebernahme\/","og_site_name":"IMMOBILIEN Business","article_publisher":"https:\/\/www.facebook.com\/immobilienbusiness\/","article_published_time":"2021-02-02T07:17:45+00:00","article_modified_time":"2023-08-09T17:42:29+00:00","og_image":[{"width":1200,"height":801,"url":"https:\/\/www.immobilienbusiness.ch\/wp-content\/uploads\/2019\/06\/Depositphotos_78294064_xl-2015.jpg","type":"image\/jpeg"}],"author":"anja.hall","twitter_card":"summary_large_image","twitter_image":"https:\/\/www.immobilienbusiness.ch\/wp-content\/uploads\/2019\/06\/Depositphotos_78294064_xl-2015.jpg","schema":{"@context":"https:\/\/schema.org","@graph":[{"@type":"Article","@id":"https:\/\/www.immobilienbusiness.ch\/en\/unternehmen\/2021-02-02\/ubs-erhaelt-gruenes-licht-fuer-residentia-uebernahme\/#article","isPartOf":{"@id":"https:\/\/www.immobilienbusiness.ch\/en\/unternehmen\/2021-02-02\/ubs-erhaelt-gruenes-licht-fuer-residentia-uebernahme\/"},"author":{"name":"anja.hall","@id":"https:\/\/www.immobilienbusiness.ch\/#\/schema\/person\/3fc036297b10b9f42d6db5ee932af8c8"},"headline":"UBS erh\u00e4lt gr\u00fcnes Licht f\u00fcr Residentia-\u00dcbernahme","datePublished":"2021-02-02T07:17:45+00:00","dateModified":"2023-08-09T17:42:29+00:00","mainEntityOfPage":{"@id":"https:\/\/www.immobilienbusiness.ch\/en\/unternehmen\/2021-02-02\/ubs-erhaelt-gruenes-licht-fuer-residentia-uebernahme\/"},"wordCount":114,"publisher":{"@id":"https:\/\/www.immobilienbusiness.ch\/#organization"},"image":{"@id":"https:\/\/www.immobilienbusiness.ch\/en\/unternehmen\/2021-02-02\/ubs-erhaelt-gruenes-licht-fuer-residentia-uebernahme\/#primaryimage"},"thumbnailUrl":"https:\/\/www.immobilienbusiness.ch\/wp-content\/uploads\/2019\/06\/Depositphotos_78294064_xl-2015.jpg","keywords":["Immobilienfonds","Tessin","UBS"],"articleSection":["UNTERNEHMEN"],"inLanguage":"en-US"},{"@type":"WebPage","@id":"https:\/\/www.immobilienbusiness.ch\/en\/unternehmen\/2021-02-02\/ubs-erhaelt-gruenes-licht-fuer-residentia-uebernahme\/","url":"https:\/\/www.immobilienbusiness.ch\/en\/unternehmen\/2021-02-02\/ubs-erhaelt-gruenes-licht-fuer-residentia-uebernahme\/","name":"UBS erh\u00e4lt gr\u00fcnes Licht f\u00fcr Residentia-\u00dcbernahme - IMMOBILIEN Business","isPartOf":{"@id":"https:\/\/www.immobilienbusiness.ch\/#website"},"primaryImageOfPage":{"@id":"https:\/\/www.immobilienbusiness.ch\/en\/unternehmen\/2021-02-02\/ubs-erhaelt-gruenes-licht-fuer-residentia-uebernahme\/#primaryimage"},"image":{"@id":"https:\/\/www.immobilienbusiness.ch\/en\/unternehmen\/2021-02-02\/ubs-erhaelt-gruenes-licht-fuer-residentia-uebernahme\/#primaryimage"},"thumbnailUrl":"https:\/\/www.immobilienbusiness.ch\/wp-content\/uploads\/2019\/06\/Depositphotos_78294064_xl-2015.jpg","datePublished":"2021-02-02T07:17:45+00:00","dateModified":"2023-08-09T17:42:29+00:00","description":"UBS Asset Management can acquire the southern Swiss real estate fund Residentia as planned. The financial regulator Finma has given final approval.","breadcrumb":{"@id":"https:\/\/www.immobilienbusiness.ch\/en\/unternehmen\/2021-02-02\/ubs-erhaelt-gruenes-licht-fuer-residentia-uebernahme\/#breadcrumb"},"inLanguage":"en-US","potentialAction":[{"@type":"ReadAction","target":["https:\/\/www.immobilienbusiness.ch\/en\/unternehmen\/2021-02-02\/ubs-erhaelt-gruenes-licht-fuer-residentia-uebernahme\/"]}]},{"@type":"ImageObject","inLanguage":"en-US","@id":"https:\/\/www.immobilienbusiness.ch\/en\/unternehmen\/2021-02-02\/ubs-erhaelt-gruenes-licht-fuer-residentia-uebernahme\/#primaryimage","url":"https:\/\/www.immobilienbusiness.ch\/wp-content\/uploads\/2019\/06\/Depositphotos_78294064_xl-2015.jpg","contentUrl":"https:\/\/www.immobilienbusiness.ch\/wp-content\/uploads\/2019\/06\/Depositphotos_78294064_xl-2015.jpg","width":1200,"height":801,"caption":"Z\u00fcblin hat seinen Gesch\u00e4ftsbericht f\u00fcr 2023\/24 vorgelegt (Bild: depositphotos)"},{"@type":"BreadcrumbList","@id":"https:\/\/www.immobilienbusiness.ch\/en\/unternehmen\/2021-02-02\/ubs-erhaelt-gruenes-licht-fuer-residentia-uebernahme\/#breadcrumb","itemListElement":[{"@type":"ListItem","position":1,"name":"Home","item":"https:\/\/www.immobilienbusiness.ch\/"},{"@type":"ListItem","position":2,"name":"UBS erh\u00e4lt gr\u00fcnes Licht f\u00fcr Residentia-\u00dcbernahme"}]},{"@type":"WebSite","@id":"https:\/\/www.immobilienbusiness.ch\/#website","url":"https:\/\/www.immobilienbusiness.ch\/","name":"REAL ESTATE Business","description":"Independent Swiss business magazine focusing on real estate, architecture and construction as well as investment and financing.","publisher":{"@id":"https:\/\/www.immobilienbusiness.ch\/#organization"},"potentialAction":[{"@type":"SearchAction","target":{"@type":"EntryPoint","urlTemplate":"https:\/\/www.immobilienbusiness.ch\/?s={search_term_string}"},"query-input":{"@type":"PropertyValueSpecification","valueRequired":true,"valueName":"search_term_string"}}],"inLanguage":"en-US"},{"@type":"Organization","@id":"https:\/\/www.immobilienbusiness.ch\/#organization","name":"REAL ESTATE Business","url":"https:\/\/www.immobilienbusiness.ch\/","logo":{"@type":"ImageObject","inLanguage":"en-US","@id":"https:\/\/www.immobilienbusiness.ch\/#\/schema\/logo\/image\/","url":"https:\/\/www.immobilienbusiness.ch\/wp-content\/uploads\/2021\/07\/logo_ib.png","contentUrl":"https:\/\/www.immobilienbusiness.ch\/wp-content\/uploads\/2021\/07\/logo_ib.png","width":800,"height":181,"caption":"IMMOBILIEN Business"},"image":{"@id":"https:\/\/www.immobilienbusiness.ch\/#\/schema\/logo\/image\/"},"sameAs":["https:\/\/www.facebook.com\/immobilienbusiness\/"]},{"@type":"Person","@id":"https:\/\/www.immobilienbusiness.ch\/#\/schema\/person\/3fc036297b10b9f42d6db5ee932af8c8","name":"anja.hall","image":{"@type":"ImageObject","inLanguage":"en-US","@id":"https:\/\/secure.gravatar.com\/avatar\/066b5a0d447013502c71a5782f4f3469f03cfe595cc2329fb94652fe47511bfb?s=96&d=mm&r=g","url":"https:\/\/secure.gravatar.com\/avatar\/066b5a0d447013502c71a5782f4f3469f03cfe595cc2329fb94652fe47511bfb?s=96&d=mm&r=g","contentUrl":"https:\/\/secure.gravatar.com\/avatar\/066b5a0d447013502c71a5782f4f3469f03cfe595cc2329fb94652fe47511bfb?s=96&d=mm&r=g","caption":"anja.hall"},"url":"https:\/\/www.immobilienbusiness.ch\/en\/author\/anja-hall\/"}]}},"_links":{"self":[{"href":"https:\/\/www.immobilienbusiness.ch\/en\/wp-json\/wp\/v2\/posts\/23385","targetHints":{"allow":["GET"]}}],"collection":[{"href":"https:\/\/www.immobilienbusiness.ch\/en\/wp-json\/wp\/v2\/posts"}],"about":[{"href":"https:\/\/www.immobilienbusiness.ch\/en\/wp-json\/wp\/v2\/types\/post"}],"author":[{"embeddable":true,"href":"https:\/\/www.immobilienbusiness.ch\/en\/wp-json\/wp\/v2\/users\/3"}],"replies":[{"embeddable":true,"href":"https:\/\/www.immobilienbusiness.ch\/en\/wp-json\/wp\/v2\/comments?post=23385"}],"version-history":[{"count":1,"href":"https:\/\/www.immobilienbusiness.ch\/en\/wp-json\/wp\/v2\/posts\/23385\/revisions"}],"predecessor-version":[{"id":51744,"href":"https:\/\/www.immobilienbusiness.ch\/en\/wp-json\/wp\/v2\/posts\/23385\/revisions\/51744"}],"wp:featuredmedia":[{"embeddable":true,"href":"https:\/\/www.immobilienbusiness.ch\/en\/wp-json\/wp\/v2\/media\/17382"}],"wp:attachment":[{"href":"https:\/\/www.immobilienbusiness.ch\/en\/wp-json\/wp\/v2\/media?parent=23385"}],"wp:term":[{"taxonomy":"category","embeddable":true,"href":"https:\/\/www.immobilienbusiness.ch\/en\/wp-json\/wp\/v2\/categories?post=23385"},{"taxonomy":"post_tag","embeddable":true,"href":"https:\/\/www.immobilienbusiness.ch\/en\/wp-json\/wp\/v2\/tags?post=23385"}],"curies":[{"name":"wp","href":"https:\/\/api.w.org\/{rel}","templated":true}]}}