{"id":23379,"date":"2021-02-01T09:03:25","date_gmt":"2021-02-01T08:03:25","guid":{"rendered":"https:\/\/www.immobilienbusiness.ch\/?p=23379"},"modified":"2023-08-09T19:44:23","modified_gmt":"2023-08-09T17:44:23","slug":"bern-abstimmung-ueber-neue-festhalle-steht-bevor","status":"publish","type":"post","link":"https:\/\/www.immobilienbusiness.ch\/en\/regionen\/2021-02-01\/bern-abstimmung-ueber-neue-festhalle-steht-bevor\/","title":{"rendered":"Bern: Vote on New Festival Hall imminent"},"content":{"rendered":"<figure id=\"attachment_23380\" aria-describedby=\"caption-attachment-23380\" style=\"width: 300px\" class=\"wp-caption alignnone\"><img loading=\"lazy\" decoding=\"async\" class=\"wp-image-23380 size-medium\" src=\"https:\/\/www.immobilienbusiness.ch\/wp-content\/uploads\/2021\/02\/Medien_Medienbild7-300x200.jpg\" alt=\"Festhalle\" width=\"300\" height=\"200\" srcset=\"https:\/\/www.immobilienbusiness.ch\/wp-content\/uploads\/2021\/02\/Medien_Medienbild7-300x200.jpg 300w, https:\/\/www.immobilienbusiness.ch\/wp-content\/uploads\/2021\/02\/Medien_Medienbild7-1024x682.jpg 1024w, https:\/\/www.immobilienbusiness.ch\/wp-content\/uploads\/2021\/02\/Medien_Medienbild7-768x512.jpg 768w, https:\/\/www.immobilienbusiness.ch\/wp-content\/uploads\/2021\/02\/Medien_Medienbild7-1536x1024.jpg 1536w, https:\/\/www.immobilienbusiness.ch\/wp-content\/uploads\/2021\/02\/Medien_Medienbild7-2048x1365.jpg 2048w, https:\/\/www.immobilienbusiness.ch\/wp-content\/uploads\/2021\/02\/Medien_Medienbild7-16x12.jpg 16w, https:\/\/www.immobilienbusiness.ch\/wp-content\/uploads\/2021\/02\/Medien_Medienbild7-263x175.jpg 263w, https:\/\/www.immobilienbusiness.ch\/wp-content\/uploads\/2021\/02\/Medien_Medienbild7-525x350.jpg 525w, https:\/\/www.immobilienbusiness.ch\/wp-content\/uploads\/2021\/02\/Medien_Medienbild7-1200x800.jpg 1200w, https:\/\/www.immobilienbusiness.ch\/wp-content\/uploads\/2021\/02\/Medien_Medienbild7-920x613.jpg 920w, https:\/\/www.immobilienbusiness.ch\/wp-content\/uploads\/2021\/02\/Medien_Medienbild7-1400x933.jpg 1400w\" sizes=\"auto, (max-width: 300px) 100vw, 300px\" \/><figcaption id=\"caption-attachment-23380\" class=\"wp-caption-text\">The planned New Festival Hall in Bern (visualization: Messepark Bern AG)<\/figcaption><\/figure>\n<p>In concrete terms, Bernese voters will decide on March 7 on the investment contribution of CHF 15 million to Messepark Bern AG for the New Festival Hall on the Bern Exhibition Grounds, as well as on the planning law basis required for the construction of the Festival Hall, the Mingerstrasse-Papierm\u00fchlestrasse zoning ordinance.<\/p>\n<p>A \"yes\" vote on the two proposals would pave the way for the construction of a new venue with a maximum capacity of around 9,000 people - a scale that has not previously existed in the capital.<\/p>\n<p>The new building is to replace the Festhalle on the Bernexpo site, which was built in 1948 as a temporary structure, and is scheduled to open in 2024.<\/p>\n<p>The four companies HRS Real Estate, Mobiliar, Visana and Securitas hold a total of 45% in Messepark Bern AG, which owns the Bernexpo site. <em>(ah)<\/em><\/p>","protected":false},"excerpt":{"rendered":"<p>On March 7, 2021, the people of Berne will vote on the construction of the New Festival Hall on the Bernexpo site. The plan is to build a multifunctional hall with space for around 9,000 people.<\/p>","protected":false},"author":3,"featured_media":23380,"comment_status":"closed","ping_status":"closed","sticky":false,"template":"","format":"standard","meta":{"_acf_changed":false,"_yoast_wpseo_focuskw":"Festhalle","_yoast_wpseo_title":"","_yoast_wpseo_metadesc":"Am 7. M\u00e4rz 2021 stimmt die Stadtberner Bev\u00f6lkerung \u00fcber den Bau der Neuen Festhalle auf dem Gel\u00e4nde der Bernexpo ab.","_yoast_wpseo_linkdex":46,"pgc_sgb_lightbox_settings":"","footnotes":""},"categories":[985],"tags":[1091,1246,1600],"class_list":["post-23379","post","type-post","status-publish","format-standard","has-post-thumbnail","hentry","category-regionen","tag-bern","tag-freizeitimmobilien","tag-projekt-in-planung"],"acf":[],"yoast_head":"<!-- This site is optimized with the Yoast SEO plugin v27.5 - https:\/\/yoast.com\/product\/yoast-seo-wordpress\/ -->\n<title>Bern: Abstimmung \u00fcber Neue Festhalle steht bevor - IMMOBILIEN Business<\/title>\n<meta name=\"description\" content=\"Am 7. M\u00e4rz 2021 stimmt die Stadtberner Bev\u00f6lkerung \u00fcber den Bau der Neuen Festhalle auf dem Gel\u00e4nde der Bernexpo ab.\" \/>\n<meta name=\"robots\" content=\"index, follow, max-snippet:-1, max-image-preview:large, max-video-preview:-1\" \/>\n<link rel=\"canonical\" href=\"https:\/\/www.immobilienbusiness.ch\/en\/regionen\/2021-02-01\/bern-abstimmung-ueber-neue-festhalle-steht-bevor\/\" \/>\n<meta property=\"og:locale\" content=\"en_US\" \/>\n<meta property=\"og:type\" content=\"article\" \/>\n<meta property=\"og:title\" content=\"Bern: Abstimmung \u00fcber Neue Festhalle steht bevor - IMMOBILIEN Business\" \/>\n<meta property=\"og:description\" content=\"Am 7. M\u00e4rz 2021 stimmt die Stadtberner Bev\u00f6lkerung \u00fcber den Bau der Neuen Festhalle auf dem Gel\u00e4nde der Bernexpo ab.\" \/>\n<meta property=\"og:url\" content=\"https:\/\/www.immobilienbusiness.ch\/en\/regionen\/2021-02-01\/bern-abstimmung-ueber-neue-festhalle-steht-bevor\/\" \/>\n<meta property=\"og:site_name\" content=\"IMMOBILIEN Business\" \/>\n<meta property=\"article:publisher\" content=\"https:\/\/www.facebook.com\/immobilienbusiness\/\" \/>\n<meta property=\"article:published_time\" content=\"2021-02-01T08:03:25+00:00\" \/>\n<meta property=\"article:modified_time\" content=\"2023-08-09T17:44:23+00:00\" \/>\n<meta property=\"og:image\" content=\"https:\/\/www.immobilienbusiness.ch\/wp-content\/uploads\/2021\/02\/Medien_Medienbild7-1024x682.jpg\" \/>\n\t<meta property=\"og:image:width\" content=\"1024\" \/>\n\t<meta property=\"og:image:height\" content=\"682\" \/>\n\t<meta property=\"og:image:type\" content=\"image\/jpeg\" \/>\n<meta name=\"author\" content=\"anja.hall\" \/>\n<meta name=\"twitter:card\" content=\"summary_large_image\" \/>\n<meta name=\"twitter:image\" content=\"https:\/\/www.immobilienbusiness.ch\/wp-content\/uploads\/2021\/02\/Medien_Medienbild7.jpg\" \/>\n<script type=\"application\/ld+json\" class=\"yoast-schema-graph\">{\"@context\":\"https:\\\/\\\/schema.org\",\"@graph\":[{\"@type\":\"Article\",\"@id\":\"https:\\\/\\\/www.immobilienbusiness.ch\\\/en\\\/regionen\\\/2021-02-01\\\/bern-abstimmung-ueber-neue-festhalle-steht-bevor\\\/#article\",\"isPartOf\":{\"@id\":\"https:\\\/\\\/www.immobilienbusiness.ch\\\/en\\\/regionen\\\/2021-02-01\\\/bern-abstimmung-ueber-neue-festhalle-steht-bevor\\\/\"},\"author\":{\"name\":\"anja.hall\",\"@id\":\"https:\\\/\\\/www.immobilienbusiness.ch\\\/#\\\/schema\\\/person\\\/3fc036297b10b9f42d6db5ee932af8c8\"},\"headline\":\"Bern: Abstimmung \u00fcber Neue Festhalle steht bevor\",\"datePublished\":\"2021-02-01T08:03:25+00:00\",\"dateModified\":\"2023-08-09T17:44:23+00:00\",\"mainEntityOfPage\":{\"@id\":\"https:\\\/\\\/www.immobilienbusiness.ch\\\/en\\\/regionen\\\/2021-02-01\\\/bern-abstimmung-ueber-neue-festhalle-steht-bevor\\\/\"},\"wordCount\":153,\"publisher\":{\"@id\":\"https:\\\/\\\/www.immobilienbusiness.ch\\\/#organization\"},\"image\":{\"@id\":\"https:\\\/\\\/www.immobilienbusiness.ch\\\/en\\\/regionen\\\/2021-02-01\\\/bern-abstimmung-ueber-neue-festhalle-steht-bevor\\\/#primaryimage\"},\"thumbnailUrl\":\"https:\\\/\\\/www.immobilienbusiness.ch\\\/wp-content\\\/uploads\\\/2021\\\/02\\\/Medien_Medienbild7.jpg\",\"keywords\":[\"Bern\",\"Freizeitimmobilien\",\"Projekt in Planung\"],\"articleSection\":[\"REGIONEN\"],\"inLanguage\":\"en-US\"},{\"@type\":\"WebPage\",\"@id\":\"https:\\\/\\\/www.immobilienbusiness.ch\\\/en\\\/regionen\\\/2021-02-01\\\/bern-abstimmung-ueber-neue-festhalle-steht-bevor\\\/\",\"url\":\"https:\\\/\\\/www.immobilienbusiness.ch\\\/en\\\/regionen\\\/2021-02-01\\\/bern-abstimmung-ueber-neue-festhalle-steht-bevor\\\/\",\"name\":\"Bern: Abstimmung \u00fcber Neue Festhalle steht bevor - IMMOBILIEN Business\",\"isPartOf\":{\"@id\":\"https:\\\/\\\/www.immobilienbusiness.ch\\\/#website\"},\"primaryImageOfPage\":{\"@id\":\"https:\\\/\\\/www.immobilienbusiness.ch\\\/en\\\/regionen\\\/2021-02-01\\\/bern-abstimmung-ueber-neue-festhalle-steht-bevor\\\/#primaryimage\"},\"image\":{\"@id\":\"https:\\\/\\\/www.immobilienbusiness.ch\\\/en\\\/regionen\\\/2021-02-01\\\/bern-abstimmung-ueber-neue-festhalle-steht-bevor\\\/#primaryimage\"},\"thumbnailUrl\":\"https:\\\/\\\/www.immobilienbusiness.ch\\\/wp-content\\\/uploads\\\/2021\\\/02\\\/Medien_Medienbild7.jpg\",\"datePublished\":\"2021-02-01T08:03:25+00:00\",\"dateModified\":\"2023-08-09T17:44:23+00:00\",\"description\":\"Am 7. M\u00e4rz 2021 stimmt die Stadtberner Bev\u00f6lkerung \u00fcber den Bau der Neuen Festhalle auf dem Gel\u00e4nde der Bernexpo ab.\",\"breadcrumb\":{\"@id\":\"https:\\\/\\\/www.immobilienbusiness.ch\\\/en\\\/regionen\\\/2021-02-01\\\/bern-abstimmung-ueber-neue-festhalle-steht-bevor\\\/#breadcrumb\"},\"inLanguage\":\"en-US\",\"potentialAction\":[{\"@type\":\"ReadAction\",\"target\":[\"https:\\\/\\\/www.immobilienbusiness.ch\\\/en\\\/regionen\\\/2021-02-01\\\/bern-abstimmung-ueber-neue-festhalle-steht-bevor\\\/\"]}]},{\"@type\":\"ImageObject\",\"inLanguage\":\"en-US\",\"@id\":\"https:\\\/\\\/www.immobilienbusiness.ch\\\/en\\\/regionen\\\/2021-02-01\\\/bern-abstimmung-ueber-neue-festhalle-steht-bevor\\\/#primaryimage\",\"url\":\"https:\\\/\\\/www.immobilienbusiness.ch\\\/wp-content\\\/uploads\\\/2021\\\/02\\\/Medien_Medienbild7.jpg\",\"contentUrl\":\"https:\\\/\\\/www.immobilienbusiness.ch\\\/wp-content\\\/uploads\\\/2021\\\/02\\\/Medien_Medienbild7.jpg\",\"width\":2560,\"height\":1706,\"caption\":\"Die geplante Neue Festhalle in Bern (Visualisierung: Messepark Bern AG)\"},{\"@type\":\"BreadcrumbList\",\"@id\":\"https:\\\/\\\/www.immobilienbusiness.ch\\\/en\\\/regionen\\\/2021-02-01\\\/bern-abstimmung-ueber-neue-festhalle-steht-bevor\\\/#breadcrumb\",\"itemListElement\":[{\"@type\":\"ListItem\",\"position\":1,\"name\":\"Home\",\"item\":\"https:\\\/\\\/www.immobilienbusiness.ch\\\/\"},{\"@type\":\"ListItem\",\"position\":2,\"name\":\"Bern: Abstimmung \u00fcber Neue Festhalle steht bevor\"}]},{\"@type\":\"WebSite\",\"@id\":\"https:\\\/\\\/www.immobilienbusiness.ch\\\/#website\",\"url\":\"https:\\\/\\\/www.immobilienbusiness.ch\\\/\",\"name\":\"IMMOBILIEN Business\",\"description\":\"Unabh\u00e4ngiges Schweizer Wirtschaftsmagazin mit Fokus auf Immobilien, Architektur- und Bau sowie Investment- und Finanzierung.\",\"publisher\":{\"@id\":\"https:\\\/\\\/www.immobilienbusiness.ch\\\/#organization\"},\"potentialAction\":[{\"@type\":\"SearchAction\",\"target\":{\"@type\":\"EntryPoint\",\"urlTemplate\":\"https:\\\/\\\/www.immobilienbusiness.ch\\\/?s={search_term_string}\"},\"query-input\":{\"@type\":\"PropertyValueSpecification\",\"valueRequired\":true,\"valueName\":\"search_term_string\"}}],\"inLanguage\":\"en-US\"},{\"@type\":\"Organization\",\"@id\":\"https:\\\/\\\/www.immobilienbusiness.ch\\\/#organization\",\"name\":\"IMMOBILIEN Business\",\"url\":\"https:\\\/\\\/www.immobilienbusiness.ch\\\/\",\"logo\":{\"@type\":\"ImageObject\",\"inLanguage\":\"en-US\",\"@id\":\"https:\\\/\\\/www.immobilienbusiness.ch\\\/#\\\/schema\\\/logo\\\/image\\\/\",\"url\":\"https:\\\/\\\/www.immobilienbusiness.ch\\\/wp-content\\\/uploads\\\/2021\\\/07\\\/logo_ib.png\",\"contentUrl\":\"https:\\\/\\\/www.immobilienbusiness.ch\\\/wp-content\\\/uploads\\\/2021\\\/07\\\/logo_ib.png\",\"width\":800,\"height\":181,\"caption\":\"IMMOBILIEN Business\"},\"image\":{\"@id\":\"https:\\\/\\\/www.immobilienbusiness.ch\\\/#\\\/schema\\\/logo\\\/image\\\/\"},\"sameAs\":[\"https:\\\/\\\/www.facebook.com\\\/immobilienbusiness\\\/\"]},{\"@type\":\"Person\",\"@id\":\"https:\\\/\\\/www.immobilienbusiness.ch\\\/#\\\/schema\\\/person\\\/3fc036297b10b9f42d6db5ee932af8c8\",\"name\":\"anja.hall\",\"image\":{\"@type\":\"ImageObject\",\"inLanguage\":\"en-US\",\"@id\":\"https:\\\/\\\/secure.gravatar.com\\\/avatar\\\/066b5a0d447013502c71a5782f4f3469f03cfe595cc2329fb94652fe47511bfb?s=96&d=mm&r=g\",\"url\":\"https:\\\/\\\/secure.gravatar.com\\\/avatar\\\/066b5a0d447013502c71a5782f4f3469f03cfe595cc2329fb94652fe47511bfb?s=96&d=mm&r=g\",\"contentUrl\":\"https:\\\/\\\/secure.gravatar.com\\\/avatar\\\/066b5a0d447013502c71a5782f4f3469f03cfe595cc2329fb94652fe47511bfb?s=96&d=mm&r=g\",\"caption\":\"anja.hall\"},\"url\":\"https:\\\/\\\/www.immobilienbusiness.ch\\\/en\\\/author\\\/anja-hall\\\/\"}]}<\/script>\n<!-- \/ Yoast SEO plugin. -->","yoast_head_json":{"title":"Bern: Abstimmung \u00fcber Neue Festhalle steht bevor - IMMOBILIEN Business","description":"Am 7. M\u00e4rz 2021 stimmt die Stadtberner Bev\u00f6lkerung \u00fcber den Bau der Neuen Festhalle auf dem Gel\u00e4nde der Bernexpo ab.","robots":{"index":"index","follow":"follow","max-snippet":"max-snippet:-1","max-image-preview":"max-image-preview:large","max-video-preview":"max-video-preview:-1"},"canonical":"https:\/\/www.immobilienbusiness.ch\/en\/regionen\/2021-02-01\/bern-abstimmung-ueber-neue-festhalle-steht-bevor\/","og_locale":"en_US","og_type":"article","og_title":"Bern: Abstimmung \u00fcber Neue Festhalle steht bevor - IMMOBILIEN Business","og_description":"Am 7. M\u00e4rz 2021 stimmt die Stadtberner Bev\u00f6lkerung \u00fcber den Bau der Neuen Festhalle auf dem Gel\u00e4nde der Bernexpo ab.","og_url":"https:\/\/www.immobilienbusiness.ch\/en\/regionen\/2021-02-01\/bern-abstimmung-ueber-neue-festhalle-steht-bevor\/","og_site_name":"IMMOBILIEN Business","article_publisher":"https:\/\/www.facebook.com\/immobilienbusiness\/","article_published_time":"2021-02-01T08:03:25+00:00","article_modified_time":"2023-08-09T17:44:23+00:00","og_image":[{"width":1024,"height":682,"url":"https:\/\/www.immobilienbusiness.ch\/wp-content\/uploads\/2021\/02\/Medien_Medienbild7-1024x682.jpg","type":"image\/jpeg"}],"author":"anja.hall","twitter_card":"summary_large_image","twitter_image":"https:\/\/www.immobilienbusiness.ch\/wp-content\/uploads\/2021\/02\/Medien_Medienbild7.jpg","schema":{"@context":"https:\/\/schema.org","@graph":[{"@type":"Article","@id":"https:\/\/www.immobilienbusiness.ch\/en\/regionen\/2021-02-01\/bern-abstimmung-ueber-neue-festhalle-steht-bevor\/#article","isPartOf":{"@id":"https:\/\/www.immobilienbusiness.ch\/en\/regionen\/2021-02-01\/bern-abstimmung-ueber-neue-festhalle-steht-bevor\/"},"author":{"name":"anja.hall","@id":"https:\/\/www.immobilienbusiness.ch\/#\/schema\/person\/3fc036297b10b9f42d6db5ee932af8c8"},"headline":"Bern: Abstimmung \u00fcber Neue Festhalle steht bevor","datePublished":"2021-02-01T08:03:25+00:00","dateModified":"2023-08-09T17:44:23+00:00","mainEntityOfPage":{"@id":"https:\/\/www.immobilienbusiness.ch\/en\/regionen\/2021-02-01\/bern-abstimmung-ueber-neue-festhalle-steht-bevor\/"},"wordCount":153,"publisher":{"@id":"https:\/\/www.immobilienbusiness.ch\/#organization"},"image":{"@id":"https:\/\/www.immobilienbusiness.ch\/en\/regionen\/2021-02-01\/bern-abstimmung-ueber-neue-festhalle-steht-bevor\/#primaryimage"},"thumbnailUrl":"https:\/\/www.immobilienbusiness.ch\/wp-content\/uploads\/2021\/02\/Medien_Medienbild7.jpg","keywords":["Bern","Freizeitimmobilien","Projekt in Planung"],"articleSection":["REGIONEN"],"inLanguage":"en-US"},{"@type":"WebPage","@id":"https:\/\/www.immobilienbusiness.ch\/en\/regionen\/2021-02-01\/bern-abstimmung-ueber-neue-festhalle-steht-bevor\/","url":"https:\/\/www.immobilienbusiness.ch\/en\/regionen\/2021-02-01\/bern-abstimmung-ueber-neue-festhalle-steht-bevor\/","name":"Bern: Abstimmung \u00fcber Neue Festhalle steht bevor - IMMOBILIEN Business","isPartOf":{"@id":"https:\/\/www.immobilienbusiness.ch\/#website"},"primaryImageOfPage":{"@id":"https:\/\/www.immobilienbusiness.ch\/en\/regionen\/2021-02-01\/bern-abstimmung-ueber-neue-festhalle-steht-bevor\/#primaryimage"},"image":{"@id":"https:\/\/www.immobilienbusiness.ch\/en\/regionen\/2021-02-01\/bern-abstimmung-ueber-neue-festhalle-steht-bevor\/#primaryimage"},"thumbnailUrl":"https:\/\/www.immobilienbusiness.ch\/wp-content\/uploads\/2021\/02\/Medien_Medienbild7.jpg","datePublished":"2021-02-01T08:03:25+00:00","dateModified":"2023-08-09T17:44:23+00:00","description":"Am 7. M\u00e4rz 2021 stimmt die Stadtberner Bev\u00f6lkerung \u00fcber den Bau der Neuen Festhalle auf dem Gel\u00e4nde der Bernexpo ab.","breadcrumb":{"@id":"https:\/\/www.immobilienbusiness.ch\/en\/regionen\/2021-02-01\/bern-abstimmung-ueber-neue-festhalle-steht-bevor\/#breadcrumb"},"inLanguage":"en-US","potentialAction":[{"@type":"ReadAction","target":["https:\/\/www.immobilienbusiness.ch\/en\/regionen\/2021-02-01\/bern-abstimmung-ueber-neue-festhalle-steht-bevor\/"]}]},{"@type":"ImageObject","inLanguage":"en-US","@id":"https:\/\/www.immobilienbusiness.ch\/en\/regionen\/2021-02-01\/bern-abstimmung-ueber-neue-festhalle-steht-bevor\/#primaryimage","url":"https:\/\/www.immobilienbusiness.ch\/wp-content\/uploads\/2021\/02\/Medien_Medienbild7.jpg","contentUrl":"https:\/\/www.immobilienbusiness.ch\/wp-content\/uploads\/2021\/02\/Medien_Medienbild7.jpg","width":2560,"height":1706,"caption":"Die geplante Neue Festhalle in Bern (Visualisierung: Messepark Bern AG)"},{"@type":"BreadcrumbList","@id":"https:\/\/www.immobilienbusiness.ch\/en\/regionen\/2021-02-01\/bern-abstimmung-ueber-neue-festhalle-steht-bevor\/#breadcrumb","itemListElement":[{"@type":"ListItem","position":1,"name":"Home","item":"https:\/\/www.immobilienbusiness.ch\/"},{"@type":"ListItem","position":2,"name":"Bern: Abstimmung \u00fcber Neue Festhalle steht bevor"}]},{"@type":"WebSite","@id":"https:\/\/www.immobilienbusiness.ch\/#website","url":"https:\/\/www.immobilienbusiness.ch\/","name":"REAL ESTATE Business","description":"Independent Swiss business magazine focusing on real estate, architecture and construction as well as investment and financing.","publisher":{"@id":"https:\/\/www.immobilienbusiness.ch\/#organization"},"potentialAction":[{"@type":"SearchAction","target":{"@type":"EntryPoint","urlTemplate":"https:\/\/www.immobilienbusiness.ch\/?s={search_term_string}"},"query-input":{"@type":"PropertyValueSpecification","valueRequired":true,"valueName":"search_term_string"}}],"inLanguage":"en-US"},{"@type":"Organization","@id":"https:\/\/www.immobilienbusiness.ch\/#organization","name":"REAL ESTATE Business","url":"https:\/\/www.immobilienbusiness.ch\/","logo":{"@type":"ImageObject","inLanguage":"en-US","@id":"https:\/\/www.immobilienbusiness.ch\/#\/schema\/logo\/image\/","url":"https:\/\/www.immobilienbusiness.ch\/wp-content\/uploads\/2021\/07\/logo_ib.png","contentUrl":"https:\/\/www.immobilienbusiness.ch\/wp-content\/uploads\/2021\/07\/logo_ib.png","width":800,"height":181,"caption":"IMMOBILIEN Business"},"image":{"@id":"https:\/\/www.immobilienbusiness.ch\/#\/schema\/logo\/image\/"},"sameAs":["https:\/\/www.facebook.com\/immobilienbusiness\/"]},{"@type":"Person","@id":"https:\/\/www.immobilienbusiness.ch\/#\/schema\/person\/3fc036297b10b9f42d6db5ee932af8c8","name":"anja.hall","image":{"@type":"ImageObject","inLanguage":"en-US","@id":"https:\/\/secure.gravatar.com\/avatar\/066b5a0d447013502c71a5782f4f3469f03cfe595cc2329fb94652fe47511bfb?s=96&d=mm&r=g","url":"https:\/\/secure.gravatar.com\/avatar\/066b5a0d447013502c71a5782f4f3469f03cfe595cc2329fb94652fe47511bfb?s=96&d=mm&r=g","contentUrl":"https:\/\/secure.gravatar.com\/avatar\/066b5a0d447013502c71a5782f4f3469f03cfe595cc2329fb94652fe47511bfb?s=96&d=mm&r=g","caption":"anja.hall"},"url":"https:\/\/www.immobilienbusiness.ch\/en\/author\/anja-hall\/"}]}},"_links":{"self":[{"href":"https:\/\/www.immobilienbusiness.ch\/en\/wp-json\/wp\/v2\/posts\/23379","targetHints":{"allow":["GET"]}}],"collection":[{"href":"https:\/\/www.immobilienbusiness.ch\/en\/wp-json\/wp\/v2\/posts"}],"about":[{"href":"https:\/\/www.immobilienbusiness.ch\/en\/wp-json\/wp\/v2\/types\/post"}],"author":[{"embeddable":true,"href":"https:\/\/www.immobilienbusiness.ch\/en\/wp-json\/wp\/v2\/users\/3"}],"replies":[{"embeddable":true,"href":"https:\/\/www.immobilienbusiness.ch\/en\/wp-json\/wp\/v2\/comments?post=23379"}],"version-history":[{"count":1,"href":"https:\/\/www.immobilienbusiness.ch\/en\/wp-json\/wp\/v2\/posts\/23379\/revisions"}],"predecessor-version":[{"id":51745,"href":"https:\/\/www.immobilienbusiness.ch\/en\/wp-json\/wp\/v2\/posts\/23379\/revisions\/51745"}],"wp:featuredmedia":[{"embeddable":true,"href":"https:\/\/www.immobilienbusiness.ch\/en\/wp-json\/wp\/v2\/media\/23380"}],"wp:attachment":[{"href":"https:\/\/www.immobilienbusiness.ch\/en\/wp-json\/wp\/v2\/media?parent=23379"}],"wp:term":[{"taxonomy":"category","embeddable":true,"href":"https:\/\/www.immobilienbusiness.ch\/en\/wp-json\/wp\/v2\/categories?post=23379"},{"taxonomy":"post_tag","embeddable":true,"href":"https:\/\/www.immobilienbusiness.ch\/en\/wp-json\/wp\/v2\/tags?post=23379"}],"curies":[{"name":"wp","href":"https:\/\/api.w.org\/{rel}","templated":true}]}}