{"id":2329,"date":"2016-02-19T08:59:38","date_gmt":"2016-02-19T07:59:38","guid":{"rendered":"http:\/\/dev.immobilienbusiness.ch\/?p=2329"},"modified":"2016-02-19T08:59:38","modified_gmt":"2016-02-19T07:59:38","slug":"zuerich-astrid-heymann-wird-direktorin-der-lvz","status":"publish","type":"post","link":"https:\/\/www.immobilienbusiness.ch\/en\/regionen\/2016-02-19\/zuerich-astrid-heymann-wird-direktorin-der-lvz\/","title":{"rendered":"Zurich: Astrid Heymann becomes director of the LVZ"},"content":{"rendered":"<figure id=\"attachment_2330\" aria-describedby=\"caption-attachment-2330\" style=\"width: 680px\" class=\"wp-caption alignnone\"><img loading=\"lazy\" decoding=\"async\" class=\"size-medium wp-image-2330\" src=\"https:\/\/immobilienbusiness.ch\/wp-content\/uploads\/2016\/12\/Z\u00fcrich-Astrid-Heymann-wird-Direktorin-der-LVZ-immobilien-business.jpg\" alt=\"Astrid Heymann leitet ab September die LVZ (Foto: Stadt Z\u00fcrich)\" width=\"680\" height=\"453\" \/><figcaption id=\"caption-attachment-2330\" class=\"wp-caption-text\">Astrid Heymann to head LVZ from September (Photo: City of Zurich)<\/figcaption><\/figure>\n<p>Astrid Heymann (born 1969) has been working for Pensimo Management AG (Zurich) since 2009. There she was responsible for the investment foundation Adimora as head of mandate and for the investment foundation Turidomus as portfolio manager.<\/p>\n<p>Other stations in her career include Metron Architektur in Brugg, where she worked from 2001 to 2008 in the areas of design and implementation planning, consulting and communication. From 2008 to 2009, she was involved in the strategic planning of the ETH Domain's real estate portfolio. Heymann holds degrees in interior design and architecture. In 2006\/07 she completed a Master of Science in Real Estate (CUREM Zurich).<\/p>\n<p>Astrid Heymann has prevailed over 27 competitors in the application process to become director of the Real Estate Administration. Her predecessor, Arno Roggo, is retiring after 22 years as director of the real estate administration. (ah)<\/p>","protected":false},"excerpt":{"rendered":"<p>The Zurich City Council has elected Astrid Heymann as Director of the Real Estate Administration of the City of Zurich (LVZ). She will take up the post in the Finance Department of City Councillor Daniel Leupi on September 1, 2016.<\/p>","protected":false},"author":1,"featured_media":2330,"comment_status":"open","ping_status":"open","sticky":false,"template":"","format":"standard","meta":{"_acf_changed":false,"_yoast_wpseo_focuskw":"Astrid Heymann","_yoast_wpseo_title":"","_yoast_wpseo_metadesc":"Der Z\u00fcrcher Stadtrat hat Astrid Heymann zur Direktorin der Liegenschaftenverwaltung der Stadt Z\u00fcrich (LVZ) gew\u00e4hlt.","_yoast_wpseo_linkdex":71,"pgc_sgb_lightbox_settings":"","footnotes":""},"categories":[985],"tags":[1564,1629,1888],"class_list":["post-2329","post","type-post","status-publish","format-standard","has-post-thumbnail","hentry","category-regionen","tag-personalien","tag-regionen","tag-zuerich"],"acf":[],"yoast_head":"<!-- This site is optimized with the Yoast SEO plugin v27.5 - https:\/\/yoast.com\/product\/yoast-seo-wordpress\/ -->\n<title>Z\u00fcrich: Astrid Heymann wird Direktorin der LVZ - IMMOBILIEN Business<\/title>\n<meta name=\"description\" content=\"Der Z\u00fcrcher Stadtrat hat Astrid Heymann zur Direktorin der Liegenschaftenverwaltung der Stadt Z\u00fcrich (LVZ) gew\u00e4hlt.\" \/>\n<meta name=\"robots\" content=\"index, follow, max-snippet:-1, max-image-preview:large, max-video-preview:-1\" \/>\n<link rel=\"canonical\" href=\"https:\/\/www.immobilienbusiness.ch\/en\/regionen\/2016-02-19\/zuerich-astrid-heymann-wird-direktorin-der-lvz\/\" \/>\n<meta property=\"og:locale\" content=\"en_US\" \/>\n<meta property=\"og:type\" content=\"article\" \/>\n<meta property=\"og:title\" content=\"Z\u00fcrich: Astrid Heymann wird Direktorin der LVZ\" \/>\n<meta property=\"og:description\" content=\"Der Z\u00fcrcher Stadtrat hat Astrid Heymann zur Direktorin der Liegenschaftenverwaltung der Stadt Z\u00fcrich (LVZ) gew\u00e4hlt. Sie tritt die Stelle im Finanzdepartement von Stadtrat Daniel Leupi am 1. September 2016 an.\" \/>\n<meta property=\"og:url\" content=\"https:\/\/www.immobilienbusiness.ch\/en\/regionen\/2016-02-19\/zuerich-astrid-heymann-wird-direktorin-der-lvz\/\" \/>\n<meta property=\"og:site_name\" content=\"IMMOBILIEN Business\" \/>\n<meta property=\"article:publisher\" content=\"https:\/\/www.facebook.com\/immobilienbusiness\/\" \/>\n<meta property=\"article:published_time\" content=\"2016-02-19T07:59:38+00:00\" \/>\n<meta name=\"author\" content=\"Redaktion\" \/>\n<meta name=\"twitter:card\" content=\"summary_large_image\" \/>\n<meta name=\"twitter:image\" content=\"https:\/\/www.immobilienbusiness.ch\/wp-content\/uploads\/2016\/12\/Zuerich-Astrid-Heymann-wird-Direktorin-der-LVZ-immobilien-business.jpg\" \/>\n<script type=\"application\/ld+json\" class=\"yoast-schema-graph\">{\"@context\":\"https:\\\/\\\/schema.org\",\"@graph\":[{\"@type\":\"Article\",\"@id\":\"https:\\\/\\\/www.immobilienbusiness.ch\\\/regionen\\\/2016-02-19\\\/zuerich-astrid-heymann-wird-direktorin-der-lvz\\\/#article\",\"isPartOf\":{\"@id\":\"https:\\\/\\\/www.immobilienbusiness.ch\\\/regionen\\\/2016-02-19\\\/zuerich-astrid-heymann-wird-direktorin-der-lvz\\\/\"},\"author\":{\"name\":\"Redaktion\",\"@id\":\"https:\\\/\\\/www.immobilienbusiness.ch\\\/#\\\/schema\\\/person\\\/aa2bace6c5c5aad60102004a50c4eb1c\"},\"headline\":\"Z\u00fcrich: Astrid Heymann wird Direktorin der LVZ\",\"datePublished\":\"2016-02-19T07:59:38+00:00\",\"mainEntityOfPage\":{\"@id\":\"https:\\\/\\\/www.immobilienbusiness.ch\\\/regionen\\\/2016-02-19\\\/zuerich-astrid-heymann-wird-direktorin-der-lvz\\\/\"},\"wordCount\":149,\"commentCount\":0,\"publisher\":{\"@id\":\"https:\\\/\\\/www.immobilienbusiness.ch\\\/#organization\"},\"image\":{\"@id\":\"https:\\\/\\\/www.immobilienbusiness.ch\\\/regionen\\\/2016-02-19\\\/zuerich-astrid-heymann-wird-direktorin-der-lvz\\\/#primaryimage\"},\"thumbnailUrl\":\"https:\\\/\\\/www.immobilienbusiness.ch\\\/wp-content\\\/uploads\\\/2016\\\/12\\\/Zuerich-Astrid-Heymann-wird-Direktorin-der-LVZ-immobilien-business.jpg\",\"keywords\":[\"Personalien\",\"Regionen\",\"Z\u00fcrich\"],\"articleSection\":[\"REGIONEN\"],\"inLanguage\":\"en-US\"},{\"@type\":\"WebPage\",\"@id\":\"https:\\\/\\\/www.immobilienbusiness.ch\\\/regionen\\\/2016-02-19\\\/zuerich-astrid-heymann-wird-direktorin-der-lvz\\\/\",\"url\":\"https:\\\/\\\/www.immobilienbusiness.ch\\\/regionen\\\/2016-02-19\\\/zuerich-astrid-heymann-wird-direktorin-der-lvz\\\/\",\"name\":\"Z\u00fcrich: Astrid Heymann wird Direktorin der LVZ - IMMOBILIEN Business\",\"isPartOf\":{\"@id\":\"https:\\\/\\\/www.immobilienbusiness.ch\\\/#website\"},\"primaryImageOfPage\":{\"@id\":\"https:\\\/\\\/www.immobilienbusiness.ch\\\/regionen\\\/2016-02-19\\\/zuerich-astrid-heymann-wird-direktorin-der-lvz\\\/#primaryimage\"},\"image\":{\"@id\":\"https:\\\/\\\/www.immobilienbusiness.ch\\\/regionen\\\/2016-02-19\\\/zuerich-astrid-heymann-wird-direktorin-der-lvz\\\/#primaryimage\"},\"thumbnailUrl\":\"https:\\\/\\\/www.immobilienbusiness.ch\\\/wp-content\\\/uploads\\\/2016\\\/12\\\/Zuerich-Astrid-Heymann-wird-Direktorin-der-LVZ-immobilien-business.jpg\",\"datePublished\":\"2016-02-19T07:59:38+00:00\",\"description\":\"Der Z\u00fcrcher Stadtrat hat Astrid Heymann zur Direktorin der Liegenschaftenverwaltung der Stadt Z\u00fcrich (LVZ) gew\u00e4hlt.\",\"breadcrumb\":{\"@id\":\"https:\\\/\\\/www.immobilienbusiness.ch\\\/regionen\\\/2016-02-19\\\/zuerich-astrid-heymann-wird-direktorin-der-lvz\\\/#breadcrumb\"},\"inLanguage\":\"en-US\",\"potentialAction\":[{\"@type\":\"ReadAction\",\"target\":[\"https:\\\/\\\/www.immobilienbusiness.ch\\\/regionen\\\/2016-02-19\\\/zuerich-astrid-heymann-wird-direktorin-der-lvz\\\/\"]}]},{\"@type\":\"ImageObject\",\"inLanguage\":\"en-US\",\"@id\":\"https:\\\/\\\/www.immobilienbusiness.ch\\\/regionen\\\/2016-02-19\\\/zuerich-astrid-heymann-wird-direktorin-der-lvz\\\/#primaryimage\",\"url\":\"https:\\\/\\\/www.immobilienbusiness.ch\\\/wp-content\\\/uploads\\\/2016\\\/12\\\/Zuerich-Astrid-Heymann-wird-Direktorin-der-LVZ-immobilien-business.jpg\",\"contentUrl\":\"https:\\\/\\\/www.immobilienbusiness.ch\\\/wp-content\\\/uploads\\\/2016\\\/12\\\/Zuerich-Astrid-Heymann-wird-Direktorin-der-LVZ-immobilien-business.jpg\",\"width\":1772,\"height\":1181,\"caption\":\"Astrid Heymann leitet ab September die LVZ (Foto: Stadt Z\u00fcrich)\"},{\"@type\":\"BreadcrumbList\",\"@id\":\"https:\\\/\\\/www.immobilienbusiness.ch\\\/regionen\\\/2016-02-19\\\/zuerich-astrid-heymann-wird-direktorin-der-lvz\\\/#breadcrumb\",\"itemListElement\":[{\"@type\":\"ListItem\",\"position\":1,\"name\":\"Home\",\"item\":\"https:\\\/\\\/www.immobilienbusiness.ch\\\/\"},{\"@type\":\"ListItem\",\"position\":2,\"name\":\"Z\u00fcrich: Astrid Heymann wird Direktorin der LVZ\"}]},{\"@type\":\"WebSite\",\"@id\":\"https:\\\/\\\/www.immobilienbusiness.ch\\\/#website\",\"url\":\"https:\\\/\\\/www.immobilienbusiness.ch\\\/\",\"name\":\"IMMOBILIEN Business\",\"description\":\"Unabh\u00e4ngiges Schweizer Wirtschaftsmagazin mit Fokus auf Immobilien, Architektur- und Bau sowie Investment- und Finanzierung.\",\"publisher\":{\"@id\":\"https:\\\/\\\/www.immobilienbusiness.ch\\\/#organization\"},\"potentialAction\":[{\"@type\":\"SearchAction\",\"target\":{\"@type\":\"EntryPoint\",\"urlTemplate\":\"https:\\\/\\\/www.immobilienbusiness.ch\\\/?s={search_term_string}\"},\"query-input\":{\"@type\":\"PropertyValueSpecification\",\"valueRequired\":true,\"valueName\":\"search_term_string\"}}],\"inLanguage\":\"en-US\"},{\"@type\":\"Organization\",\"@id\":\"https:\\\/\\\/www.immobilienbusiness.ch\\\/#organization\",\"name\":\"IMMOBILIEN Business\",\"url\":\"https:\\\/\\\/www.immobilienbusiness.ch\\\/\",\"logo\":{\"@type\":\"ImageObject\",\"inLanguage\":\"en-US\",\"@id\":\"https:\\\/\\\/www.immobilienbusiness.ch\\\/#\\\/schema\\\/logo\\\/image\\\/\",\"url\":\"https:\\\/\\\/www.immobilienbusiness.ch\\\/wp-content\\\/uploads\\\/2021\\\/07\\\/logo_ib.png\",\"contentUrl\":\"https:\\\/\\\/www.immobilienbusiness.ch\\\/wp-content\\\/uploads\\\/2021\\\/07\\\/logo_ib.png\",\"width\":800,\"height\":181,\"caption\":\"IMMOBILIEN Business\"},\"image\":{\"@id\":\"https:\\\/\\\/www.immobilienbusiness.ch\\\/#\\\/schema\\\/logo\\\/image\\\/\"},\"sameAs\":[\"https:\\\/\\\/www.facebook.com\\\/immobilienbusiness\\\/\"]},{\"@type\":\"Person\",\"@id\":\"https:\\\/\\\/www.immobilienbusiness.ch\\\/#\\\/schema\\\/person\\\/aa2bace6c5c5aad60102004a50c4eb1c\",\"name\":\"Redaktion\",\"image\":{\"@type\":\"ImageObject\",\"inLanguage\":\"en-US\",\"@id\":\"https:\\\/\\\/secure.gravatar.com\\\/avatar\\\/ae2f4d718e6c49043e314ce431e7e645d646302a24a5ef5a8bc8e3f5a032e319?s=96&d=mm&r=g\",\"url\":\"https:\\\/\\\/secure.gravatar.com\\\/avatar\\\/ae2f4d718e6c49043e314ce431e7e645d646302a24a5ef5a8bc8e3f5a032e319?s=96&d=mm&r=g\",\"contentUrl\":\"https:\\\/\\\/secure.gravatar.com\\\/avatar\\\/ae2f4d718e6c49043e314ce431e7e645d646302a24a5ef5a8bc8e3f5a032e319?s=96&d=mm&r=g\",\"caption\":\"Redaktion\"},\"sameAs\":[\"http:\\\/\\\/develop.organisator.galledia.ch\"],\"url\":\"https:\\\/\\\/www.immobilienbusiness.ch\\\/en\\\/author\\\/admin\\\/\"}]}<\/script>\n<!-- \/ Yoast SEO plugin. -->","yoast_head_json":{"title":"Z\u00fcrich: Astrid Heymann wird Direktorin der LVZ - IMMOBILIEN Business","description":"Der Z\u00fcrcher Stadtrat hat Astrid Heymann zur Direktorin der Liegenschaftenverwaltung der Stadt Z\u00fcrich (LVZ) gew\u00e4hlt.","robots":{"index":"index","follow":"follow","max-snippet":"max-snippet:-1","max-image-preview":"max-image-preview:large","max-video-preview":"max-video-preview:-1"},"canonical":"https:\/\/www.immobilienbusiness.ch\/en\/regionen\/2016-02-19\/zuerich-astrid-heymann-wird-direktorin-der-lvz\/","og_locale":"en_US","og_type":"article","og_title":"Z\u00fcrich: Astrid Heymann wird Direktorin der LVZ","og_description":"Der Z\u00fcrcher Stadtrat hat Astrid Heymann zur Direktorin der Liegenschaftenverwaltung der Stadt Z\u00fcrich (LVZ) gew\u00e4hlt. Sie tritt die Stelle im Finanzdepartement von Stadtrat Daniel Leupi am 1. September 2016 an.","og_url":"https:\/\/www.immobilienbusiness.ch\/en\/regionen\/2016-02-19\/zuerich-astrid-heymann-wird-direktorin-der-lvz\/","og_site_name":"IMMOBILIEN Business","article_publisher":"https:\/\/www.facebook.com\/immobilienbusiness\/","article_published_time":"2016-02-19T07:59:38+00:00","author":"Redaktion","twitter_card":"summary_large_image","twitter_image":"https:\/\/www.immobilienbusiness.ch\/wp-content\/uploads\/2016\/12\/Zuerich-Astrid-Heymann-wird-Direktorin-der-LVZ-immobilien-business.jpg","schema":{"@context":"https:\/\/schema.org","@graph":[{"@type":"Article","@id":"https:\/\/www.immobilienbusiness.ch\/regionen\/2016-02-19\/zuerich-astrid-heymann-wird-direktorin-der-lvz\/#article","isPartOf":{"@id":"https:\/\/www.immobilienbusiness.ch\/regionen\/2016-02-19\/zuerich-astrid-heymann-wird-direktorin-der-lvz\/"},"author":{"name":"Redaktion","@id":"https:\/\/www.immobilienbusiness.ch\/#\/schema\/person\/aa2bace6c5c5aad60102004a50c4eb1c"},"headline":"Z\u00fcrich: Astrid Heymann wird Direktorin der LVZ","datePublished":"2016-02-19T07:59:38+00:00","mainEntityOfPage":{"@id":"https:\/\/www.immobilienbusiness.ch\/regionen\/2016-02-19\/zuerich-astrid-heymann-wird-direktorin-der-lvz\/"},"wordCount":149,"commentCount":0,"publisher":{"@id":"https:\/\/www.immobilienbusiness.ch\/#organization"},"image":{"@id":"https:\/\/www.immobilienbusiness.ch\/regionen\/2016-02-19\/zuerich-astrid-heymann-wird-direktorin-der-lvz\/#primaryimage"},"thumbnailUrl":"https:\/\/www.immobilienbusiness.ch\/wp-content\/uploads\/2016\/12\/Zuerich-Astrid-Heymann-wird-Direktorin-der-LVZ-immobilien-business.jpg","keywords":["Personalien","Regionen","Z\u00fcrich"],"articleSection":["REGIONEN"],"inLanguage":"en-US"},{"@type":"WebPage","@id":"https:\/\/www.immobilienbusiness.ch\/regionen\/2016-02-19\/zuerich-astrid-heymann-wird-direktorin-der-lvz\/","url":"https:\/\/www.immobilienbusiness.ch\/regionen\/2016-02-19\/zuerich-astrid-heymann-wird-direktorin-der-lvz\/","name":"Z\u00fcrich: Astrid Heymann wird Direktorin der LVZ - IMMOBILIEN Business","isPartOf":{"@id":"https:\/\/www.immobilienbusiness.ch\/#website"},"primaryImageOfPage":{"@id":"https:\/\/www.immobilienbusiness.ch\/regionen\/2016-02-19\/zuerich-astrid-heymann-wird-direktorin-der-lvz\/#primaryimage"},"image":{"@id":"https:\/\/www.immobilienbusiness.ch\/regionen\/2016-02-19\/zuerich-astrid-heymann-wird-direktorin-der-lvz\/#primaryimage"},"thumbnailUrl":"https:\/\/www.immobilienbusiness.ch\/wp-content\/uploads\/2016\/12\/Zuerich-Astrid-Heymann-wird-Direktorin-der-LVZ-immobilien-business.jpg","datePublished":"2016-02-19T07:59:38+00:00","description":"Der Z\u00fcrcher Stadtrat hat Astrid Heymann zur Direktorin der Liegenschaftenverwaltung der Stadt Z\u00fcrich (LVZ) gew\u00e4hlt.","breadcrumb":{"@id":"https:\/\/www.immobilienbusiness.ch\/regionen\/2016-02-19\/zuerich-astrid-heymann-wird-direktorin-der-lvz\/#breadcrumb"},"inLanguage":"en-US","potentialAction":[{"@type":"ReadAction","target":["https:\/\/www.immobilienbusiness.ch\/regionen\/2016-02-19\/zuerich-astrid-heymann-wird-direktorin-der-lvz\/"]}]},{"@type":"ImageObject","inLanguage":"en-US","@id":"https:\/\/www.immobilienbusiness.ch\/regionen\/2016-02-19\/zuerich-astrid-heymann-wird-direktorin-der-lvz\/#primaryimage","url":"https:\/\/www.immobilienbusiness.ch\/wp-content\/uploads\/2016\/12\/Zuerich-Astrid-Heymann-wird-Direktorin-der-LVZ-immobilien-business.jpg","contentUrl":"https:\/\/www.immobilienbusiness.ch\/wp-content\/uploads\/2016\/12\/Zuerich-Astrid-Heymann-wird-Direktorin-der-LVZ-immobilien-business.jpg","width":1772,"height":1181,"caption":"Astrid Heymann leitet ab September die LVZ (Foto: Stadt Z\u00fcrich)"},{"@type":"BreadcrumbList","@id":"https:\/\/www.immobilienbusiness.ch\/regionen\/2016-02-19\/zuerich-astrid-heymann-wird-direktorin-der-lvz\/#breadcrumb","itemListElement":[{"@type":"ListItem","position":1,"name":"Home","item":"https:\/\/www.immobilienbusiness.ch\/"},{"@type":"ListItem","position":2,"name":"Z\u00fcrich: Astrid Heymann wird Direktorin der LVZ"}]},{"@type":"WebSite","@id":"https:\/\/www.immobilienbusiness.ch\/#website","url":"https:\/\/www.immobilienbusiness.ch\/","name":"REAL ESTATE Business","description":"Independent Swiss business magazine focusing on real estate, architecture and construction as well as investment and financing.","publisher":{"@id":"https:\/\/www.immobilienbusiness.ch\/#organization"},"potentialAction":[{"@type":"SearchAction","target":{"@type":"EntryPoint","urlTemplate":"https:\/\/www.immobilienbusiness.ch\/?s={search_term_string}"},"query-input":{"@type":"PropertyValueSpecification","valueRequired":true,"valueName":"search_term_string"}}],"inLanguage":"en-US"},{"@type":"Organization","@id":"https:\/\/www.immobilienbusiness.ch\/#organization","name":"REAL ESTATE Business","url":"https:\/\/www.immobilienbusiness.ch\/","logo":{"@type":"ImageObject","inLanguage":"en-US","@id":"https:\/\/www.immobilienbusiness.ch\/#\/schema\/logo\/image\/","url":"https:\/\/www.immobilienbusiness.ch\/wp-content\/uploads\/2021\/07\/logo_ib.png","contentUrl":"https:\/\/www.immobilienbusiness.ch\/wp-content\/uploads\/2021\/07\/logo_ib.png","width":800,"height":181,"caption":"IMMOBILIEN Business"},"image":{"@id":"https:\/\/www.immobilienbusiness.ch\/#\/schema\/logo\/image\/"},"sameAs":["https:\/\/www.facebook.com\/immobilienbusiness\/"]},{"@type":"Person","@id":"https:\/\/www.immobilienbusiness.ch\/#\/schema\/person\/aa2bace6c5c5aad60102004a50c4eb1c","name":"Editorial","image":{"@type":"ImageObject","inLanguage":"en-US","@id":"https:\/\/secure.gravatar.com\/avatar\/ae2f4d718e6c49043e314ce431e7e645d646302a24a5ef5a8bc8e3f5a032e319?s=96&d=mm&r=g","url":"https:\/\/secure.gravatar.com\/avatar\/ae2f4d718e6c49043e314ce431e7e645d646302a24a5ef5a8bc8e3f5a032e319?s=96&d=mm&r=g","contentUrl":"https:\/\/secure.gravatar.com\/avatar\/ae2f4d718e6c49043e314ce431e7e645d646302a24a5ef5a8bc8e3f5a032e319?s=96&d=mm&r=g","caption":"Redaktion"},"sameAs":["http:\/\/develop.organisator.galledia.ch"],"url":"https:\/\/www.immobilienbusiness.ch\/en\/author\/admin\/"}]}},"_links":{"self":[{"href":"https:\/\/www.immobilienbusiness.ch\/en\/wp-json\/wp\/v2\/posts\/2329","targetHints":{"allow":["GET"]}}],"collection":[{"href":"https:\/\/www.immobilienbusiness.ch\/en\/wp-json\/wp\/v2\/posts"}],"about":[{"href":"https:\/\/www.immobilienbusiness.ch\/en\/wp-json\/wp\/v2\/types\/post"}],"author":[{"embeddable":true,"href":"https:\/\/www.immobilienbusiness.ch\/en\/wp-json\/wp\/v2\/users\/1"}],"replies":[{"embeddable":true,"href":"https:\/\/www.immobilienbusiness.ch\/en\/wp-json\/wp\/v2\/comments?post=2329"}],"version-history":[{"count":0,"href":"https:\/\/www.immobilienbusiness.ch\/en\/wp-json\/wp\/v2\/posts\/2329\/revisions"}],"wp:featuredmedia":[{"embeddable":true,"href":"https:\/\/www.immobilienbusiness.ch\/en\/wp-json\/wp\/v2\/media\/2330"}],"wp:attachment":[{"href":"https:\/\/www.immobilienbusiness.ch\/en\/wp-json\/wp\/v2\/media?parent=2329"}],"wp:term":[{"taxonomy":"category","embeddable":true,"href":"https:\/\/www.immobilienbusiness.ch\/en\/wp-json\/wp\/v2\/categories?post=2329"},{"taxonomy":"post_tag","embeddable":true,"href":"https:\/\/www.immobilienbusiness.ch\/en\/wp-json\/wp\/v2\/tags?post=2329"}],"curies":[{"name":"wp","href":"https:\/\/api.w.org\/{rel}","templated":true}]}}