{"id":23284,"date":"2021-01-19T09:12:08","date_gmt":"2021-01-19T08:12:08","guid":{"rendered":"https:\/\/www.immobilienbusiness.ch\/?p=23284"},"modified":"2021-01-19T09:12:08","modified_gmt":"2021-01-19T08:12:08","slug":"la-fonciere-gesamtvermoegen-steigt-auf-154-milliarden","status":"publish","type":"post","link":"https:\/\/www.immobilienbusiness.ch\/en\/unternehmen\/2021-01-19\/la-fonciere-gesamtvermoegen-steigt-auf-154-milliarden\/","title":{"rendered":"La Fonci\u00e8re: Total assets increase to 1.54 billion"},"content":{"rendered":"<figure id=\"attachment_17084\" aria-describedby=\"caption-attachment-17084\" style=\"width: 500px\" class=\"wp-caption alignnone\"><img loading=\"lazy\" decoding=\"async\" class=\"size-full wp-image-17084\" src=\"https:\/\/www.immobilienbusiness.ch\/wp-content\/uploads\/2019\/05\/Depositphotos_5645748_s-2015.jpg\" alt=\"\" width=\"500\" height=\"333\" srcset=\"https:\/\/www.immobilienbusiness.ch\/wp-content\/uploads\/2019\/05\/Depositphotos_5645748_s-2015.jpg 500w, https:\/\/www.immobilienbusiness.ch\/wp-content\/uploads\/2019\/05\/Depositphotos_5645748_s-2015-300x200.jpg 300w, https:\/\/www.immobilienbusiness.ch\/wp-content\/uploads\/2019\/05\/Depositphotos_5645748_s-2015-16x12.jpg 16w, https:\/\/www.immobilienbusiness.ch\/wp-content\/uploads\/2019\/05\/Depositphotos_5645748_s-2015-263x175.jpg 263w\" sizes=\"auto, (max-width: 500px) 100vw, 500px\" \/><figcaption id=\"caption-attachment-17084\" class=\"wp-caption-text\">The real estate fund La Fonci\u00e8re remains on a growth path (Image: depositphotos)<\/figcaption><\/figure>\n<p>As reported by Investissements Fonciers, the net assets of La Fonci\u00e8re amount to CHF 1.23 billion after CHF 1.06 billion in the previous year. The net asset value is CHF 90.10 (PY: CHF 85.90; +4.89%).<\/p>\n<p>The rental loss rate is estimated at 2.41%. Rent losses related to the Corona pandemic amounted to 0.98% of recoverable rental income. Overall, the Fund's rental income was stable at 81.31 million. According to Investissements Fonciers, the loss of profit from properties that were temporarily unrented amounted to 0.52% of annual income (PY: 0.74%).<\/p>\n<p>The operating profit margin (EBIT margin) is reported to be 51.62%, and the fund operating expense ratio (TERREF GAV) is 0.71%. Return on equity (ROE) is put at 7.38% and return on invested capital (ROIC) at 5.74%.<\/p>\n<p>The dividend for the financial year ending September 30, 2020, will increase by 3 centimes to CHF 2.20 per share. <em>(ah)<\/em><\/p>","protected":false},"excerpt":{"rendered":"<p>The La Fonci\u00e8re real estate fund holds properties with a market value of around CHF 1.54 billion in its portfolio at the end of the 2019\/20 financial year. This is 5.4% more than in the previous year.<\/p>","protected":false},"author":3,"featured_media":17084,"comment_status":"closed","ping_status":"open","sticky":false,"template":"","format":"standard","meta":{"_acf_changed":false,"_yoast_wpseo_focuskw":"Fonci\u00e8re","_yoast_wpseo_title":"","_yoast_wpseo_metadesc":"Der Immobilienfonds La Fonci\u00e8re h\u00e4lt per Ende des Gesch\u00e4ftsjahrs 2019\/20 Immobilien mit einem Verkehrswert von rund 1,54 Milliarden CHF im Bestand.","_yoast_wpseo_linkdex":51,"pgc_sgb_lightbox_settings":"","footnotes":""},"categories":[988],"tags":[1344,1389,1431],"class_list":["post-23284","post","type-post","status-publish","format-standard","has-post-thumbnail","hentry","category-unternehmen","tag-immobilienfonds","tag-jahresergebnis","tag-la-fonciere"],"acf":[],"yoast_head":"<!-- This site is optimized with the Yoast SEO plugin v27.5 - https:\/\/yoast.com\/product\/yoast-seo-wordpress\/ -->\n<title>La Fonci\u00e8re: Gesamtverm\u00f6gen steigt auf 1,54 Milliarden - IMMOBILIEN Business<\/title>\n<meta name=\"description\" content=\"Der Immobilienfonds La Fonci\u00e8re h\u00e4lt per Ende des Gesch\u00e4ftsjahrs 2019\/20 Immobilien mit einem Verkehrswert von rund 1,54 Milliarden CHF im Bestand.\" \/>\n<meta name=\"robots\" content=\"index, follow, max-snippet:-1, max-image-preview:large, max-video-preview:-1\" \/>\n<link rel=\"canonical\" href=\"https:\/\/www.immobilienbusiness.ch\/en\/unternehmen\/2021-01-19\/la-fonciere-gesamtvermoegen-steigt-auf-154-milliarden\/\" \/>\n<meta property=\"og:locale\" content=\"en_US\" \/>\n<meta property=\"og:type\" content=\"article\" \/>\n<meta property=\"og:title\" content=\"La Fonci\u00e8re: Gesamtverm\u00f6gen steigt auf 1,54 Milliarden - IMMOBILIEN Business\" \/>\n<meta property=\"og:description\" content=\"Der Immobilienfonds La Fonci\u00e8re h\u00e4lt per Ende des Gesch\u00e4ftsjahrs 2019\/20 Immobilien mit einem Verkehrswert von rund 1,54 Milliarden CHF im Bestand.\" \/>\n<meta property=\"og:url\" content=\"https:\/\/www.immobilienbusiness.ch\/en\/unternehmen\/2021-01-19\/la-fonciere-gesamtvermoegen-steigt-auf-154-milliarden\/\" \/>\n<meta property=\"og:site_name\" content=\"IMMOBILIEN Business\" \/>\n<meta property=\"article:publisher\" content=\"https:\/\/www.facebook.com\/immobilienbusiness\/\" \/>\n<meta property=\"article:published_time\" content=\"2021-01-19T08:12:08+00:00\" \/>\n<meta property=\"og:image\" content=\"https:\/\/www.immobilienbusiness.ch\/wp-content\/uploads\/2019\/05\/Depositphotos_5645748_s-2015.jpg\" \/>\n\t<meta property=\"og:image:width\" content=\"500\" \/>\n\t<meta property=\"og:image:height\" content=\"333\" \/>\n\t<meta property=\"og:image:type\" content=\"image\/jpeg\" \/>\n<meta name=\"author\" content=\"anja.hall\" \/>\n<meta name=\"twitter:card\" content=\"summary_large_image\" \/>\n<meta name=\"twitter:image\" content=\"https:\/\/www.immobilienbusiness.ch\/wp-content\/uploads\/2019\/05\/Depositphotos_5645748_s-2015.jpg\" \/>\n<script type=\"application\/ld+json\" class=\"yoast-schema-graph\">{\"@context\":\"https:\\\/\\\/schema.org\",\"@graph\":[{\"@type\":\"Article\",\"@id\":\"https:\\\/\\\/www.immobilienbusiness.ch\\\/unternehmen\\\/2021-01-19\\\/la-fonciere-gesamtvermoegen-steigt-auf-154-milliarden\\\/#article\",\"isPartOf\":{\"@id\":\"https:\\\/\\\/www.immobilienbusiness.ch\\\/unternehmen\\\/2021-01-19\\\/la-fonciere-gesamtvermoegen-steigt-auf-154-milliarden\\\/\"},\"author\":{\"name\":\"anja.hall\",\"@id\":\"https:\\\/\\\/www.immobilienbusiness.ch\\\/#\\\/schema\\\/person\\\/3fc036297b10b9f42d6db5ee932af8c8\"},\"headline\":\"La Fonci\u00e8re: Gesamtverm\u00f6gen steigt auf 1,54 Milliarden\",\"datePublished\":\"2021-01-19T08:12:08+00:00\",\"mainEntityOfPage\":{\"@id\":\"https:\\\/\\\/www.immobilienbusiness.ch\\\/unternehmen\\\/2021-01-19\\\/la-fonciere-gesamtvermoegen-steigt-auf-154-milliarden\\\/\"},\"wordCount\":149,\"publisher\":{\"@id\":\"https:\\\/\\\/www.immobilienbusiness.ch\\\/#organization\"},\"image\":{\"@id\":\"https:\\\/\\\/www.immobilienbusiness.ch\\\/unternehmen\\\/2021-01-19\\\/la-fonciere-gesamtvermoegen-steigt-auf-154-milliarden\\\/#primaryimage\"},\"thumbnailUrl\":\"https:\\\/\\\/www.immobilienbusiness.ch\\\/wp-content\\\/uploads\\\/2019\\\/05\\\/Depositphotos_5645748_s-2015.jpg\",\"keywords\":[\"Immobilienfonds\",\"Jahresergebnis\",\"La Fonci\u00e8re\"],\"articleSection\":[\"UNTERNEHMEN\"],\"inLanguage\":\"en-US\"},{\"@type\":\"WebPage\",\"@id\":\"https:\\\/\\\/www.immobilienbusiness.ch\\\/unternehmen\\\/2021-01-19\\\/la-fonciere-gesamtvermoegen-steigt-auf-154-milliarden\\\/\",\"url\":\"https:\\\/\\\/www.immobilienbusiness.ch\\\/unternehmen\\\/2021-01-19\\\/la-fonciere-gesamtvermoegen-steigt-auf-154-milliarden\\\/\",\"name\":\"La Fonci\u00e8re: Gesamtverm\u00f6gen steigt auf 1,54 Milliarden - IMMOBILIEN Business\",\"isPartOf\":{\"@id\":\"https:\\\/\\\/www.immobilienbusiness.ch\\\/#website\"},\"primaryImageOfPage\":{\"@id\":\"https:\\\/\\\/www.immobilienbusiness.ch\\\/unternehmen\\\/2021-01-19\\\/la-fonciere-gesamtvermoegen-steigt-auf-154-milliarden\\\/#primaryimage\"},\"image\":{\"@id\":\"https:\\\/\\\/www.immobilienbusiness.ch\\\/unternehmen\\\/2021-01-19\\\/la-fonciere-gesamtvermoegen-steigt-auf-154-milliarden\\\/#primaryimage\"},\"thumbnailUrl\":\"https:\\\/\\\/www.immobilienbusiness.ch\\\/wp-content\\\/uploads\\\/2019\\\/05\\\/Depositphotos_5645748_s-2015.jpg\",\"datePublished\":\"2021-01-19T08:12:08+00:00\",\"description\":\"Der Immobilienfonds La Fonci\u00e8re h\u00e4lt per Ende des Gesch\u00e4ftsjahrs 2019\\\/20 Immobilien mit einem Verkehrswert von rund 1,54 Milliarden CHF im Bestand.\",\"breadcrumb\":{\"@id\":\"https:\\\/\\\/www.immobilienbusiness.ch\\\/unternehmen\\\/2021-01-19\\\/la-fonciere-gesamtvermoegen-steigt-auf-154-milliarden\\\/#breadcrumb\"},\"inLanguage\":\"en-US\",\"potentialAction\":[{\"@type\":\"ReadAction\",\"target\":[\"https:\\\/\\\/www.immobilienbusiness.ch\\\/unternehmen\\\/2021-01-19\\\/la-fonciere-gesamtvermoegen-steigt-auf-154-milliarden\\\/\"]}]},{\"@type\":\"ImageObject\",\"inLanguage\":\"en-US\",\"@id\":\"https:\\\/\\\/www.immobilienbusiness.ch\\\/unternehmen\\\/2021-01-19\\\/la-fonciere-gesamtvermoegen-steigt-auf-154-milliarden\\\/#primaryimage\",\"url\":\"https:\\\/\\\/www.immobilienbusiness.ch\\\/wp-content\\\/uploads\\\/2019\\\/05\\\/Depositphotos_5645748_s-2015.jpg\",\"contentUrl\":\"https:\\\/\\\/www.immobilienbusiness.ch\\\/wp-content\\\/uploads\\\/2019\\\/05\\\/Depositphotos_5645748_s-2015.jpg\",\"width\":500,\"height\":333,\"caption\":\"Procimmo hat Gesch\u00e4ftszahlen f\u00fcr ein Teilverm\u00f6gen seines SICAV vorgelegt (Bild: Depositphotos)\"},{\"@type\":\"BreadcrumbList\",\"@id\":\"https:\\\/\\\/www.immobilienbusiness.ch\\\/unternehmen\\\/2021-01-19\\\/la-fonciere-gesamtvermoegen-steigt-auf-154-milliarden\\\/#breadcrumb\",\"itemListElement\":[{\"@type\":\"ListItem\",\"position\":1,\"name\":\"Home\",\"item\":\"https:\\\/\\\/www.immobilienbusiness.ch\\\/\"},{\"@type\":\"ListItem\",\"position\":2,\"name\":\"La Fonci\u00e8re: Gesamtverm\u00f6gen steigt auf 1,54 Milliarden\"}]},{\"@type\":\"WebSite\",\"@id\":\"https:\\\/\\\/www.immobilienbusiness.ch\\\/#website\",\"url\":\"https:\\\/\\\/www.immobilienbusiness.ch\\\/\",\"name\":\"IMMOBILIEN Business\",\"description\":\"Unabh\u00e4ngiges Schweizer Wirtschaftsmagazin mit Fokus auf Immobilien, Architektur- und Bau sowie Investment- und Finanzierung.\",\"publisher\":{\"@id\":\"https:\\\/\\\/www.immobilienbusiness.ch\\\/#organization\"},\"potentialAction\":[{\"@type\":\"SearchAction\",\"target\":{\"@type\":\"EntryPoint\",\"urlTemplate\":\"https:\\\/\\\/www.immobilienbusiness.ch\\\/?s={search_term_string}\"},\"query-input\":{\"@type\":\"PropertyValueSpecification\",\"valueRequired\":true,\"valueName\":\"search_term_string\"}}],\"inLanguage\":\"en-US\"},{\"@type\":\"Organization\",\"@id\":\"https:\\\/\\\/www.immobilienbusiness.ch\\\/#organization\",\"name\":\"IMMOBILIEN Business\",\"url\":\"https:\\\/\\\/www.immobilienbusiness.ch\\\/\",\"logo\":{\"@type\":\"ImageObject\",\"inLanguage\":\"en-US\",\"@id\":\"https:\\\/\\\/www.immobilienbusiness.ch\\\/#\\\/schema\\\/logo\\\/image\\\/\",\"url\":\"https:\\\/\\\/www.immobilienbusiness.ch\\\/wp-content\\\/uploads\\\/2021\\\/07\\\/logo_ib.png\",\"contentUrl\":\"https:\\\/\\\/www.immobilienbusiness.ch\\\/wp-content\\\/uploads\\\/2021\\\/07\\\/logo_ib.png\",\"width\":800,\"height\":181,\"caption\":\"IMMOBILIEN Business\"},\"image\":{\"@id\":\"https:\\\/\\\/www.immobilienbusiness.ch\\\/#\\\/schema\\\/logo\\\/image\\\/\"},\"sameAs\":[\"https:\\\/\\\/www.facebook.com\\\/immobilienbusiness\\\/\"]},{\"@type\":\"Person\",\"@id\":\"https:\\\/\\\/www.immobilienbusiness.ch\\\/#\\\/schema\\\/person\\\/3fc036297b10b9f42d6db5ee932af8c8\",\"name\":\"anja.hall\",\"image\":{\"@type\":\"ImageObject\",\"inLanguage\":\"en-US\",\"@id\":\"https:\\\/\\\/secure.gravatar.com\\\/avatar\\\/066b5a0d447013502c71a5782f4f3469f03cfe595cc2329fb94652fe47511bfb?s=96&d=mm&r=g\",\"url\":\"https:\\\/\\\/secure.gravatar.com\\\/avatar\\\/066b5a0d447013502c71a5782f4f3469f03cfe595cc2329fb94652fe47511bfb?s=96&d=mm&r=g\",\"contentUrl\":\"https:\\\/\\\/secure.gravatar.com\\\/avatar\\\/066b5a0d447013502c71a5782f4f3469f03cfe595cc2329fb94652fe47511bfb?s=96&d=mm&r=g\",\"caption\":\"anja.hall\"},\"url\":\"https:\\\/\\\/www.immobilienbusiness.ch\\\/en\\\/author\\\/anja-hall\\\/\"}]}<\/script>\n<!-- \/ Yoast SEO plugin. -->","yoast_head_json":{"title":"La Fonci\u00e8re: Total assets increase to 1.54 billion - IMMOBILIEN Business","description":"Der Immobilienfonds La Fonci\u00e8re h\u00e4lt per Ende des Gesch\u00e4ftsjahrs 2019\/20 Immobilien mit einem Verkehrswert von rund 1,54 Milliarden CHF im Bestand.","robots":{"index":"index","follow":"follow","max-snippet":"max-snippet:-1","max-image-preview":"max-image-preview:large","max-video-preview":"max-video-preview:-1"},"canonical":"https:\/\/www.immobilienbusiness.ch\/en\/unternehmen\/2021-01-19\/la-fonciere-gesamtvermoegen-steigt-auf-154-milliarden\/","og_locale":"en_US","og_type":"article","og_title":"La Fonci\u00e8re: Gesamtverm\u00f6gen steigt auf 1,54 Milliarden - IMMOBILIEN Business","og_description":"Der Immobilienfonds La Fonci\u00e8re h\u00e4lt per Ende des Gesch\u00e4ftsjahrs 2019\/20 Immobilien mit einem Verkehrswert von rund 1,54 Milliarden CHF im Bestand.","og_url":"https:\/\/www.immobilienbusiness.ch\/en\/unternehmen\/2021-01-19\/la-fonciere-gesamtvermoegen-steigt-auf-154-milliarden\/","og_site_name":"IMMOBILIEN Business","article_publisher":"https:\/\/www.facebook.com\/immobilienbusiness\/","article_published_time":"2021-01-19T08:12:08+00:00","og_image":[{"width":500,"height":333,"url":"https:\/\/www.immobilienbusiness.ch\/wp-content\/uploads\/2019\/05\/Depositphotos_5645748_s-2015.jpg","type":"image\/jpeg"}],"author":"anja.hall","twitter_card":"summary_large_image","twitter_image":"https:\/\/www.immobilienbusiness.ch\/wp-content\/uploads\/2019\/05\/Depositphotos_5645748_s-2015.jpg","schema":{"@context":"https:\/\/schema.org","@graph":[{"@type":"Article","@id":"https:\/\/www.immobilienbusiness.ch\/unternehmen\/2021-01-19\/la-fonciere-gesamtvermoegen-steigt-auf-154-milliarden\/#article","isPartOf":{"@id":"https:\/\/www.immobilienbusiness.ch\/unternehmen\/2021-01-19\/la-fonciere-gesamtvermoegen-steigt-auf-154-milliarden\/"},"author":{"name":"anja.hall","@id":"https:\/\/www.immobilienbusiness.ch\/#\/schema\/person\/3fc036297b10b9f42d6db5ee932af8c8"},"headline":"La Fonci\u00e8re: Gesamtverm\u00f6gen steigt auf 1,54 Milliarden","datePublished":"2021-01-19T08:12:08+00:00","mainEntityOfPage":{"@id":"https:\/\/www.immobilienbusiness.ch\/unternehmen\/2021-01-19\/la-fonciere-gesamtvermoegen-steigt-auf-154-milliarden\/"},"wordCount":149,"publisher":{"@id":"https:\/\/www.immobilienbusiness.ch\/#organization"},"image":{"@id":"https:\/\/www.immobilienbusiness.ch\/unternehmen\/2021-01-19\/la-fonciere-gesamtvermoegen-steigt-auf-154-milliarden\/#primaryimage"},"thumbnailUrl":"https:\/\/www.immobilienbusiness.ch\/wp-content\/uploads\/2019\/05\/Depositphotos_5645748_s-2015.jpg","keywords":["Immobilienfonds","Jahresergebnis","La Fonci\u00e8re"],"articleSection":["UNTERNEHMEN"],"inLanguage":"en-US"},{"@type":"WebPage","@id":"https:\/\/www.immobilienbusiness.ch\/unternehmen\/2021-01-19\/la-fonciere-gesamtvermoegen-steigt-auf-154-milliarden\/","url":"https:\/\/www.immobilienbusiness.ch\/unternehmen\/2021-01-19\/la-fonciere-gesamtvermoegen-steigt-auf-154-milliarden\/","name":"La Fonci\u00e8re: Total assets increase to 1.54 billion - IMMOBILIEN Business","isPartOf":{"@id":"https:\/\/www.immobilienbusiness.ch\/#website"},"primaryImageOfPage":{"@id":"https:\/\/www.immobilienbusiness.ch\/unternehmen\/2021-01-19\/la-fonciere-gesamtvermoegen-steigt-auf-154-milliarden\/#primaryimage"},"image":{"@id":"https:\/\/www.immobilienbusiness.ch\/unternehmen\/2021-01-19\/la-fonciere-gesamtvermoegen-steigt-auf-154-milliarden\/#primaryimage"},"thumbnailUrl":"https:\/\/www.immobilienbusiness.ch\/wp-content\/uploads\/2019\/05\/Depositphotos_5645748_s-2015.jpg","datePublished":"2021-01-19T08:12:08+00:00","description":"Der Immobilienfonds La Fonci\u00e8re h\u00e4lt per Ende des Gesch\u00e4ftsjahrs 2019\/20 Immobilien mit einem Verkehrswert von rund 1,54 Milliarden CHF im Bestand.","breadcrumb":{"@id":"https:\/\/www.immobilienbusiness.ch\/unternehmen\/2021-01-19\/la-fonciere-gesamtvermoegen-steigt-auf-154-milliarden\/#breadcrumb"},"inLanguage":"en-US","potentialAction":[{"@type":"ReadAction","target":["https:\/\/www.immobilienbusiness.ch\/unternehmen\/2021-01-19\/la-fonciere-gesamtvermoegen-steigt-auf-154-milliarden\/"]}]},{"@type":"ImageObject","inLanguage":"en-US","@id":"https:\/\/www.immobilienbusiness.ch\/unternehmen\/2021-01-19\/la-fonciere-gesamtvermoegen-steigt-auf-154-milliarden\/#primaryimage","url":"https:\/\/www.immobilienbusiness.ch\/wp-content\/uploads\/2019\/05\/Depositphotos_5645748_s-2015.jpg","contentUrl":"https:\/\/www.immobilienbusiness.ch\/wp-content\/uploads\/2019\/05\/Depositphotos_5645748_s-2015.jpg","width":500,"height":333,"caption":"Procimmo hat Gesch\u00e4ftszahlen f\u00fcr ein Teilverm\u00f6gen seines SICAV vorgelegt (Bild: Depositphotos)"},{"@type":"BreadcrumbList","@id":"https:\/\/www.immobilienbusiness.ch\/unternehmen\/2021-01-19\/la-fonciere-gesamtvermoegen-steigt-auf-154-milliarden\/#breadcrumb","itemListElement":[{"@type":"ListItem","position":1,"name":"Home","item":"https:\/\/www.immobilienbusiness.ch\/"},{"@type":"ListItem","position":2,"name":"La Fonci\u00e8re: Gesamtverm\u00f6gen steigt auf 1,54 Milliarden"}]},{"@type":"WebSite","@id":"https:\/\/www.immobilienbusiness.ch\/#website","url":"https:\/\/www.immobilienbusiness.ch\/","name":"REAL ESTATE Business","description":"Independent Swiss business magazine focusing on real estate, architecture and construction as well as investment and financing.","publisher":{"@id":"https:\/\/www.immobilienbusiness.ch\/#organization"},"potentialAction":[{"@type":"SearchAction","target":{"@type":"EntryPoint","urlTemplate":"https:\/\/www.immobilienbusiness.ch\/?s={search_term_string}"},"query-input":{"@type":"PropertyValueSpecification","valueRequired":true,"valueName":"search_term_string"}}],"inLanguage":"en-US"},{"@type":"Organization","@id":"https:\/\/www.immobilienbusiness.ch\/#organization","name":"REAL ESTATE Business","url":"https:\/\/www.immobilienbusiness.ch\/","logo":{"@type":"ImageObject","inLanguage":"en-US","@id":"https:\/\/www.immobilienbusiness.ch\/#\/schema\/logo\/image\/","url":"https:\/\/www.immobilienbusiness.ch\/wp-content\/uploads\/2021\/07\/logo_ib.png","contentUrl":"https:\/\/www.immobilienbusiness.ch\/wp-content\/uploads\/2021\/07\/logo_ib.png","width":800,"height":181,"caption":"IMMOBILIEN Business"},"image":{"@id":"https:\/\/www.immobilienbusiness.ch\/#\/schema\/logo\/image\/"},"sameAs":["https:\/\/www.facebook.com\/immobilienbusiness\/"]},{"@type":"Person","@id":"https:\/\/www.immobilienbusiness.ch\/#\/schema\/person\/3fc036297b10b9f42d6db5ee932af8c8","name":"anja.hall","image":{"@type":"ImageObject","inLanguage":"en-US","@id":"https:\/\/secure.gravatar.com\/avatar\/066b5a0d447013502c71a5782f4f3469f03cfe595cc2329fb94652fe47511bfb?s=96&d=mm&r=g","url":"https:\/\/secure.gravatar.com\/avatar\/066b5a0d447013502c71a5782f4f3469f03cfe595cc2329fb94652fe47511bfb?s=96&d=mm&r=g","contentUrl":"https:\/\/secure.gravatar.com\/avatar\/066b5a0d447013502c71a5782f4f3469f03cfe595cc2329fb94652fe47511bfb?s=96&d=mm&r=g","caption":"anja.hall"},"url":"https:\/\/www.immobilienbusiness.ch\/en\/author\/anja-hall\/"}]}},"_links":{"self":[{"href":"https:\/\/www.immobilienbusiness.ch\/en\/wp-json\/wp\/v2\/posts\/23284","targetHints":{"allow":["GET"]}}],"collection":[{"href":"https:\/\/www.immobilienbusiness.ch\/en\/wp-json\/wp\/v2\/posts"}],"about":[{"href":"https:\/\/www.immobilienbusiness.ch\/en\/wp-json\/wp\/v2\/types\/post"}],"author":[{"embeddable":true,"href":"https:\/\/www.immobilienbusiness.ch\/en\/wp-json\/wp\/v2\/users\/3"}],"replies":[{"embeddable":true,"href":"https:\/\/www.immobilienbusiness.ch\/en\/wp-json\/wp\/v2\/comments?post=23284"}],"version-history":[{"count":0,"href":"https:\/\/www.immobilienbusiness.ch\/en\/wp-json\/wp\/v2\/posts\/23284\/revisions"}],"wp:featuredmedia":[{"embeddable":true,"href":"https:\/\/www.immobilienbusiness.ch\/en\/wp-json\/wp\/v2\/media\/17084"}],"wp:attachment":[{"href":"https:\/\/www.immobilienbusiness.ch\/en\/wp-json\/wp\/v2\/media?parent=23284"}],"wp:term":[{"taxonomy":"category","embeddable":true,"href":"https:\/\/www.immobilienbusiness.ch\/en\/wp-json\/wp\/v2\/categories?post=23284"},{"taxonomy":"post_tag","embeddable":true,"href":"https:\/\/www.immobilienbusiness.ch\/en\/wp-json\/wp\/v2\/tags?post=23284"}],"curies":[{"name":"wp","href":"https:\/\/api.w.org\/{rel}","templated":true}]}}