{"id":2304,"date":"2016-02-16T09:20:10","date_gmt":"2016-02-16T08:20:10","guid":{"rendered":"http:\/\/dev.immobilienbusiness.ch\/?p=2304"},"modified":"2016-02-16T09:20:10","modified_gmt":"2016-02-16T08:20:10","slug":"baden-es-geht-voran-im-baederquartier","status":"publish","type":"post","link":"https:\/\/www.immobilienbusiness.ch\/en\/allgemein\/2016-02-16\/baden-es-geht-voran-im-baederquartier\/","title":{"rendered":"Baden: Things are moving forward in the B\u00e4derquartier"},"content":{"rendered":"<figure id=\"attachment_2305\" aria-describedby=\"caption-attachment-2305\" style=\"width: 680px\" class=\"wp-caption alignnone\"><img loading=\"lazy\" decoding=\"async\" class=\"size-medium wp-image-2305\" src=\"https:\/\/immobilienbusiness.ch\/wp-content\/uploads\/2016\/12\/Baden-Es-geht-voran-im-B\u00e4derquartier-immobilien-business.jpg\" alt=\"Modell des B\u00e4derquartiers (\u00a9 Mario Botta\/Verenahof AG)\" width=\"680\" height=\"452\" \/><figcaption id=\"caption-attachment-2305\" class=\"wp-caption-text\">Model of the B\u00e4derquartier (\u00a9 Mario Botta\/Verenahof AG)<\/figcaption><\/figure>\n<p>The thermal baths and clinic must be built at the same time, because they are next to each other and will be closely interlinked operationally. The buildings are connected by an underground walkway and share the infrastructure, such as kitchen, waste disposal and parking garage.<\/p>\n<p>The building application for the new thermal bath was already submitted in September 2015. The building permit could be issued at the beginning of March, according to the city of Baden. Currently, according to information from the <em>SRF<\/em> Two objections to the building application are still pending; they concern questions of traffic during the construction period and after completion.<\/p>\n<p>Verenahof AG hopes to break ground on the projects before the end of 2016 so that the clinic and baths could open in late 2018 or early 2019. The baths project in Baden has been delayed several times. Construction was originally scheduled to begin in 2012, and the thermal baths were scheduled to open in 2015. (ah)<\/p>","protected":false},"excerpt":{"rendered":"<p>Verenahof AG plans to submit the building application for the rehabilitation and prevention clinic in the old spa hotels Verenahof, Ochsen and B\u00e4ren in Baden (AG) this week. This will also allow the planned thermal spa by star architect Mario Botta to move forward.<\/p>","protected":false},"author":1,"featured_media":2305,"comment_status":"open","ping_status":"open","sticky":false,"template":"","format":"standard","meta":{"_acf_changed":false,"_yoast_wpseo_focuskw":"B\u00e4derquartier Baden","_yoast_wpseo_title":"B\u00e4derquartier Baden: Es geht voran im B\u00e4derquartier","_yoast_wpseo_metadesc":"Das B\u00e4derquartier in Baden macht Fortschritte: Thermalbad und Klinik werden zeitgleich gebaut, Infrastruktur wird geteilt. Erfahren Sie mehr dazu.","_yoast_wpseo_linkdex":56,"pgc_sgb_lightbox_settings":"","footnotes":""},"categories":[1],"tags":[1529,1601],"class_list":["post-2304","post","type-post","status-publish","format-standard","has-post-thumbnail","hentry","category-allgemein","tag-nord-west-schweiz","tag-projektentwicklung"],"acf":[],"yoast_head":"<!-- This site is optimized with the Yoast SEO plugin v27.5 - https:\/\/yoast.com\/product\/yoast-seo-wordpress\/ -->\n<title>B\u00e4derquartier Baden: Es geht voran im B\u00e4derquartier<\/title>\n<meta name=\"description\" content=\"Das B\u00e4derquartier in Baden macht Fortschritte: Thermalbad und Klinik werden zeitgleich gebaut, Infrastruktur wird geteilt. Erfahren Sie mehr dazu.\" \/>\n<meta name=\"robots\" content=\"index, follow, max-snippet:-1, max-image-preview:large, max-video-preview:-1\" \/>\n<link rel=\"canonical\" href=\"https:\/\/www.immobilienbusiness.ch\/en\/allgemein\/2016-02-16\/baden-es-geht-voran-im-baederquartier\/\" \/>\n<meta property=\"og:locale\" content=\"en_US\" \/>\n<meta property=\"og:type\" content=\"article\" \/>\n<meta property=\"og:title\" content=\"Baden: Es geht voran im B\u00e4derquartier\" \/>\n<meta property=\"og:description\" content=\"Noch in dieser Woche will die Verenahof AG das Baugesuch f\u00fcr die Reha- und Pr\u00e4ventionsklinik in den alten Badehotels Verenahof, Ochsen und B\u00e4ren in Baden (AG) einreichen. Damit kommt auch das geplante Thermalbad des Stararchitekten Mario Botta voran.\" \/>\n<meta property=\"og:url\" content=\"https:\/\/www.immobilienbusiness.ch\/en\/allgemein\/2016-02-16\/baden-es-geht-voran-im-baederquartier\/\" \/>\n<meta property=\"og:site_name\" content=\"IMMOBILIEN Business\" \/>\n<meta property=\"article:publisher\" content=\"https:\/\/www.facebook.com\/immobilienbusiness\/\" \/>\n<meta property=\"article:published_time\" content=\"2016-02-16T08:20:10+00:00\" \/>\n<meta name=\"author\" content=\"Redaktion\" \/>\n<meta name=\"twitter:card\" content=\"summary_large_image\" \/>\n<meta name=\"twitter:image\" content=\"https:\/\/www.immobilienbusiness.ch\/wp-content\/uploads\/2016\/12\/Baden-Es-geht-voran-im-Baederquartier-immobilien-business.jpg\" \/>\n<script type=\"application\/ld+json\" class=\"yoast-schema-graph\">{\"@context\":\"https:\\\/\\\/schema.org\",\"@graph\":[{\"@type\":\"Article\",\"@id\":\"https:\\\/\\\/www.immobilienbusiness.ch\\\/allgemein\\\/2016-02-16\\\/baden-es-geht-voran-im-baederquartier\\\/#article\",\"isPartOf\":{\"@id\":\"https:\\\/\\\/www.immobilienbusiness.ch\\\/allgemein\\\/2016-02-16\\\/baden-es-geht-voran-im-baederquartier\\\/\"},\"author\":{\"name\":\"Redaktion\",\"@id\":\"https:\\\/\\\/www.immobilienbusiness.ch\\\/#\\\/schema\\\/person\\\/aa2bace6c5c5aad60102004a50c4eb1c\"},\"headline\":\"Baden: Es geht voran im B\u00e4derquartier\",\"datePublished\":\"2016-02-16T08:20:10+00:00\",\"mainEntityOfPage\":{\"@id\":\"https:\\\/\\\/www.immobilienbusiness.ch\\\/allgemein\\\/2016-02-16\\\/baden-es-geht-voran-im-baederquartier\\\/\"},\"wordCount\":169,\"commentCount\":0,\"publisher\":{\"@id\":\"https:\\\/\\\/www.immobilienbusiness.ch\\\/#organization\"},\"image\":{\"@id\":\"https:\\\/\\\/www.immobilienbusiness.ch\\\/allgemein\\\/2016-02-16\\\/baden-es-geht-voran-im-baederquartier\\\/#primaryimage\"},\"thumbnailUrl\":\"https:\\\/\\\/www.immobilienbusiness.ch\\\/wp-content\\\/uploads\\\/2016\\\/12\\\/Baden-Es-geht-voran-im-Baederquartier-immobilien-business.jpg\",\"keywords\":[\"Nord-West-Schweiz\",\"Projektentwicklung\"],\"articleSection\":[\"Allgemein\"],\"inLanguage\":\"en-US\"},{\"@type\":\"WebPage\",\"@id\":\"https:\\\/\\\/www.immobilienbusiness.ch\\\/allgemein\\\/2016-02-16\\\/baden-es-geht-voran-im-baederquartier\\\/\",\"url\":\"https:\\\/\\\/www.immobilienbusiness.ch\\\/allgemein\\\/2016-02-16\\\/baden-es-geht-voran-im-baederquartier\\\/\",\"name\":\"B\u00e4derquartier Baden: Es geht voran im B\u00e4derquartier\",\"isPartOf\":{\"@id\":\"https:\\\/\\\/www.immobilienbusiness.ch\\\/#website\"},\"primaryImageOfPage\":{\"@id\":\"https:\\\/\\\/www.immobilienbusiness.ch\\\/allgemein\\\/2016-02-16\\\/baden-es-geht-voran-im-baederquartier\\\/#primaryimage\"},\"image\":{\"@id\":\"https:\\\/\\\/www.immobilienbusiness.ch\\\/allgemein\\\/2016-02-16\\\/baden-es-geht-voran-im-baederquartier\\\/#primaryimage\"},\"thumbnailUrl\":\"https:\\\/\\\/www.immobilienbusiness.ch\\\/wp-content\\\/uploads\\\/2016\\\/12\\\/Baden-Es-geht-voran-im-Baederquartier-immobilien-business.jpg\",\"datePublished\":\"2016-02-16T08:20:10+00:00\",\"description\":\"Das B\u00e4derquartier in Baden macht Fortschritte: Thermalbad und Klinik werden zeitgleich gebaut, Infrastruktur wird geteilt. Erfahren Sie mehr dazu.\",\"breadcrumb\":{\"@id\":\"https:\\\/\\\/www.immobilienbusiness.ch\\\/allgemein\\\/2016-02-16\\\/baden-es-geht-voran-im-baederquartier\\\/#breadcrumb\"},\"inLanguage\":\"en-US\",\"potentialAction\":[{\"@type\":\"ReadAction\",\"target\":[\"https:\\\/\\\/www.immobilienbusiness.ch\\\/allgemein\\\/2016-02-16\\\/baden-es-geht-voran-im-baederquartier\\\/\"]}]},{\"@type\":\"ImageObject\",\"inLanguage\":\"en-US\",\"@id\":\"https:\\\/\\\/www.immobilienbusiness.ch\\\/allgemein\\\/2016-02-16\\\/baden-es-geht-voran-im-baederquartier\\\/#primaryimage\",\"url\":\"https:\\\/\\\/www.immobilienbusiness.ch\\\/wp-content\\\/uploads\\\/2016\\\/12\\\/Baden-Es-geht-voran-im-Baederquartier-immobilien-business.jpg\",\"contentUrl\":\"https:\\\/\\\/www.immobilienbusiness.ch\\\/wp-content\\\/uploads\\\/2016\\\/12\\\/Baden-Es-geht-voran-im-Baederquartier-immobilien-business.jpg\",\"width\":850,\"height\":565,\"caption\":\"Modell des B\u00e4derquartiers (\u00a9 Mario Botta\\\/Verenahof AG)\"},{\"@type\":\"BreadcrumbList\",\"@id\":\"https:\\\/\\\/www.immobilienbusiness.ch\\\/allgemein\\\/2016-02-16\\\/baden-es-geht-voran-im-baederquartier\\\/#breadcrumb\",\"itemListElement\":[{\"@type\":\"ListItem\",\"position\":1,\"name\":\"Home\",\"item\":\"https:\\\/\\\/www.immobilienbusiness.ch\\\/\"},{\"@type\":\"ListItem\",\"position\":2,\"name\":\"Baden: Es geht voran im B\u00e4derquartier\"}]},{\"@type\":\"WebSite\",\"@id\":\"https:\\\/\\\/www.immobilienbusiness.ch\\\/#website\",\"url\":\"https:\\\/\\\/www.immobilienbusiness.ch\\\/\",\"name\":\"IMMOBILIEN Business\",\"description\":\"Unabh\u00e4ngiges Schweizer Wirtschaftsmagazin mit Fokus auf Immobilien, Architektur- und Bau sowie Investment- und Finanzierung.\",\"publisher\":{\"@id\":\"https:\\\/\\\/www.immobilienbusiness.ch\\\/#organization\"},\"potentialAction\":[{\"@type\":\"SearchAction\",\"target\":{\"@type\":\"EntryPoint\",\"urlTemplate\":\"https:\\\/\\\/www.immobilienbusiness.ch\\\/?s={search_term_string}\"},\"query-input\":{\"@type\":\"PropertyValueSpecification\",\"valueRequired\":true,\"valueName\":\"search_term_string\"}}],\"inLanguage\":\"en-US\"},{\"@type\":\"Organization\",\"@id\":\"https:\\\/\\\/www.immobilienbusiness.ch\\\/#organization\",\"name\":\"IMMOBILIEN Business\",\"url\":\"https:\\\/\\\/www.immobilienbusiness.ch\\\/\",\"logo\":{\"@type\":\"ImageObject\",\"inLanguage\":\"en-US\",\"@id\":\"https:\\\/\\\/www.immobilienbusiness.ch\\\/#\\\/schema\\\/logo\\\/image\\\/\",\"url\":\"https:\\\/\\\/www.immobilienbusiness.ch\\\/wp-content\\\/uploads\\\/2021\\\/07\\\/logo_ib.png\",\"contentUrl\":\"https:\\\/\\\/www.immobilienbusiness.ch\\\/wp-content\\\/uploads\\\/2021\\\/07\\\/logo_ib.png\",\"width\":800,\"height\":181,\"caption\":\"IMMOBILIEN Business\"},\"image\":{\"@id\":\"https:\\\/\\\/www.immobilienbusiness.ch\\\/#\\\/schema\\\/logo\\\/image\\\/\"},\"sameAs\":[\"https:\\\/\\\/www.facebook.com\\\/immobilienbusiness\\\/\"]},{\"@type\":\"Person\",\"@id\":\"https:\\\/\\\/www.immobilienbusiness.ch\\\/#\\\/schema\\\/person\\\/aa2bace6c5c5aad60102004a50c4eb1c\",\"name\":\"Redaktion\",\"image\":{\"@type\":\"ImageObject\",\"inLanguage\":\"en-US\",\"@id\":\"https:\\\/\\\/secure.gravatar.com\\\/avatar\\\/ae2f4d718e6c49043e314ce431e7e645d646302a24a5ef5a8bc8e3f5a032e319?s=96&d=mm&r=g\",\"url\":\"https:\\\/\\\/secure.gravatar.com\\\/avatar\\\/ae2f4d718e6c49043e314ce431e7e645d646302a24a5ef5a8bc8e3f5a032e319?s=96&d=mm&r=g\",\"contentUrl\":\"https:\\\/\\\/secure.gravatar.com\\\/avatar\\\/ae2f4d718e6c49043e314ce431e7e645d646302a24a5ef5a8bc8e3f5a032e319?s=96&d=mm&r=g\",\"caption\":\"Redaktion\"},\"sameAs\":[\"http:\\\/\\\/develop.organisator.galledia.ch\"],\"url\":\"https:\\\/\\\/www.immobilienbusiness.ch\\\/en\\\/author\\\/admin\\\/\"}]}<\/script>\n<!-- \/ Yoast SEO plugin. -->","yoast_head_json":{"title":"B\u00e4derquartier Baden: Es geht voran im B\u00e4derquartier","description":"Das B\u00e4derquartier in Baden macht Fortschritte: Thermalbad und Klinik werden zeitgleich gebaut, Infrastruktur wird geteilt. Erfahren Sie mehr dazu.","robots":{"index":"index","follow":"follow","max-snippet":"max-snippet:-1","max-image-preview":"max-image-preview:large","max-video-preview":"max-video-preview:-1"},"canonical":"https:\/\/www.immobilienbusiness.ch\/en\/allgemein\/2016-02-16\/baden-es-geht-voran-im-baederquartier\/","og_locale":"en_US","og_type":"article","og_title":"Baden: Es geht voran im B\u00e4derquartier","og_description":"Noch in dieser Woche will die Verenahof AG das Baugesuch f\u00fcr die Reha- und Pr\u00e4ventionsklinik in den alten Badehotels Verenahof, Ochsen und B\u00e4ren in Baden (AG) einreichen. Damit kommt auch das geplante Thermalbad des Stararchitekten Mario Botta voran.","og_url":"https:\/\/www.immobilienbusiness.ch\/en\/allgemein\/2016-02-16\/baden-es-geht-voran-im-baederquartier\/","og_site_name":"IMMOBILIEN Business","article_publisher":"https:\/\/www.facebook.com\/immobilienbusiness\/","article_published_time":"2016-02-16T08:20:10+00:00","author":"Redaktion","twitter_card":"summary_large_image","twitter_image":"https:\/\/www.immobilienbusiness.ch\/wp-content\/uploads\/2016\/12\/Baden-Es-geht-voran-im-Baederquartier-immobilien-business.jpg","schema":{"@context":"https:\/\/schema.org","@graph":[{"@type":"Article","@id":"https:\/\/www.immobilienbusiness.ch\/allgemein\/2016-02-16\/baden-es-geht-voran-im-baederquartier\/#article","isPartOf":{"@id":"https:\/\/www.immobilienbusiness.ch\/allgemein\/2016-02-16\/baden-es-geht-voran-im-baederquartier\/"},"author":{"name":"Redaktion","@id":"https:\/\/www.immobilienbusiness.ch\/#\/schema\/person\/aa2bace6c5c5aad60102004a50c4eb1c"},"headline":"Baden: Es geht voran im B\u00e4derquartier","datePublished":"2016-02-16T08:20:10+00:00","mainEntityOfPage":{"@id":"https:\/\/www.immobilienbusiness.ch\/allgemein\/2016-02-16\/baden-es-geht-voran-im-baederquartier\/"},"wordCount":169,"commentCount":0,"publisher":{"@id":"https:\/\/www.immobilienbusiness.ch\/#organization"},"image":{"@id":"https:\/\/www.immobilienbusiness.ch\/allgemein\/2016-02-16\/baden-es-geht-voran-im-baederquartier\/#primaryimage"},"thumbnailUrl":"https:\/\/www.immobilienbusiness.ch\/wp-content\/uploads\/2016\/12\/Baden-Es-geht-voran-im-Baederquartier-immobilien-business.jpg","keywords":["Nord-West-Schweiz","Projektentwicklung"],"articleSection":["Allgemein"],"inLanguage":"en-US"},{"@type":"WebPage","@id":"https:\/\/www.immobilienbusiness.ch\/allgemein\/2016-02-16\/baden-es-geht-voran-im-baederquartier\/","url":"https:\/\/www.immobilienbusiness.ch\/allgemein\/2016-02-16\/baden-es-geht-voran-im-baederquartier\/","name":"B\u00e4derquartier Baden: Es geht voran im B\u00e4derquartier","isPartOf":{"@id":"https:\/\/www.immobilienbusiness.ch\/#website"},"primaryImageOfPage":{"@id":"https:\/\/www.immobilienbusiness.ch\/allgemein\/2016-02-16\/baden-es-geht-voran-im-baederquartier\/#primaryimage"},"image":{"@id":"https:\/\/www.immobilienbusiness.ch\/allgemein\/2016-02-16\/baden-es-geht-voran-im-baederquartier\/#primaryimage"},"thumbnailUrl":"https:\/\/www.immobilienbusiness.ch\/wp-content\/uploads\/2016\/12\/Baden-Es-geht-voran-im-Baederquartier-immobilien-business.jpg","datePublished":"2016-02-16T08:20:10+00:00","description":"Das B\u00e4derquartier in Baden macht Fortschritte: Thermalbad und Klinik werden zeitgleich gebaut, Infrastruktur wird geteilt. Erfahren Sie mehr dazu.","breadcrumb":{"@id":"https:\/\/www.immobilienbusiness.ch\/allgemein\/2016-02-16\/baden-es-geht-voran-im-baederquartier\/#breadcrumb"},"inLanguage":"en-US","potentialAction":[{"@type":"ReadAction","target":["https:\/\/www.immobilienbusiness.ch\/allgemein\/2016-02-16\/baden-es-geht-voran-im-baederquartier\/"]}]},{"@type":"ImageObject","inLanguage":"en-US","@id":"https:\/\/www.immobilienbusiness.ch\/allgemein\/2016-02-16\/baden-es-geht-voran-im-baederquartier\/#primaryimage","url":"https:\/\/www.immobilienbusiness.ch\/wp-content\/uploads\/2016\/12\/Baden-Es-geht-voran-im-Baederquartier-immobilien-business.jpg","contentUrl":"https:\/\/www.immobilienbusiness.ch\/wp-content\/uploads\/2016\/12\/Baden-Es-geht-voran-im-Baederquartier-immobilien-business.jpg","width":850,"height":565,"caption":"Modell des B\u00e4derquartiers (\u00a9 Mario Botta\/Verenahof AG)"},{"@type":"BreadcrumbList","@id":"https:\/\/www.immobilienbusiness.ch\/allgemein\/2016-02-16\/baden-es-geht-voran-im-baederquartier\/#breadcrumb","itemListElement":[{"@type":"ListItem","position":1,"name":"Home","item":"https:\/\/www.immobilienbusiness.ch\/"},{"@type":"ListItem","position":2,"name":"Baden: Es geht voran im B\u00e4derquartier"}]},{"@type":"WebSite","@id":"https:\/\/www.immobilienbusiness.ch\/#website","url":"https:\/\/www.immobilienbusiness.ch\/","name":"REAL ESTATE Business","description":"Independent Swiss business magazine focusing on real estate, architecture and construction as well as investment and financing.","publisher":{"@id":"https:\/\/www.immobilienbusiness.ch\/#organization"},"potentialAction":[{"@type":"SearchAction","target":{"@type":"EntryPoint","urlTemplate":"https:\/\/www.immobilienbusiness.ch\/?s={search_term_string}"},"query-input":{"@type":"PropertyValueSpecification","valueRequired":true,"valueName":"search_term_string"}}],"inLanguage":"en-US"},{"@type":"Organization","@id":"https:\/\/www.immobilienbusiness.ch\/#organization","name":"REAL ESTATE Business","url":"https:\/\/www.immobilienbusiness.ch\/","logo":{"@type":"ImageObject","inLanguage":"en-US","@id":"https:\/\/www.immobilienbusiness.ch\/#\/schema\/logo\/image\/","url":"https:\/\/www.immobilienbusiness.ch\/wp-content\/uploads\/2021\/07\/logo_ib.png","contentUrl":"https:\/\/www.immobilienbusiness.ch\/wp-content\/uploads\/2021\/07\/logo_ib.png","width":800,"height":181,"caption":"IMMOBILIEN Business"},"image":{"@id":"https:\/\/www.immobilienbusiness.ch\/#\/schema\/logo\/image\/"},"sameAs":["https:\/\/www.facebook.com\/immobilienbusiness\/"]},{"@type":"Person","@id":"https:\/\/www.immobilienbusiness.ch\/#\/schema\/person\/aa2bace6c5c5aad60102004a50c4eb1c","name":"Editorial","image":{"@type":"ImageObject","inLanguage":"en-US","@id":"https:\/\/secure.gravatar.com\/avatar\/ae2f4d718e6c49043e314ce431e7e645d646302a24a5ef5a8bc8e3f5a032e319?s=96&d=mm&r=g","url":"https:\/\/secure.gravatar.com\/avatar\/ae2f4d718e6c49043e314ce431e7e645d646302a24a5ef5a8bc8e3f5a032e319?s=96&d=mm&r=g","contentUrl":"https:\/\/secure.gravatar.com\/avatar\/ae2f4d718e6c49043e314ce431e7e645d646302a24a5ef5a8bc8e3f5a032e319?s=96&d=mm&r=g","caption":"Redaktion"},"sameAs":["http:\/\/develop.organisator.galledia.ch"],"url":"https:\/\/www.immobilienbusiness.ch\/en\/author\/admin\/"}]}},"_links":{"self":[{"href":"https:\/\/www.immobilienbusiness.ch\/en\/wp-json\/wp\/v2\/posts\/2304","targetHints":{"allow":["GET"]}}],"collection":[{"href":"https:\/\/www.immobilienbusiness.ch\/en\/wp-json\/wp\/v2\/posts"}],"about":[{"href":"https:\/\/www.immobilienbusiness.ch\/en\/wp-json\/wp\/v2\/types\/post"}],"author":[{"embeddable":true,"href":"https:\/\/www.immobilienbusiness.ch\/en\/wp-json\/wp\/v2\/users\/1"}],"replies":[{"embeddable":true,"href":"https:\/\/www.immobilienbusiness.ch\/en\/wp-json\/wp\/v2\/comments?post=2304"}],"version-history":[{"count":0,"href":"https:\/\/www.immobilienbusiness.ch\/en\/wp-json\/wp\/v2\/posts\/2304\/revisions"}],"wp:featuredmedia":[{"embeddable":true,"href":"https:\/\/www.immobilienbusiness.ch\/en\/wp-json\/wp\/v2\/media\/2305"}],"wp:attachment":[{"href":"https:\/\/www.immobilienbusiness.ch\/en\/wp-json\/wp\/v2\/media?parent=2304"}],"wp:term":[{"taxonomy":"category","embeddable":true,"href":"https:\/\/www.immobilienbusiness.ch\/en\/wp-json\/wp\/v2\/categories?post=2304"},{"taxonomy":"post_tag","embeddable":true,"href":"https:\/\/www.immobilienbusiness.ch\/en\/wp-json\/wp\/v2\/tags?post=2304"}],"curies":[{"name":"wp","href":"https:\/\/api.w.org\/{rel}","templated":true}]}}