{"id":2234,"date":"2016-02-08T11:55:55","date_gmt":"2016-02-08T10:55:55","guid":{"rendered":"http:\/\/dev.immobilienbusiness.ch\/?p=2234"},"modified":"2016-02-08T11:55:55","modified_gmt":"2016-02-08T10:55:55","slug":"implenia-hans-ulrich-meister-soll-vr-praesident-werden","status":"publish","type":"post","link":"https:\/\/www.immobilienbusiness.ch\/en\/unternehmen\/2016-02-08\/implenia-hans-ulrich-meister-soll-vr-praesident-werden\/","title":{"rendered":"Implenia: Hans-Ulrich Meister to become Chairman of the Board of Directors"},"content":{"rendered":"<figure id=\"attachment_2235\" aria-describedby=\"caption-attachment-2235\" style=\"width: 680px\" class=\"wp-caption alignnone\"><img loading=\"lazy\" decoding=\"async\" class=\"size-medium wp-image-2235\" src=\"https:\/\/immobilienbusiness.ch\/wp-content\/uploads\/2016\/12\/Implenia-Hans-Ulrich-Meister-soll-VR-Pr\u00e4sident-werden-immobilien-business.jpg\" alt=\"Hans-Ulrich Meister soll neuer VR-Pr\u00e4sident der Implenia werden (Foto: Implenia AG)\" width=\"680\" height=\"452\" \/><figcaption id=\"caption-attachment-2235\" class=\"wp-caption-text\">Hans-Ulrich Meister is to become Implenia's new Chairman of the Board of Directors (Photo: Implenia AG)<\/figcaption><\/figure>\n<p>For many years, Hans-Ulrich Meister headed two major Swiss banks, UBS and Credit Suisse. At the latter, he was CEO of Credit Suisse Switzerland and Head of the globally active Private Banking &amp; Wealth Management division. In these functions, Meister was a member of the Executive Board of Credit Suisse Group AG and Credit Suisse AG.<\/p>\n<p>The Implenia Board of Directors says it is \"extremely pleased\" that in Hans-Ulrich Meister \"a proven and dynamic management personality could be won as a candidate\".<\/p>\n<p>The Annual General Meeting of Implenia AG will be held on March 22, 2016, when Meister is to be elected. Until then, Henner Mahlstedt will chair the Board of Directors ad interim. (ah)<\/p>","protected":false},"excerpt":{"rendered":"<p>A few days after the resignation of Implenia's Chairman Hubert Achermann, the construction group presents a successor. The Board of Directors proposes to the Annual General Meeting the election of Hans-Ulrich Meister as new member and Chairman of the Board of Directors.<\/p>","protected":false},"author":1,"featured_media":2235,"comment_status":"open","ping_status":"open","sticky":false,"template":"","format":"standard","meta":{"_acf_changed":false,"_yoast_wpseo_focuskw":"Implenia VR Prasident","_yoast_wpseo_title":"Implenia VR Prasident: Hans-Ulrich Meister wird nominiert","_yoast_wpseo_metadesc":"Hans-Ulrich Meister, ehemaliger UBS- und Credit Suisse-F\u00fchrungskraft, soll bei Implenia zum VR-Prasidenten gew\u00e4hlt werden. Entscheidung im Maerz.","_yoast_wpseo_linkdex":52,"pgc_sgb_lightbox_settings":"","footnotes":""},"categories":[988],"tags":[1564,1807],"class_list":["post-2234","post","type-post","status-publish","format-standard","has-post-thumbnail","hentry","category-unternehmen","tag-personalien","tag-unternehmen"],"acf":[],"yoast_head":"<!-- This site is optimized with the Yoast SEO plugin v27.4 - https:\/\/yoast.com\/product\/yoast-seo-wordpress\/ -->\n<title>Implenia VR Prasident: Hans-Ulrich Meister wird nominiert<\/title>\n<meta name=\"description\" content=\"Hans-Ulrich Meister, ehemaliger UBS- und Credit Suisse-F\u00fchrungskraft, soll bei Implenia zum VR-Prasidenten gew\u00e4hlt werden. Entscheidung im Maerz.\" \/>\n<meta name=\"robots\" content=\"index, follow, max-snippet:-1, max-image-preview:large, max-video-preview:-1\" \/>\n<link rel=\"canonical\" href=\"https:\/\/www.immobilienbusiness.ch\/en\/unternehmen\/2016-02-08\/implenia-hans-ulrich-meister-soll-vr-praesident-werden\/\" \/>\n<meta property=\"og:locale\" content=\"en_US\" \/>\n<meta property=\"og:type\" content=\"article\" \/>\n<meta property=\"og:title\" content=\"Implenia: Hans-Ulrich Meister soll VR-Pr\u00e4sident werden\" \/>\n<meta property=\"og:description\" content=\"Wenige Tage nach dem R\u00fccktritt von Implenias VR-Pr\u00e4sidenten Hubert Achermann pr\u00e4sentiert der Baukonzern einen Nachfolger. Der Verwaltungsrat beantragt der ordentlichen Generalversammlung die Wahl von Hans-Ulrich Meister zum neuen Mitglied und Pr\u00e4sidenten des Verwaltungsrates.\" \/>\n<meta property=\"og:url\" content=\"https:\/\/www.immobilienbusiness.ch\/en\/unternehmen\/2016-02-08\/implenia-hans-ulrich-meister-soll-vr-praesident-werden\/\" \/>\n<meta property=\"og:site_name\" content=\"IMMOBILIEN Business\" \/>\n<meta property=\"article:publisher\" content=\"https:\/\/www.facebook.com\/immobilienbusiness\/\" \/>\n<meta property=\"article:published_time\" content=\"2016-02-08T10:55:55+00:00\" \/>\n<meta name=\"author\" content=\"Redaktion\" \/>\n<meta name=\"twitter:card\" content=\"summary_large_image\" \/>\n<meta name=\"twitter:image\" content=\"https:\/\/www.immobilienbusiness.ch\/wp-content\/uploads\/2016\/12\/Implenia-Hans-Ulrich-Meister-soll-VR-Praesident-werden-immobilien-business.jpg\" \/>\n<script type=\"application\/ld+json\" class=\"yoast-schema-graph\">{\"@context\":\"https:\\\/\\\/schema.org\",\"@graph\":[{\"@type\":\"Article\",\"@id\":\"https:\\\/\\\/www.immobilienbusiness.ch\\\/unternehmen\\\/2016-02-08\\\/implenia-hans-ulrich-meister-soll-vr-praesident-werden\\\/#article\",\"isPartOf\":{\"@id\":\"https:\\\/\\\/www.immobilienbusiness.ch\\\/unternehmen\\\/2016-02-08\\\/implenia-hans-ulrich-meister-soll-vr-praesident-werden\\\/\"},\"author\":{\"name\":\"Redaktion\",\"@id\":\"https:\\\/\\\/www.immobilienbusiness.ch\\\/#\\\/schema\\\/person\\\/aa2bace6c5c5aad60102004a50c4eb1c\"},\"headline\":\"Implenia: Hans-Ulrich Meister soll VR-Pr\u00e4sident werden\",\"datePublished\":\"2016-02-08T10:55:55+00:00\",\"mainEntityOfPage\":{\"@id\":\"https:\\\/\\\/www.immobilienbusiness.ch\\\/unternehmen\\\/2016-02-08\\\/implenia-hans-ulrich-meister-soll-vr-praesident-werden\\\/\"},\"wordCount\":133,\"commentCount\":0,\"publisher\":{\"@id\":\"https:\\\/\\\/www.immobilienbusiness.ch\\\/#organization\"},\"image\":{\"@id\":\"https:\\\/\\\/www.immobilienbusiness.ch\\\/unternehmen\\\/2016-02-08\\\/implenia-hans-ulrich-meister-soll-vr-praesident-werden\\\/#primaryimage\"},\"thumbnailUrl\":\"https:\\\/\\\/www.immobilienbusiness.ch\\\/wp-content\\\/uploads\\\/2016\\\/12\\\/Implenia-Hans-Ulrich-Meister-soll-VR-Praesident-werden-immobilien-business.jpg\",\"keywords\":[\"Personalien\",\"Unternehmen\"],\"articleSection\":[\"UNTERNEHMEN\"],\"inLanguage\":\"en-US\"},{\"@type\":\"WebPage\",\"@id\":\"https:\\\/\\\/www.immobilienbusiness.ch\\\/unternehmen\\\/2016-02-08\\\/implenia-hans-ulrich-meister-soll-vr-praesident-werden\\\/\",\"url\":\"https:\\\/\\\/www.immobilienbusiness.ch\\\/unternehmen\\\/2016-02-08\\\/implenia-hans-ulrich-meister-soll-vr-praesident-werden\\\/\",\"name\":\"Implenia VR Prasident: Hans-Ulrich Meister wird nominiert\",\"isPartOf\":{\"@id\":\"https:\\\/\\\/www.immobilienbusiness.ch\\\/#website\"},\"primaryImageOfPage\":{\"@id\":\"https:\\\/\\\/www.immobilienbusiness.ch\\\/unternehmen\\\/2016-02-08\\\/implenia-hans-ulrich-meister-soll-vr-praesident-werden\\\/#primaryimage\"},\"image\":{\"@id\":\"https:\\\/\\\/www.immobilienbusiness.ch\\\/unternehmen\\\/2016-02-08\\\/implenia-hans-ulrich-meister-soll-vr-praesident-werden\\\/#primaryimage\"},\"thumbnailUrl\":\"https:\\\/\\\/www.immobilienbusiness.ch\\\/wp-content\\\/uploads\\\/2016\\\/12\\\/Implenia-Hans-Ulrich-Meister-soll-VR-Praesident-werden-immobilien-business.jpg\",\"datePublished\":\"2016-02-08T10:55:55+00:00\",\"description\":\"Hans-Ulrich Meister, ehemaliger UBS- und Credit Suisse-F\u00fchrungskraft, soll bei Implenia zum VR-Prasidenten gew\u00e4hlt werden. Entscheidung im Maerz.\",\"breadcrumb\":{\"@id\":\"https:\\\/\\\/www.immobilienbusiness.ch\\\/unternehmen\\\/2016-02-08\\\/implenia-hans-ulrich-meister-soll-vr-praesident-werden\\\/#breadcrumb\"},\"inLanguage\":\"en-US\",\"potentialAction\":[{\"@type\":\"ReadAction\",\"target\":[\"https:\\\/\\\/www.immobilienbusiness.ch\\\/unternehmen\\\/2016-02-08\\\/implenia-hans-ulrich-meister-soll-vr-praesident-werden\\\/\"]}]},{\"@type\":\"ImageObject\",\"inLanguage\":\"en-US\",\"@id\":\"https:\\\/\\\/www.immobilienbusiness.ch\\\/unternehmen\\\/2016-02-08\\\/implenia-hans-ulrich-meister-soll-vr-praesident-werden\\\/#primaryimage\",\"url\":\"https:\\\/\\\/www.immobilienbusiness.ch\\\/wp-content\\\/uploads\\\/2016\\\/12\\\/Implenia-Hans-Ulrich-Meister-soll-VR-Praesident-werden-immobilien-business.jpg\",\"contentUrl\":\"https:\\\/\\\/www.immobilienbusiness.ch\\\/wp-content\\\/uploads\\\/2016\\\/12\\\/Implenia-Hans-Ulrich-Meister-soll-VR-Praesident-werden-immobilien-business.jpg\",\"width\":2560,\"height\":1703,\"caption\":\"Hans-Ulrich Meister soll neuer VR-Pr\u00e4sident der Implenia werden (Foto: Implenia AG)\"},{\"@type\":\"BreadcrumbList\",\"@id\":\"https:\\\/\\\/www.immobilienbusiness.ch\\\/unternehmen\\\/2016-02-08\\\/implenia-hans-ulrich-meister-soll-vr-praesident-werden\\\/#breadcrumb\",\"itemListElement\":[{\"@type\":\"ListItem\",\"position\":1,\"name\":\"Home\",\"item\":\"https:\\\/\\\/www.immobilienbusiness.ch\\\/\"},{\"@type\":\"ListItem\",\"position\":2,\"name\":\"Implenia: Hans-Ulrich Meister soll VR-Pr\u00e4sident werden\"}]},{\"@type\":\"WebSite\",\"@id\":\"https:\\\/\\\/www.immobilienbusiness.ch\\\/#website\",\"url\":\"https:\\\/\\\/www.immobilienbusiness.ch\\\/\",\"name\":\"IMMOBILIEN Business\",\"description\":\"Unabh\u00e4ngiges Schweizer Wirtschaftsmagazin mit Fokus auf Immobilien, Architektur- und Bau sowie Investment- und Finanzierung.\",\"publisher\":{\"@id\":\"https:\\\/\\\/www.immobilienbusiness.ch\\\/#organization\"},\"potentialAction\":[{\"@type\":\"SearchAction\",\"target\":{\"@type\":\"EntryPoint\",\"urlTemplate\":\"https:\\\/\\\/www.immobilienbusiness.ch\\\/?s={search_term_string}\"},\"query-input\":{\"@type\":\"PropertyValueSpecification\",\"valueRequired\":true,\"valueName\":\"search_term_string\"}}],\"inLanguage\":\"en-US\"},{\"@type\":\"Organization\",\"@id\":\"https:\\\/\\\/www.immobilienbusiness.ch\\\/#organization\",\"name\":\"IMMOBILIEN Business\",\"url\":\"https:\\\/\\\/www.immobilienbusiness.ch\\\/\",\"logo\":{\"@type\":\"ImageObject\",\"inLanguage\":\"en-US\",\"@id\":\"https:\\\/\\\/www.immobilienbusiness.ch\\\/#\\\/schema\\\/logo\\\/image\\\/\",\"url\":\"https:\\\/\\\/www.immobilienbusiness.ch\\\/wp-content\\\/uploads\\\/2021\\\/07\\\/logo_ib.png\",\"contentUrl\":\"https:\\\/\\\/www.immobilienbusiness.ch\\\/wp-content\\\/uploads\\\/2021\\\/07\\\/logo_ib.png\",\"width\":800,\"height\":181,\"caption\":\"IMMOBILIEN Business\"},\"image\":{\"@id\":\"https:\\\/\\\/www.immobilienbusiness.ch\\\/#\\\/schema\\\/logo\\\/image\\\/\"},\"sameAs\":[\"https:\\\/\\\/www.facebook.com\\\/immobilienbusiness\\\/\"]},{\"@type\":\"Person\",\"@id\":\"https:\\\/\\\/www.immobilienbusiness.ch\\\/#\\\/schema\\\/person\\\/aa2bace6c5c5aad60102004a50c4eb1c\",\"name\":\"Redaktion\",\"image\":{\"@type\":\"ImageObject\",\"inLanguage\":\"en-US\",\"@id\":\"https:\\\/\\\/secure.gravatar.com\\\/avatar\\\/ae2f4d718e6c49043e314ce431e7e645d646302a24a5ef5a8bc8e3f5a032e319?s=96&d=mm&r=g\",\"url\":\"https:\\\/\\\/secure.gravatar.com\\\/avatar\\\/ae2f4d718e6c49043e314ce431e7e645d646302a24a5ef5a8bc8e3f5a032e319?s=96&d=mm&r=g\",\"contentUrl\":\"https:\\\/\\\/secure.gravatar.com\\\/avatar\\\/ae2f4d718e6c49043e314ce431e7e645d646302a24a5ef5a8bc8e3f5a032e319?s=96&d=mm&r=g\",\"caption\":\"Redaktion\"},\"sameAs\":[\"http:\\\/\\\/develop.organisator.galledia.ch\"],\"url\":\"https:\\\/\\\/www.immobilienbusiness.ch\\\/en\\\/author\\\/admin\\\/\"}]}<\/script>\n<!-- \/ Yoast SEO plugin. -->","yoast_head_json":{"title":"Implenia VR Prasident: Hans-Ulrich Meister wird nominiert","description":"Hans-Ulrich Meister, ehemaliger UBS- und Credit Suisse-F\u00fchrungskraft, soll bei Implenia zum VR-Prasidenten gew\u00e4hlt werden. Entscheidung im Maerz.","robots":{"index":"index","follow":"follow","max-snippet":"max-snippet:-1","max-image-preview":"max-image-preview:large","max-video-preview":"max-video-preview:-1"},"canonical":"https:\/\/www.immobilienbusiness.ch\/en\/unternehmen\/2016-02-08\/implenia-hans-ulrich-meister-soll-vr-praesident-werden\/","og_locale":"en_US","og_type":"article","og_title":"Implenia: Hans-Ulrich Meister soll VR-Pr\u00e4sident werden","og_description":"Wenige Tage nach dem R\u00fccktritt von Implenias VR-Pr\u00e4sidenten Hubert Achermann pr\u00e4sentiert der Baukonzern einen Nachfolger. Der Verwaltungsrat beantragt der ordentlichen Generalversammlung die Wahl von Hans-Ulrich Meister zum neuen Mitglied und Pr\u00e4sidenten des Verwaltungsrates.","og_url":"https:\/\/www.immobilienbusiness.ch\/en\/unternehmen\/2016-02-08\/implenia-hans-ulrich-meister-soll-vr-praesident-werden\/","og_site_name":"IMMOBILIEN Business","article_publisher":"https:\/\/www.facebook.com\/immobilienbusiness\/","article_published_time":"2016-02-08T10:55:55+00:00","author":"Redaktion","twitter_card":"summary_large_image","twitter_image":"https:\/\/www.immobilienbusiness.ch\/wp-content\/uploads\/2016\/12\/Implenia-Hans-Ulrich-Meister-soll-VR-Praesident-werden-immobilien-business.jpg","schema":{"@context":"https:\/\/schema.org","@graph":[{"@type":"Article","@id":"https:\/\/www.immobilienbusiness.ch\/unternehmen\/2016-02-08\/implenia-hans-ulrich-meister-soll-vr-praesident-werden\/#article","isPartOf":{"@id":"https:\/\/www.immobilienbusiness.ch\/unternehmen\/2016-02-08\/implenia-hans-ulrich-meister-soll-vr-praesident-werden\/"},"author":{"name":"Redaktion","@id":"https:\/\/www.immobilienbusiness.ch\/#\/schema\/person\/aa2bace6c5c5aad60102004a50c4eb1c"},"headline":"Implenia: Hans-Ulrich Meister soll VR-Pr\u00e4sident werden","datePublished":"2016-02-08T10:55:55+00:00","mainEntityOfPage":{"@id":"https:\/\/www.immobilienbusiness.ch\/unternehmen\/2016-02-08\/implenia-hans-ulrich-meister-soll-vr-praesident-werden\/"},"wordCount":133,"commentCount":0,"publisher":{"@id":"https:\/\/www.immobilienbusiness.ch\/#organization"},"image":{"@id":"https:\/\/www.immobilienbusiness.ch\/unternehmen\/2016-02-08\/implenia-hans-ulrich-meister-soll-vr-praesident-werden\/#primaryimage"},"thumbnailUrl":"https:\/\/www.immobilienbusiness.ch\/wp-content\/uploads\/2016\/12\/Implenia-Hans-Ulrich-Meister-soll-VR-Praesident-werden-immobilien-business.jpg","keywords":["Personalien","Unternehmen"],"articleSection":["UNTERNEHMEN"],"inLanguage":"en-US"},{"@type":"WebPage","@id":"https:\/\/www.immobilienbusiness.ch\/unternehmen\/2016-02-08\/implenia-hans-ulrich-meister-soll-vr-praesident-werden\/","url":"https:\/\/www.immobilienbusiness.ch\/unternehmen\/2016-02-08\/implenia-hans-ulrich-meister-soll-vr-praesident-werden\/","name":"Implenia VR Prasident: Hans-Ulrich Meister wird nominiert","isPartOf":{"@id":"https:\/\/www.immobilienbusiness.ch\/#website"},"primaryImageOfPage":{"@id":"https:\/\/www.immobilienbusiness.ch\/unternehmen\/2016-02-08\/implenia-hans-ulrich-meister-soll-vr-praesident-werden\/#primaryimage"},"image":{"@id":"https:\/\/www.immobilienbusiness.ch\/unternehmen\/2016-02-08\/implenia-hans-ulrich-meister-soll-vr-praesident-werden\/#primaryimage"},"thumbnailUrl":"https:\/\/www.immobilienbusiness.ch\/wp-content\/uploads\/2016\/12\/Implenia-Hans-Ulrich-Meister-soll-VR-Praesident-werden-immobilien-business.jpg","datePublished":"2016-02-08T10:55:55+00:00","description":"Hans-Ulrich Meister, ehemaliger UBS- und Credit Suisse-F\u00fchrungskraft, soll bei Implenia zum VR-Prasidenten gew\u00e4hlt werden. Entscheidung im Maerz.","breadcrumb":{"@id":"https:\/\/www.immobilienbusiness.ch\/unternehmen\/2016-02-08\/implenia-hans-ulrich-meister-soll-vr-praesident-werden\/#breadcrumb"},"inLanguage":"en-US","potentialAction":[{"@type":"ReadAction","target":["https:\/\/www.immobilienbusiness.ch\/unternehmen\/2016-02-08\/implenia-hans-ulrich-meister-soll-vr-praesident-werden\/"]}]},{"@type":"ImageObject","inLanguage":"en-US","@id":"https:\/\/www.immobilienbusiness.ch\/unternehmen\/2016-02-08\/implenia-hans-ulrich-meister-soll-vr-praesident-werden\/#primaryimage","url":"https:\/\/www.immobilienbusiness.ch\/wp-content\/uploads\/2016\/12\/Implenia-Hans-Ulrich-Meister-soll-VR-Praesident-werden-immobilien-business.jpg","contentUrl":"https:\/\/www.immobilienbusiness.ch\/wp-content\/uploads\/2016\/12\/Implenia-Hans-Ulrich-Meister-soll-VR-Praesident-werden-immobilien-business.jpg","width":2560,"height":1703,"caption":"Hans-Ulrich Meister soll neuer VR-Pr\u00e4sident der Implenia werden (Foto: Implenia AG)"},{"@type":"BreadcrumbList","@id":"https:\/\/www.immobilienbusiness.ch\/unternehmen\/2016-02-08\/implenia-hans-ulrich-meister-soll-vr-praesident-werden\/#breadcrumb","itemListElement":[{"@type":"ListItem","position":1,"name":"Home","item":"https:\/\/www.immobilienbusiness.ch\/"},{"@type":"ListItem","position":2,"name":"Implenia: Hans-Ulrich Meister soll VR-Pr\u00e4sident werden"}]},{"@type":"WebSite","@id":"https:\/\/www.immobilienbusiness.ch\/#website","url":"https:\/\/www.immobilienbusiness.ch\/","name":"REAL ESTATE Business","description":"Independent Swiss business magazine focusing on real estate, architecture and construction as well as investment and financing.","publisher":{"@id":"https:\/\/www.immobilienbusiness.ch\/#organization"},"potentialAction":[{"@type":"SearchAction","target":{"@type":"EntryPoint","urlTemplate":"https:\/\/www.immobilienbusiness.ch\/?s={search_term_string}"},"query-input":{"@type":"PropertyValueSpecification","valueRequired":true,"valueName":"search_term_string"}}],"inLanguage":"en-US"},{"@type":"Organization","@id":"https:\/\/www.immobilienbusiness.ch\/#organization","name":"REAL ESTATE Business","url":"https:\/\/www.immobilienbusiness.ch\/","logo":{"@type":"ImageObject","inLanguage":"en-US","@id":"https:\/\/www.immobilienbusiness.ch\/#\/schema\/logo\/image\/","url":"https:\/\/www.immobilienbusiness.ch\/wp-content\/uploads\/2021\/07\/logo_ib.png","contentUrl":"https:\/\/www.immobilienbusiness.ch\/wp-content\/uploads\/2021\/07\/logo_ib.png","width":800,"height":181,"caption":"IMMOBILIEN Business"},"image":{"@id":"https:\/\/www.immobilienbusiness.ch\/#\/schema\/logo\/image\/"},"sameAs":["https:\/\/www.facebook.com\/immobilienbusiness\/"]},{"@type":"Person","@id":"https:\/\/www.immobilienbusiness.ch\/#\/schema\/person\/aa2bace6c5c5aad60102004a50c4eb1c","name":"Editorial","image":{"@type":"ImageObject","inLanguage":"en-US","@id":"https:\/\/secure.gravatar.com\/avatar\/ae2f4d718e6c49043e314ce431e7e645d646302a24a5ef5a8bc8e3f5a032e319?s=96&d=mm&r=g","url":"https:\/\/secure.gravatar.com\/avatar\/ae2f4d718e6c49043e314ce431e7e645d646302a24a5ef5a8bc8e3f5a032e319?s=96&d=mm&r=g","contentUrl":"https:\/\/secure.gravatar.com\/avatar\/ae2f4d718e6c49043e314ce431e7e645d646302a24a5ef5a8bc8e3f5a032e319?s=96&d=mm&r=g","caption":"Redaktion"},"sameAs":["http:\/\/develop.organisator.galledia.ch"],"url":"https:\/\/www.immobilienbusiness.ch\/en\/author\/admin\/"}]}},"_links":{"self":[{"href":"https:\/\/www.immobilienbusiness.ch\/en\/wp-json\/wp\/v2\/posts\/2234","targetHints":{"allow":["GET"]}}],"collection":[{"href":"https:\/\/www.immobilienbusiness.ch\/en\/wp-json\/wp\/v2\/posts"}],"about":[{"href":"https:\/\/www.immobilienbusiness.ch\/en\/wp-json\/wp\/v2\/types\/post"}],"author":[{"embeddable":true,"href":"https:\/\/www.immobilienbusiness.ch\/en\/wp-json\/wp\/v2\/users\/1"}],"replies":[{"embeddable":true,"href":"https:\/\/www.immobilienbusiness.ch\/en\/wp-json\/wp\/v2\/comments?post=2234"}],"version-history":[{"count":0,"href":"https:\/\/www.immobilienbusiness.ch\/en\/wp-json\/wp\/v2\/posts\/2234\/revisions"}],"wp:featuredmedia":[{"embeddable":true,"href":"https:\/\/www.immobilienbusiness.ch\/en\/wp-json\/wp\/v2\/media\/2235"}],"wp:attachment":[{"href":"https:\/\/www.immobilienbusiness.ch\/en\/wp-json\/wp\/v2\/media?parent=2234"}],"wp:term":[{"taxonomy":"category","embeddable":true,"href":"https:\/\/www.immobilienbusiness.ch\/en\/wp-json\/wp\/v2\/categories?post=2234"},{"taxonomy":"post_tag","embeddable":true,"href":"https:\/\/www.immobilienbusiness.ch\/en\/wp-json\/wp\/v2\/tags?post=2234"}],"curies":[{"name":"wp","href":"https:\/\/api.w.org\/{rel}","templated":true}]}}