{"id":21922,"date":"2020-07-21T09:06:47","date_gmt":"2020-07-21T07:06:47","guid":{"rendered":"https:\/\/www.immobilienbusiness.ch\/?p=21922"},"modified":"2020-07-21T09:06:47","modified_gmt":"2020-07-21T07:06:47","slug":"waedenswil-realisierung-des-aupark-rueckt-naeher","status":"publish","type":"post","link":"https:\/\/www.immobilienbusiness.ch\/en\/regionen\/2020-07-21\/waedenswil-realisierung-des-aupark-rueckt-naeher\/","title":{"rendered":"W\u00e4denswil: realisation of the AuPark draws closer"},"content":{"rendered":"<figure id=\"attachment_19294\" aria-describedby=\"caption-attachment-19294\" style=\"width: 680px\" class=\"wp-caption alignnone\"><img loading=\"lazy\" decoding=\"async\" class=\"size-medium wp-image-19294\" src=\"https:\/\/www.immobilienbusiness.ch\/wp-content\/uploads\/2019\/11\/Visualisierung-AuPark-Promenade-Park.jpg\" alt=\"\" width=\"680\" height=\"453\" srcset=\"https:\/\/www.immobilienbusiness.ch\/wp-content\/uploads\/2019\/11\/Visualisierung-AuPark-Promenade-Park.jpg 1800w, https:\/\/www.immobilienbusiness.ch\/wp-content\/uploads\/2019\/11\/Visualisierung-AuPark-Promenade-Park-300x200.jpg 300w, https:\/\/www.immobilienbusiness.ch\/wp-content\/uploads\/2019\/11\/Visualisierung-AuPark-Promenade-Park-1024x683.jpg 1024w, https:\/\/www.immobilienbusiness.ch\/wp-content\/uploads\/2019\/11\/Visualisierung-AuPark-Promenade-Park-768x512.jpg 768w, https:\/\/www.immobilienbusiness.ch\/wp-content\/uploads\/2019\/11\/Visualisierung-AuPark-Promenade-Park-1536x1024.jpg 1536w, https:\/\/www.immobilienbusiness.ch\/wp-content\/uploads\/2019\/11\/Visualisierung-AuPark-Promenade-Park-16x12.jpg 16w, https:\/\/www.immobilienbusiness.ch\/wp-content\/uploads\/2019\/11\/Visualisierung-AuPark-Promenade-Park-263x175.jpg 263w, https:\/\/www.immobilienbusiness.ch\/wp-content\/uploads\/2019\/11\/Visualisierung-AuPark-Promenade-Park-525x350.jpg 525w, https:\/\/www.immobilienbusiness.ch\/wp-content\/uploads\/2019\/11\/Visualisierung-AuPark-Promenade-Park-1200x800.jpg 1200w, https:\/\/www.immobilienbusiness.ch\/wp-content\/uploads\/2019\/11\/Visualisierung-AuPark-Promenade-Park-920x613.jpg 920w, https:\/\/www.immobilienbusiness.ch\/wp-content\/uploads\/2019\/11\/Visualisierung-AuPark-Promenade-Park-1400x933.jpg 1400w\" sizes=\"auto, (max-width: 680px) 100vw, 680px\" \/><figcaption id=\"caption-attachment-19294\" class=\"wp-caption-text\">Visualization of the AuPark development (Image: Intershop Holding AG)<\/figcaption><\/figure>\n<p>Intershop wants to build the AuPark district on the site of the current AuCenter in Au-W\u00e4denswil on Lake Zurich. The plans include a cantonal school for the left bank of Lake Zurich, around 200 condominiums and rental apartments, and commercial space for a neighborhood supply system. In the middle of the development, a large public park with a playground is planned as a connecting element and meeting zone.<\/p>\n<p>After the public announcement, there was no appeal to the Building Appeals Court, so the design plan for the project has become legally binding. According to Intershop, this means that the last condition of the land purchase agreement with the canton of Zurich has also been fulfilled. However, ownership of the partial parcel of around a quarter of the overall site cannot be transferred until, among other things, the building has been dismantled, which requires approval. <em>(ah)<\/em><\/p>","protected":false},"excerpt":{"rendered":"<p>Intershop Holding intends to submit the building application for the AuPark development in W\u00e4denswil (ZH) this year. The private design plan has now become legally binding.<\/p>","protected":false},"author":3,"featured_media":19294,"comment_status":"closed","ping_status":"open","sticky":false,"template":"","format":"standard","meta":{"_acf_changed":false,"_yoast_wpseo_focuskw":"AuPark","_yoast_wpseo_title":"","_yoast_wpseo_metadesc":"Die Intershop Holding will noch dieses Jahr das Baugesuch f\u00fcr die \u00dcberbauung AuPark in W\u00e4denswil (ZH) einreichen.","_yoast_wpseo_linkdex":50,"pgc_sgb_lightbox_settings":"","footnotes":""},"categories":[985],"tags":[1377,1600,1645,1863],"class_list":["post-21922","post","type-post","status-publish","format-standard","has-post-thumbnail","hentry","category-regionen","tag-intershop","tag-projekt-in-planung","tag-retailflaechen","tag-wohnimmobilien"],"acf":[],"yoast_head":"<!-- This site is optimized with the Yoast SEO plugin v27.4 - https:\/\/yoast.com\/product\/yoast-seo-wordpress\/ -->\n<title>W\u00e4denswil: Realisierung des AuPark r\u00fcckt n\u00e4her - IMMOBILIEN Business<\/title>\n<meta name=\"description\" content=\"Die Intershop Holding will noch dieses Jahr das Baugesuch f\u00fcr die \u00dcberbauung AuPark in W\u00e4denswil (ZH) einreichen.\" \/>\n<meta name=\"robots\" content=\"index, follow, max-snippet:-1, max-image-preview:large, max-video-preview:-1\" \/>\n<link rel=\"canonical\" href=\"https:\/\/www.immobilienbusiness.ch\/en\/regionen\/2020-07-21\/waedenswil-realisierung-des-aupark-rueckt-naeher\/\" \/>\n<meta property=\"og:locale\" content=\"en_US\" \/>\n<meta property=\"og:type\" content=\"article\" \/>\n<meta property=\"og:title\" content=\"W\u00e4denswil: Realisierung des AuPark r\u00fcckt n\u00e4her - IMMOBILIEN Business\" \/>\n<meta property=\"og:description\" content=\"Die Intershop Holding will noch dieses Jahr das Baugesuch f\u00fcr die \u00dcberbauung AuPark in W\u00e4denswil (ZH) einreichen.\" \/>\n<meta property=\"og:url\" content=\"https:\/\/www.immobilienbusiness.ch\/en\/regionen\/2020-07-21\/waedenswil-realisierung-des-aupark-rueckt-naeher\/\" \/>\n<meta property=\"og:site_name\" content=\"IMMOBILIEN Business\" \/>\n<meta property=\"article:publisher\" content=\"https:\/\/www.facebook.com\/immobilienbusiness\/\" \/>\n<meta property=\"article:published_time\" content=\"2020-07-21T07:06:47+00:00\" \/>\n<meta property=\"og:image\" content=\"https:\/\/www.immobilienbusiness.ch\/wp-content\/uploads\/2019\/11\/Visualisierung-AuPark-Promenade-Park.jpg\" \/>\n\t<meta property=\"og:image:width\" content=\"1800\" \/>\n\t<meta property=\"og:image:height\" content=\"1200\" \/>\n\t<meta property=\"og:image:type\" content=\"image\/jpeg\" \/>\n<meta name=\"author\" content=\"anja.hall\" \/>\n<meta name=\"twitter:card\" content=\"summary_large_image\" \/>\n<meta name=\"twitter:image\" content=\"https:\/\/www.immobilienbusiness.ch\/wp-content\/uploads\/2019\/11\/Visualisierung-AuPark-Promenade-Park.jpg\" \/>\n<script type=\"application\/ld+json\" class=\"yoast-schema-graph\">{\"@context\":\"https:\\\/\\\/schema.org\",\"@graph\":[{\"@type\":\"Article\",\"@id\":\"https:\\\/\\\/www.immobilienbusiness.ch\\\/fr\\\/regionen\\\/2020-07-21\\\/waedenswil-realisierung-des-aupark-rueckt-naeher\\\/#article\",\"isPartOf\":{\"@id\":\"https:\\\/\\\/www.immobilienbusiness.ch\\\/fr\\\/regionen\\\/2020-07-21\\\/waedenswil-realisierung-des-aupark-rueckt-naeher\\\/\"},\"author\":{\"name\":\"anja.hall\",\"@id\":\"https:\\\/\\\/www.immobilienbusiness.ch\\\/#\\\/schema\\\/person\\\/3fc036297b10b9f42d6db5ee932af8c8\"},\"headline\":\"W\u00e4denswil: Realisierung des AuPark r\u00fcckt n\u00e4her\",\"datePublished\":\"2020-07-21T07:06:47+00:00\",\"mainEntityOfPage\":{\"@id\":\"https:\\\/\\\/www.immobilienbusiness.ch\\\/fr\\\/regionen\\\/2020-07-21\\\/waedenswil-realisierung-des-aupark-rueckt-naeher\\\/\"},\"wordCount\":153,\"publisher\":{\"@id\":\"https:\\\/\\\/www.immobilienbusiness.ch\\\/#organization\"},\"image\":{\"@id\":\"https:\\\/\\\/www.immobilienbusiness.ch\\\/fr\\\/regionen\\\/2020-07-21\\\/waedenswil-realisierung-des-aupark-rueckt-naeher\\\/#primaryimage\"},\"thumbnailUrl\":\"https:\\\/\\\/www.immobilienbusiness.ch\\\/wp-content\\\/uploads\\\/2019\\\/11\\\/Visualisierung-AuPark-Promenade-Park.jpg\",\"keywords\":[\"Intershop\",\"Projekt in Planung\",\"Retailfl\u00e4chen\",\"Wohnimmobilien\"],\"articleSection\":[\"REGIONEN\"],\"inLanguage\":\"en-US\"},{\"@type\":\"WebPage\",\"@id\":\"https:\\\/\\\/www.immobilienbusiness.ch\\\/fr\\\/regionen\\\/2020-07-21\\\/waedenswil-realisierung-des-aupark-rueckt-naeher\\\/\",\"url\":\"https:\\\/\\\/www.immobilienbusiness.ch\\\/fr\\\/regionen\\\/2020-07-21\\\/waedenswil-realisierung-des-aupark-rueckt-naeher\\\/\",\"name\":\"W\u00e4denswil: Realisierung des AuPark r\u00fcckt n\u00e4her - IMMOBILIEN Business\",\"isPartOf\":{\"@id\":\"https:\\\/\\\/www.immobilienbusiness.ch\\\/#website\"},\"primaryImageOfPage\":{\"@id\":\"https:\\\/\\\/www.immobilienbusiness.ch\\\/fr\\\/regionen\\\/2020-07-21\\\/waedenswil-realisierung-des-aupark-rueckt-naeher\\\/#primaryimage\"},\"image\":{\"@id\":\"https:\\\/\\\/www.immobilienbusiness.ch\\\/fr\\\/regionen\\\/2020-07-21\\\/waedenswil-realisierung-des-aupark-rueckt-naeher\\\/#primaryimage\"},\"thumbnailUrl\":\"https:\\\/\\\/www.immobilienbusiness.ch\\\/wp-content\\\/uploads\\\/2019\\\/11\\\/Visualisierung-AuPark-Promenade-Park.jpg\",\"datePublished\":\"2020-07-21T07:06:47+00:00\",\"description\":\"Die Intershop Holding will noch dieses Jahr das Baugesuch f\u00fcr die \u00dcberbauung AuPark in W\u00e4denswil (ZH) einreichen.\",\"breadcrumb\":{\"@id\":\"https:\\\/\\\/www.immobilienbusiness.ch\\\/fr\\\/regionen\\\/2020-07-21\\\/waedenswil-realisierung-des-aupark-rueckt-naeher\\\/#breadcrumb\"},\"inLanguage\":\"en-US\",\"potentialAction\":[{\"@type\":\"ReadAction\",\"target\":[\"https:\\\/\\\/www.immobilienbusiness.ch\\\/fr\\\/regionen\\\/2020-07-21\\\/waedenswil-realisierung-des-aupark-rueckt-naeher\\\/\"]}]},{\"@type\":\"ImageObject\",\"inLanguage\":\"en-US\",\"@id\":\"https:\\\/\\\/www.immobilienbusiness.ch\\\/fr\\\/regionen\\\/2020-07-21\\\/waedenswil-realisierung-des-aupark-rueckt-naeher\\\/#primaryimage\",\"url\":\"https:\\\/\\\/www.immobilienbusiness.ch\\\/wp-content\\\/uploads\\\/2019\\\/11\\\/Visualisierung-AuPark-Promenade-Park.jpg\",\"contentUrl\":\"https:\\\/\\\/www.immobilienbusiness.ch\\\/wp-content\\\/uploads\\\/2019\\\/11\\\/Visualisierung-AuPark-Promenade-Park.jpg\",\"width\":1800,\"height\":1200,\"caption\":\"Visualisierung der \u00dcberbauung AuPark (Bild: Intershop Holding AG)\"},{\"@type\":\"BreadcrumbList\",\"@id\":\"https:\\\/\\\/www.immobilienbusiness.ch\\\/fr\\\/regionen\\\/2020-07-21\\\/waedenswil-realisierung-des-aupark-rueckt-naeher\\\/#breadcrumb\",\"itemListElement\":[{\"@type\":\"ListItem\",\"position\":1,\"name\":\"Home\",\"item\":\"https:\\\/\\\/www.immobilienbusiness.ch\\\/\"},{\"@type\":\"ListItem\",\"position\":2,\"name\":\"W\u00e4denswil: Realisierung des AuPark r\u00fcckt n\u00e4her\"}]},{\"@type\":\"WebSite\",\"@id\":\"https:\\\/\\\/www.immobilienbusiness.ch\\\/#website\",\"url\":\"https:\\\/\\\/www.immobilienbusiness.ch\\\/\",\"name\":\"IMMOBILIEN Business\",\"description\":\"Unabh\u00e4ngiges Schweizer Wirtschaftsmagazin mit Fokus auf Immobilien, Architektur- und Bau sowie Investment- und Finanzierung.\",\"publisher\":{\"@id\":\"https:\\\/\\\/www.immobilienbusiness.ch\\\/#organization\"},\"potentialAction\":[{\"@type\":\"SearchAction\",\"target\":{\"@type\":\"EntryPoint\",\"urlTemplate\":\"https:\\\/\\\/www.immobilienbusiness.ch\\\/?s={search_term_string}\"},\"query-input\":{\"@type\":\"PropertyValueSpecification\",\"valueRequired\":true,\"valueName\":\"search_term_string\"}}],\"inLanguage\":\"en-US\"},{\"@type\":\"Organization\",\"@id\":\"https:\\\/\\\/www.immobilienbusiness.ch\\\/#organization\",\"name\":\"IMMOBILIEN Business\",\"url\":\"https:\\\/\\\/www.immobilienbusiness.ch\\\/\",\"logo\":{\"@type\":\"ImageObject\",\"inLanguage\":\"en-US\",\"@id\":\"https:\\\/\\\/www.immobilienbusiness.ch\\\/#\\\/schema\\\/logo\\\/image\\\/\",\"url\":\"https:\\\/\\\/www.immobilienbusiness.ch\\\/wp-content\\\/uploads\\\/2021\\\/07\\\/logo_ib.png\",\"contentUrl\":\"https:\\\/\\\/www.immobilienbusiness.ch\\\/wp-content\\\/uploads\\\/2021\\\/07\\\/logo_ib.png\",\"width\":800,\"height\":181,\"caption\":\"IMMOBILIEN Business\"},\"image\":{\"@id\":\"https:\\\/\\\/www.immobilienbusiness.ch\\\/#\\\/schema\\\/logo\\\/image\\\/\"},\"sameAs\":[\"https:\\\/\\\/www.facebook.com\\\/immobilienbusiness\\\/\"]},{\"@type\":\"Person\",\"@id\":\"https:\\\/\\\/www.immobilienbusiness.ch\\\/#\\\/schema\\\/person\\\/3fc036297b10b9f42d6db5ee932af8c8\",\"name\":\"anja.hall\",\"image\":{\"@type\":\"ImageObject\",\"inLanguage\":\"en-US\",\"@id\":\"https:\\\/\\\/secure.gravatar.com\\\/avatar\\\/066b5a0d447013502c71a5782f4f3469f03cfe595cc2329fb94652fe47511bfb?s=96&d=mm&r=g\",\"url\":\"https:\\\/\\\/secure.gravatar.com\\\/avatar\\\/066b5a0d447013502c71a5782f4f3469f03cfe595cc2329fb94652fe47511bfb?s=96&d=mm&r=g\",\"contentUrl\":\"https:\\\/\\\/secure.gravatar.com\\\/avatar\\\/066b5a0d447013502c71a5782f4f3469f03cfe595cc2329fb94652fe47511bfb?s=96&d=mm&r=g\",\"caption\":\"anja.hall\"},\"url\":\"https:\\\/\\\/www.immobilienbusiness.ch\\\/en\\\/author\\\/anja-hall\\\/\"}]}<\/script>\n<!-- \/ Yoast SEO plugin. -->","yoast_head_json":{"title":"W\u00e4denswil: Realisierung des AuPark r\u00fcckt n\u00e4her - IMMOBILIEN Business","description":"Die Intershop Holding will noch dieses Jahr das Baugesuch f\u00fcr die \u00dcberbauung AuPark in W\u00e4denswil (ZH) einreichen.","robots":{"index":"index","follow":"follow","max-snippet":"max-snippet:-1","max-image-preview":"max-image-preview:large","max-video-preview":"max-video-preview:-1"},"canonical":"https:\/\/www.immobilienbusiness.ch\/en\/regionen\/2020-07-21\/waedenswil-realisierung-des-aupark-rueckt-naeher\/","og_locale":"en_US","og_type":"article","og_title":"W\u00e4denswil: Realisierung des AuPark r\u00fcckt n\u00e4her - IMMOBILIEN Business","og_description":"Die Intershop Holding will noch dieses Jahr das Baugesuch f\u00fcr die \u00dcberbauung AuPark in W\u00e4denswil (ZH) einreichen.","og_url":"https:\/\/www.immobilienbusiness.ch\/en\/regionen\/2020-07-21\/waedenswil-realisierung-des-aupark-rueckt-naeher\/","og_site_name":"IMMOBILIEN Business","article_publisher":"https:\/\/www.facebook.com\/immobilienbusiness\/","article_published_time":"2020-07-21T07:06:47+00:00","og_image":[{"width":1800,"height":1200,"url":"https:\/\/www.immobilienbusiness.ch\/wp-content\/uploads\/2019\/11\/Visualisierung-AuPark-Promenade-Park.jpg","type":"image\/jpeg"}],"author":"anja.hall","twitter_card":"summary_large_image","twitter_image":"https:\/\/www.immobilienbusiness.ch\/wp-content\/uploads\/2019\/11\/Visualisierung-AuPark-Promenade-Park.jpg","schema":{"@context":"https:\/\/schema.org","@graph":[{"@type":"Article","@id":"https:\/\/www.immobilienbusiness.ch\/fr\/regionen\/2020-07-21\/waedenswil-realisierung-des-aupark-rueckt-naeher\/#article","isPartOf":{"@id":"https:\/\/www.immobilienbusiness.ch\/fr\/regionen\/2020-07-21\/waedenswil-realisierung-des-aupark-rueckt-naeher\/"},"author":{"name":"anja.hall","@id":"https:\/\/www.immobilienbusiness.ch\/#\/schema\/person\/3fc036297b10b9f42d6db5ee932af8c8"},"headline":"W\u00e4denswil: Realisierung des AuPark r\u00fcckt n\u00e4her","datePublished":"2020-07-21T07:06:47+00:00","mainEntityOfPage":{"@id":"https:\/\/www.immobilienbusiness.ch\/fr\/regionen\/2020-07-21\/waedenswil-realisierung-des-aupark-rueckt-naeher\/"},"wordCount":153,"publisher":{"@id":"https:\/\/www.immobilienbusiness.ch\/#organization"},"image":{"@id":"https:\/\/www.immobilienbusiness.ch\/fr\/regionen\/2020-07-21\/waedenswil-realisierung-des-aupark-rueckt-naeher\/#primaryimage"},"thumbnailUrl":"https:\/\/www.immobilienbusiness.ch\/wp-content\/uploads\/2019\/11\/Visualisierung-AuPark-Promenade-Park.jpg","keywords":["Intershop","Projekt in Planung","Retailfl\u00e4chen","Wohnimmobilien"],"articleSection":["REGIONEN"],"inLanguage":"en-US"},{"@type":"WebPage","@id":"https:\/\/www.immobilienbusiness.ch\/fr\/regionen\/2020-07-21\/waedenswil-realisierung-des-aupark-rueckt-naeher\/","url":"https:\/\/www.immobilienbusiness.ch\/fr\/regionen\/2020-07-21\/waedenswil-realisierung-des-aupark-rueckt-naeher\/","name":"W\u00e4denswil: Realisierung des AuPark r\u00fcckt n\u00e4her - IMMOBILIEN Business","isPartOf":{"@id":"https:\/\/www.immobilienbusiness.ch\/#website"},"primaryImageOfPage":{"@id":"https:\/\/www.immobilienbusiness.ch\/fr\/regionen\/2020-07-21\/waedenswil-realisierung-des-aupark-rueckt-naeher\/#primaryimage"},"image":{"@id":"https:\/\/www.immobilienbusiness.ch\/fr\/regionen\/2020-07-21\/waedenswil-realisierung-des-aupark-rueckt-naeher\/#primaryimage"},"thumbnailUrl":"https:\/\/www.immobilienbusiness.ch\/wp-content\/uploads\/2019\/11\/Visualisierung-AuPark-Promenade-Park.jpg","datePublished":"2020-07-21T07:06:47+00:00","description":"Die Intershop Holding will noch dieses Jahr das Baugesuch f\u00fcr die \u00dcberbauung AuPark in W\u00e4denswil (ZH) einreichen.","breadcrumb":{"@id":"https:\/\/www.immobilienbusiness.ch\/fr\/regionen\/2020-07-21\/waedenswil-realisierung-des-aupark-rueckt-naeher\/#breadcrumb"},"inLanguage":"en-US","potentialAction":[{"@type":"ReadAction","target":["https:\/\/www.immobilienbusiness.ch\/fr\/regionen\/2020-07-21\/waedenswil-realisierung-des-aupark-rueckt-naeher\/"]}]},{"@type":"ImageObject","inLanguage":"en-US","@id":"https:\/\/www.immobilienbusiness.ch\/fr\/regionen\/2020-07-21\/waedenswil-realisierung-des-aupark-rueckt-naeher\/#primaryimage","url":"https:\/\/www.immobilienbusiness.ch\/wp-content\/uploads\/2019\/11\/Visualisierung-AuPark-Promenade-Park.jpg","contentUrl":"https:\/\/www.immobilienbusiness.ch\/wp-content\/uploads\/2019\/11\/Visualisierung-AuPark-Promenade-Park.jpg","width":1800,"height":1200,"caption":"Visualisierung der \u00dcberbauung AuPark (Bild: Intershop Holding AG)"},{"@type":"BreadcrumbList","@id":"https:\/\/www.immobilienbusiness.ch\/fr\/regionen\/2020-07-21\/waedenswil-realisierung-des-aupark-rueckt-naeher\/#breadcrumb","itemListElement":[{"@type":"ListItem","position":1,"name":"Home","item":"https:\/\/www.immobilienbusiness.ch\/"},{"@type":"ListItem","position":2,"name":"W\u00e4denswil: Realisierung des AuPark r\u00fcckt n\u00e4her"}]},{"@type":"WebSite","@id":"https:\/\/www.immobilienbusiness.ch\/#website","url":"https:\/\/www.immobilienbusiness.ch\/","name":"REAL ESTATE Business","description":"Independent Swiss business magazine focusing on real estate, architecture and construction as well as investment and financing.","publisher":{"@id":"https:\/\/www.immobilienbusiness.ch\/#organization"},"potentialAction":[{"@type":"SearchAction","target":{"@type":"EntryPoint","urlTemplate":"https:\/\/www.immobilienbusiness.ch\/?s={search_term_string}"},"query-input":{"@type":"PropertyValueSpecification","valueRequired":true,"valueName":"search_term_string"}}],"inLanguage":"en-US"},{"@type":"Organization","@id":"https:\/\/www.immobilienbusiness.ch\/#organization","name":"REAL ESTATE Business","url":"https:\/\/www.immobilienbusiness.ch\/","logo":{"@type":"ImageObject","inLanguage":"en-US","@id":"https:\/\/www.immobilienbusiness.ch\/#\/schema\/logo\/image\/","url":"https:\/\/www.immobilienbusiness.ch\/wp-content\/uploads\/2021\/07\/logo_ib.png","contentUrl":"https:\/\/www.immobilienbusiness.ch\/wp-content\/uploads\/2021\/07\/logo_ib.png","width":800,"height":181,"caption":"IMMOBILIEN Business"},"image":{"@id":"https:\/\/www.immobilienbusiness.ch\/#\/schema\/logo\/image\/"},"sameAs":["https:\/\/www.facebook.com\/immobilienbusiness\/"]},{"@type":"Person","@id":"https:\/\/www.immobilienbusiness.ch\/#\/schema\/person\/3fc036297b10b9f42d6db5ee932af8c8","name":"anja.hall","image":{"@type":"ImageObject","inLanguage":"en-US","@id":"https:\/\/secure.gravatar.com\/avatar\/066b5a0d447013502c71a5782f4f3469f03cfe595cc2329fb94652fe47511bfb?s=96&d=mm&r=g","url":"https:\/\/secure.gravatar.com\/avatar\/066b5a0d447013502c71a5782f4f3469f03cfe595cc2329fb94652fe47511bfb?s=96&d=mm&r=g","contentUrl":"https:\/\/secure.gravatar.com\/avatar\/066b5a0d447013502c71a5782f4f3469f03cfe595cc2329fb94652fe47511bfb?s=96&d=mm&r=g","caption":"anja.hall"},"url":"https:\/\/www.immobilienbusiness.ch\/en\/author\/anja-hall\/"}]}},"_links":{"self":[{"href":"https:\/\/www.immobilienbusiness.ch\/en\/wp-json\/wp\/v2\/posts\/21922","targetHints":{"allow":["GET"]}}],"collection":[{"href":"https:\/\/www.immobilienbusiness.ch\/en\/wp-json\/wp\/v2\/posts"}],"about":[{"href":"https:\/\/www.immobilienbusiness.ch\/en\/wp-json\/wp\/v2\/types\/post"}],"author":[{"embeddable":true,"href":"https:\/\/www.immobilienbusiness.ch\/en\/wp-json\/wp\/v2\/users\/3"}],"replies":[{"embeddable":true,"href":"https:\/\/www.immobilienbusiness.ch\/en\/wp-json\/wp\/v2\/comments?post=21922"}],"version-history":[{"count":0,"href":"https:\/\/www.immobilienbusiness.ch\/en\/wp-json\/wp\/v2\/posts\/21922\/revisions"}],"wp:featuredmedia":[{"embeddable":true,"href":"https:\/\/www.immobilienbusiness.ch\/en\/wp-json\/wp\/v2\/media\/19294"}],"wp:attachment":[{"href":"https:\/\/www.immobilienbusiness.ch\/en\/wp-json\/wp\/v2\/media?parent=21922"}],"wp:term":[{"taxonomy":"category","embeddable":true,"href":"https:\/\/www.immobilienbusiness.ch\/en\/wp-json\/wp\/v2\/categories?post=21922"},{"taxonomy":"post_tag","embeddable":true,"href":"https:\/\/www.immobilienbusiness.ch\/en\/wp-json\/wp\/v2\/tags?post=21922"}],"curies":[{"name":"wp","href":"https:\/\/api.w.org\/{rel}","templated":true}]}}