{"id":21185,"date":"2020-05-12T07:54:11","date_gmt":"2020-05-12T05:54:11","guid":{"rendered":"https:\/\/www.immobilienbusiness.ch\/?p=21185"},"modified":"2020-05-12T07:54:11","modified_gmt":"2020-05-12T05:54:11","slug":"zug-estates-chefwechsel-frueher-als-geplant","status":"publish","type":"post","link":"https:\/\/www.immobilienbusiness.ch\/en\/unternehmen\/2020-05-12\/zug-estates-chefwechsel-frueher-als-geplant\/","title":{"rendered":"Zug Estates: Change of boss earlier than planned"},"content":{"rendered":"<figure id=\"attachment_20653\" aria-describedby=\"caption-attachment-20653\" style=\"width: 680px\" class=\"wp-caption alignnone\"><img loading=\"lazy\" decoding=\"async\" class=\"size-medium wp-image-20653\" src=\"https:\/\/www.immobilienbusiness.ch\/wp-content\/uploads\/2020\/03\/Portrait-Patrik-Stillhart.jpg\" alt=\"\" width=\"680\" height=\"453\" srcset=\"https:\/\/www.immobilienbusiness.ch\/wp-content\/uploads\/2020\/03\/Portrait-Patrik-Stillhart.jpg 1898w, https:\/\/www.immobilienbusiness.ch\/wp-content\/uploads\/2020\/03\/Portrait-Patrik-Stillhart-300x200.jpg 300w, https:\/\/www.immobilienbusiness.ch\/wp-content\/uploads\/2020\/03\/Portrait-Patrik-Stillhart-1024x682.jpg 1024w, https:\/\/www.immobilienbusiness.ch\/wp-content\/uploads\/2020\/03\/Portrait-Patrik-Stillhart-768x512.jpg 768w, https:\/\/www.immobilienbusiness.ch\/wp-content\/uploads\/2020\/03\/Portrait-Patrik-Stillhart-1536x1024.jpg 1536w, https:\/\/www.immobilienbusiness.ch\/wp-content\/uploads\/2020\/03\/Portrait-Patrik-Stillhart-16x12.jpg 16w, https:\/\/www.immobilienbusiness.ch\/wp-content\/uploads\/2020\/03\/Portrait-Patrik-Stillhart-263x175.jpg 263w, https:\/\/www.immobilienbusiness.ch\/wp-content\/uploads\/2020\/03\/Portrait-Patrik-Stillhart-525x350.jpg 525w, https:\/\/www.immobilienbusiness.ch\/wp-content\/uploads\/2020\/03\/Portrait-Patrik-Stillhart-1200x800.jpg 1200w, https:\/\/www.immobilienbusiness.ch\/wp-content\/uploads\/2020\/03\/Portrait-Patrik-Stillhart-920x613.jpg 920w, https:\/\/www.immobilienbusiness.ch\/wp-content\/uploads\/2020\/03\/Portrait-Patrik-Stillhart-1400x933.jpg 1400w\" sizes=\"auto, (max-width: 680px) 100vw, 680px\" \/><figcaption id=\"caption-attachment-20653\" class=\"wp-caption-text\">Patrik Stillhart (Source: Zug Estates)<\/figcaption><\/figure>\n<p>Patrik Stillhart (born 1974), previously Managing Director and Deputy CEO at JLL Switzerland, was originally scheduled to take over as CEO of Zug Estates on August 1. Now the real estate company announces that Stillhart will take over the position of CEO as early as June 1. His predecessor Tobias Achermann has left the company, and CFO Mirko K\u00e4ppeli is currently acting as interim CEO.<\/p>\n<p>Stillhart has been Managing Director of JLL Switzerland since its foundation in February 2011. He began his professional career in 2001 at Ernst Basler + Partner in Zurich. In 2005, he joined the real estate team of Ernst &amp; Young and later Sal. Oppenheim jr. &amp; Cie. Corporate Finance, where he held various positions, including management responsibility. The Sal. Oppenheim team moved to Jones Lang LaSalle in 2011. <em>(ah)<\/em><\/p>","protected":false},"excerpt":{"rendered":"<p>Patrik Stillhart will take over the position of CEO at Zug Estates as early as June 1. Originally, he was to move two months later.<\/p>","protected":false},"author":3,"featured_media":20653,"comment_status":"closed","ping_status":"open","sticky":false,"template":"","format":"standard","meta":{"_acf_changed":false,"_yoast_wpseo_focuskw":"Zug Estates","_yoast_wpseo_title":"","_yoast_wpseo_metadesc":"Patrik Stillhart wird bereits zum 1. Juni die Position des CEO bei Zug Estates \u00fcbernehmen. Urspr\u00fcnglich sollte er zwei Monate sp\u00e4ter wechseln.","_yoast_wpseo_linkdex":52,"pgc_sgb_lightbox_settings":"","footnotes":""},"categories":[988],"tags":[1563,1885],"class_list":["post-21185","post","type-post","status-publish","format-standard","has-post-thumbnail","hentry","category-unternehmen","tag-personalia","tag-zug-estates"],"acf":[],"yoast_head":"<!-- This site is optimized with the Yoast SEO plugin v27.5 - https:\/\/yoast.com\/product\/yoast-seo-wordpress\/ -->\n<title>Zug Estates: Chefwechsel fr\u00fcher als geplant - IMMOBILIEN Business<\/title>\n<meta name=\"description\" content=\"Patrik Stillhart wird bereits zum 1. Juni die Position des CEO bei Zug Estates \u00fcbernehmen. Urspr\u00fcnglich sollte er zwei Monate sp\u00e4ter wechseln.\" \/>\n<meta name=\"robots\" content=\"index, follow, max-snippet:-1, max-image-preview:large, max-video-preview:-1\" \/>\n<link rel=\"canonical\" href=\"https:\/\/www.immobilienbusiness.ch\/en\/unternehmen\/2020-05-12\/zug-estates-chefwechsel-frueher-als-geplant\/\" \/>\n<meta property=\"og:locale\" content=\"en_US\" \/>\n<meta property=\"og:type\" content=\"article\" \/>\n<meta property=\"og:title\" content=\"Zug Estates: Chefwechsel fr\u00fcher als geplant - IMMOBILIEN Business\" \/>\n<meta property=\"og:description\" content=\"Patrik Stillhart wird bereits zum 1. Juni die Position des CEO bei Zug Estates \u00fcbernehmen. Urspr\u00fcnglich sollte er zwei Monate sp\u00e4ter wechseln.\" \/>\n<meta property=\"og:url\" content=\"https:\/\/www.immobilienbusiness.ch\/en\/unternehmen\/2020-05-12\/zug-estates-chefwechsel-frueher-als-geplant\/\" \/>\n<meta property=\"og:site_name\" content=\"IMMOBILIEN Business\" \/>\n<meta property=\"article:publisher\" content=\"https:\/\/www.facebook.com\/immobilienbusiness\/\" \/>\n<meta property=\"article:published_time\" content=\"2020-05-12T05:54:11+00:00\" \/>\n<meta property=\"og:image\" content=\"https:\/\/www.immobilienbusiness.ch\/wp-content\/uploads\/2020\/03\/Portrait-Patrik-Stillhart.jpg\" \/>\n\t<meta property=\"og:image:width\" content=\"1898\" \/>\n\t<meta property=\"og:image:height\" content=\"1265\" \/>\n\t<meta property=\"og:image:type\" content=\"image\/jpeg\" \/>\n<meta name=\"author\" content=\"anja.hall\" \/>\n<meta name=\"twitter:card\" content=\"summary_large_image\" \/>\n<meta name=\"twitter:image\" content=\"https:\/\/www.immobilienbusiness.ch\/wp-content\/uploads\/2020\/03\/Portrait-Patrik-Stillhart.jpg\" \/>\n<script type=\"application\/ld+json\" class=\"yoast-schema-graph\">{\"@context\":\"https:\\\/\\\/schema.org\",\"@graph\":[{\"@type\":\"Article\",\"@id\":\"https:\\\/\\\/www.immobilienbusiness.ch\\\/en\\\/unternehmen\\\/2020-05-12\\\/zug-estates-chefwechsel-frueher-als-geplant\\\/#article\",\"isPartOf\":{\"@id\":\"https:\\\/\\\/www.immobilienbusiness.ch\\\/en\\\/unternehmen\\\/2020-05-12\\\/zug-estates-chefwechsel-frueher-als-geplant\\\/\"},\"author\":{\"name\":\"anja.hall\",\"@id\":\"https:\\\/\\\/www.immobilienbusiness.ch\\\/#\\\/schema\\\/person\\\/3fc036297b10b9f42d6db5ee932af8c8\"},\"headline\":\"Zug Estates: Chefwechsel fr\u00fcher als geplant\",\"datePublished\":\"2020-05-12T05:54:11+00:00\",\"mainEntityOfPage\":{\"@id\":\"https:\\\/\\\/www.immobilienbusiness.ch\\\/en\\\/unternehmen\\\/2020-05-12\\\/zug-estates-chefwechsel-frueher-als-geplant\\\/\"},\"wordCount\":142,\"publisher\":{\"@id\":\"https:\\\/\\\/www.immobilienbusiness.ch\\\/#organization\"},\"image\":{\"@id\":\"https:\\\/\\\/www.immobilienbusiness.ch\\\/en\\\/unternehmen\\\/2020-05-12\\\/zug-estates-chefwechsel-frueher-als-geplant\\\/#primaryimage\"},\"thumbnailUrl\":\"https:\\\/\\\/www.immobilienbusiness.ch\\\/wp-content\\\/uploads\\\/2020\\\/03\\\/Portrait-Patrik-Stillhart.jpg\",\"keywords\":[\"Personalia\",\"Zug Estates\"],\"articleSection\":[\"UNTERNEHMEN\"],\"inLanguage\":\"en-US\"},{\"@type\":\"WebPage\",\"@id\":\"https:\\\/\\\/www.immobilienbusiness.ch\\\/en\\\/unternehmen\\\/2020-05-12\\\/zug-estates-chefwechsel-frueher-als-geplant\\\/\",\"url\":\"https:\\\/\\\/www.immobilienbusiness.ch\\\/en\\\/unternehmen\\\/2020-05-12\\\/zug-estates-chefwechsel-frueher-als-geplant\\\/\",\"name\":\"Zug Estates: Chefwechsel fr\u00fcher als geplant - IMMOBILIEN Business\",\"isPartOf\":{\"@id\":\"https:\\\/\\\/www.immobilienbusiness.ch\\\/#website\"},\"primaryImageOfPage\":{\"@id\":\"https:\\\/\\\/www.immobilienbusiness.ch\\\/en\\\/unternehmen\\\/2020-05-12\\\/zug-estates-chefwechsel-frueher-als-geplant\\\/#primaryimage\"},\"image\":{\"@id\":\"https:\\\/\\\/www.immobilienbusiness.ch\\\/en\\\/unternehmen\\\/2020-05-12\\\/zug-estates-chefwechsel-frueher-als-geplant\\\/#primaryimage\"},\"thumbnailUrl\":\"https:\\\/\\\/www.immobilienbusiness.ch\\\/wp-content\\\/uploads\\\/2020\\\/03\\\/Portrait-Patrik-Stillhart.jpg\",\"datePublished\":\"2020-05-12T05:54:11+00:00\",\"description\":\"Patrik Stillhart wird bereits zum 1. Juni die Position des CEO bei Zug Estates \u00fcbernehmen. Urspr\u00fcnglich sollte er zwei Monate sp\u00e4ter wechseln.\",\"breadcrumb\":{\"@id\":\"https:\\\/\\\/www.immobilienbusiness.ch\\\/en\\\/unternehmen\\\/2020-05-12\\\/zug-estates-chefwechsel-frueher-als-geplant\\\/#breadcrumb\"},\"inLanguage\":\"en-US\",\"potentialAction\":[{\"@type\":\"ReadAction\",\"target\":[\"https:\\\/\\\/www.immobilienbusiness.ch\\\/en\\\/unternehmen\\\/2020-05-12\\\/zug-estates-chefwechsel-frueher-als-geplant\\\/\"]}]},{\"@type\":\"ImageObject\",\"inLanguage\":\"en-US\",\"@id\":\"https:\\\/\\\/www.immobilienbusiness.ch\\\/en\\\/unternehmen\\\/2020-05-12\\\/zug-estates-chefwechsel-frueher-als-geplant\\\/#primaryimage\",\"url\":\"https:\\\/\\\/www.immobilienbusiness.ch\\\/wp-content\\\/uploads\\\/2020\\\/03\\\/Portrait-Patrik-Stillhart.jpg\",\"contentUrl\":\"https:\\\/\\\/www.immobilienbusiness.ch\\\/wp-content\\\/uploads\\\/2020\\\/03\\\/Portrait-Patrik-Stillhart.jpg\",\"width\":1898,\"height\":1265,\"caption\":\"Patrik Stillhart (Quelle: Zug Estates)\"},{\"@type\":\"BreadcrumbList\",\"@id\":\"https:\\\/\\\/www.immobilienbusiness.ch\\\/en\\\/unternehmen\\\/2020-05-12\\\/zug-estates-chefwechsel-frueher-als-geplant\\\/#breadcrumb\",\"itemListElement\":[{\"@type\":\"ListItem\",\"position\":1,\"name\":\"Home\",\"item\":\"https:\\\/\\\/www.immobilienbusiness.ch\\\/\"},{\"@type\":\"ListItem\",\"position\":2,\"name\":\"Zug Estates: Chefwechsel fr\u00fcher als geplant\"}]},{\"@type\":\"WebSite\",\"@id\":\"https:\\\/\\\/www.immobilienbusiness.ch\\\/#website\",\"url\":\"https:\\\/\\\/www.immobilienbusiness.ch\\\/\",\"name\":\"IMMOBILIEN Business\",\"description\":\"Unabh\u00e4ngiges Schweizer Wirtschaftsmagazin mit Fokus auf Immobilien, Architektur- und Bau sowie Investment- und Finanzierung.\",\"publisher\":{\"@id\":\"https:\\\/\\\/www.immobilienbusiness.ch\\\/#organization\"},\"potentialAction\":[{\"@type\":\"SearchAction\",\"target\":{\"@type\":\"EntryPoint\",\"urlTemplate\":\"https:\\\/\\\/www.immobilienbusiness.ch\\\/?s={search_term_string}\"},\"query-input\":{\"@type\":\"PropertyValueSpecification\",\"valueRequired\":true,\"valueName\":\"search_term_string\"}}],\"inLanguage\":\"en-US\"},{\"@type\":\"Organization\",\"@id\":\"https:\\\/\\\/www.immobilienbusiness.ch\\\/#organization\",\"name\":\"IMMOBILIEN Business\",\"url\":\"https:\\\/\\\/www.immobilienbusiness.ch\\\/\",\"logo\":{\"@type\":\"ImageObject\",\"inLanguage\":\"en-US\",\"@id\":\"https:\\\/\\\/www.immobilienbusiness.ch\\\/#\\\/schema\\\/logo\\\/image\\\/\",\"url\":\"https:\\\/\\\/www.immobilienbusiness.ch\\\/wp-content\\\/uploads\\\/2021\\\/07\\\/logo_ib.png\",\"contentUrl\":\"https:\\\/\\\/www.immobilienbusiness.ch\\\/wp-content\\\/uploads\\\/2021\\\/07\\\/logo_ib.png\",\"width\":800,\"height\":181,\"caption\":\"IMMOBILIEN Business\"},\"image\":{\"@id\":\"https:\\\/\\\/www.immobilienbusiness.ch\\\/#\\\/schema\\\/logo\\\/image\\\/\"},\"sameAs\":[\"https:\\\/\\\/www.facebook.com\\\/immobilienbusiness\\\/\"]},{\"@type\":\"Person\",\"@id\":\"https:\\\/\\\/www.immobilienbusiness.ch\\\/#\\\/schema\\\/person\\\/3fc036297b10b9f42d6db5ee932af8c8\",\"name\":\"anja.hall\",\"image\":{\"@type\":\"ImageObject\",\"inLanguage\":\"en-US\",\"@id\":\"https:\\\/\\\/secure.gravatar.com\\\/avatar\\\/066b5a0d447013502c71a5782f4f3469f03cfe595cc2329fb94652fe47511bfb?s=96&d=mm&r=g\",\"url\":\"https:\\\/\\\/secure.gravatar.com\\\/avatar\\\/066b5a0d447013502c71a5782f4f3469f03cfe595cc2329fb94652fe47511bfb?s=96&d=mm&r=g\",\"contentUrl\":\"https:\\\/\\\/secure.gravatar.com\\\/avatar\\\/066b5a0d447013502c71a5782f4f3469f03cfe595cc2329fb94652fe47511bfb?s=96&d=mm&r=g\",\"caption\":\"anja.hall\"},\"url\":\"https:\\\/\\\/www.immobilienbusiness.ch\\\/en\\\/author\\\/anja-hall\\\/\"}]}<\/script>\n<!-- \/ Yoast SEO plugin. -->","yoast_head_json":{"title":"Zug Estates: Change of boss earlier than planned - IMMOBILIEN Business","description":"Patrik Stillhart will take over the position of CEO at Zug Estates as early as June 1. Originally, he was to move two months later.","robots":{"index":"index","follow":"follow","max-snippet":"max-snippet:-1","max-image-preview":"max-image-preview:large","max-video-preview":"max-video-preview:-1"},"canonical":"https:\/\/www.immobilienbusiness.ch\/en\/unternehmen\/2020-05-12\/zug-estates-chefwechsel-frueher-als-geplant\/","og_locale":"en_US","og_type":"article","og_title":"Zug Estates: Chefwechsel fr\u00fcher als geplant - IMMOBILIEN Business","og_description":"Patrik Stillhart wird bereits zum 1. Juni die Position des CEO bei Zug Estates \u00fcbernehmen. Urspr\u00fcnglich sollte er zwei Monate sp\u00e4ter wechseln.","og_url":"https:\/\/www.immobilienbusiness.ch\/en\/unternehmen\/2020-05-12\/zug-estates-chefwechsel-frueher-als-geplant\/","og_site_name":"IMMOBILIEN Business","article_publisher":"https:\/\/www.facebook.com\/immobilienbusiness\/","article_published_time":"2020-05-12T05:54:11+00:00","og_image":[{"width":1898,"height":1265,"url":"https:\/\/www.immobilienbusiness.ch\/wp-content\/uploads\/2020\/03\/Portrait-Patrik-Stillhart.jpg","type":"image\/jpeg"}],"author":"anja.hall","twitter_card":"summary_large_image","twitter_image":"https:\/\/www.immobilienbusiness.ch\/wp-content\/uploads\/2020\/03\/Portrait-Patrik-Stillhart.jpg","schema":{"@context":"https:\/\/schema.org","@graph":[{"@type":"Article","@id":"https:\/\/www.immobilienbusiness.ch\/en\/unternehmen\/2020-05-12\/zug-estates-chefwechsel-frueher-als-geplant\/#article","isPartOf":{"@id":"https:\/\/www.immobilienbusiness.ch\/en\/unternehmen\/2020-05-12\/zug-estates-chefwechsel-frueher-als-geplant\/"},"author":{"name":"anja.hall","@id":"https:\/\/www.immobilienbusiness.ch\/#\/schema\/person\/3fc036297b10b9f42d6db5ee932af8c8"},"headline":"Zug Estates: Chefwechsel fr\u00fcher als geplant","datePublished":"2020-05-12T05:54:11+00:00","mainEntityOfPage":{"@id":"https:\/\/www.immobilienbusiness.ch\/en\/unternehmen\/2020-05-12\/zug-estates-chefwechsel-frueher-als-geplant\/"},"wordCount":142,"publisher":{"@id":"https:\/\/www.immobilienbusiness.ch\/#organization"},"image":{"@id":"https:\/\/www.immobilienbusiness.ch\/en\/unternehmen\/2020-05-12\/zug-estates-chefwechsel-frueher-als-geplant\/#primaryimage"},"thumbnailUrl":"https:\/\/www.immobilienbusiness.ch\/wp-content\/uploads\/2020\/03\/Portrait-Patrik-Stillhart.jpg","keywords":["Personalia","Zug Estates"],"articleSection":["UNTERNEHMEN"],"inLanguage":"en-US"},{"@type":"WebPage","@id":"https:\/\/www.immobilienbusiness.ch\/en\/unternehmen\/2020-05-12\/zug-estates-chefwechsel-frueher-als-geplant\/","url":"https:\/\/www.immobilienbusiness.ch\/en\/unternehmen\/2020-05-12\/zug-estates-chefwechsel-frueher-als-geplant\/","name":"Zug Estates: Change of boss earlier than planned - IMMOBILIEN Business","isPartOf":{"@id":"https:\/\/www.immobilienbusiness.ch\/#website"},"primaryImageOfPage":{"@id":"https:\/\/www.immobilienbusiness.ch\/en\/unternehmen\/2020-05-12\/zug-estates-chefwechsel-frueher-als-geplant\/#primaryimage"},"image":{"@id":"https:\/\/www.immobilienbusiness.ch\/en\/unternehmen\/2020-05-12\/zug-estates-chefwechsel-frueher-als-geplant\/#primaryimage"},"thumbnailUrl":"https:\/\/www.immobilienbusiness.ch\/wp-content\/uploads\/2020\/03\/Portrait-Patrik-Stillhart.jpg","datePublished":"2020-05-12T05:54:11+00:00","description":"Patrik Stillhart will take over the position of CEO at Zug Estates as early as June 1. Originally, he was to move two months later.","breadcrumb":{"@id":"https:\/\/www.immobilienbusiness.ch\/en\/unternehmen\/2020-05-12\/zug-estates-chefwechsel-frueher-als-geplant\/#breadcrumb"},"inLanguage":"en-US","potentialAction":[{"@type":"ReadAction","target":["https:\/\/www.immobilienbusiness.ch\/en\/unternehmen\/2020-05-12\/zug-estates-chefwechsel-frueher-als-geplant\/"]}]},{"@type":"ImageObject","inLanguage":"en-US","@id":"https:\/\/www.immobilienbusiness.ch\/en\/unternehmen\/2020-05-12\/zug-estates-chefwechsel-frueher-als-geplant\/#primaryimage","url":"https:\/\/www.immobilienbusiness.ch\/wp-content\/uploads\/2020\/03\/Portrait-Patrik-Stillhart.jpg","contentUrl":"https:\/\/www.immobilienbusiness.ch\/wp-content\/uploads\/2020\/03\/Portrait-Patrik-Stillhart.jpg","width":1898,"height":1265,"caption":"Patrik Stillhart (Quelle: Zug Estates)"},{"@type":"BreadcrumbList","@id":"https:\/\/www.immobilienbusiness.ch\/en\/unternehmen\/2020-05-12\/zug-estates-chefwechsel-frueher-als-geplant\/#breadcrumb","itemListElement":[{"@type":"ListItem","position":1,"name":"Home","item":"https:\/\/www.immobilienbusiness.ch\/"},{"@type":"ListItem","position":2,"name":"Zug Estates: Chefwechsel fr\u00fcher als geplant"}]},{"@type":"WebSite","@id":"https:\/\/www.immobilienbusiness.ch\/#website","url":"https:\/\/www.immobilienbusiness.ch\/","name":"REAL ESTATE Business","description":"Independent Swiss business magazine focusing on real estate, architecture and construction as well as investment and financing.","publisher":{"@id":"https:\/\/www.immobilienbusiness.ch\/#organization"},"potentialAction":[{"@type":"SearchAction","target":{"@type":"EntryPoint","urlTemplate":"https:\/\/www.immobilienbusiness.ch\/?s={search_term_string}"},"query-input":{"@type":"PropertyValueSpecification","valueRequired":true,"valueName":"search_term_string"}}],"inLanguage":"en-US"},{"@type":"Organization","@id":"https:\/\/www.immobilienbusiness.ch\/#organization","name":"REAL ESTATE Business","url":"https:\/\/www.immobilienbusiness.ch\/","logo":{"@type":"ImageObject","inLanguage":"en-US","@id":"https:\/\/www.immobilienbusiness.ch\/#\/schema\/logo\/image\/","url":"https:\/\/www.immobilienbusiness.ch\/wp-content\/uploads\/2021\/07\/logo_ib.png","contentUrl":"https:\/\/www.immobilienbusiness.ch\/wp-content\/uploads\/2021\/07\/logo_ib.png","width":800,"height":181,"caption":"IMMOBILIEN Business"},"image":{"@id":"https:\/\/www.immobilienbusiness.ch\/#\/schema\/logo\/image\/"},"sameAs":["https:\/\/www.facebook.com\/immobilienbusiness\/"]},{"@type":"Person","@id":"https:\/\/www.immobilienbusiness.ch\/#\/schema\/person\/3fc036297b10b9f42d6db5ee932af8c8","name":"anja.hall","image":{"@type":"ImageObject","inLanguage":"en-US","@id":"https:\/\/secure.gravatar.com\/avatar\/066b5a0d447013502c71a5782f4f3469f03cfe595cc2329fb94652fe47511bfb?s=96&d=mm&r=g","url":"https:\/\/secure.gravatar.com\/avatar\/066b5a0d447013502c71a5782f4f3469f03cfe595cc2329fb94652fe47511bfb?s=96&d=mm&r=g","contentUrl":"https:\/\/secure.gravatar.com\/avatar\/066b5a0d447013502c71a5782f4f3469f03cfe595cc2329fb94652fe47511bfb?s=96&d=mm&r=g","caption":"anja.hall"},"url":"https:\/\/www.immobilienbusiness.ch\/en\/author\/anja-hall\/"}]}},"_links":{"self":[{"href":"https:\/\/www.immobilienbusiness.ch\/en\/wp-json\/wp\/v2\/posts\/21185","targetHints":{"allow":["GET"]}}],"collection":[{"href":"https:\/\/www.immobilienbusiness.ch\/en\/wp-json\/wp\/v2\/posts"}],"about":[{"href":"https:\/\/www.immobilienbusiness.ch\/en\/wp-json\/wp\/v2\/types\/post"}],"author":[{"embeddable":true,"href":"https:\/\/www.immobilienbusiness.ch\/en\/wp-json\/wp\/v2\/users\/3"}],"replies":[{"embeddable":true,"href":"https:\/\/www.immobilienbusiness.ch\/en\/wp-json\/wp\/v2\/comments?post=21185"}],"version-history":[{"count":0,"href":"https:\/\/www.immobilienbusiness.ch\/en\/wp-json\/wp\/v2\/posts\/21185\/revisions"}],"wp:featuredmedia":[{"embeddable":true,"href":"https:\/\/www.immobilienbusiness.ch\/en\/wp-json\/wp\/v2\/media\/20653"}],"wp:attachment":[{"href":"https:\/\/www.immobilienbusiness.ch\/en\/wp-json\/wp\/v2\/media?parent=21185"}],"wp:term":[{"taxonomy":"category","embeddable":true,"href":"https:\/\/www.immobilienbusiness.ch\/en\/wp-json\/wp\/v2\/categories?post=21185"},{"taxonomy":"post_tag","embeddable":true,"href":"https:\/\/www.immobilienbusiness.ch\/en\/wp-json\/wp\/v2\/tags?post=21185"}],"curies":[{"name":"wp","href":"https:\/\/api.w.org\/{rel}","templated":true}]}}