{"id":21003,"date":"2020-04-23T09:39:22","date_gmt":"2020-04-23T07:39:22","guid":{"rendered":"https:\/\/www.immobilienbusiness.ch\/?p=21003"},"modified":"2020-04-23T09:39:22","modified_gmt":"2020-04-23T07:39:22","slug":"corestate-capital-streicht-die-dividende","status":"publish","type":"post","link":"https:\/\/www.immobilienbusiness.ch\/en\/unternehmen\/2020-04-23\/corestate-capital-streicht-die-dividende\/","title":{"rendered":"Corestate Capital cancels the dividend"},"content":{"rendered":"<figure id=\"attachment_16141\" aria-describedby=\"caption-attachment-16141\" style=\"width: 680px\" class=\"wp-caption alignnone\"><img loading=\"lazy\" decoding=\"async\" class=\"size-medium wp-image-16141\" src=\"https:\/\/www.immobilienbusiness.ch\/wp-content\/uploads\/2019\/01\/Depositphotos_70144575_xl-2015.jpg\" alt=\"\" width=\"680\" height=\"510\" srcset=\"https:\/\/www.immobilienbusiness.ch\/wp-content\/uploads\/2019\/01\/Depositphotos_70144575_xl-2015.jpg 2560w, https:\/\/www.immobilienbusiness.ch\/wp-content\/uploads\/2019\/01\/Depositphotos_70144575_xl-2015-300x225.jpg 300w, https:\/\/www.immobilienbusiness.ch\/wp-content\/uploads\/2019\/01\/Depositphotos_70144575_xl-2015-1024x768.jpg 1024w, https:\/\/www.immobilienbusiness.ch\/wp-content\/uploads\/2019\/01\/Depositphotos_70144575_xl-2015-768x576.jpg 768w, https:\/\/www.immobilienbusiness.ch\/wp-content\/uploads\/2019\/01\/Depositphotos_70144575_xl-2015-1536x1152.jpg 1536w, https:\/\/www.immobilienbusiness.ch\/wp-content\/uploads\/2019\/01\/Depositphotos_70144575_xl-2015-2048x1536.jpg 2048w, https:\/\/www.immobilienbusiness.ch\/wp-content\/uploads\/2019\/01\/Depositphotos_70144575_xl-2015-16x12.jpg 16w, https:\/\/www.immobilienbusiness.ch\/wp-content\/uploads\/2019\/01\/Depositphotos_70144575_xl-2015-233x175.jpg 233w, https:\/\/www.immobilienbusiness.ch\/wp-content\/uploads\/2019\/01\/Depositphotos_70144575_xl-2015-467x350.jpg 467w, https:\/\/www.immobilienbusiness.ch\/wp-content\/uploads\/2019\/01\/Depositphotos_70144575_xl-2015-1067x800.jpg 1067w, https:\/\/www.immobilienbusiness.ch\/wp-content\/uploads\/2019\/01\/Depositphotos_70144575_xl-2015-920x690.jpg 920w, https:\/\/www.immobilienbusiness.ch\/wp-content\/uploads\/2019\/01\/Depositphotos_70144575_xl-2015-1400x1050.jpg 1400w, https:\/\/www.immobilienbusiness.ch\/wp-content\/uploads\/2019\/01\/Depositphotos_70144575_xl-2015-1867x1400.jpg 1867w\" sizes=\"auto, (max-width: 680px) 100vw, 680px\" \/><figcaption id=\"caption-attachment-16141\" class=\"wp-caption-text\">Corestate to forgo 2019 dividend due to Corona pandemic (Image: depositphotos)<\/figcaption><\/figure>\n<p>In view of a significant shift in investment decisions, transactions and valuation approaches in its core markets and products, Corestate Capital Holding SA considers it no longer likely to achieve its originally planned and published financial targets in fiscal 2020. Revenues would fall short of expectations, particularly in the areas of acquisition and performance-based fees, as well as warehousing and alignment capital, management informs. Previously, sales of 325 to 335 million euros were expected for 2020, Ebitda was to be 180 to 190 million and profit 145 to 155 million; an increase in the payout to 2.60 euros\/share (previous year: 2.50 euros) was also planned. As investment decisions and transactions are postponed due to the crisis, Corestate's management now considers these forecasts to be no longer tenable.<\/p>\n<p>Due to the uncertainty about the course of the Covid 19 pandemic, \"further strengthening of the liquidity position is currently a priority\". For this reason, the company will propose to the Annual General Meeting that no one-time dividend be paid for fiscal 2019. The future payout ratio is also to be adjusted - it is to be at least 30% of earnings per share (EpS) from 2021 and thus for the first time for fiscal 2020. The aim is to reduce net financial debt in the medium term and limit any cyclical or other external risks to the business model. On the debt side, the company considers itself to be positioned for the long term, with the next refinancing requirement at the end of 2022 at the earliest.<\/p>\n<p>The Company intends to publish a new financial outlook for fiscal 2020 as soon as the impact of the Covid-19 pandemic can be reliably assessed and robust planning is possible.<\/p>\n<p>Corestate Capital Holding SA, a Luxembourg-domiciled real estate investment manager with most recently around 28 billion assets under management, recently announced its intention to double its assets under management to around 5 billion euros in Switzerland as well. The company is targeting institutional investors such as pension funds and insurers. <em>(bw)<\/em><\/p>","protected":false},"excerpt":{"rendered":"<p>Corestate Capital Holding SA has downgraded its 2020 financial outlook due to the Covid 19 pandemic and is proposing the cancellation of its fiscal 2019 dividend at the annual general meeting.<\/p>","protected":false},"author":3,"featured_media":16141,"comment_status":"closed","ping_status":"open","sticky":false,"template":"","format":"standard","meta":{"_acf_changed":false,"_yoast_wpseo_focuskw":"Corestate","_yoast_wpseo_title":"","_yoast_wpseo_metadesc":"Corestate Capital Holding hat wegen der Covid-19-Pandemie den Finanzausblick f\u00fcr 2020 zur\u00fcckgenommen und schl\u00e4gt die Streichung der Dividende f\u00fcr 2019 vor.","_yoast_wpseo_linkdex":65,"pgc_sgb_lightbox_settings":"","footnotes":""},"categories":[988],"tags":[1142,1143,1171],"class_list":["post-21003","post","type-post","status-publish","format-standard","has-post-thumbnail","hentry","category-unternehmen","tag-corestate","tag-coronavirus","tag-dividende"],"acf":[],"yoast_head":"<!-- This site is optimized with the Yoast SEO plugin v27.4 - https:\/\/yoast.com\/product\/yoast-seo-wordpress\/ -->\n<title>Corestate Capital streicht die Dividende - IMMOBILIEN Business<\/title>\n<meta name=\"description\" content=\"Corestate Capital Holding hat wegen der Covid-19-Pandemie den Finanzausblick f\u00fcr 2020 zur\u00fcckgenommen und schl\u00e4gt die Streichung der Dividende f\u00fcr 2019 vor.\" \/>\n<meta name=\"robots\" content=\"index, follow, max-snippet:-1, max-image-preview:large, max-video-preview:-1\" \/>\n<link rel=\"canonical\" href=\"https:\/\/www.immobilienbusiness.ch\/en\/unternehmen\/2020-04-23\/corestate-capital-streicht-die-dividende\/\" \/>\n<meta property=\"og:locale\" content=\"en_US\" \/>\n<meta property=\"og:type\" content=\"article\" \/>\n<meta property=\"og:title\" content=\"Corestate Capital streicht die Dividende - IMMOBILIEN Business\" \/>\n<meta property=\"og:description\" content=\"Corestate Capital Holding hat wegen der Covid-19-Pandemie den Finanzausblick f\u00fcr 2020 zur\u00fcckgenommen und schl\u00e4gt die Streichung der Dividende f\u00fcr 2019 vor.\" \/>\n<meta property=\"og:url\" content=\"https:\/\/www.immobilienbusiness.ch\/en\/unternehmen\/2020-04-23\/corestate-capital-streicht-die-dividende\/\" \/>\n<meta property=\"og:site_name\" content=\"IMMOBILIEN Business\" \/>\n<meta property=\"article:publisher\" content=\"https:\/\/www.facebook.com\/immobilienbusiness\/\" \/>\n<meta property=\"article:published_time\" content=\"2020-04-23T07:39:22+00:00\" \/>\n<meta property=\"og:image\" content=\"https:\/\/www.immobilienbusiness.ch\/wp-content\/uploads\/2019\/01\/Depositphotos_70144575_xl-2015-1024x768.jpg\" \/>\n\t<meta property=\"og:image:width\" content=\"1024\" \/>\n\t<meta property=\"og:image:height\" content=\"768\" \/>\n\t<meta property=\"og:image:type\" content=\"image\/jpeg\" \/>\n<meta name=\"author\" content=\"anja.hall\" \/>\n<meta name=\"twitter:card\" content=\"summary_large_image\" \/>\n<meta name=\"twitter:image\" content=\"https:\/\/www.immobilienbusiness.ch\/wp-content\/uploads\/2019\/01\/Depositphotos_70144575_xl-2015.jpg\" \/>\n<script type=\"application\/ld+json\" class=\"yoast-schema-graph\">{\"@context\":\"https:\\\/\\\/schema.org\",\"@graph\":[{\"@type\":\"Article\",\"@id\":\"https:\\\/\\\/www.immobilienbusiness.ch\\\/unternehmen\\\/2020-04-23\\\/corestate-capital-streicht-die-dividende\\\/#article\",\"isPartOf\":{\"@id\":\"https:\\\/\\\/www.immobilienbusiness.ch\\\/unternehmen\\\/2020-04-23\\\/corestate-capital-streicht-die-dividende\\\/\"},\"author\":{\"name\":\"anja.hall\",\"@id\":\"https:\\\/\\\/www.immobilienbusiness.ch\\\/#\\\/schema\\\/person\\\/3fc036297b10b9f42d6db5ee932af8c8\"},\"headline\":\"Corestate Capital streicht die Dividende\",\"datePublished\":\"2020-04-23T07:39:22+00:00\",\"mainEntityOfPage\":{\"@id\":\"https:\\\/\\\/www.immobilienbusiness.ch\\\/unternehmen\\\/2020-04-23\\\/corestate-capital-streicht-die-dividende\\\/\"},\"wordCount\":335,\"publisher\":{\"@id\":\"https:\\\/\\\/www.immobilienbusiness.ch\\\/#organization\"},\"image\":{\"@id\":\"https:\\\/\\\/www.immobilienbusiness.ch\\\/unternehmen\\\/2020-04-23\\\/corestate-capital-streicht-die-dividende\\\/#primaryimage\"},\"thumbnailUrl\":\"https:\\\/\\\/www.immobilienbusiness.ch\\\/wp-content\\\/uploads\\\/2019\\\/01\\\/Depositphotos_70144575_xl-2015.jpg\",\"keywords\":[\"Corestate\",\"Coronavirus\",\"Dividende\"],\"articleSection\":[\"UNTERNEHMEN\"],\"inLanguage\":\"en-US\"},{\"@type\":\"WebPage\",\"@id\":\"https:\\\/\\\/www.immobilienbusiness.ch\\\/unternehmen\\\/2020-04-23\\\/corestate-capital-streicht-die-dividende\\\/\",\"url\":\"https:\\\/\\\/www.immobilienbusiness.ch\\\/unternehmen\\\/2020-04-23\\\/corestate-capital-streicht-die-dividende\\\/\",\"name\":\"Corestate Capital streicht die Dividende - IMMOBILIEN Business\",\"isPartOf\":{\"@id\":\"https:\\\/\\\/www.immobilienbusiness.ch\\\/#website\"},\"primaryImageOfPage\":{\"@id\":\"https:\\\/\\\/www.immobilienbusiness.ch\\\/unternehmen\\\/2020-04-23\\\/corestate-capital-streicht-die-dividende\\\/#primaryimage\"},\"image\":{\"@id\":\"https:\\\/\\\/www.immobilienbusiness.ch\\\/unternehmen\\\/2020-04-23\\\/corestate-capital-streicht-die-dividende\\\/#primaryimage\"},\"thumbnailUrl\":\"https:\\\/\\\/www.immobilienbusiness.ch\\\/wp-content\\\/uploads\\\/2019\\\/01\\\/Depositphotos_70144575_xl-2015.jpg\",\"datePublished\":\"2020-04-23T07:39:22+00:00\",\"description\":\"Corestate Capital Holding hat wegen der Covid-19-Pandemie den Finanzausblick f\u00fcr 2020 zur\u00fcckgenommen und schl\u00e4gt die Streichung der Dividende f\u00fcr 2019 vor.\",\"breadcrumb\":{\"@id\":\"https:\\\/\\\/www.immobilienbusiness.ch\\\/unternehmen\\\/2020-04-23\\\/corestate-capital-streicht-die-dividende\\\/#breadcrumb\"},\"inLanguage\":\"en-US\",\"potentialAction\":[{\"@type\":\"ReadAction\",\"target\":[\"https:\\\/\\\/www.immobilienbusiness.ch\\\/unternehmen\\\/2020-04-23\\\/corestate-capital-streicht-die-dividende\\\/\"]}]},{\"@type\":\"ImageObject\",\"inLanguage\":\"en-US\",\"@id\":\"https:\\\/\\\/www.immobilienbusiness.ch\\\/unternehmen\\\/2020-04-23\\\/corestate-capital-streicht-die-dividende\\\/#primaryimage\",\"url\":\"https:\\\/\\\/www.immobilienbusiness.ch\\\/wp-content\\\/uploads\\\/2019\\\/01\\\/Depositphotos_70144575_xl-2015.jpg\",\"contentUrl\":\"https:\\\/\\\/www.immobilienbusiness.ch\\\/wp-content\\\/uploads\\\/2019\\\/01\\\/Depositphotos_70144575_xl-2015.jpg\",\"width\":2560,\"height\":1920,\"caption\":\"Der Fonds hat die Zahlen f\u00fcr das letzte Gesch\u00e4ftsjahr publiziert. (Bild: depositphotos)\"},{\"@type\":\"BreadcrumbList\",\"@id\":\"https:\\\/\\\/www.immobilienbusiness.ch\\\/unternehmen\\\/2020-04-23\\\/corestate-capital-streicht-die-dividende\\\/#breadcrumb\",\"itemListElement\":[{\"@type\":\"ListItem\",\"position\":1,\"name\":\"Home\",\"item\":\"https:\\\/\\\/www.immobilienbusiness.ch\\\/\"},{\"@type\":\"ListItem\",\"position\":2,\"name\":\"Corestate Capital streicht die Dividende\"}]},{\"@type\":\"WebSite\",\"@id\":\"https:\\\/\\\/www.immobilienbusiness.ch\\\/#website\",\"url\":\"https:\\\/\\\/www.immobilienbusiness.ch\\\/\",\"name\":\"IMMOBILIEN Business\",\"description\":\"Unabh\u00e4ngiges Schweizer Wirtschaftsmagazin mit Fokus auf Immobilien, Architektur- und Bau sowie Investment- und Finanzierung.\",\"publisher\":{\"@id\":\"https:\\\/\\\/www.immobilienbusiness.ch\\\/#organization\"},\"potentialAction\":[{\"@type\":\"SearchAction\",\"target\":{\"@type\":\"EntryPoint\",\"urlTemplate\":\"https:\\\/\\\/www.immobilienbusiness.ch\\\/?s={search_term_string}\"},\"query-input\":{\"@type\":\"PropertyValueSpecification\",\"valueRequired\":true,\"valueName\":\"search_term_string\"}}],\"inLanguage\":\"en-US\"},{\"@type\":\"Organization\",\"@id\":\"https:\\\/\\\/www.immobilienbusiness.ch\\\/#organization\",\"name\":\"IMMOBILIEN Business\",\"url\":\"https:\\\/\\\/www.immobilienbusiness.ch\\\/\",\"logo\":{\"@type\":\"ImageObject\",\"inLanguage\":\"en-US\",\"@id\":\"https:\\\/\\\/www.immobilienbusiness.ch\\\/#\\\/schema\\\/logo\\\/image\\\/\",\"url\":\"https:\\\/\\\/www.immobilienbusiness.ch\\\/wp-content\\\/uploads\\\/2021\\\/07\\\/logo_ib.png\",\"contentUrl\":\"https:\\\/\\\/www.immobilienbusiness.ch\\\/wp-content\\\/uploads\\\/2021\\\/07\\\/logo_ib.png\",\"width\":800,\"height\":181,\"caption\":\"IMMOBILIEN Business\"},\"image\":{\"@id\":\"https:\\\/\\\/www.immobilienbusiness.ch\\\/#\\\/schema\\\/logo\\\/image\\\/\"},\"sameAs\":[\"https:\\\/\\\/www.facebook.com\\\/immobilienbusiness\\\/\"]},{\"@type\":\"Person\",\"@id\":\"https:\\\/\\\/www.immobilienbusiness.ch\\\/#\\\/schema\\\/person\\\/3fc036297b10b9f42d6db5ee932af8c8\",\"name\":\"anja.hall\",\"image\":{\"@type\":\"ImageObject\",\"inLanguage\":\"en-US\",\"@id\":\"https:\\\/\\\/secure.gravatar.com\\\/avatar\\\/066b5a0d447013502c71a5782f4f3469f03cfe595cc2329fb94652fe47511bfb?s=96&d=mm&r=g\",\"url\":\"https:\\\/\\\/secure.gravatar.com\\\/avatar\\\/066b5a0d447013502c71a5782f4f3469f03cfe595cc2329fb94652fe47511bfb?s=96&d=mm&r=g\",\"contentUrl\":\"https:\\\/\\\/secure.gravatar.com\\\/avatar\\\/066b5a0d447013502c71a5782f4f3469f03cfe595cc2329fb94652fe47511bfb?s=96&d=mm&r=g\",\"caption\":\"anja.hall\"},\"url\":\"https:\\\/\\\/www.immobilienbusiness.ch\\\/en\\\/author\\\/anja-hall\\\/\"}]}<\/script>\n<!-- \/ Yoast SEO plugin. -->","yoast_head_json":{"title":"Corestate Capital streicht die Dividende - IMMOBILIEN Business","description":"Corestate Capital Holding hat wegen der Covid-19-Pandemie den Finanzausblick f\u00fcr 2020 zur\u00fcckgenommen und schl\u00e4gt die Streichung der Dividende f\u00fcr 2019 vor.","robots":{"index":"index","follow":"follow","max-snippet":"max-snippet:-1","max-image-preview":"max-image-preview:large","max-video-preview":"max-video-preview:-1"},"canonical":"https:\/\/www.immobilienbusiness.ch\/en\/unternehmen\/2020-04-23\/corestate-capital-streicht-die-dividende\/","og_locale":"en_US","og_type":"article","og_title":"Corestate Capital streicht die Dividende - IMMOBILIEN Business","og_description":"Corestate Capital Holding hat wegen der Covid-19-Pandemie den Finanzausblick f\u00fcr 2020 zur\u00fcckgenommen und schl\u00e4gt die Streichung der Dividende f\u00fcr 2019 vor.","og_url":"https:\/\/www.immobilienbusiness.ch\/en\/unternehmen\/2020-04-23\/corestate-capital-streicht-die-dividende\/","og_site_name":"IMMOBILIEN Business","article_publisher":"https:\/\/www.facebook.com\/immobilienbusiness\/","article_published_time":"2020-04-23T07:39:22+00:00","og_image":[{"width":1024,"height":768,"url":"https:\/\/www.immobilienbusiness.ch\/wp-content\/uploads\/2019\/01\/Depositphotos_70144575_xl-2015-1024x768.jpg","type":"image\/jpeg"}],"author":"anja.hall","twitter_card":"summary_large_image","twitter_image":"https:\/\/www.immobilienbusiness.ch\/wp-content\/uploads\/2019\/01\/Depositphotos_70144575_xl-2015.jpg","schema":{"@context":"https:\/\/schema.org","@graph":[{"@type":"Article","@id":"https:\/\/www.immobilienbusiness.ch\/unternehmen\/2020-04-23\/corestate-capital-streicht-die-dividende\/#article","isPartOf":{"@id":"https:\/\/www.immobilienbusiness.ch\/unternehmen\/2020-04-23\/corestate-capital-streicht-die-dividende\/"},"author":{"name":"anja.hall","@id":"https:\/\/www.immobilienbusiness.ch\/#\/schema\/person\/3fc036297b10b9f42d6db5ee932af8c8"},"headline":"Corestate Capital streicht die Dividende","datePublished":"2020-04-23T07:39:22+00:00","mainEntityOfPage":{"@id":"https:\/\/www.immobilienbusiness.ch\/unternehmen\/2020-04-23\/corestate-capital-streicht-die-dividende\/"},"wordCount":335,"publisher":{"@id":"https:\/\/www.immobilienbusiness.ch\/#organization"},"image":{"@id":"https:\/\/www.immobilienbusiness.ch\/unternehmen\/2020-04-23\/corestate-capital-streicht-die-dividende\/#primaryimage"},"thumbnailUrl":"https:\/\/www.immobilienbusiness.ch\/wp-content\/uploads\/2019\/01\/Depositphotos_70144575_xl-2015.jpg","keywords":["Corestate","Coronavirus","Dividende"],"articleSection":["UNTERNEHMEN"],"inLanguage":"en-US"},{"@type":"WebPage","@id":"https:\/\/www.immobilienbusiness.ch\/unternehmen\/2020-04-23\/corestate-capital-streicht-die-dividende\/","url":"https:\/\/www.immobilienbusiness.ch\/unternehmen\/2020-04-23\/corestate-capital-streicht-die-dividende\/","name":"Corestate Capital streicht die Dividende - IMMOBILIEN Business","isPartOf":{"@id":"https:\/\/www.immobilienbusiness.ch\/#website"},"primaryImageOfPage":{"@id":"https:\/\/www.immobilienbusiness.ch\/unternehmen\/2020-04-23\/corestate-capital-streicht-die-dividende\/#primaryimage"},"image":{"@id":"https:\/\/www.immobilienbusiness.ch\/unternehmen\/2020-04-23\/corestate-capital-streicht-die-dividende\/#primaryimage"},"thumbnailUrl":"https:\/\/www.immobilienbusiness.ch\/wp-content\/uploads\/2019\/01\/Depositphotos_70144575_xl-2015.jpg","datePublished":"2020-04-23T07:39:22+00:00","description":"Corestate Capital Holding hat wegen der Covid-19-Pandemie den Finanzausblick f\u00fcr 2020 zur\u00fcckgenommen und schl\u00e4gt die Streichung der Dividende f\u00fcr 2019 vor.","breadcrumb":{"@id":"https:\/\/www.immobilienbusiness.ch\/unternehmen\/2020-04-23\/corestate-capital-streicht-die-dividende\/#breadcrumb"},"inLanguage":"en-US","potentialAction":[{"@type":"ReadAction","target":["https:\/\/www.immobilienbusiness.ch\/unternehmen\/2020-04-23\/corestate-capital-streicht-die-dividende\/"]}]},{"@type":"ImageObject","inLanguage":"en-US","@id":"https:\/\/www.immobilienbusiness.ch\/unternehmen\/2020-04-23\/corestate-capital-streicht-die-dividende\/#primaryimage","url":"https:\/\/www.immobilienbusiness.ch\/wp-content\/uploads\/2019\/01\/Depositphotos_70144575_xl-2015.jpg","contentUrl":"https:\/\/www.immobilienbusiness.ch\/wp-content\/uploads\/2019\/01\/Depositphotos_70144575_xl-2015.jpg","width":2560,"height":1920,"caption":"Der Fonds hat die Zahlen f\u00fcr das letzte Gesch\u00e4ftsjahr publiziert. (Bild: depositphotos)"},{"@type":"BreadcrumbList","@id":"https:\/\/www.immobilienbusiness.ch\/unternehmen\/2020-04-23\/corestate-capital-streicht-die-dividende\/#breadcrumb","itemListElement":[{"@type":"ListItem","position":1,"name":"Home","item":"https:\/\/www.immobilienbusiness.ch\/"},{"@type":"ListItem","position":2,"name":"Corestate Capital streicht die Dividende"}]},{"@type":"WebSite","@id":"https:\/\/www.immobilienbusiness.ch\/#website","url":"https:\/\/www.immobilienbusiness.ch\/","name":"REAL ESTATE Business","description":"Independent Swiss business magazine focusing on real estate, architecture and construction as well as investment and financing.","publisher":{"@id":"https:\/\/www.immobilienbusiness.ch\/#organization"},"potentialAction":[{"@type":"SearchAction","target":{"@type":"EntryPoint","urlTemplate":"https:\/\/www.immobilienbusiness.ch\/?s={search_term_string}"},"query-input":{"@type":"PropertyValueSpecification","valueRequired":true,"valueName":"search_term_string"}}],"inLanguage":"en-US"},{"@type":"Organization","@id":"https:\/\/www.immobilienbusiness.ch\/#organization","name":"REAL ESTATE Business","url":"https:\/\/www.immobilienbusiness.ch\/","logo":{"@type":"ImageObject","inLanguage":"en-US","@id":"https:\/\/www.immobilienbusiness.ch\/#\/schema\/logo\/image\/","url":"https:\/\/www.immobilienbusiness.ch\/wp-content\/uploads\/2021\/07\/logo_ib.png","contentUrl":"https:\/\/www.immobilienbusiness.ch\/wp-content\/uploads\/2021\/07\/logo_ib.png","width":800,"height":181,"caption":"IMMOBILIEN Business"},"image":{"@id":"https:\/\/www.immobilienbusiness.ch\/#\/schema\/logo\/image\/"},"sameAs":["https:\/\/www.facebook.com\/immobilienbusiness\/"]},{"@type":"Person","@id":"https:\/\/www.immobilienbusiness.ch\/#\/schema\/person\/3fc036297b10b9f42d6db5ee932af8c8","name":"anja.hall","image":{"@type":"ImageObject","inLanguage":"en-US","@id":"https:\/\/secure.gravatar.com\/avatar\/066b5a0d447013502c71a5782f4f3469f03cfe595cc2329fb94652fe47511bfb?s=96&d=mm&r=g","url":"https:\/\/secure.gravatar.com\/avatar\/066b5a0d447013502c71a5782f4f3469f03cfe595cc2329fb94652fe47511bfb?s=96&d=mm&r=g","contentUrl":"https:\/\/secure.gravatar.com\/avatar\/066b5a0d447013502c71a5782f4f3469f03cfe595cc2329fb94652fe47511bfb?s=96&d=mm&r=g","caption":"anja.hall"},"url":"https:\/\/www.immobilienbusiness.ch\/en\/author\/anja-hall\/"}]}},"_links":{"self":[{"href":"https:\/\/www.immobilienbusiness.ch\/en\/wp-json\/wp\/v2\/posts\/21003","targetHints":{"allow":["GET"]}}],"collection":[{"href":"https:\/\/www.immobilienbusiness.ch\/en\/wp-json\/wp\/v2\/posts"}],"about":[{"href":"https:\/\/www.immobilienbusiness.ch\/en\/wp-json\/wp\/v2\/types\/post"}],"author":[{"embeddable":true,"href":"https:\/\/www.immobilienbusiness.ch\/en\/wp-json\/wp\/v2\/users\/3"}],"replies":[{"embeddable":true,"href":"https:\/\/www.immobilienbusiness.ch\/en\/wp-json\/wp\/v2\/comments?post=21003"}],"version-history":[{"count":0,"href":"https:\/\/www.immobilienbusiness.ch\/en\/wp-json\/wp\/v2\/posts\/21003\/revisions"}],"wp:featuredmedia":[{"embeddable":true,"href":"https:\/\/www.immobilienbusiness.ch\/en\/wp-json\/wp\/v2\/media\/16141"}],"wp:attachment":[{"href":"https:\/\/www.immobilienbusiness.ch\/en\/wp-json\/wp\/v2\/media?parent=21003"}],"wp:term":[{"taxonomy":"category","embeddable":true,"href":"https:\/\/www.immobilienbusiness.ch\/en\/wp-json\/wp\/v2\/categories?post=21003"},{"taxonomy":"post_tag","embeddable":true,"href":"https:\/\/www.immobilienbusiness.ch\/en\/wp-json\/wp\/v2\/tags?post=21003"}],"curies":[{"name":"wp","href":"https:\/\/api.w.org\/{rel}","templated":true}]}}