{"id":2030,"date":"2016-01-11T09:03:06","date_gmt":"2016-01-11T08:03:06","guid":{"rendered":"http:\/\/dev.immobilienbusiness.ch\/?p=2030"},"modified":"2016-01-11T09:03:06","modified_gmt":"2016-01-11T08:03:06","slug":"zuerich-harzt-die-vermarktung-der-fifa-wohnungen","status":"publish","type":"post","link":"https:\/\/www.immobilienbusiness.ch\/en\/regionen\/2016-01-11\/zuerich-harzt-die-vermarktung-der-fifa-wohnungen\/","title":{"rendered":"Zurich: Is the marketing of the Fifa apartments hampering?"},"content":{"rendered":"<figure id=\"attachment_2031\" aria-describedby=\"caption-attachment-2031\" style=\"width: 652px\" class=\"wp-caption alignnone\"><img loading=\"lazy\" decoding=\"async\" class=\"size-full wp-image-2031\" src=\"https:\/\/immobilienbusiness.ch\/wp-content\/uploads\/2016\/12\/Z\u00fcrich-Harzt-die-Vermarktung-der-Fifa-Wohnungen-immobilien-business.jpg\" alt=\"Das Fifa-Museum: Noch sind einige der Luxuswohnungen zu haben (Visualisierung: \u00a9 FIFA.com)\" width=\"652\" height=\"366\" \/><figcaption id=\"caption-attachment-2031\" class=\"wp-caption-text\">The Fifa Museum: Some of the luxury apartments are still available (Visualization: \u00a9 FIFA.com)<\/figcaption><\/figure>\n<p>As of March 1, the 34 high-quality furnished apartments ranging from 66 to 126 square meters will be available for monthly rents between CHF 3,000 and CHF 8,100. According to <em>Tages-Anzeiger<\/em> marketing has been underway since October 2015, but at last count only three apartments were rented and five reserved. However, Marc Caprez, spokesman for the Fifa Museum, says that interest is very high. So far, he says, more than 300 applications have been received, and in many cases a lease is about to be signed.<\/p>\n<p>The somewhat less expensive apartments on floors three to five and the large and expensive apartments on the eighth and ninth floors are in particularly high demand. A strikingly large number of prospective tenants come directly from the neighborhood, including many wealthy senior citizens. Potential tenants appreciate the fact that the building is guarded around the clock because of the Fifa Museum and that the entrances are secured. The ongoing negative headlines surrounding the world soccer association are \"not an issue,\" Caprez told the <em>Tages-Anzeiger<\/em>.<\/p>\n<p>Most recently, several market participants had reported that <a href=\"https:\/\/immobilien-business.hamster.ch\/wohnen-hohe-rabatte-bei-luxuswohnungen\" target=\"_blank\" data-cke-saved-href=\"https:\/\/immobilien-business.hamster.ch\/wohnen-hohe-rabatte-bei-luxuswohnungen\" rel=\"noopener\">the prices of luxury apartments are eroding throughout Switzerland<\/a>In addition, leasing in this segment has been sluggish for some time, and in some cases high discounts have to be granted. (ah)<\/p>","protected":false},"excerpt":{"rendered":"<p>According to a report in the Tages-Anzeiger, renting out the 34 luxury apartments above the future Fifa Museum near Enge station is going rather slowly.<\/p>","protected":false},"author":1,"featured_media":2031,"comment_status":"open","ping_status":"open","sticky":false,"template":"","format":"standard","meta":{"_acf_changed":false,"_yoast_wpseo_focuskw":"Luxuswohnungen Z\u00fcrich","_yoast_wpseo_title":"Luxuswohnungen Z\u00fcrich: Vermarktung im Fokus der FIFA-Residenz","_yoast_wpseo_metadesc":"Angesichts der hohen Nachfrage f\u00fcr FIFA-Wohnungen in Z\u00fcrich zeigt sich die Vermarktung trotz Marktabschw\u00e4chung weiterhin stark. Neue Zahlen belegen das Interesse.","_yoast_wpseo_linkdex":52,"pgc_sgb_lightbox_settings":"","footnotes":""},"categories":[985,986],"tags":[1629,1639,1862,1888],"class_list":["post-2030","post","type-post","status-publish","format-standard","has-post-thumbnail","hentry","category-regionen","category-residential","tag-regionen","tag-residential","tag-wohnen","tag-zuerich"],"acf":[],"yoast_head":"<!-- This site is optimized with the Yoast SEO plugin v27.4 - https:\/\/yoast.com\/product\/yoast-seo-wordpress\/ -->\n<title>Luxuswohnungen Z\u00fcrich: Vermarktung im Fokus der FIFA-Residenz<\/title>\n<meta name=\"description\" content=\"Angesichts der hohen Nachfrage f\u00fcr FIFA-Wohnungen in Z\u00fcrich zeigt sich die Vermarktung trotz Marktabschw\u00e4chung weiterhin stark. Neue Zahlen belegen das Interesse.\" \/>\n<meta name=\"robots\" content=\"index, follow, max-snippet:-1, max-image-preview:large, max-video-preview:-1\" \/>\n<link rel=\"canonical\" href=\"https:\/\/www.immobilienbusiness.ch\/en\/regionen\/2016-01-11\/zuerich-harzt-die-vermarktung-der-fifa-wohnungen\/\" \/>\n<meta property=\"og:locale\" content=\"en_US\" \/>\n<meta property=\"og:type\" content=\"article\" \/>\n<meta property=\"og:title\" content=\"Z\u00fcrich: Harzt die Vermarktung der Fifa-Wohnungen?\" \/>\n<meta property=\"og:description\" content=\"Laut einem Bericht des Tages-Anzeiger l\u00e4uft die Vermietung der 34 Luxuswohnungen \u00fcber dem k\u00fcnftigen Fifa-Museum beim Bahnhof Enge eher schleppend.\" \/>\n<meta property=\"og:url\" content=\"https:\/\/www.immobilienbusiness.ch\/en\/regionen\/2016-01-11\/zuerich-harzt-die-vermarktung-der-fifa-wohnungen\/\" \/>\n<meta property=\"og:site_name\" content=\"IMMOBILIEN Business\" \/>\n<meta property=\"article:publisher\" content=\"https:\/\/www.facebook.com\/immobilienbusiness\/\" \/>\n<meta property=\"article:published_time\" content=\"2016-01-11T08:03:06+00:00\" \/>\n<meta name=\"author\" content=\"Redaktion\" \/>\n<meta name=\"twitter:card\" content=\"summary_large_image\" \/>\n<meta name=\"twitter:image\" content=\"https:\/\/www.immobilienbusiness.ch\/wp-content\/uploads\/2016\/12\/Zuerich-Harzt-die-Vermarktung-der-Fifa-Wohnungen-immobilien-business.jpg\" \/>\n<script type=\"application\/ld+json\" class=\"yoast-schema-graph\">{\"@context\":\"https:\\\/\\\/schema.org\",\"@graph\":[{\"@type\":\"Article\",\"@id\":\"https:\\\/\\\/www.immobilienbusiness.ch\\\/regionen\\\/2016-01-11\\\/zuerich-harzt-die-vermarktung-der-fifa-wohnungen\\\/#article\",\"isPartOf\":{\"@id\":\"https:\\\/\\\/www.immobilienbusiness.ch\\\/regionen\\\/2016-01-11\\\/zuerich-harzt-die-vermarktung-der-fifa-wohnungen\\\/\"},\"author\":{\"name\":\"Redaktion\",\"@id\":\"https:\\\/\\\/www.immobilienbusiness.ch\\\/#\\\/schema\\\/person\\\/aa2bace6c5c5aad60102004a50c4eb1c\"},\"headline\":\"Z\u00fcrich: Harzt die Vermarktung der Fifa-Wohnungen?\",\"datePublished\":\"2016-01-11T08:03:06+00:00\",\"mainEntityOfPage\":{\"@id\":\"https:\\\/\\\/www.immobilienbusiness.ch\\\/regionen\\\/2016-01-11\\\/zuerich-harzt-die-vermarktung-der-fifa-wohnungen\\\/\"},\"wordCount\":215,\"commentCount\":0,\"publisher\":{\"@id\":\"https:\\\/\\\/www.immobilienbusiness.ch\\\/#organization\"},\"image\":{\"@id\":\"https:\\\/\\\/www.immobilienbusiness.ch\\\/regionen\\\/2016-01-11\\\/zuerich-harzt-die-vermarktung-der-fifa-wohnungen\\\/#primaryimage\"},\"thumbnailUrl\":\"https:\\\/\\\/www.immobilienbusiness.ch\\\/wp-content\\\/uploads\\\/2016\\\/12\\\/Zuerich-Harzt-die-Vermarktung-der-Fifa-Wohnungen-immobilien-business.jpg\",\"keywords\":[\"Regionen\",\"Residential\",\"Wohnen\",\"Z\u00fcrich\"],\"articleSection\":[\"REGIONEN\",\"RESIDENTIAL\"],\"inLanguage\":\"en-US\"},{\"@type\":\"WebPage\",\"@id\":\"https:\\\/\\\/www.immobilienbusiness.ch\\\/regionen\\\/2016-01-11\\\/zuerich-harzt-die-vermarktung-der-fifa-wohnungen\\\/\",\"url\":\"https:\\\/\\\/www.immobilienbusiness.ch\\\/regionen\\\/2016-01-11\\\/zuerich-harzt-die-vermarktung-der-fifa-wohnungen\\\/\",\"name\":\"Luxuswohnungen Z\u00fcrich: Vermarktung im Fokus der FIFA-Residenz\",\"isPartOf\":{\"@id\":\"https:\\\/\\\/www.immobilienbusiness.ch\\\/#website\"},\"primaryImageOfPage\":{\"@id\":\"https:\\\/\\\/www.immobilienbusiness.ch\\\/regionen\\\/2016-01-11\\\/zuerich-harzt-die-vermarktung-der-fifa-wohnungen\\\/#primaryimage\"},\"image\":{\"@id\":\"https:\\\/\\\/www.immobilienbusiness.ch\\\/regionen\\\/2016-01-11\\\/zuerich-harzt-die-vermarktung-der-fifa-wohnungen\\\/#primaryimage\"},\"thumbnailUrl\":\"https:\\\/\\\/www.immobilienbusiness.ch\\\/wp-content\\\/uploads\\\/2016\\\/12\\\/Zuerich-Harzt-die-Vermarktung-der-Fifa-Wohnungen-immobilien-business.jpg\",\"datePublished\":\"2016-01-11T08:03:06+00:00\",\"description\":\"Angesichts der hohen Nachfrage f\u00fcr FIFA-Wohnungen in Z\u00fcrich zeigt sich die Vermarktung trotz Marktabschw\u00e4chung weiterhin stark. Neue Zahlen belegen das Interesse.\",\"breadcrumb\":{\"@id\":\"https:\\\/\\\/www.immobilienbusiness.ch\\\/regionen\\\/2016-01-11\\\/zuerich-harzt-die-vermarktung-der-fifa-wohnungen\\\/#breadcrumb\"},\"inLanguage\":\"en-US\",\"potentialAction\":[{\"@type\":\"ReadAction\",\"target\":[\"https:\\\/\\\/www.immobilienbusiness.ch\\\/regionen\\\/2016-01-11\\\/zuerich-harzt-die-vermarktung-der-fifa-wohnungen\\\/\"]}]},{\"@type\":\"ImageObject\",\"inLanguage\":\"en-US\",\"@id\":\"https:\\\/\\\/www.immobilienbusiness.ch\\\/regionen\\\/2016-01-11\\\/zuerich-harzt-die-vermarktung-der-fifa-wohnungen\\\/#primaryimage\",\"url\":\"https:\\\/\\\/www.immobilienbusiness.ch\\\/wp-content\\\/uploads\\\/2016\\\/12\\\/Zuerich-Harzt-die-Vermarktung-der-Fifa-Wohnungen-immobilien-business.jpg\",\"contentUrl\":\"https:\\\/\\\/www.immobilienbusiness.ch\\\/wp-content\\\/uploads\\\/2016\\\/12\\\/Zuerich-Harzt-die-Vermarktung-der-Fifa-Wohnungen-immobilien-business.jpg\",\"width\":652,\"height\":366,\"caption\":\"Das Fifa-Museum: Noch sind einige der Luxuswohnungen zu haben (Visualisierung: \u00a9 FIFA.com)\"},{\"@type\":\"BreadcrumbList\",\"@id\":\"https:\\\/\\\/www.immobilienbusiness.ch\\\/regionen\\\/2016-01-11\\\/zuerich-harzt-die-vermarktung-der-fifa-wohnungen\\\/#breadcrumb\",\"itemListElement\":[{\"@type\":\"ListItem\",\"position\":1,\"name\":\"Home\",\"item\":\"https:\\\/\\\/www.immobilienbusiness.ch\\\/\"},{\"@type\":\"ListItem\",\"position\":2,\"name\":\"Z\u00fcrich: Harzt die Vermarktung der Fifa-Wohnungen?\"}]},{\"@type\":\"WebSite\",\"@id\":\"https:\\\/\\\/www.immobilienbusiness.ch\\\/#website\",\"url\":\"https:\\\/\\\/www.immobilienbusiness.ch\\\/\",\"name\":\"IMMOBILIEN Business\",\"description\":\"Unabh\u00e4ngiges Schweizer Wirtschaftsmagazin mit Fokus auf Immobilien, Architektur- und Bau sowie Investment- und Finanzierung.\",\"publisher\":{\"@id\":\"https:\\\/\\\/www.immobilienbusiness.ch\\\/#organization\"},\"potentialAction\":[{\"@type\":\"SearchAction\",\"target\":{\"@type\":\"EntryPoint\",\"urlTemplate\":\"https:\\\/\\\/www.immobilienbusiness.ch\\\/?s={search_term_string}\"},\"query-input\":{\"@type\":\"PropertyValueSpecification\",\"valueRequired\":true,\"valueName\":\"search_term_string\"}}],\"inLanguage\":\"en-US\"},{\"@type\":\"Organization\",\"@id\":\"https:\\\/\\\/www.immobilienbusiness.ch\\\/#organization\",\"name\":\"IMMOBILIEN Business\",\"url\":\"https:\\\/\\\/www.immobilienbusiness.ch\\\/\",\"logo\":{\"@type\":\"ImageObject\",\"inLanguage\":\"en-US\",\"@id\":\"https:\\\/\\\/www.immobilienbusiness.ch\\\/#\\\/schema\\\/logo\\\/image\\\/\",\"url\":\"https:\\\/\\\/www.immobilienbusiness.ch\\\/wp-content\\\/uploads\\\/2021\\\/07\\\/logo_ib.png\",\"contentUrl\":\"https:\\\/\\\/www.immobilienbusiness.ch\\\/wp-content\\\/uploads\\\/2021\\\/07\\\/logo_ib.png\",\"width\":800,\"height\":181,\"caption\":\"IMMOBILIEN Business\"},\"image\":{\"@id\":\"https:\\\/\\\/www.immobilienbusiness.ch\\\/#\\\/schema\\\/logo\\\/image\\\/\"},\"sameAs\":[\"https:\\\/\\\/www.facebook.com\\\/immobilienbusiness\\\/\"]},{\"@type\":\"Person\",\"@id\":\"https:\\\/\\\/www.immobilienbusiness.ch\\\/#\\\/schema\\\/person\\\/aa2bace6c5c5aad60102004a50c4eb1c\",\"name\":\"Redaktion\",\"image\":{\"@type\":\"ImageObject\",\"inLanguage\":\"en-US\",\"@id\":\"https:\\\/\\\/secure.gravatar.com\\\/avatar\\\/ae2f4d718e6c49043e314ce431e7e645d646302a24a5ef5a8bc8e3f5a032e319?s=96&d=mm&r=g\",\"url\":\"https:\\\/\\\/secure.gravatar.com\\\/avatar\\\/ae2f4d718e6c49043e314ce431e7e645d646302a24a5ef5a8bc8e3f5a032e319?s=96&d=mm&r=g\",\"contentUrl\":\"https:\\\/\\\/secure.gravatar.com\\\/avatar\\\/ae2f4d718e6c49043e314ce431e7e645d646302a24a5ef5a8bc8e3f5a032e319?s=96&d=mm&r=g\",\"caption\":\"Redaktion\"},\"sameAs\":[\"http:\\\/\\\/develop.organisator.galledia.ch\"],\"url\":\"https:\\\/\\\/www.immobilienbusiness.ch\\\/en\\\/author\\\/admin\\\/\"}]}<\/script>\n<!-- \/ Yoast SEO plugin. -->","yoast_head_json":{"title":"Luxuswohnungen Z\u00fcrich: Vermarktung im Fokus der FIFA-Residenz","description":"Angesichts der hohen Nachfrage f\u00fcr FIFA-Wohnungen in Z\u00fcrich zeigt sich die Vermarktung trotz Marktabschw\u00e4chung weiterhin stark. Neue Zahlen belegen das Interesse.","robots":{"index":"index","follow":"follow","max-snippet":"max-snippet:-1","max-image-preview":"max-image-preview:large","max-video-preview":"max-video-preview:-1"},"canonical":"https:\/\/www.immobilienbusiness.ch\/en\/regionen\/2016-01-11\/zuerich-harzt-die-vermarktung-der-fifa-wohnungen\/","og_locale":"en_US","og_type":"article","og_title":"Z\u00fcrich: Harzt die Vermarktung der Fifa-Wohnungen?","og_description":"Laut einem Bericht des Tages-Anzeiger l\u00e4uft die Vermietung der 34 Luxuswohnungen \u00fcber dem k\u00fcnftigen Fifa-Museum beim Bahnhof Enge eher schleppend.","og_url":"https:\/\/www.immobilienbusiness.ch\/en\/regionen\/2016-01-11\/zuerich-harzt-die-vermarktung-der-fifa-wohnungen\/","og_site_name":"IMMOBILIEN Business","article_publisher":"https:\/\/www.facebook.com\/immobilienbusiness\/","article_published_time":"2016-01-11T08:03:06+00:00","author":"Redaktion","twitter_card":"summary_large_image","twitter_image":"https:\/\/www.immobilienbusiness.ch\/wp-content\/uploads\/2016\/12\/Zuerich-Harzt-die-Vermarktung-der-Fifa-Wohnungen-immobilien-business.jpg","schema":{"@context":"https:\/\/schema.org","@graph":[{"@type":"Article","@id":"https:\/\/www.immobilienbusiness.ch\/regionen\/2016-01-11\/zuerich-harzt-die-vermarktung-der-fifa-wohnungen\/#article","isPartOf":{"@id":"https:\/\/www.immobilienbusiness.ch\/regionen\/2016-01-11\/zuerich-harzt-die-vermarktung-der-fifa-wohnungen\/"},"author":{"name":"Redaktion","@id":"https:\/\/www.immobilienbusiness.ch\/#\/schema\/person\/aa2bace6c5c5aad60102004a50c4eb1c"},"headline":"Z\u00fcrich: Harzt die Vermarktung der Fifa-Wohnungen?","datePublished":"2016-01-11T08:03:06+00:00","mainEntityOfPage":{"@id":"https:\/\/www.immobilienbusiness.ch\/regionen\/2016-01-11\/zuerich-harzt-die-vermarktung-der-fifa-wohnungen\/"},"wordCount":215,"commentCount":0,"publisher":{"@id":"https:\/\/www.immobilienbusiness.ch\/#organization"},"image":{"@id":"https:\/\/www.immobilienbusiness.ch\/regionen\/2016-01-11\/zuerich-harzt-die-vermarktung-der-fifa-wohnungen\/#primaryimage"},"thumbnailUrl":"https:\/\/www.immobilienbusiness.ch\/wp-content\/uploads\/2016\/12\/Zuerich-Harzt-die-Vermarktung-der-Fifa-Wohnungen-immobilien-business.jpg","keywords":["Regionen","Residential","Wohnen","Z\u00fcrich"],"articleSection":["REGIONEN","RESIDENTIAL"],"inLanguage":"en-US"},{"@type":"WebPage","@id":"https:\/\/www.immobilienbusiness.ch\/regionen\/2016-01-11\/zuerich-harzt-die-vermarktung-der-fifa-wohnungen\/","url":"https:\/\/www.immobilienbusiness.ch\/regionen\/2016-01-11\/zuerich-harzt-die-vermarktung-der-fifa-wohnungen\/","name":"Luxuswohnungen Z\u00fcrich: Vermarktung im Fokus der FIFA-Residenz","isPartOf":{"@id":"https:\/\/www.immobilienbusiness.ch\/#website"},"primaryImageOfPage":{"@id":"https:\/\/www.immobilienbusiness.ch\/regionen\/2016-01-11\/zuerich-harzt-die-vermarktung-der-fifa-wohnungen\/#primaryimage"},"image":{"@id":"https:\/\/www.immobilienbusiness.ch\/regionen\/2016-01-11\/zuerich-harzt-die-vermarktung-der-fifa-wohnungen\/#primaryimage"},"thumbnailUrl":"https:\/\/www.immobilienbusiness.ch\/wp-content\/uploads\/2016\/12\/Zuerich-Harzt-die-Vermarktung-der-Fifa-Wohnungen-immobilien-business.jpg","datePublished":"2016-01-11T08:03:06+00:00","description":"Angesichts der hohen Nachfrage f\u00fcr FIFA-Wohnungen in Z\u00fcrich zeigt sich die Vermarktung trotz Marktabschw\u00e4chung weiterhin stark. Neue Zahlen belegen das Interesse.","breadcrumb":{"@id":"https:\/\/www.immobilienbusiness.ch\/regionen\/2016-01-11\/zuerich-harzt-die-vermarktung-der-fifa-wohnungen\/#breadcrumb"},"inLanguage":"en-US","potentialAction":[{"@type":"ReadAction","target":["https:\/\/www.immobilienbusiness.ch\/regionen\/2016-01-11\/zuerich-harzt-die-vermarktung-der-fifa-wohnungen\/"]}]},{"@type":"ImageObject","inLanguage":"en-US","@id":"https:\/\/www.immobilienbusiness.ch\/regionen\/2016-01-11\/zuerich-harzt-die-vermarktung-der-fifa-wohnungen\/#primaryimage","url":"https:\/\/www.immobilienbusiness.ch\/wp-content\/uploads\/2016\/12\/Zuerich-Harzt-die-Vermarktung-der-Fifa-Wohnungen-immobilien-business.jpg","contentUrl":"https:\/\/www.immobilienbusiness.ch\/wp-content\/uploads\/2016\/12\/Zuerich-Harzt-die-Vermarktung-der-Fifa-Wohnungen-immobilien-business.jpg","width":652,"height":366,"caption":"Das Fifa-Museum: Noch sind einige der Luxuswohnungen zu haben (Visualisierung: \u00a9 FIFA.com)"},{"@type":"BreadcrumbList","@id":"https:\/\/www.immobilienbusiness.ch\/regionen\/2016-01-11\/zuerich-harzt-die-vermarktung-der-fifa-wohnungen\/#breadcrumb","itemListElement":[{"@type":"ListItem","position":1,"name":"Home","item":"https:\/\/www.immobilienbusiness.ch\/"},{"@type":"ListItem","position":2,"name":"Z\u00fcrich: Harzt die Vermarktung der Fifa-Wohnungen?"}]},{"@type":"WebSite","@id":"https:\/\/www.immobilienbusiness.ch\/#website","url":"https:\/\/www.immobilienbusiness.ch\/","name":"REAL ESTATE Business","description":"Independent Swiss business magazine focusing on real estate, architecture and construction as well as investment and financing.","publisher":{"@id":"https:\/\/www.immobilienbusiness.ch\/#organization"},"potentialAction":[{"@type":"SearchAction","target":{"@type":"EntryPoint","urlTemplate":"https:\/\/www.immobilienbusiness.ch\/?s={search_term_string}"},"query-input":{"@type":"PropertyValueSpecification","valueRequired":true,"valueName":"search_term_string"}}],"inLanguage":"en-US"},{"@type":"Organization","@id":"https:\/\/www.immobilienbusiness.ch\/#organization","name":"REAL ESTATE Business","url":"https:\/\/www.immobilienbusiness.ch\/","logo":{"@type":"ImageObject","inLanguage":"en-US","@id":"https:\/\/www.immobilienbusiness.ch\/#\/schema\/logo\/image\/","url":"https:\/\/www.immobilienbusiness.ch\/wp-content\/uploads\/2021\/07\/logo_ib.png","contentUrl":"https:\/\/www.immobilienbusiness.ch\/wp-content\/uploads\/2021\/07\/logo_ib.png","width":800,"height":181,"caption":"IMMOBILIEN Business"},"image":{"@id":"https:\/\/www.immobilienbusiness.ch\/#\/schema\/logo\/image\/"},"sameAs":["https:\/\/www.facebook.com\/immobilienbusiness\/"]},{"@type":"Person","@id":"https:\/\/www.immobilienbusiness.ch\/#\/schema\/person\/aa2bace6c5c5aad60102004a50c4eb1c","name":"Editorial","image":{"@type":"ImageObject","inLanguage":"en-US","@id":"https:\/\/secure.gravatar.com\/avatar\/ae2f4d718e6c49043e314ce431e7e645d646302a24a5ef5a8bc8e3f5a032e319?s=96&d=mm&r=g","url":"https:\/\/secure.gravatar.com\/avatar\/ae2f4d718e6c49043e314ce431e7e645d646302a24a5ef5a8bc8e3f5a032e319?s=96&d=mm&r=g","contentUrl":"https:\/\/secure.gravatar.com\/avatar\/ae2f4d718e6c49043e314ce431e7e645d646302a24a5ef5a8bc8e3f5a032e319?s=96&d=mm&r=g","caption":"Redaktion"},"sameAs":["http:\/\/develop.organisator.galledia.ch"],"url":"https:\/\/www.immobilienbusiness.ch\/en\/author\/admin\/"}]}},"_links":{"self":[{"href":"https:\/\/www.immobilienbusiness.ch\/en\/wp-json\/wp\/v2\/posts\/2030","targetHints":{"allow":["GET"]}}],"collection":[{"href":"https:\/\/www.immobilienbusiness.ch\/en\/wp-json\/wp\/v2\/posts"}],"about":[{"href":"https:\/\/www.immobilienbusiness.ch\/en\/wp-json\/wp\/v2\/types\/post"}],"author":[{"embeddable":true,"href":"https:\/\/www.immobilienbusiness.ch\/en\/wp-json\/wp\/v2\/users\/1"}],"replies":[{"embeddable":true,"href":"https:\/\/www.immobilienbusiness.ch\/en\/wp-json\/wp\/v2\/comments?post=2030"}],"version-history":[{"count":0,"href":"https:\/\/www.immobilienbusiness.ch\/en\/wp-json\/wp\/v2\/posts\/2030\/revisions"}],"wp:featuredmedia":[{"embeddable":true,"href":"https:\/\/www.immobilienbusiness.ch\/en\/wp-json\/wp\/v2\/media\/2031"}],"wp:attachment":[{"href":"https:\/\/www.immobilienbusiness.ch\/en\/wp-json\/wp\/v2\/media?parent=2030"}],"wp:term":[{"taxonomy":"category","embeddable":true,"href":"https:\/\/www.immobilienbusiness.ch\/en\/wp-json\/wp\/v2\/categories?post=2030"},{"taxonomy":"post_tag","embeddable":true,"href":"https:\/\/www.immobilienbusiness.ch\/en\/wp-json\/wp\/v2\/tags?post=2030"}],"curies":[{"name":"wp","href":"https:\/\/api.w.org\/{rel}","templated":true}]}}