{"id":2016,"date":"2016-01-08T09:14:13","date_gmt":"2016-01-08T08:14:13","guid":{"rendered":"http:\/\/dev.immobilienbusiness.ch\/?p=2016"},"modified":"2016-01-08T09:14:13","modified_gmt":"2016-01-08T08:14:13","slug":"chur-baubeginn-fuer-capricon-verzoegert-sich","status":"publish","type":"post","link":"https:\/\/www.immobilienbusiness.ch\/en\/allgemein\/2016-01-08\/chur-baubeginn-fuer-capricon-verzoegert-sich\/","title":{"rendered":"Chur: Start of construction for \"Capricorn\" delayed"},"content":{"rendered":"<figure id=\"attachment_2017\" aria-describedby=\"caption-attachment-2017\" style=\"width: 680px\" class=\"wp-caption alignnone\"><img loading=\"lazy\" decoding=\"async\" class=\"size-medium wp-image-2017\" src=\"https:\/\/immobilienbusiness.ch\/wp-content\/uploads\/2016\/12\/Chur-Baubeginn-f\u00fcr-\u00abCapricon\u00bb-verz\u00f6gert-sich-immobilien-business.jpg\" alt=\"Bis sich die Baukr\u00e4ne am Churer Bahnhofsplatz drehen, wird es noch eine Weile dauern (Foto: Pixabay)\" width=\"680\" height=\"453\" \/><figcaption id=\"caption-attachment-2017\" class=\"wp-caption-text\">It will be a while before the construction cranes at Chur's Bahnhofsplatz start turning (Photo: Pixabay)<\/figcaption><\/figure>\n<p>For 39 million CHF, a building complex with stores, apartments and offices is to be constructed at Bahnhofplatz in Chur. For this purpose, the existing building, in which the Globus department store was rented for many years, will be demolished. Globus will no longer be represented at Bahnhofplatz in the future. According to the original plans, construction was to begin in early 2016 and the buildings were to be ready for occupancy in 2018. So far, however, it is unclear when Axa plans to submit the building application. (ah)<\/p>","protected":false},"excerpt":{"rendered":"<p>The construction of the \"Capricorn\" project at Chur train station will probably not start as planned at the beginning of this year. Local media report that no building application has yet been submitted for the project by the Chur-based architectural firm Giubbini and the general contractor Priora AG. Axa Insurance is the owner of the site and thus the developer.<\/p>","protected":false},"author":1,"featured_media":2017,"comment_status":"open","ping_status":"open","sticky":false,"template":"","format":"standard","meta":{"_acf_changed":false,"_yoast_wpseo_focuskw":"Bauverz\u00f6gerung Chur","_yoast_wpseo_title":"Bauverz\u00f6gerung Chur: Projekt am Bahnhofplatz verz\u00f6gert sich","_yoast_wpseo_metadesc":"Das Bauprojekt am Churer Bahnhofplatz verz\u00f6gert sich. Die Fertigstellung ist unklar, da die Baugenehmigung noch aussteht. (max. 150 Zeichen)","_yoast_wpseo_linkdex":42,"pgc_sgb_lightbox_settings":"","footnotes":""},"categories":[1],"tags":[1546,1601],"class_list":["post-2016","post","type-post","status-publish","format-standard","has-post-thumbnail","hentry","category-allgemein","tag-ost-schweiz","tag-projektentwicklung"],"acf":[],"yoast_head":"<!-- This site is optimized with the Yoast SEO plugin v27.4 - https:\/\/yoast.com\/product\/yoast-seo-wordpress\/ -->\n<title>Bauverz\u00f6gerung Chur: Projekt am Bahnhofplatz verz\u00f6gert sich<\/title>\n<meta name=\"description\" content=\"Das Bauprojekt am Churer Bahnhofplatz verz\u00f6gert sich. Die Fertigstellung ist unklar, da die Baugenehmigung noch aussteht. (max. 150 Zeichen)\" \/>\n<meta name=\"robots\" content=\"index, follow, max-snippet:-1, max-image-preview:large, max-video-preview:-1\" \/>\n<link rel=\"canonical\" href=\"https:\/\/www.immobilienbusiness.ch\/en\/allgemein\/2016-01-08\/chur-baubeginn-fuer-capricon-verzoegert-sich\/\" \/>\n<meta property=\"og:locale\" content=\"en_US\" \/>\n<meta property=\"og:type\" content=\"article\" \/>\n<meta property=\"og:title\" content=\"Chur: Baubeginn f\u00fcr \u00abCapricorn\u00bb verz\u00f6gert sich\" \/>\n<meta property=\"og:description\" content=\"Der Bau des Projekts \u00abCapricorn\u00bb am Bahnhof Chur wird wohl nicht wie geplant Anfang dieses Jahres starten. Es liege noch kein Baugesuch f\u00fcr das Vorhaben der Churer Architekturb\u00fcros Giubbini und der Generalunternehmung Priora AG vor, berichten lokale Medien. Eigent\u00fcmerin des Areals und damit Bauherrin ist die Axa Versicherung.\" \/>\n<meta property=\"og:url\" content=\"https:\/\/www.immobilienbusiness.ch\/en\/allgemein\/2016-01-08\/chur-baubeginn-fuer-capricon-verzoegert-sich\/\" \/>\n<meta property=\"og:site_name\" content=\"IMMOBILIEN Business\" \/>\n<meta property=\"article:publisher\" content=\"https:\/\/www.facebook.com\/immobilienbusiness\/\" \/>\n<meta property=\"article:published_time\" content=\"2016-01-08T08:14:13+00:00\" \/>\n<meta name=\"author\" content=\"Redaktion\" \/>\n<meta name=\"twitter:card\" content=\"summary_large_image\" \/>\n<meta name=\"twitter:image\" content=\"https:\/\/www.immobilienbusiness.ch\/wp-content\/uploads\/2016\/12\/Chur-Baubeginn-fuer-Capricon-verzoegert-sich-immobilien-business.jpg\" \/>\n<script type=\"application\/ld+json\" class=\"yoast-schema-graph\">{\"@context\":\"https:\\\/\\\/schema.org\",\"@graph\":[{\"@type\":\"Article\",\"@id\":\"https:\\\/\\\/www.immobilienbusiness.ch\\\/allgemein\\\/2016-01-08\\\/chur-baubeginn-fuer-capricon-verzoegert-sich\\\/#article\",\"isPartOf\":{\"@id\":\"https:\\\/\\\/www.immobilienbusiness.ch\\\/allgemein\\\/2016-01-08\\\/chur-baubeginn-fuer-capricon-verzoegert-sich\\\/\"},\"author\":{\"name\":\"Redaktion\",\"@id\":\"https:\\\/\\\/www.immobilienbusiness.ch\\\/#\\\/schema\\\/person\\\/aa2bace6c5c5aad60102004a50c4eb1c\"},\"headline\":\"Chur: Baubeginn f\u00fcr \u00abCapricorn\u00bb verz\u00f6gert sich\",\"datePublished\":\"2016-01-08T08:14:13+00:00\",\"mainEntityOfPage\":{\"@id\":\"https:\\\/\\\/www.immobilienbusiness.ch\\\/allgemein\\\/2016-01-08\\\/chur-baubeginn-fuer-capricon-verzoegert-sich\\\/\"},\"wordCount\":109,\"commentCount\":0,\"publisher\":{\"@id\":\"https:\\\/\\\/www.immobilienbusiness.ch\\\/#organization\"},\"image\":{\"@id\":\"https:\\\/\\\/www.immobilienbusiness.ch\\\/allgemein\\\/2016-01-08\\\/chur-baubeginn-fuer-capricon-verzoegert-sich\\\/#primaryimage\"},\"thumbnailUrl\":\"https:\\\/\\\/www.immobilienbusiness.ch\\\/wp-content\\\/uploads\\\/2016\\\/12\\\/Chur-Baubeginn-fuer-Capricon-verzoegert-sich-immobilien-business.jpg\",\"keywords\":[\"Ost-Schweiz\",\"Projektentwicklung\"],\"articleSection\":[\"Allgemein\"],\"inLanguage\":\"en-US\"},{\"@type\":\"WebPage\",\"@id\":\"https:\\\/\\\/www.immobilienbusiness.ch\\\/allgemein\\\/2016-01-08\\\/chur-baubeginn-fuer-capricon-verzoegert-sich\\\/\",\"url\":\"https:\\\/\\\/www.immobilienbusiness.ch\\\/allgemein\\\/2016-01-08\\\/chur-baubeginn-fuer-capricon-verzoegert-sich\\\/\",\"name\":\"Bauverz\u00f6gerung Chur: Projekt am Bahnhofplatz verz\u00f6gert sich\",\"isPartOf\":{\"@id\":\"https:\\\/\\\/www.immobilienbusiness.ch\\\/#website\"},\"primaryImageOfPage\":{\"@id\":\"https:\\\/\\\/www.immobilienbusiness.ch\\\/allgemein\\\/2016-01-08\\\/chur-baubeginn-fuer-capricon-verzoegert-sich\\\/#primaryimage\"},\"image\":{\"@id\":\"https:\\\/\\\/www.immobilienbusiness.ch\\\/allgemein\\\/2016-01-08\\\/chur-baubeginn-fuer-capricon-verzoegert-sich\\\/#primaryimage\"},\"thumbnailUrl\":\"https:\\\/\\\/www.immobilienbusiness.ch\\\/wp-content\\\/uploads\\\/2016\\\/12\\\/Chur-Baubeginn-fuer-Capricon-verzoegert-sich-immobilien-business.jpg\",\"datePublished\":\"2016-01-08T08:14:13+00:00\",\"description\":\"Das Bauprojekt am Churer Bahnhofplatz verz\u00f6gert sich. Die Fertigstellung ist unklar, da die Baugenehmigung noch aussteht. (max. 150 Zeichen)\",\"breadcrumb\":{\"@id\":\"https:\\\/\\\/www.immobilienbusiness.ch\\\/allgemein\\\/2016-01-08\\\/chur-baubeginn-fuer-capricon-verzoegert-sich\\\/#breadcrumb\"},\"inLanguage\":\"en-US\",\"potentialAction\":[{\"@type\":\"ReadAction\",\"target\":[\"https:\\\/\\\/www.immobilienbusiness.ch\\\/allgemein\\\/2016-01-08\\\/chur-baubeginn-fuer-capricon-verzoegert-sich\\\/\"]}]},{\"@type\":\"ImageObject\",\"inLanguage\":\"en-US\",\"@id\":\"https:\\\/\\\/www.immobilienbusiness.ch\\\/allgemein\\\/2016-01-08\\\/chur-baubeginn-fuer-capricon-verzoegert-sich\\\/#primaryimage\",\"url\":\"https:\\\/\\\/www.immobilienbusiness.ch\\\/wp-content\\\/uploads\\\/2016\\\/12\\\/Chur-Baubeginn-fuer-Capricon-verzoegert-sich-immobilien-business.jpg\",\"contentUrl\":\"https:\\\/\\\/www.immobilienbusiness.ch\\\/wp-content\\\/uploads\\\/2016\\\/12\\\/Chur-Baubeginn-fuer-Capricon-verzoegert-sich-immobilien-business.jpg\",\"width\":1280,\"height\":853,\"caption\":\"Bis sich die Baukr\u00e4ne am Churer Bahnhofsplatz drehen, wird es noch eine Weile dauern (Foto: Pixabay)\"},{\"@type\":\"BreadcrumbList\",\"@id\":\"https:\\\/\\\/www.immobilienbusiness.ch\\\/allgemein\\\/2016-01-08\\\/chur-baubeginn-fuer-capricon-verzoegert-sich\\\/#breadcrumb\",\"itemListElement\":[{\"@type\":\"ListItem\",\"position\":1,\"name\":\"Home\",\"item\":\"https:\\\/\\\/www.immobilienbusiness.ch\\\/\"},{\"@type\":\"ListItem\",\"position\":2,\"name\":\"Chur: Baubeginn f\u00fcr \u00abCapricorn\u00bb verz\u00f6gert sich\"}]},{\"@type\":\"WebSite\",\"@id\":\"https:\\\/\\\/www.immobilienbusiness.ch\\\/#website\",\"url\":\"https:\\\/\\\/www.immobilienbusiness.ch\\\/\",\"name\":\"IMMOBILIEN Business\",\"description\":\"Unabh\u00e4ngiges Schweizer Wirtschaftsmagazin mit Fokus auf Immobilien, Architektur- und Bau sowie Investment- und Finanzierung.\",\"publisher\":{\"@id\":\"https:\\\/\\\/www.immobilienbusiness.ch\\\/#organization\"},\"potentialAction\":[{\"@type\":\"SearchAction\",\"target\":{\"@type\":\"EntryPoint\",\"urlTemplate\":\"https:\\\/\\\/www.immobilienbusiness.ch\\\/?s={search_term_string}\"},\"query-input\":{\"@type\":\"PropertyValueSpecification\",\"valueRequired\":true,\"valueName\":\"search_term_string\"}}],\"inLanguage\":\"en-US\"},{\"@type\":\"Organization\",\"@id\":\"https:\\\/\\\/www.immobilienbusiness.ch\\\/#organization\",\"name\":\"IMMOBILIEN Business\",\"url\":\"https:\\\/\\\/www.immobilienbusiness.ch\\\/\",\"logo\":{\"@type\":\"ImageObject\",\"inLanguage\":\"en-US\",\"@id\":\"https:\\\/\\\/www.immobilienbusiness.ch\\\/#\\\/schema\\\/logo\\\/image\\\/\",\"url\":\"https:\\\/\\\/www.immobilienbusiness.ch\\\/wp-content\\\/uploads\\\/2021\\\/07\\\/logo_ib.png\",\"contentUrl\":\"https:\\\/\\\/www.immobilienbusiness.ch\\\/wp-content\\\/uploads\\\/2021\\\/07\\\/logo_ib.png\",\"width\":800,\"height\":181,\"caption\":\"IMMOBILIEN Business\"},\"image\":{\"@id\":\"https:\\\/\\\/www.immobilienbusiness.ch\\\/#\\\/schema\\\/logo\\\/image\\\/\"},\"sameAs\":[\"https:\\\/\\\/www.facebook.com\\\/immobilienbusiness\\\/\"]},{\"@type\":\"Person\",\"@id\":\"https:\\\/\\\/www.immobilienbusiness.ch\\\/#\\\/schema\\\/person\\\/aa2bace6c5c5aad60102004a50c4eb1c\",\"name\":\"Redaktion\",\"image\":{\"@type\":\"ImageObject\",\"inLanguage\":\"en-US\",\"@id\":\"https:\\\/\\\/secure.gravatar.com\\\/avatar\\\/ae2f4d718e6c49043e314ce431e7e645d646302a24a5ef5a8bc8e3f5a032e319?s=96&d=mm&r=g\",\"url\":\"https:\\\/\\\/secure.gravatar.com\\\/avatar\\\/ae2f4d718e6c49043e314ce431e7e645d646302a24a5ef5a8bc8e3f5a032e319?s=96&d=mm&r=g\",\"contentUrl\":\"https:\\\/\\\/secure.gravatar.com\\\/avatar\\\/ae2f4d718e6c49043e314ce431e7e645d646302a24a5ef5a8bc8e3f5a032e319?s=96&d=mm&r=g\",\"caption\":\"Redaktion\"},\"sameAs\":[\"http:\\\/\\\/develop.organisator.galledia.ch\"],\"url\":\"https:\\\/\\\/www.immobilienbusiness.ch\\\/en\\\/author\\\/admin\\\/\"}]}<\/script>\n<!-- \/ Yoast SEO plugin. -->","yoast_head_json":{"title":"Bauverz\u00f6gerung Chur: Projekt am Bahnhofplatz verz\u00f6gert sich","description":"Das Bauprojekt am Churer Bahnhofplatz verz\u00f6gert sich. Die Fertigstellung ist unklar, da die Baugenehmigung noch aussteht. (max. 150 Zeichen)","robots":{"index":"index","follow":"follow","max-snippet":"max-snippet:-1","max-image-preview":"max-image-preview:large","max-video-preview":"max-video-preview:-1"},"canonical":"https:\/\/www.immobilienbusiness.ch\/en\/allgemein\/2016-01-08\/chur-baubeginn-fuer-capricon-verzoegert-sich\/","og_locale":"en_US","og_type":"article","og_title":"Chur: Baubeginn f\u00fcr \u00abCapricorn\u00bb verz\u00f6gert sich","og_description":"Der Bau des Projekts \u00abCapricorn\u00bb am Bahnhof Chur wird wohl nicht wie geplant Anfang dieses Jahres starten. Es liege noch kein Baugesuch f\u00fcr das Vorhaben der Churer Architekturb\u00fcros Giubbini und der Generalunternehmung Priora AG vor, berichten lokale Medien. Eigent\u00fcmerin des Areals und damit Bauherrin ist die Axa Versicherung.","og_url":"https:\/\/www.immobilienbusiness.ch\/en\/allgemein\/2016-01-08\/chur-baubeginn-fuer-capricon-verzoegert-sich\/","og_site_name":"IMMOBILIEN Business","article_publisher":"https:\/\/www.facebook.com\/immobilienbusiness\/","article_published_time":"2016-01-08T08:14:13+00:00","author":"Redaktion","twitter_card":"summary_large_image","twitter_image":"https:\/\/www.immobilienbusiness.ch\/wp-content\/uploads\/2016\/12\/Chur-Baubeginn-fuer-Capricon-verzoegert-sich-immobilien-business.jpg","schema":{"@context":"https:\/\/schema.org","@graph":[{"@type":"Article","@id":"https:\/\/www.immobilienbusiness.ch\/allgemein\/2016-01-08\/chur-baubeginn-fuer-capricon-verzoegert-sich\/#article","isPartOf":{"@id":"https:\/\/www.immobilienbusiness.ch\/allgemein\/2016-01-08\/chur-baubeginn-fuer-capricon-verzoegert-sich\/"},"author":{"name":"Redaktion","@id":"https:\/\/www.immobilienbusiness.ch\/#\/schema\/person\/aa2bace6c5c5aad60102004a50c4eb1c"},"headline":"Chur: Baubeginn f\u00fcr \u00abCapricorn\u00bb verz\u00f6gert sich","datePublished":"2016-01-08T08:14:13+00:00","mainEntityOfPage":{"@id":"https:\/\/www.immobilienbusiness.ch\/allgemein\/2016-01-08\/chur-baubeginn-fuer-capricon-verzoegert-sich\/"},"wordCount":109,"commentCount":0,"publisher":{"@id":"https:\/\/www.immobilienbusiness.ch\/#organization"},"image":{"@id":"https:\/\/www.immobilienbusiness.ch\/allgemein\/2016-01-08\/chur-baubeginn-fuer-capricon-verzoegert-sich\/#primaryimage"},"thumbnailUrl":"https:\/\/www.immobilienbusiness.ch\/wp-content\/uploads\/2016\/12\/Chur-Baubeginn-fuer-Capricon-verzoegert-sich-immobilien-business.jpg","keywords":["Ost-Schweiz","Projektentwicklung"],"articleSection":["Allgemein"],"inLanguage":"en-US"},{"@type":"WebPage","@id":"https:\/\/www.immobilienbusiness.ch\/allgemein\/2016-01-08\/chur-baubeginn-fuer-capricon-verzoegert-sich\/","url":"https:\/\/www.immobilienbusiness.ch\/allgemein\/2016-01-08\/chur-baubeginn-fuer-capricon-verzoegert-sich\/","name":"Bauverz\u00f6gerung Chur: Projekt am Bahnhofplatz verz\u00f6gert sich","isPartOf":{"@id":"https:\/\/www.immobilienbusiness.ch\/#website"},"primaryImageOfPage":{"@id":"https:\/\/www.immobilienbusiness.ch\/allgemein\/2016-01-08\/chur-baubeginn-fuer-capricon-verzoegert-sich\/#primaryimage"},"image":{"@id":"https:\/\/www.immobilienbusiness.ch\/allgemein\/2016-01-08\/chur-baubeginn-fuer-capricon-verzoegert-sich\/#primaryimage"},"thumbnailUrl":"https:\/\/www.immobilienbusiness.ch\/wp-content\/uploads\/2016\/12\/Chur-Baubeginn-fuer-Capricon-verzoegert-sich-immobilien-business.jpg","datePublished":"2016-01-08T08:14:13+00:00","description":"Das Bauprojekt am Churer Bahnhofplatz verz\u00f6gert sich. Die Fertigstellung ist unklar, da die Baugenehmigung noch aussteht. (max. 150 Zeichen)","breadcrumb":{"@id":"https:\/\/www.immobilienbusiness.ch\/allgemein\/2016-01-08\/chur-baubeginn-fuer-capricon-verzoegert-sich\/#breadcrumb"},"inLanguage":"en-US","potentialAction":[{"@type":"ReadAction","target":["https:\/\/www.immobilienbusiness.ch\/allgemein\/2016-01-08\/chur-baubeginn-fuer-capricon-verzoegert-sich\/"]}]},{"@type":"ImageObject","inLanguage":"en-US","@id":"https:\/\/www.immobilienbusiness.ch\/allgemein\/2016-01-08\/chur-baubeginn-fuer-capricon-verzoegert-sich\/#primaryimage","url":"https:\/\/www.immobilienbusiness.ch\/wp-content\/uploads\/2016\/12\/Chur-Baubeginn-fuer-Capricon-verzoegert-sich-immobilien-business.jpg","contentUrl":"https:\/\/www.immobilienbusiness.ch\/wp-content\/uploads\/2016\/12\/Chur-Baubeginn-fuer-Capricon-verzoegert-sich-immobilien-business.jpg","width":1280,"height":853,"caption":"Bis sich die Baukr\u00e4ne am Churer Bahnhofsplatz drehen, wird es noch eine Weile dauern (Foto: Pixabay)"},{"@type":"BreadcrumbList","@id":"https:\/\/www.immobilienbusiness.ch\/allgemein\/2016-01-08\/chur-baubeginn-fuer-capricon-verzoegert-sich\/#breadcrumb","itemListElement":[{"@type":"ListItem","position":1,"name":"Home","item":"https:\/\/www.immobilienbusiness.ch\/"},{"@type":"ListItem","position":2,"name":"Chur: Baubeginn f\u00fcr \u00abCapricorn\u00bb verz\u00f6gert sich"}]},{"@type":"WebSite","@id":"https:\/\/www.immobilienbusiness.ch\/#website","url":"https:\/\/www.immobilienbusiness.ch\/","name":"REAL ESTATE Business","description":"Independent Swiss business magazine focusing on real estate, architecture and construction as well as investment and financing.","publisher":{"@id":"https:\/\/www.immobilienbusiness.ch\/#organization"},"potentialAction":[{"@type":"SearchAction","target":{"@type":"EntryPoint","urlTemplate":"https:\/\/www.immobilienbusiness.ch\/?s={search_term_string}"},"query-input":{"@type":"PropertyValueSpecification","valueRequired":true,"valueName":"search_term_string"}}],"inLanguage":"en-US"},{"@type":"Organization","@id":"https:\/\/www.immobilienbusiness.ch\/#organization","name":"REAL ESTATE Business","url":"https:\/\/www.immobilienbusiness.ch\/","logo":{"@type":"ImageObject","inLanguage":"en-US","@id":"https:\/\/www.immobilienbusiness.ch\/#\/schema\/logo\/image\/","url":"https:\/\/www.immobilienbusiness.ch\/wp-content\/uploads\/2021\/07\/logo_ib.png","contentUrl":"https:\/\/www.immobilienbusiness.ch\/wp-content\/uploads\/2021\/07\/logo_ib.png","width":800,"height":181,"caption":"IMMOBILIEN Business"},"image":{"@id":"https:\/\/www.immobilienbusiness.ch\/#\/schema\/logo\/image\/"},"sameAs":["https:\/\/www.facebook.com\/immobilienbusiness\/"]},{"@type":"Person","@id":"https:\/\/www.immobilienbusiness.ch\/#\/schema\/person\/aa2bace6c5c5aad60102004a50c4eb1c","name":"Editorial","image":{"@type":"ImageObject","inLanguage":"en-US","@id":"https:\/\/secure.gravatar.com\/avatar\/ae2f4d718e6c49043e314ce431e7e645d646302a24a5ef5a8bc8e3f5a032e319?s=96&d=mm&r=g","url":"https:\/\/secure.gravatar.com\/avatar\/ae2f4d718e6c49043e314ce431e7e645d646302a24a5ef5a8bc8e3f5a032e319?s=96&d=mm&r=g","contentUrl":"https:\/\/secure.gravatar.com\/avatar\/ae2f4d718e6c49043e314ce431e7e645d646302a24a5ef5a8bc8e3f5a032e319?s=96&d=mm&r=g","caption":"Redaktion"},"sameAs":["http:\/\/develop.organisator.galledia.ch"],"url":"https:\/\/www.immobilienbusiness.ch\/en\/author\/admin\/"}]}},"_links":{"self":[{"href":"https:\/\/www.immobilienbusiness.ch\/en\/wp-json\/wp\/v2\/posts\/2016","targetHints":{"allow":["GET"]}}],"collection":[{"href":"https:\/\/www.immobilienbusiness.ch\/en\/wp-json\/wp\/v2\/posts"}],"about":[{"href":"https:\/\/www.immobilienbusiness.ch\/en\/wp-json\/wp\/v2\/types\/post"}],"author":[{"embeddable":true,"href":"https:\/\/www.immobilienbusiness.ch\/en\/wp-json\/wp\/v2\/users\/1"}],"replies":[{"embeddable":true,"href":"https:\/\/www.immobilienbusiness.ch\/en\/wp-json\/wp\/v2\/comments?post=2016"}],"version-history":[{"count":0,"href":"https:\/\/www.immobilienbusiness.ch\/en\/wp-json\/wp\/v2\/posts\/2016\/revisions"}],"wp:featuredmedia":[{"embeddable":true,"href":"https:\/\/www.immobilienbusiness.ch\/en\/wp-json\/wp\/v2\/media\/2017"}],"wp:attachment":[{"href":"https:\/\/www.immobilienbusiness.ch\/en\/wp-json\/wp\/v2\/media?parent=2016"}],"wp:term":[{"taxonomy":"category","embeddable":true,"href":"https:\/\/www.immobilienbusiness.ch\/en\/wp-json\/wp\/v2\/categories?post=2016"},{"taxonomy":"post_tag","embeddable":true,"href":"https:\/\/www.immobilienbusiness.ch\/en\/wp-json\/wp\/v2\/tags?post=2016"}],"curies":[{"name":"wp","href":"https:\/\/api.w.org\/{rel}","templated":true}]}}