{"id":1929,"date":"2015-12-18T09:13:18","date_gmt":"2015-12-18T08:13:18","guid":{"rendered":"http:\/\/dev.immobilienbusiness.ch\/?p=1929"},"modified":"2015-12-18T09:13:18","modified_gmt":"2015-12-18T08:13:18","slug":"minergie-neuer-geschaeftsleiter","status":"publish","type":"post","link":"https:\/\/www.immobilienbusiness.ch\/en\/allgemein\/2015-12-18\/minergie-neuer-geschaeftsleiter\/","title":{"rendered":"Minergie: New managing director"},"content":{"rendered":"<figure id=\"attachment_1930\" aria-describedby=\"caption-attachment-1930\" style=\"width: 680px\" class=\"wp-caption alignnone\"><img loading=\"lazy\" decoding=\"async\" class=\"size-medium wp-image-1930\" src=\"https:\/\/immobilienbusiness.ch\/wp-content\/uploads\/2016\/12\/Minergie-Neuer-Gesch\u00e4ftsleiter-immobilien-business.jpg\" alt=\"Andreas Meyer Primavesi (Foto: Minergie)\" width=\"680\" height=\"681\" \/><figcaption id=\"caption-attachment-1930\" class=\"wp-caption-text\">Andreas Meyer Primavesi (Photo: Minergie)<\/figcaption><\/figure>\n<p>Andreas Meyer Primavesi (Forsting. ETH Zurich, MBA IESE Barcelona) has been responsible for the areas of certification and technology and communication with the cantons on the Minergie Executive Board. As of January 1, 2016, he will also take over the operational management of the association as Managing Director.<\/p>\n<p>In his career to date, Andreas Meyer has been responsible, among other things, for setting up and operating the service center in the national building renovation program and sustainable site developments.<\/p>\n<p>The Minergie Board of Directors approved the updated business plan at the same time as the election of the new Executive Director. At the beginning of 2017, the three building standards Minergie, Minergie-P and Minergie-A will be revised with the involvement of the cantons. As proposed at the 2015 General Meeting, this will also ensure their conformity with the MuKEn 2014. Minergie intends to provide information on the contents of the new strategy and further organizational adjustments in the first quarter of 2016. (ah)<\/p>","protected":false},"excerpt":{"rendered":"<p>The Minergie Association has appointed Andreas Meyer Primavesi as its new Managing Director. The 38-year-old from Basel will take over the management of operational business as of January 1, 2016 from Christian R\u00f6thenmund, who had held the post since 2013.<\/p>","protected":false},"author":1,"featured_media":1930,"comment_status":"open","ping_status":"open","sticky":false,"template":"","format":"standard","meta":{"_acf_changed":false,"_yoast_wpseo_focuskw":"Minergie Gesch\u00e4ftsleiter","_yoast_wpseo_title":"Minergie: Neuer Gesch\u00e4ftsleiter Andreas Meyer Primavesi","_yoast_wpseo_metadesc":"Andreas Meyer Primavesi wird ab 2016 Gesch\u00e4ftsleiter von Minergie. Der Verein plant die \u00dcberarbeitung der Geb\u00e4udestandards f\u00fcr 2017.","_yoast_wpseo_linkdex":65,"pgc_sgb_lightbox_settings":"","footnotes":""},"categories":[1],"tags":[1369,1564,1823,1825],"class_list":["post-1929","post","type-post","status-publish","format-standard","has-post-thumbnail","hentry","category-allgemein","tag-institutionen","tag-personalien","tag-verbaende","tag-vereine"],"acf":[],"yoast_head":"<!-- This site is optimized with the Yoast SEO plugin v27.4 - https:\/\/yoast.com\/product\/yoast-seo-wordpress\/ -->\n<title>Minergie: Neuer Gesch\u00e4ftsleiter Andreas Meyer Primavesi<\/title>\n<meta name=\"description\" content=\"Andreas Meyer Primavesi wird ab 2016 Gesch\u00e4ftsleiter von Minergie. Der Verein plant die \u00dcberarbeitung der Geb\u00e4udestandards f\u00fcr 2017.\" \/>\n<meta name=\"robots\" content=\"index, follow, max-snippet:-1, max-image-preview:large, max-video-preview:-1\" \/>\n<link rel=\"canonical\" href=\"https:\/\/www.immobilienbusiness.ch\/en\/allgemein\/2015-12-18\/minergie-neuer-geschaeftsleiter\/\" \/>\n<meta property=\"og:locale\" content=\"en_US\" \/>\n<meta property=\"og:type\" content=\"article\" \/>\n<meta property=\"og:title\" content=\"Minergie: Neuer Gesch\u00e4ftsleiter\" \/>\n<meta property=\"og:description\" content=\"Der Verein Minergie hat Andreas Meyer Primavesi zum neuen Gesch\u00e4ftsleiter ernannt. Der 38-j\u00e4hrige Basler \u00fcbernimmt die Leitung der operativen Gesch\u00e4fte per 1. Januar 2016 von Christian R\u00f6thenmund, der das Amt seit 2013 innehatte.\" \/>\n<meta property=\"og:url\" content=\"https:\/\/www.immobilienbusiness.ch\/en\/allgemein\/2015-12-18\/minergie-neuer-geschaeftsleiter\/\" \/>\n<meta property=\"og:site_name\" content=\"IMMOBILIEN Business\" \/>\n<meta property=\"article:publisher\" content=\"https:\/\/www.facebook.com\/immobilienbusiness\/\" \/>\n<meta property=\"article:published_time\" content=\"2015-12-18T08:13:18+00:00\" \/>\n<meta name=\"author\" content=\"Redaktion\" \/>\n<meta name=\"twitter:card\" content=\"summary_large_image\" \/>\n<meta name=\"twitter:image\" content=\"https:\/\/www.immobilienbusiness.ch\/wp-content\/uploads\/2016\/12\/Minergie-Neuer-Geschaeftsleiter-immobilien-business.jpg\" \/>\n<script type=\"application\/ld+json\" class=\"yoast-schema-graph\">{\"@context\":\"https:\\\/\\\/schema.org\",\"@graph\":[{\"@type\":\"Article\",\"@id\":\"https:\\\/\\\/www.immobilienbusiness.ch\\\/allgemein\\\/2015-12-18\\\/minergie-neuer-geschaeftsleiter\\\/#article\",\"isPartOf\":{\"@id\":\"https:\\\/\\\/www.immobilienbusiness.ch\\\/allgemein\\\/2015-12-18\\\/minergie-neuer-geschaeftsleiter\\\/\"},\"author\":{\"name\":\"Redaktion\",\"@id\":\"https:\\\/\\\/www.immobilienbusiness.ch\\\/#\\\/schema\\\/person\\\/aa2bace6c5c5aad60102004a50c4eb1c\"},\"headline\":\"Minergie: Neuer Gesch\u00e4ftsleiter\",\"datePublished\":\"2015-12-18T08:13:18+00:00\",\"mainEntityOfPage\":{\"@id\":\"https:\\\/\\\/www.immobilienbusiness.ch\\\/allgemein\\\/2015-12-18\\\/minergie-neuer-geschaeftsleiter\\\/\"},\"wordCount\":155,\"commentCount\":0,\"publisher\":{\"@id\":\"https:\\\/\\\/www.immobilienbusiness.ch\\\/#organization\"},\"image\":{\"@id\":\"https:\\\/\\\/www.immobilienbusiness.ch\\\/allgemein\\\/2015-12-18\\\/minergie-neuer-geschaeftsleiter\\\/#primaryimage\"},\"thumbnailUrl\":\"https:\\\/\\\/www.immobilienbusiness.ch\\\/wp-content\\\/uploads\\\/2016\\\/12\\\/Minergie-Neuer-Geschaeftsleiter-immobilien-business.jpg\",\"keywords\":[\"Institutionen\",\"Personalien\",\"Verb\u00e4nde\",\"Vereine\"],\"articleSection\":[\"Allgemein\"],\"inLanguage\":\"en-US\"},{\"@type\":\"WebPage\",\"@id\":\"https:\\\/\\\/www.immobilienbusiness.ch\\\/allgemein\\\/2015-12-18\\\/minergie-neuer-geschaeftsleiter\\\/\",\"url\":\"https:\\\/\\\/www.immobilienbusiness.ch\\\/allgemein\\\/2015-12-18\\\/minergie-neuer-geschaeftsleiter\\\/\",\"name\":\"Minergie: Neuer Gesch\u00e4ftsleiter Andreas Meyer Primavesi\",\"isPartOf\":{\"@id\":\"https:\\\/\\\/www.immobilienbusiness.ch\\\/#website\"},\"primaryImageOfPage\":{\"@id\":\"https:\\\/\\\/www.immobilienbusiness.ch\\\/allgemein\\\/2015-12-18\\\/minergie-neuer-geschaeftsleiter\\\/#primaryimage\"},\"image\":{\"@id\":\"https:\\\/\\\/www.immobilienbusiness.ch\\\/allgemein\\\/2015-12-18\\\/minergie-neuer-geschaeftsleiter\\\/#primaryimage\"},\"thumbnailUrl\":\"https:\\\/\\\/www.immobilienbusiness.ch\\\/wp-content\\\/uploads\\\/2016\\\/12\\\/Minergie-Neuer-Geschaeftsleiter-immobilien-business.jpg\",\"datePublished\":\"2015-12-18T08:13:18+00:00\",\"description\":\"Andreas Meyer Primavesi wird ab 2016 Gesch\u00e4ftsleiter von Minergie. Der Verein plant die \u00dcberarbeitung der Geb\u00e4udestandards f\u00fcr 2017.\",\"breadcrumb\":{\"@id\":\"https:\\\/\\\/www.immobilienbusiness.ch\\\/allgemein\\\/2015-12-18\\\/minergie-neuer-geschaeftsleiter\\\/#breadcrumb\"},\"inLanguage\":\"en-US\",\"potentialAction\":[{\"@type\":\"ReadAction\",\"target\":[\"https:\\\/\\\/www.immobilienbusiness.ch\\\/allgemein\\\/2015-12-18\\\/minergie-neuer-geschaeftsleiter\\\/\"]}]},{\"@type\":\"ImageObject\",\"inLanguage\":\"en-US\",\"@id\":\"https:\\\/\\\/www.immobilienbusiness.ch\\\/allgemein\\\/2015-12-18\\\/minergie-neuer-geschaeftsleiter\\\/#primaryimage\",\"url\":\"https:\\\/\\\/www.immobilienbusiness.ch\\\/wp-content\\\/uploads\\\/2016\\\/12\\\/Minergie-Neuer-Geschaeftsleiter-immobilien-business.jpg\",\"contentUrl\":\"https:\\\/\\\/www.immobilienbusiness.ch\\\/wp-content\\\/uploads\\\/2016\\\/12\\\/Minergie-Neuer-Geschaeftsleiter-immobilien-business.jpg\",\"width\":901,\"height\":902,\"caption\":\"Andreas Meyer Primavesi (Foto: Minergie)\"},{\"@type\":\"BreadcrumbList\",\"@id\":\"https:\\\/\\\/www.immobilienbusiness.ch\\\/allgemein\\\/2015-12-18\\\/minergie-neuer-geschaeftsleiter\\\/#breadcrumb\",\"itemListElement\":[{\"@type\":\"ListItem\",\"position\":1,\"name\":\"Home\",\"item\":\"https:\\\/\\\/www.immobilienbusiness.ch\\\/\"},{\"@type\":\"ListItem\",\"position\":2,\"name\":\"Minergie: Neuer Gesch\u00e4ftsleiter\"}]},{\"@type\":\"WebSite\",\"@id\":\"https:\\\/\\\/www.immobilienbusiness.ch\\\/#website\",\"url\":\"https:\\\/\\\/www.immobilienbusiness.ch\\\/\",\"name\":\"IMMOBILIEN Business\",\"description\":\"Unabh\u00e4ngiges Schweizer Wirtschaftsmagazin mit Fokus auf Immobilien, Architektur- und Bau sowie Investment- und Finanzierung.\",\"publisher\":{\"@id\":\"https:\\\/\\\/www.immobilienbusiness.ch\\\/#organization\"},\"potentialAction\":[{\"@type\":\"SearchAction\",\"target\":{\"@type\":\"EntryPoint\",\"urlTemplate\":\"https:\\\/\\\/www.immobilienbusiness.ch\\\/?s={search_term_string}\"},\"query-input\":{\"@type\":\"PropertyValueSpecification\",\"valueRequired\":true,\"valueName\":\"search_term_string\"}}],\"inLanguage\":\"en-US\"},{\"@type\":\"Organization\",\"@id\":\"https:\\\/\\\/www.immobilienbusiness.ch\\\/#organization\",\"name\":\"IMMOBILIEN Business\",\"url\":\"https:\\\/\\\/www.immobilienbusiness.ch\\\/\",\"logo\":{\"@type\":\"ImageObject\",\"inLanguage\":\"en-US\",\"@id\":\"https:\\\/\\\/www.immobilienbusiness.ch\\\/#\\\/schema\\\/logo\\\/image\\\/\",\"url\":\"https:\\\/\\\/www.immobilienbusiness.ch\\\/wp-content\\\/uploads\\\/2021\\\/07\\\/logo_ib.png\",\"contentUrl\":\"https:\\\/\\\/www.immobilienbusiness.ch\\\/wp-content\\\/uploads\\\/2021\\\/07\\\/logo_ib.png\",\"width\":800,\"height\":181,\"caption\":\"IMMOBILIEN Business\"},\"image\":{\"@id\":\"https:\\\/\\\/www.immobilienbusiness.ch\\\/#\\\/schema\\\/logo\\\/image\\\/\"},\"sameAs\":[\"https:\\\/\\\/www.facebook.com\\\/immobilienbusiness\\\/\"]},{\"@type\":\"Person\",\"@id\":\"https:\\\/\\\/www.immobilienbusiness.ch\\\/#\\\/schema\\\/person\\\/aa2bace6c5c5aad60102004a50c4eb1c\",\"name\":\"Redaktion\",\"image\":{\"@type\":\"ImageObject\",\"inLanguage\":\"en-US\",\"@id\":\"https:\\\/\\\/secure.gravatar.com\\\/avatar\\\/ae2f4d718e6c49043e314ce431e7e645d646302a24a5ef5a8bc8e3f5a032e319?s=96&d=mm&r=g\",\"url\":\"https:\\\/\\\/secure.gravatar.com\\\/avatar\\\/ae2f4d718e6c49043e314ce431e7e645d646302a24a5ef5a8bc8e3f5a032e319?s=96&d=mm&r=g\",\"contentUrl\":\"https:\\\/\\\/secure.gravatar.com\\\/avatar\\\/ae2f4d718e6c49043e314ce431e7e645d646302a24a5ef5a8bc8e3f5a032e319?s=96&d=mm&r=g\",\"caption\":\"Redaktion\"},\"sameAs\":[\"http:\\\/\\\/develop.organisator.galledia.ch\"],\"url\":\"https:\\\/\\\/www.immobilienbusiness.ch\\\/en\\\/author\\\/admin\\\/\"}]}<\/script>\n<!-- \/ Yoast SEO plugin. -->","yoast_head_json":{"title":"Minergie: Neuer Gesch\u00e4ftsleiter Andreas Meyer Primavesi","description":"Andreas Meyer Primavesi wird ab 2016 Gesch\u00e4ftsleiter von Minergie. Der Verein plant die \u00dcberarbeitung der Geb\u00e4udestandards f\u00fcr 2017.","robots":{"index":"index","follow":"follow","max-snippet":"max-snippet:-1","max-image-preview":"max-image-preview:large","max-video-preview":"max-video-preview:-1"},"canonical":"https:\/\/www.immobilienbusiness.ch\/en\/allgemein\/2015-12-18\/minergie-neuer-geschaeftsleiter\/","og_locale":"en_US","og_type":"article","og_title":"Minergie: Neuer Gesch\u00e4ftsleiter","og_description":"Der Verein Minergie hat Andreas Meyer Primavesi zum neuen Gesch\u00e4ftsleiter ernannt. Der 38-j\u00e4hrige Basler \u00fcbernimmt die Leitung der operativen Gesch\u00e4fte per 1. Januar 2016 von Christian R\u00f6thenmund, der das Amt seit 2013 innehatte.","og_url":"https:\/\/www.immobilienbusiness.ch\/en\/allgemein\/2015-12-18\/minergie-neuer-geschaeftsleiter\/","og_site_name":"IMMOBILIEN Business","article_publisher":"https:\/\/www.facebook.com\/immobilienbusiness\/","article_published_time":"2015-12-18T08:13:18+00:00","author":"Redaktion","twitter_card":"summary_large_image","twitter_image":"https:\/\/www.immobilienbusiness.ch\/wp-content\/uploads\/2016\/12\/Minergie-Neuer-Geschaeftsleiter-immobilien-business.jpg","schema":{"@context":"https:\/\/schema.org","@graph":[{"@type":"Article","@id":"https:\/\/www.immobilienbusiness.ch\/allgemein\/2015-12-18\/minergie-neuer-geschaeftsleiter\/#article","isPartOf":{"@id":"https:\/\/www.immobilienbusiness.ch\/allgemein\/2015-12-18\/minergie-neuer-geschaeftsleiter\/"},"author":{"name":"Redaktion","@id":"https:\/\/www.immobilienbusiness.ch\/#\/schema\/person\/aa2bace6c5c5aad60102004a50c4eb1c"},"headline":"Minergie: Neuer Gesch\u00e4ftsleiter","datePublished":"2015-12-18T08:13:18+00:00","mainEntityOfPage":{"@id":"https:\/\/www.immobilienbusiness.ch\/allgemein\/2015-12-18\/minergie-neuer-geschaeftsleiter\/"},"wordCount":155,"commentCount":0,"publisher":{"@id":"https:\/\/www.immobilienbusiness.ch\/#organization"},"image":{"@id":"https:\/\/www.immobilienbusiness.ch\/allgemein\/2015-12-18\/minergie-neuer-geschaeftsleiter\/#primaryimage"},"thumbnailUrl":"https:\/\/www.immobilienbusiness.ch\/wp-content\/uploads\/2016\/12\/Minergie-Neuer-Geschaeftsleiter-immobilien-business.jpg","keywords":["Institutionen","Personalien","Verb\u00e4nde","Vereine"],"articleSection":["Allgemein"],"inLanguage":"en-US"},{"@type":"WebPage","@id":"https:\/\/www.immobilienbusiness.ch\/allgemein\/2015-12-18\/minergie-neuer-geschaeftsleiter\/","url":"https:\/\/www.immobilienbusiness.ch\/allgemein\/2015-12-18\/minergie-neuer-geschaeftsleiter\/","name":"Minergie: Neuer Gesch\u00e4ftsleiter Andreas Meyer Primavesi","isPartOf":{"@id":"https:\/\/www.immobilienbusiness.ch\/#website"},"primaryImageOfPage":{"@id":"https:\/\/www.immobilienbusiness.ch\/allgemein\/2015-12-18\/minergie-neuer-geschaeftsleiter\/#primaryimage"},"image":{"@id":"https:\/\/www.immobilienbusiness.ch\/allgemein\/2015-12-18\/minergie-neuer-geschaeftsleiter\/#primaryimage"},"thumbnailUrl":"https:\/\/www.immobilienbusiness.ch\/wp-content\/uploads\/2016\/12\/Minergie-Neuer-Geschaeftsleiter-immobilien-business.jpg","datePublished":"2015-12-18T08:13:18+00:00","description":"Andreas Meyer Primavesi wird ab 2016 Gesch\u00e4ftsleiter von Minergie. Der Verein plant die \u00dcberarbeitung der Geb\u00e4udestandards f\u00fcr 2017.","breadcrumb":{"@id":"https:\/\/www.immobilienbusiness.ch\/allgemein\/2015-12-18\/minergie-neuer-geschaeftsleiter\/#breadcrumb"},"inLanguage":"en-US","potentialAction":[{"@type":"ReadAction","target":["https:\/\/www.immobilienbusiness.ch\/allgemein\/2015-12-18\/minergie-neuer-geschaeftsleiter\/"]}]},{"@type":"ImageObject","inLanguage":"en-US","@id":"https:\/\/www.immobilienbusiness.ch\/allgemein\/2015-12-18\/minergie-neuer-geschaeftsleiter\/#primaryimage","url":"https:\/\/www.immobilienbusiness.ch\/wp-content\/uploads\/2016\/12\/Minergie-Neuer-Geschaeftsleiter-immobilien-business.jpg","contentUrl":"https:\/\/www.immobilienbusiness.ch\/wp-content\/uploads\/2016\/12\/Minergie-Neuer-Geschaeftsleiter-immobilien-business.jpg","width":901,"height":902,"caption":"Andreas Meyer Primavesi (Foto: Minergie)"},{"@type":"BreadcrumbList","@id":"https:\/\/www.immobilienbusiness.ch\/allgemein\/2015-12-18\/minergie-neuer-geschaeftsleiter\/#breadcrumb","itemListElement":[{"@type":"ListItem","position":1,"name":"Home","item":"https:\/\/www.immobilienbusiness.ch\/"},{"@type":"ListItem","position":2,"name":"Minergie: Neuer Gesch\u00e4ftsleiter"}]},{"@type":"WebSite","@id":"https:\/\/www.immobilienbusiness.ch\/#website","url":"https:\/\/www.immobilienbusiness.ch\/","name":"REAL ESTATE Business","description":"Independent Swiss business magazine focusing on real estate, architecture and construction as well as investment and financing.","publisher":{"@id":"https:\/\/www.immobilienbusiness.ch\/#organization"},"potentialAction":[{"@type":"SearchAction","target":{"@type":"EntryPoint","urlTemplate":"https:\/\/www.immobilienbusiness.ch\/?s={search_term_string}"},"query-input":{"@type":"PropertyValueSpecification","valueRequired":true,"valueName":"search_term_string"}}],"inLanguage":"en-US"},{"@type":"Organization","@id":"https:\/\/www.immobilienbusiness.ch\/#organization","name":"REAL ESTATE Business","url":"https:\/\/www.immobilienbusiness.ch\/","logo":{"@type":"ImageObject","inLanguage":"en-US","@id":"https:\/\/www.immobilienbusiness.ch\/#\/schema\/logo\/image\/","url":"https:\/\/www.immobilienbusiness.ch\/wp-content\/uploads\/2021\/07\/logo_ib.png","contentUrl":"https:\/\/www.immobilienbusiness.ch\/wp-content\/uploads\/2021\/07\/logo_ib.png","width":800,"height":181,"caption":"IMMOBILIEN Business"},"image":{"@id":"https:\/\/www.immobilienbusiness.ch\/#\/schema\/logo\/image\/"},"sameAs":["https:\/\/www.facebook.com\/immobilienbusiness\/"]},{"@type":"Person","@id":"https:\/\/www.immobilienbusiness.ch\/#\/schema\/person\/aa2bace6c5c5aad60102004a50c4eb1c","name":"Editorial","image":{"@type":"ImageObject","inLanguage":"en-US","@id":"https:\/\/secure.gravatar.com\/avatar\/ae2f4d718e6c49043e314ce431e7e645d646302a24a5ef5a8bc8e3f5a032e319?s=96&d=mm&r=g","url":"https:\/\/secure.gravatar.com\/avatar\/ae2f4d718e6c49043e314ce431e7e645d646302a24a5ef5a8bc8e3f5a032e319?s=96&d=mm&r=g","contentUrl":"https:\/\/secure.gravatar.com\/avatar\/ae2f4d718e6c49043e314ce431e7e645d646302a24a5ef5a8bc8e3f5a032e319?s=96&d=mm&r=g","caption":"Redaktion"},"sameAs":["http:\/\/develop.organisator.galledia.ch"],"url":"https:\/\/www.immobilienbusiness.ch\/en\/author\/admin\/"}]}},"_links":{"self":[{"href":"https:\/\/www.immobilienbusiness.ch\/en\/wp-json\/wp\/v2\/posts\/1929","targetHints":{"allow":["GET"]}}],"collection":[{"href":"https:\/\/www.immobilienbusiness.ch\/en\/wp-json\/wp\/v2\/posts"}],"about":[{"href":"https:\/\/www.immobilienbusiness.ch\/en\/wp-json\/wp\/v2\/types\/post"}],"author":[{"embeddable":true,"href":"https:\/\/www.immobilienbusiness.ch\/en\/wp-json\/wp\/v2\/users\/1"}],"replies":[{"embeddable":true,"href":"https:\/\/www.immobilienbusiness.ch\/en\/wp-json\/wp\/v2\/comments?post=1929"}],"version-history":[{"count":0,"href":"https:\/\/www.immobilienbusiness.ch\/en\/wp-json\/wp\/v2\/posts\/1929\/revisions"}],"wp:featuredmedia":[{"embeddable":true,"href":"https:\/\/www.immobilienbusiness.ch\/en\/wp-json\/wp\/v2\/media\/1930"}],"wp:attachment":[{"href":"https:\/\/www.immobilienbusiness.ch\/en\/wp-json\/wp\/v2\/media?parent=1929"}],"wp:term":[{"taxonomy":"category","embeddable":true,"href":"https:\/\/www.immobilienbusiness.ch\/en\/wp-json\/wp\/v2\/categories?post=1929"},{"taxonomy":"post_tag","embeddable":true,"href":"https:\/\/www.immobilienbusiness.ch\/en\/wp-json\/wp\/v2\/tags?post=1929"}],"curies":[{"name":"wp","href":"https:\/\/api.w.org\/{rel}","templated":true}]}}