{"id":18704,"date":"2019-10-04T08:21:55","date_gmt":"2019-10-04T06:21:55","guid":{"rendered":"https:\/\/www.immobilienbusiness.ch\/?p=18704"},"modified":"2019-10-04T08:21:55","modified_gmt":"2019-10-04T06:21:55","slug":"implenia-will-immobiliengesellschaft-gruenden","status":"publish","type":"post","link":"https:\/\/www.immobilienbusiness.ch\/en\/unternehmen\/2019-10-04\/implenia-will-immobiliengesellschaft-gruenden\/","title":{"rendered":"Implenia to set up real estate company"},"content":{"rendered":"<figure id=\"attachment_6428\" aria-describedby=\"caption-attachment-6428\" style=\"width: 680px\" class=\"wp-caption alignnone\"><img loading=\"lazy\" decoding=\"async\" class=\"size-medium wp-image-6428\" src=\"https:\/\/www.immobilienbusiness.ch\/wp-content\/uploads\/2017\/02\/swissmill-kran_1.jpg\" alt=\"\" width=\"680\" height=\"383\" srcset=\"https:\/\/www.immobilienbusiness.ch\/wp-content\/uploads\/2017\/02\/swissmill-kran_1.jpg 2560w, https:\/\/www.immobilienbusiness.ch\/wp-content\/uploads\/2017\/02\/swissmill-kran_1-300x169.jpg 300w, https:\/\/www.immobilienbusiness.ch\/wp-content\/uploads\/2017\/02\/swissmill-kran_1-1024x576.jpg 1024w, https:\/\/www.immobilienbusiness.ch\/wp-content\/uploads\/2017\/02\/swissmill-kran_1-768x432.jpg 768w, https:\/\/www.immobilienbusiness.ch\/wp-content\/uploads\/2017\/02\/swissmill-kran_1-1536x864.jpg 1536w, https:\/\/www.immobilienbusiness.ch\/wp-content\/uploads\/2017\/02\/swissmill-kran_1-2048x1152.jpg 2048w, https:\/\/www.immobilienbusiness.ch\/wp-content\/uploads\/2017\/02\/swissmill-kran_1-16x9.jpg 16w, https:\/\/www.immobilienbusiness.ch\/wp-content\/uploads\/2017\/02\/swissmill-kran_1-311x175.jpg 311w, https:\/\/www.immobilienbusiness.ch\/wp-content\/uploads\/2017\/02\/swissmill-kran_1-622x350.jpg 622w, https:\/\/www.immobilienbusiness.ch\/wp-content\/uploads\/2017\/02\/swissmill-kran_1-1422x800.jpg 1422w, https:\/\/www.immobilienbusiness.ch\/wp-content\/uploads\/2017\/02\/swissmill-kran_1-920x518.jpg 920w, https:\/\/www.immobilienbusiness.ch\/wp-content\/uploads\/2017\/02\/swissmill-kran_1-1400x788.jpg 1400w\" sizes=\"auto, (max-width: 680px) 100vw, 680px\" \/><figcaption id=\"caption-attachment-6428\" class=\"wp-caption-text\">Implenia announces the establishment of a real estate company (Image: Implenia)<\/figcaption><\/figure>\n<p>According to Implenia, the project development division is to become a leading real estate company. The aim is to generate continuous income in the medium term - instead of just selling the project developments that have been developed and approved for construction. To this end, Implenia intends to create a new investment vehicle with development projects from its own real estate portfolio and open it up to investors. They will be able to participate through share purchases and capital increases.<span class=\"Apple-converted-space\">\u00a0<\/span><\/p>\n<p>Implenia expects the investment vehicle to provide greater flexibility in financing through equity and debt, which in turn should enable stronger growth of the development platform.<span class=\"Apple-converted-space\">\u00a0<\/span><\/p>\n<p>Structurally, this investment vehicle is to be set up as a pure real estate company managed by a real estate management unit within Implenia, the statement continues. The management unit will be responsible for project, portfolio and real estate asset management.<span class=\"Apple-converted-space\">\u00a0<\/span><\/p>\n<p>Implenia intends to contribute around 25% of its existing real estate portfolio to the new company - at a market value of over CHF 100 million. Over time, the company intends to hold only a minority stake in the new real estate company, it adds. The company is currently not to be listed, but a separate IPO could be considered once the company has reached a larger volume.<\/p>\n<p>Implenia also confirmed its EBITDA target for 2019 of over CHF 150 million (excl. IFRS 16) before strategy implementation costs of around CHF 20 million, as already communicated in the half-year report. The medium-term EBITDA target margin is expected to be between 5.25% and 5.75% (excl. IFRS 16). <em>(ah)<\/em><\/p>","protected":false},"excerpt":{"rendered":"<p>Implenia intends to turn the Development Division into a real estate company and open up the portfolio to investors, the company announced at an investor day. <\/p>","protected":false},"author":3,"featured_media":6428,"comment_status":"closed","ping_status":"open","sticky":false,"template":"","format":"standard","meta":{"_acf_changed":false,"_yoast_wpseo_focuskw":"Implenia","_yoast_wpseo_title":"","_yoast_wpseo_metadesc":"Implenia will die Division Entwicklung zu einem Immobilienunternehmen machen und das Portfolio f\u00fcr Investoren \u00f6ffnen, teilt das Unternehmen anl\u00e4sslich eines Investorentages mit.","_yoast_wpseo_linkdex":46,"pgc_sgb_lightbox_settings":"","footnotes":""},"categories":[988],"tags":[1359,1807],"class_list":["post-18704","post","type-post","status-publish","format-standard","has-post-thumbnail","hentry","category-unternehmen","tag-implenia","tag-unternehmen"],"acf":[],"yoast_head":"<!-- This site is optimized with the Yoast SEO plugin v27.4 - https:\/\/yoast.com\/product\/yoast-seo-wordpress\/ -->\n<title>Implenia will Immobiliengesellschaft gr\u00fcnden - IMMOBILIEN Business<\/title>\n<meta name=\"description\" content=\"Implenia will die Division Entwicklung zu einem Immobilienunternehmen machen und das Portfolio f\u00fcr Investoren \u00f6ffnen, teilt das Unternehmen anl\u00e4sslich eines Investorentages mit.\" \/>\n<meta name=\"robots\" content=\"index, follow, max-snippet:-1, max-image-preview:large, max-video-preview:-1\" \/>\n<link rel=\"canonical\" href=\"https:\/\/www.immobilienbusiness.ch\/en\/unternehmen\/2019-10-04\/implenia-will-immobiliengesellschaft-gruenden\/\" \/>\n<meta property=\"og:locale\" content=\"en_US\" \/>\n<meta property=\"og:type\" content=\"article\" \/>\n<meta property=\"og:title\" content=\"Implenia will Immobiliengesellschaft gr\u00fcnden - IMMOBILIEN Business\" \/>\n<meta property=\"og:description\" content=\"Implenia will die Division Entwicklung zu einem Immobilienunternehmen machen und das Portfolio f\u00fcr Investoren \u00f6ffnen, teilt das Unternehmen anl\u00e4sslich eines Investorentages mit.\" \/>\n<meta property=\"og:url\" content=\"https:\/\/www.immobilienbusiness.ch\/en\/unternehmen\/2019-10-04\/implenia-will-immobiliengesellschaft-gruenden\/\" \/>\n<meta property=\"og:site_name\" content=\"IMMOBILIEN Business\" \/>\n<meta property=\"article:publisher\" content=\"https:\/\/www.facebook.com\/immobilienbusiness\/\" \/>\n<meta property=\"article:published_time\" content=\"2019-10-04T06:21:55+00:00\" \/>\n<meta property=\"og:image\" content=\"https:\/\/www.immobilienbusiness.ch\/wp-content\/uploads\/2017\/02\/swissmill-kran_1-1024x576.jpg\" \/>\n\t<meta property=\"og:image:width\" content=\"1024\" \/>\n\t<meta property=\"og:image:height\" content=\"576\" \/>\n\t<meta property=\"og:image:type\" content=\"image\/jpeg\" \/>\n<meta name=\"author\" content=\"anja.hall\" \/>\n<meta name=\"twitter:card\" content=\"summary_large_image\" \/>\n<meta name=\"twitter:image\" content=\"https:\/\/www.immobilienbusiness.ch\/wp-content\/uploads\/2017\/02\/swissmill-kran_1.jpg\" \/>\n<script type=\"application\/ld+json\" class=\"yoast-schema-graph\">{\"@context\":\"https:\\\/\\\/schema.org\",\"@graph\":[{\"@type\":\"Article\",\"@id\":\"https:\\\/\\\/www.immobilienbusiness.ch\\\/en\\\/unternehmen\\\/2019-10-04\\\/implenia-will-immobiliengesellschaft-gruenden\\\/#article\",\"isPartOf\":{\"@id\":\"https:\\\/\\\/www.immobilienbusiness.ch\\\/en\\\/unternehmen\\\/2019-10-04\\\/implenia-will-immobiliengesellschaft-gruenden\\\/\"},\"author\":{\"name\":\"anja.hall\",\"@id\":\"https:\\\/\\\/www.immobilienbusiness.ch\\\/#\\\/schema\\\/person\\\/3fc036297b10b9f42d6db5ee932af8c8\"},\"headline\":\"Implenia will Immobiliengesellschaft gr\u00fcnden\",\"datePublished\":\"2019-10-04T06:21:55+00:00\",\"mainEntityOfPage\":{\"@id\":\"https:\\\/\\\/www.immobilienbusiness.ch\\\/en\\\/unternehmen\\\/2019-10-04\\\/implenia-will-immobiliengesellschaft-gruenden\\\/\"},\"wordCount\":258,\"publisher\":{\"@id\":\"https:\\\/\\\/www.immobilienbusiness.ch\\\/#organization\"},\"image\":{\"@id\":\"https:\\\/\\\/www.immobilienbusiness.ch\\\/en\\\/unternehmen\\\/2019-10-04\\\/implenia-will-immobiliengesellschaft-gruenden\\\/#primaryimage\"},\"thumbnailUrl\":\"https:\\\/\\\/www.immobilienbusiness.ch\\\/wp-content\\\/uploads\\\/2017\\\/02\\\/swissmill-kran_1.jpg\",\"keywords\":[\"Implenia\",\"Unternehmen\"],\"articleSection\":[\"UNTERNEHMEN\"],\"inLanguage\":\"en-US\"},{\"@type\":\"WebPage\",\"@id\":\"https:\\\/\\\/www.immobilienbusiness.ch\\\/en\\\/unternehmen\\\/2019-10-04\\\/implenia-will-immobiliengesellschaft-gruenden\\\/\",\"url\":\"https:\\\/\\\/www.immobilienbusiness.ch\\\/en\\\/unternehmen\\\/2019-10-04\\\/implenia-will-immobiliengesellschaft-gruenden\\\/\",\"name\":\"Implenia will Immobiliengesellschaft gr\u00fcnden - IMMOBILIEN Business\",\"isPartOf\":{\"@id\":\"https:\\\/\\\/www.immobilienbusiness.ch\\\/#website\"},\"primaryImageOfPage\":{\"@id\":\"https:\\\/\\\/www.immobilienbusiness.ch\\\/en\\\/unternehmen\\\/2019-10-04\\\/implenia-will-immobiliengesellschaft-gruenden\\\/#primaryimage\"},\"image\":{\"@id\":\"https:\\\/\\\/www.immobilienbusiness.ch\\\/en\\\/unternehmen\\\/2019-10-04\\\/implenia-will-immobiliengesellschaft-gruenden\\\/#primaryimage\"},\"thumbnailUrl\":\"https:\\\/\\\/www.immobilienbusiness.ch\\\/wp-content\\\/uploads\\\/2017\\\/02\\\/swissmill-kran_1.jpg\",\"datePublished\":\"2019-10-04T06:21:55+00:00\",\"description\":\"Implenia will die Division Entwicklung zu einem Immobilienunternehmen machen und das Portfolio f\u00fcr Investoren \u00f6ffnen, teilt das Unternehmen anl\u00e4sslich eines Investorentages mit.\",\"breadcrumb\":{\"@id\":\"https:\\\/\\\/www.immobilienbusiness.ch\\\/en\\\/unternehmen\\\/2019-10-04\\\/implenia-will-immobiliengesellschaft-gruenden\\\/#breadcrumb\"},\"inLanguage\":\"en-US\",\"potentialAction\":[{\"@type\":\"ReadAction\",\"target\":[\"https:\\\/\\\/www.immobilienbusiness.ch\\\/en\\\/unternehmen\\\/2019-10-04\\\/implenia-will-immobiliengesellschaft-gruenden\\\/\"]}]},{\"@type\":\"ImageObject\",\"inLanguage\":\"en-US\",\"@id\":\"https:\\\/\\\/www.immobilienbusiness.ch\\\/en\\\/unternehmen\\\/2019-10-04\\\/implenia-will-immobiliengesellschaft-gruenden\\\/#primaryimage\",\"url\":\"https:\\\/\\\/www.immobilienbusiness.ch\\\/wp-content\\\/uploads\\\/2017\\\/02\\\/swissmill-kran_1.jpg\",\"contentUrl\":\"https:\\\/\\\/www.immobilienbusiness.ch\\\/wp-content\\\/uploads\\\/2017\\\/02\\\/swissmill-kran_1.jpg\",\"width\":2560,\"height\":1440,\"caption\":\"Der gr\u00f6sste Schweizer Baukonzern sieht sich f\u00fcr das Jahr 2023 auf Kurs (Bild: Depositphotos) (Foto: Implenia)\"},{\"@type\":\"BreadcrumbList\",\"@id\":\"https:\\\/\\\/www.immobilienbusiness.ch\\\/en\\\/unternehmen\\\/2019-10-04\\\/implenia-will-immobiliengesellschaft-gruenden\\\/#breadcrumb\",\"itemListElement\":[{\"@type\":\"ListItem\",\"position\":1,\"name\":\"Home\",\"item\":\"https:\\\/\\\/www.immobilienbusiness.ch\\\/\"},{\"@type\":\"ListItem\",\"position\":2,\"name\":\"Implenia will Immobiliengesellschaft gr\u00fcnden\"}]},{\"@type\":\"WebSite\",\"@id\":\"https:\\\/\\\/www.immobilienbusiness.ch\\\/#website\",\"url\":\"https:\\\/\\\/www.immobilienbusiness.ch\\\/\",\"name\":\"IMMOBILIEN Business\",\"description\":\"Unabh\u00e4ngiges Schweizer Wirtschaftsmagazin mit Fokus auf Immobilien, Architektur- und Bau sowie Investment- und Finanzierung.\",\"publisher\":{\"@id\":\"https:\\\/\\\/www.immobilienbusiness.ch\\\/#organization\"},\"potentialAction\":[{\"@type\":\"SearchAction\",\"target\":{\"@type\":\"EntryPoint\",\"urlTemplate\":\"https:\\\/\\\/www.immobilienbusiness.ch\\\/?s={search_term_string}\"},\"query-input\":{\"@type\":\"PropertyValueSpecification\",\"valueRequired\":true,\"valueName\":\"search_term_string\"}}],\"inLanguage\":\"en-US\"},{\"@type\":\"Organization\",\"@id\":\"https:\\\/\\\/www.immobilienbusiness.ch\\\/#organization\",\"name\":\"IMMOBILIEN Business\",\"url\":\"https:\\\/\\\/www.immobilienbusiness.ch\\\/\",\"logo\":{\"@type\":\"ImageObject\",\"inLanguage\":\"en-US\",\"@id\":\"https:\\\/\\\/www.immobilienbusiness.ch\\\/#\\\/schema\\\/logo\\\/image\\\/\",\"url\":\"https:\\\/\\\/www.immobilienbusiness.ch\\\/wp-content\\\/uploads\\\/2021\\\/07\\\/logo_ib.png\",\"contentUrl\":\"https:\\\/\\\/www.immobilienbusiness.ch\\\/wp-content\\\/uploads\\\/2021\\\/07\\\/logo_ib.png\",\"width\":800,\"height\":181,\"caption\":\"IMMOBILIEN Business\"},\"image\":{\"@id\":\"https:\\\/\\\/www.immobilienbusiness.ch\\\/#\\\/schema\\\/logo\\\/image\\\/\"},\"sameAs\":[\"https:\\\/\\\/www.facebook.com\\\/immobilienbusiness\\\/\"]},{\"@type\":\"Person\",\"@id\":\"https:\\\/\\\/www.immobilienbusiness.ch\\\/#\\\/schema\\\/person\\\/3fc036297b10b9f42d6db5ee932af8c8\",\"name\":\"anja.hall\",\"image\":{\"@type\":\"ImageObject\",\"inLanguage\":\"en-US\",\"@id\":\"https:\\\/\\\/secure.gravatar.com\\\/avatar\\\/066b5a0d447013502c71a5782f4f3469f03cfe595cc2329fb94652fe47511bfb?s=96&d=mm&r=g\",\"url\":\"https:\\\/\\\/secure.gravatar.com\\\/avatar\\\/066b5a0d447013502c71a5782f4f3469f03cfe595cc2329fb94652fe47511bfb?s=96&d=mm&r=g\",\"contentUrl\":\"https:\\\/\\\/secure.gravatar.com\\\/avatar\\\/066b5a0d447013502c71a5782f4f3469f03cfe595cc2329fb94652fe47511bfb?s=96&d=mm&r=g\",\"caption\":\"anja.hall\"},\"url\":\"https:\\\/\\\/www.immobilienbusiness.ch\\\/en\\\/author\\\/anja-hall\\\/\"}]}<\/script>\n<!-- \/ Yoast SEO plugin. -->","yoast_head_json":{"title":"Implenia will Immobiliengesellschaft gr\u00fcnden - IMMOBILIEN Business","description":"Implenia intends to turn the Development Division into a real estate company and open up the portfolio to investors, the company announced at an investor day.","robots":{"index":"index","follow":"follow","max-snippet":"max-snippet:-1","max-image-preview":"max-image-preview:large","max-video-preview":"max-video-preview:-1"},"canonical":"https:\/\/www.immobilienbusiness.ch\/en\/unternehmen\/2019-10-04\/implenia-will-immobiliengesellschaft-gruenden\/","og_locale":"en_US","og_type":"article","og_title":"Implenia will Immobiliengesellschaft gr\u00fcnden - IMMOBILIEN Business","og_description":"Implenia will die Division Entwicklung zu einem Immobilienunternehmen machen und das Portfolio f\u00fcr Investoren \u00f6ffnen, teilt das Unternehmen anl\u00e4sslich eines Investorentages mit.","og_url":"https:\/\/www.immobilienbusiness.ch\/en\/unternehmen\/2019-10-04\/implenia-will-immobiliengesellschaft-gruenden\/","og_site_name":"IMMOBILIEN Business","article_publisher":"https:\/\/www.facebook.com\/immobilienbusiness\/","article_published_time":"2019-10-04T06:21:55+00:00","og_image":[{"width":1024,"height":576,"url":"https:\/\/www.immobilienbusiness.ch\/wp-content\/uploads\/2017\/02\/swissmill-kran_1-1024x576.jpg","type":"image\/jpeg"}],"author":"anja.hall","twitter_card":"summary_large_image","twitter_image":"https:\/\/www.immobilienbusiness.ch\/wp-content\/uploads\/2017\/02\/swissmill-kran_1.jpg","schema":{"@context":"https:\/\/schema.org","@graph":[{"@type":"Article","@id":"https:\/\/www.immobilienbusiness.ch\/en\/unternehmen\/2019-10-04\/implenia-will-immobiliengesellschaft-gruenden\/#article","isPartOf":{"@id":"https:\/\/www.immobilienbusiness.ch\/en\/unternehmen\/2019-10-04\/implenia-will-immobiliengesellschaft-gruenden\/"},"author":{"name":"anja.hall","@id":"https:\/\/www.immobilienbusiness.ch\/#\/schema\/person\/3fc036297b10b9f42d6db5ee932af8c8"},"headline":"Implenia will Immobiliengesellschaft gr\u00fcnden","datePublished":"2019-10-04T06:21:55+00:00","mainEntityOfPage":{"@id":"https:\/\/www.immobilienbusiness.ch\/en\/unternehmen\/2019-10-04\/implenia-will-immobiliengesellschaft-gruenden\/"},"wordCount":258,"publisher":{"@id":"https:\/\/www.immobilienbusiness.ch\/#organization"},"image":{"@id":"https:\/\/www.immobilienbusiness.ch\/en\/unternehmen\/2019-10-04\/implenia-will-immobiliengesellschaft-gruenden\/#primaryimage"},"thumbnailUrl":"https:\/\/www.immobilienbusiness.ch\/wp-content\/uploads\/2017\/02\/swissmill-kran_1.jpg","keywords":["Implenia","Unternehmen"],"articleSection":["UNTERNEHMEN"],"inLanguage":"en-US"},{"@type":"WebPage","@id":"https:\/\/www.immobilienbusiness.ch\/en\/unternehmen\/2019-10-04\/implenia-will-immobiliengesellschaft-gruenden\/","url":"https:\/\/www.immobilienbusiness.ch\/en\/unternehmen\/2019-10-04\/implenia-will-immobiliengesellschaft-gruenden\/","name":"Implenia will Immobiliengesellschaft gr\u00fcnden - IMMOBILIEN Business","isPartOf":{"@id":"https:\/\/www.immobilienbusiness.ch\/#website"},"primaryImageOfPage":{"@id":"https:\/\/www.immobilienbusiness.ch\/en\/unternehmen\/2019-10-04\/implenia-will-immobiliengesellschaft-gruenden\/#primaryimage"},"image":{"@id":"https:\/\/www.immobilienbusiness.ch\/en\/unternehmen\/2019-10-04\/implenia-will-immobiliengesellschaft-gruenden\/#primaryimage"},"thumbnailUrl":"https:\/\/www.immobilienbusiness.ch\/wp-content\/uploads\/2017\/02\/swissmill-kran_1.jpg","datePublished":"2019-10-04T06:21:55+00:00","description":"Implenia intends to turn the Development Division into a real estate company and open up the portfolio to investors, the company announced at an investor day.","breadcrumb":{"@id":"https:\/\/www.immobilienbusiness.ch\/en\/unternehmen\/2019-10-04\/implenia-will-immobiliengesellschaft-gruenden\/#breadcrumb"},"inLanguage":"en-US","potentialAction":[{"@type":"ReadAction","target":["https:\/\/www.immobilienbusiness.ch\/en\/unternehmen\/2019-10-04\/implenia-will-immobiliengesellschaft-gruenden\/"]}]},{"@type":"ImageObject","inLanguage":"en-US","@id":"https:\/\/www.immobilienbusiness.ch\/en\/unternehmen\/2019-10-04\/implenia-will-immobiliengesellschaft-gruenden\/#primaryimage","url":"https:\/\/www.immobilienbusiness.ch\/wp-content\/uploads\/2017\/02\/swissmill-kran_1.jpg","contentUrl":"https:\/\/www.immobilienbusiness.ch\/wp-content\/uploads\/2017\/02\/swissmill-kran_1.jpg","width":2560,"height":1440,"caption":"Der gr\u00f6sste Schweizer Baukonzern sieht sich f\u00fcr das Jahr 2023 auf Kurs (Bild: Depositphotos) (Foto: Implenia)"},{"@type":"BreadcrumbList","@id":"https:\/\/www.immobilienbusiness.ch\/en\/unternehmen\/2019-10-04\/implenia-will-immobiliengesellschaft-gruenden\/#breadcrumb","itemListElement":[{"@type":"ListItem","position":1,"name":"Home","item":"https:\/\/www.immobilienbusiness.ch\/"},{"@type":"ListItem","position":2,"name":"Implenia will Immobiliengesellschaft gr\u00fcnden"}]},{"@type":"WebSite","@id":"https:\/\/www.immobilienbusiness.ch\/#website","url":"https:\/\/www.immobilienbusiness.ch\/","name":"REAL ESTATE Business","description":"Independent Swiss business magazine focusing on real estate, architecture and construction as well as investment and financing.","publisher":{"@id":"https:\/\/www.immobilienbusiness.ch\/#organization"},"potentialAction":[{"@type":"SearchAction","target":{"@type":"EntryPoint","urlTemplate":"https:\/\/www.immobilienbusiness.ch\/?s={search_term_string}"},"query-input":{"@type":"PropertyValueSpecification","valueRequired":true,"valueName":"search_term_string"}}],"inLanguage":"en-US"},{"@type":"Organization","@id":"https:\/\/www.immobilienbusiness.ch\/#organization","name":"REAL ESTATE Business","url":"https:\/\/www.immobilienbusiness.ch\/","logo":{"@type":"ImageObject","inLanguage":"en-US","@id":"https:\/\/www.immobilienbusiness.ch\/#\/schema\/logo\/image\/","url":"https:\/\/www.immobilienbusiness.ch\/wp-content\/uploads\/2021\/07\/logo_ib.png","contentUrl":"https:\/\/www.immobilienbusiness.ch\/wp-content\/uploads\/2021\/07\/logo_ib.png","width":800,"height":181,"caption":"IMMOBILIEN Business"},"image":{"@id":"https:\/\/www.immobilienbusiness.ch\/#\/schema\/logo\/image\/"},"sameAs":["https:\/\/www.facebook.com\/immobilienbusiness\/"]},{"@type":"Person","@id":"https:\/\/www.immobilienbusiness.ch\/#\/schema\/person\/3fc036297b10b9f42d6db5ee932af8c8","name":"anja.hall","image":{"@type":"ImageObject","inLanguage":"en-US","@id":"https:\/\/secure.gravatar.com\/avatar\/066b5a0d447013502c71a5782f4f3469f03cfe595cc2329fb94652fe47511bfb?s=96&d=mm&r=g","url":"https:\/\/secure.gravatar.com\/avatar\/066b5a0d447013502c71a5782f4f3469f03cfe595cc2329fb94652fe47511bfb?s=96&d=mm&r=g","contentUrl":"https:\/\/secure.gravatar.com\/avatar\/066b5a0d447013502c71a5782f4f3469f03cfe595cc2329fb94652fe47511bfb?s=96&d=mm&r=g","caption":"anja.hall"},"url":"https:\/\/www.immobilienbusiness.ch\/en\/author\/anja-hall\/"}]}},"_links":{"self":[{"href":"https:\/\/www.immobilienbusiness.ch\/en\/wp-json\/wp\/v2\/posts\/18704","targetHints":{"allow":["GET"]}}],"collection":[{"href":"https:\/\/www.immobilienbusiness.ch\/en\/wp-json\/wp\/v2\/posts"}],"about":[{"href":"https:\/\/www.immobilienbusiness.ch\/en\/wp-json\/wp\/v2\/types\/post"}],"author":[{"embeddable":true,"href":"https:\/\/www.immobilienbusiness.ch\/en\/wp-json\/wp\/v2\/users\/3"}],"replies":[{"embeddable":true,"href":"https:\/\/www.immobilienbusiness.ch\/en\/wp-json\/wp\/v2\/comments?post=18704"}],"version-history":[{"count":0,"href":"https:\/\/www.immobilienbusiness.ch\/en\/wp-json\/wp\/v2\/posts\/18704\/revisions"}],"wp:featuredmedia":[{"embeddable":true,"href":"https:\/\/www.immobilienbusiness.ch\/en\/wp-json\/wp\/v2\/media\/6428"}],"wp:attachment":[{"href":"https:\/\/www.immobilienbusiness.ch\/en\/wp-json\/wp\/v2\/media?parent=18704"}],"wp:term":[{"taxonomy":"category","embeddable":true,"href":"https:\/\/www.immobilienbusiness.ch\/en\/wp-json\/wp\/v2\/categories?post=18704"},{"taxonomy":"post_tag","embeddable":true,"href":"https:\/\/www.immobilienbusiness.ch\/en\/wp-json\/wp\/v2\/tags?post=18704"}],"curies":[{"name":"wp","href":"https:\/\/api.w.org\/{rel}","templated":true}]}}