{"id":18067,"date":"2019-08-22T09:04:13","date_gmt":"2019-08-22T07:04:13","guid":{"rendered":"https:\/\/www.immobilienbusiness.ch\/?p=18067"},"modified":"2019-08-22T09:04:13","modified_gmt":"2019-08-22T07:04:13","slug":"la-fonciere-sonderausschuettung-von-14-millionen","status":"publish","type":"post","link":"https:\/\/www.immobilienbusiness.ch\/en\/unternehmen\/2019-08-22\/la-fonciere-sonderausschuettung-von-14-millionen\/","title":{"rendered":"La Fonci\u00e8re: Special distribution of 14 million"},"content":{"rendered":"<figure id=\"attachment_12759\" aria-describedby=\"caption-attachment-12759\" style=\"width: 680px\" class=\"wp-caption alignnone\"><img loading=\"lazy\" decoding=\"async\" class=\"size-medium wp-image-12759\" src=\"https:\/\/www.immobilienbusiness.ch\/wp-content\/uploads\/2018\/05\/Depositphotos_58636529_m-2015.jpg\" alt=\"\" width=\"680\" height=\"454\" srcset=\"https:\/\/www.immobilienbusiness.ch\/wp-content\/uploads\/2018\/05\/Depositphotos_58636529_m-2015.jpg 1000w, https:\/\/www.immobilienbusiness.ch\/wp-content\/uploads\/2018\/05\/Depositphotos_58636529_m-2015-300x200.jpg 300w, https:\/\/www.immobilienbusiness.ch\/wp-content\/uploads\/2018\/05\/Depositphotos_58636529_m-2015-768x512.jpg 768w, https:\/\/www.immobilienbusiness.ch\/wp-content\/uploads\/2018\/05\/Depositphotos_58636529_m-2015-16x12.jpg 16w, https:\/\/www.immobilienbusiness.ch\/wp-content\/uploads\/2018\/05\/Depositphotos_58636529_m-2015-262x175.jpg 262w, https:\/\/www.immobilienbusiness.ch\/wp-content\/uploads\/2018\/05\/Depositphotos_58636529_m-2015-525x350.jpg 525w, https:\/\/www.immobilienbusiness.ch\/wp-content\/uploads\/2018\/05\/Depositphotos_58636529_m-2015-920x614.jpg 920w\" sizes=\"auto, (max-width: 680px) 100vw, 680px\" \/><figcaption id=\"caption-attachment-12759\" class=\"wp-caption-text\">La Fonci\u00e8re distributes its special dividend (Image: wirojsid - despositphotos)<\/figcaption><\/figure>\n<p>The extraordinary dividend will total CHF 14.14 million, or CHF 1.143 per unit, and will be distributed to unitholders on September 23, 2019, the fund management company says. The amount will be taken from the reinvestment reserve, which totaled 102 million as of September 30, 2018, it said.<\/p>\n<p>How this reserve for reinvestments, built up since January 1, 2007, is to be taxed, was recently the subject of a clarification by the Federal Tax Administration (FTA). The extraordinary distribution is the result of an agreement with the EStV, which regularizes the whole thing in accordance with current law, the fund management continues. The special dividend is subject to both withholding and income tax for the unit holders and will be distributed in addition to the annual coupon.<\/p>\n<p>La Fonci\u00e8re further emphasizes that the extraordinary distribution will have no impact on the fund's 2019 income statement and will not affect the performance of future financial years.<\/p>\n<p>Net fund assets at the end of the first semester of fiscal 2019 were 1.01 billion, and the leverage ratio was 19.72%. <em>(ah)<\/em><\/p>","protected":false},"excerpt":{"rendered":"<p>La Fonci\u00e8re real estate fund announces that it will distribute an extraordinary coupon of CHF 14 million to unitholders.<\/p>","protected":false},"author":3,"featured_media":12759,"comment_status":"closed","ping_status":"open","sticky":false,"template":"","format":"standard","meta":{"_acf_changed":false,"_yoast_wpseo_focuskw":"La Fonci\u00e8re","_yoast_wpseo_title":"","_yoast_wpseo_metadesc":"Der Immobilienfonds La Fonci\u00e8re k\u00fcndigt an, einen ausserordentlichen Coupon in H\u00f6he von 14 Millionen CHF an die Anteilsinhaber auszusch\u00fctten.","_yoast_wpseo_linkdex":56,"pgc_sgb_lightbox_settings":"","footnotes":""},"categories":[988],"tags":[1171,1344,1431],"class_list":["post-18067","post","type-post","status-publish","format-standard","has-post-thumbnail","hentry","category-unternehmen","tag-dividende","tag-immobilienfonds","tag-la-fonciere"],"acf":[],"yoast_head":"<!-- This site is optimized with the Yoast SEO plugin v27.5 - https:\/\/yoast.com\/product\/yoast-seo-wordpress\/ -->\n<title>La Fonci\u00e8re: Sonderaussch\u00fcttung von 14 Millionen - IMMOBILIEN Business<\/title>\n<meta name=\"description\" content=\"Der Immobilienfonds La Fonci\u00e8re k\u00fcndigt an, einen ausserordentlichen Coupon in H\u00f6he von 14 Millionen CHF an die Anteilsinhaber auszusch\u00fctten.\" \/>\n<meta name=\"robots\" content=\"index, follow, max-snippet:-1, max-image-preview:large, max-video-preview:-1\" \/>\n<link rel=\"canonical\" href=\"https:\/\/www.immobilienbusiness.ch\/en\/unternehmen\/2019-08-22\/la-fonciere-sonderausschuettung-von-14-millionen\/\" \/>\n<meta property=\"og:locale\" content=\"en_US\" \/>\n<meta property=\"og:type\" content=\"article\" \/>\n<meta property=\"og:title\" content=\"La Fonci\u00e8re: Sonderaussch\u00fcttung von 14 Millionen - IMMOBILIEN Business\" \/>\n<meta property=\"og:description\" content=\"Der Immobilienfonds La Fonci\u00e8re k\u00fcndigt an, einen ausserordentlichen Coupon in H\u00f6he von 14 Millionen CHF an die Anteilsinhaber auszusch\u00fctten.\" \/>\n<meta property=\"og:url\" content=\"https:\/\/www.immobilienbusiness.ch\/en\/unternehmen\/2019-08-22\/la-fonciere-sonderausschuettung-von-14-millionen\/\" \/>\n<meta property=\"og:site_name\" content=\"IMMOBILIEN Business\" \/>\n<meta property=\"article:publisher\" content=\"https:\/\/www.facebook.com\/immobilienbusiness\/\" \/>\n<meta property=\"article:published_time\" content=\"2019-08-22T07:04:13+00:00\" \/>\n<meta property=\"og:image\" content=\"https:\/\/www.immobilienbusiness.ch\/wp-content\/uploads\/2018\/05\/Depositphotos_58636529_m-2015.jpg\" \/>\n\t<meta property=\"og:image:width\" content=\"1000\" \/>\n\t<meta property=\"og:image:height\" content=\"667\" \/>\n\t<meta property=\"og:image:type\" content=\"image\/jpeg\" \/>\n<meta name=\"author\" content=\"anja.hall\" \/>\n<meta name=\"twitter:card\" content=\"summary_large_image\" \/>\n<meta name=\"twitter:image\" content=\"https:\/\/www.immobilienbusiness.ch\/wp-content\/uploads\/2018\/05\/Depositphotos_58636529_m-2015.jpg\" \/>\n<script type=\"application\/ld+json\" class=\"yoast-schema-graph\">{\"@context\":\"https:\\\/\\\/schema.org\",\"@graph\":[{\"@type\":\"Article\",\"@id\":\"https:\\\/\\\/www.immobilienbusiness.ch\\\/unternehmen\\\/2019-08-22\\\/la-fonciere-sonderausschuettung-von-14-millionen\\\/#article\",\"isPartOf\":{\"@id\":\"https:\\\/\\\/www.immobilienbusiness.ch\\\/unternehmen\\\/2019-08-22\\\/la-fonciere-sonderausschuettung-von-14-millionen\\\/\"},\"author\":{\"name\":\"anja.hall\",\"@id\":\"https:\\\/\\\/www.immobilienbusiness.ch\\\/#\\\/schema\\\/person\\\/3fc036297b10b9f42d6db5ee932af8c8\"},\"headline\":\"La Fonci\u00e8re: Sonderaussch\u00fcttung von 14 Millionen\",\"datePublished\":\"2019-08-22T07:04:13+00:00\",\"mainEntityOfPage\":{\"@id\":\"https:\\\/\\\/www.immobilienbusiness.ch\\\/unternehmen\\\/2019-08-22\\\/la-fonciere-sonderausschuettung-von-14-millionen\\\/\"},\"wordCount\":187,\"publisher\":{\"@id\":\"https:\\\/\\\/www.immobilienbusiness.ch\\\/#organization\"},\"image\":{\"@id\":\"https:\\\/\\\/www.immobilienbusiness.ch\\\/unternehmen\\\/2019-08-22\\\/la-fonciere-sonderausschuettung-von-14-millionen\\\/#primaryimage\"},\"thumbnailUrl\":\"https:\\\/\\\/www.immobilienbusiness.ch\\\/wp-content\\\/uploads\\\/2018\\\/05\\\/Depositphotos_58636529_m-2015.jpg\",\"keywords\":[\"Dividende\",\"Immobilienfonds\",\"La Fonci\u00e8re\"],\"articleSection\":[\"UNTERNEHMEN\"],\"inLanguage\":\"en-US\"},{\"@type\":\"WebPage\",\"@id\":\"https:\\\/\\\/www.immobilienbusiness.ch\\\/unternehmen\\\/2019-08-22\\\/la-fonciere-sonderausschuettung-von-14-millionen\\\/\",\"url\":\"https:\\\/\\\/www.immobilienbusiness.ch\\\/unternehmen\\\/2019-08-22\\\/la-fonciere-sonderausschuettung-von-14-millionen\\\/\",\"name\":\"La Fonci\u00e8re: Sonderaussch\u00fcttung von 14 Millionen - IMMOBILIEN Business\",\"isPartOf\":{\"@id\":\"https:\\\/\\\/www.immobilienbusiness.ch\\\/#website\"},\"primaryImageOfPage\":{\"@id\":\"https:\\\/\\\/www.immobilienbusiness.ch\\\/unternehmen\\\/2019-08-22\\\/la-fonciere-sonderausschuettung-von-14-millionen\\\/#primaryimage\"},\"image\":{\"@id\":\"https:\\\/\\\/www.immobilienbusiness.ch\\\/unternehmen\\\/2019-08-22\\\/la-fonciere-sonderausschuettung-von-14-millionen\\\/#primaryimage\"},\"thumbnailUrl\":\"https:\\\/\\\/www.immobilienbusiness.ch\\\/wp-content\\\/uploads\\\/2018\\\/05\\\/Depositphotos_58636529_m-2015.jpg\",\"datePublished\":\"2019-08-22T07:04:13+00:00\",\"description\":\"Der Immobilienfonds La Fonci\u00e8re k\u00fcndigt an, einen ausserordentlichen Coupon in H\u00f6he von 14 Millionen CHF an die Anteilsinhaber auszusch\u00fctten.\",\"breadcrumb\":{\"@id\":\"https:\\\/\\\/www.immobilienbusiness.ch\\\/unternehmen\\\/2019-08-22\\\/la-fonciere-sonderausschuettung-von-14-millionen\\\/#breadcrumb\"},\"inLanguage\":\"en-US\",\"potentialAction\":[{\"@type\":\"ReadAction\",\"target\":[\"https:\\\/\\\/www.immobilienbusiness.ch\\\/unternehmen\\\/2019-08-22\\\/la-fonciere-sonderausschuettung-von-14-millionen\\\/\"]}]},{\"@type\":\"ImageObject\",\"inLanguage\":\"en-US\",\"@id\":\"https:\\\/\\\/www.immobilienbusiness.ch\\\/unternehmen\\\/2019-08-22\\\/la-fonciere-sonderausschuettung-von-14-millionen\\\/#primaryimage\",\"url\":\"https:\\\/\\\/www.immobilienbusiness.ch\\\/wp-content\\\/uploads\\\/2018\\\/05\\\/Depositphotos_58636529_m-2015.jpg\",\"contentUrl\":\"https:\\\/\\\/www.immobilienbusiness.ch\\\/wp-content\\\/uploads\\\/2018\\\/05\\\/Depositphotos_58636529_m-2015.jpg\",\"width\":1000,\"height\":667,\"caption\":\"(wirojsid - despositphotos)\"},{\"@type\":\"BreadcrumbList\",\"@id\":\"https:\\\/\\\/www.immobilienbusiness.ch\\\/unternehmen\\\/2019-08-22\\\/la-fonciere-sonderausschuettung-von-14-millionen\\\/#breadcrumb\",\"itemListElement\":[{\"@type\":\"ListItem\",\"position\":1,\"name\":\"Home\",\"item\":\"https:\\\/\\\/www.immobilienbusiness.ch\\\/\"},{\"@type\":\"ListItem\",\"position\":2,\"name\":\"La Fonci\u00e8re: Sonderaussch\u00fcttung von 14 Millionen\"}]},{\"@type\":\"WebSite\",\"@id\":\"https:\\\/\\\/www.immobilienbusiness.ch\\\/#website\",\"url\":\"https:\\\/\\\/www.immobilienbusiness.ch\\\/\",\"name\":\"IMMOBILIEN Business\",\"description\":\"Unabh\u00e4ngiges Schweizer Wirtschaftsmagazin mit Fokus auf Immobilien, Architektur- und Bau sowie Investment- und Finanzierung.\",\"publisher\":{\"@id\":\"https:\\\/\\\/www.immobilienbusiness.ch\\\/#organization\"},\"potentialAction\":[{\"@type\":\"SearchAction\",\"target\":{\"@type\":\"EntryPoint\",\"urlTemplate\":\"https:\\\/\\\/www.immobilienbusiness.ch\\\/?s={search_term_string}\"},\"query-input\":{\"@type\":\"PropertyValueSpecification\",\"valueRequired\":true,\"valueName\":\"search_term_string\"}}],\"inLanguage\":\"en-US\"},{\"@type\":\"Organization\",\"@id\":\"https:\\\/\\\/www.immobilienbusiness.ch\\\/#organization\",\"name\":\"IMMOBILIEN Business\",\"url\":\"https:\\\/\\\/www.immobilienbusiness.ch\\\/\",\"logo\":{\"@type\":\"ImageObject\",\"inLanguage\":\"en-US\",\"@id\":\"https:\\\/\\\/www.immobilienbusiness.ch\\\/#\\\/schema\\\/logo\\\/image\\\/\",\"url\":\"https:\\\/\\\/www.immobilienbusiness.ch\\\/wp-content\\\/uploads\\\/2021\\\/07\\\/logo_ib.png\",\"contentUrl\":\"https:\\\/\\\/www.immobilienbusiness.ch\\\/wp-content\\\/uploads\\\/2021\\\/07\\\/logo_ib.png\",\"width\":800,\"height\":181,\"caption\":\"IMMOBILIEN Business\"},\"image\":{\"@id\":\"https:\\\/\\\/www.immobilienbusiness.ch\\\/#\\\/schema\\\/logo\\\/image\\\/\"},\"sameAs\":[\"https:\\\/\\\/www.facebook.com\\\/immobilienbusiness\\\/\"]},{\"@type\":\"Person\",\"@id\":\"https:\\\/\\\/www.immobilienbusiness.ch\\\/#\\\/schema\\\/person\\\/3fc036297b10b9f42d6db5ee932af8c8\",\"name\":\"anja.hall\",\"image\":{\"@type\":\"ImageObject\",\"inLanguage\":\"en-US\",\"@id\":\"https:\\\/\\\/secure.gravatar.com\\\/avatar\\\/066b5a0d447013502c71a5782f4f3469f03cfe595cc2329fb94652fe47511bfb?s=96&d=mm&r=g\",\"url\":\"https:\\\/\\\/secure.gravatar.com\\\/avatar\\\/066b5a0d447013502c71a5782f4f3469f03cfe595cc2329fb94652fe47511bfb?s=96&d=mm&r=g\",\"contentUrl\":\"https:\\\/\\\/secure.gravatar.com\\\/avatar\\\/066b5a0d447013502c71a5782f4f3469f03cfe595cc2329fb94652fe47511bfb?s=96&d=mm&r=g\",\"caption\":\"anja.hall\"},\"url\":\"https:\\\/\\\/www.immobilienbusiness.ch\\\/en\\\/author\\\/anja-hall\\\/\"}]}<\/script>\n<!-- \/ Yoast SEO plugin. -->","yoast_head_json":{"title":"La Fonci\u00e8re: Sonderaussch\u00fcttung von 14 Millionen - IMMOBILIEN Business","description":"La Fonci\u00e8re real estate fund announces that it will distribute an extraordinary coupon of CHF 14 million to unitholders.","robots":{"index":"index","follow":"follow","max-snippet":"max-snippet:-1","max-image-preview":"max-image-preview:large","max-video-preview":"max-video-preview:-1"},"canonical":"https:\/\/www.immobilienbusiness.ch\/en\/unternehmen\/2019-08-22\/la-fonciere-sonderausschuettung-von-14-millionen\/","og_locale":"en_US","og_type":"article","og_title":"La Fonci\u00e8re: Sonderaussch\u00fcttung von 14 Millionen - IMMOBILIEN Business","og_description":"Der Immobilienfonds La Fonci\u00e8re k\u00fcndigt an, einen ausserordentlichen Coupon in H\u00f6he von 14 Millionen CHF an die Anteilsinhaber auszusch\u00fctten.","og_url":"https:\/\/www.immobilienbusiness.ch\/en\/unternehmen\/2019-08-22\/la-fonciere-sonderausschuettung-von-14-millionen\/","og_site_name":"IMMOBILIEN Business","article_publisher":"https:\/\/www.facebook.com\/immobilienbusiness\/","article_published_time":"2019-08-22T07:04:13+00:00","og_image":[{"width":1000,"height":667,"url":"https:\/\/www.immobilienbusiness.ch\/wp-content\/uploads\/2018\/05\/Depositphotos_58636529_m-2015.jpg","type":"image\/jpeg"}],"author":"anja.hall","twitter_card":"summary_large_image","twitter_image":"https:\/\/www.immobilienbusiness.ch\/wp-content\/uploads\/2018\/05\/Depositphotos_58636529_m-2015.jpg","schema":{"@context":"https:\/\/schema.org","@graph":[{"@type":"Article","@id":"https:\/\/www.immobilienbusiness.ch\/unternehmen\/2019-08-22\/la-fonciere-sonderausschuettung-von-14-millionen\/#article","isPartOf":{"@id":"https:\/\/www.immobilienbusiness.ch\/unternehmen\/2019-08-22\/la-fonciere-sonderausschuettung-von-14-millionen\/"},"author":{"name":"anja.hall","@id":"https:\/\/www.immobilienbusiness.ch\/#\/schema\/person\/3fc036297b10b9f42d6db5ee932af8c8"},"headline":"La Fonci\u00e8re: Sonderaussch\u00fcttung von 14 Millionen","datePublished":"2019-08-22T07:04:13+00:00","mainEntityOfPage":{"@id":"https:\/\/www.immobilienbusiness.ch\/unternehmen\/2019-08-22\/la-fonciere-sonderausschuettung-von-14-millionen\/"},"wordCount":187,"publisher":{"@id":"https:\/\/www.immobilienbusiness.ch\/#organization"},"image":{"@id":"https:\/\/www.immobilienbusiness.ch\/unternehmen\/2019-08-22\/la-fonciere-sonderausschuettung-von-14-millionen\/#primaryimage"},"thumbnailUrl":"https:\/\/www.immobilienbusiness.ch\/wp-content\/uploads\/2018\/05\/Depositphotos_58636529_m-2015.jpg","keywords":["Dividende","Immobilienfonds","La Fonci\u00e8re"],"articleSection":["UNTERNEHMEN"],"inLanguage":"en-US"},{"@type":"WebPage","@id":"https:\/\/www.immobilienbusiness.ch\/unternehmen\/2019-08-22\/la-fonciere-sonderausschuettung-von-14-millionen\/","url":"https:\/\/www.immobilienbusiness.ch\/unternehmen\/2019-08-22\/la-fonciere-sonderausschuettung-von-14-millionen\/","name":"La Fonci\u00e8re: Sonderaussch\u00fcttung von 14 Millionen - IMMOBILIEN Business","isPartOf":{"@id":"https:\/\/www.immobilienbusiness.ch\/#website"},"primaryImageOfPage":{"@id":"https:\/\/www.immobilienbusiness.ch\/unternehmen\/2019-08-22\/la-fonciere-sonderausschuettung-von-14-millionen\/#primaryimage"},"image":{"@id":"https:\/\/www.immobilienbusiness.ch\/unternehmen\/2019-08-22\/la-fonciere-sonderausschuettung-von-14-millionen\/#primaryimage"},"thumbnailUrl":"https:\/\/www.immobilienbusiness.ch\/wp-content\/uploads\/2018\/05\/Depositphotos_58636529_m-2015.jpg","datePublished":"2019-08-22T07:04:13+00:00","description":"La Fonci\u00e8re real estate fund announces that it will distribute an extraordinary coupon of CHF 14 million to unitholders.","breadcrumb":{"@id":"https:\/\/www.immobilienbusiness.ch\/unternehmen\/2019-08-22\/la-fonciere-sonderausschuettung-von-14-millionen\/#breadcrumb"},"inLanguage":"en-US","potentialAction":[{"@type":"ReadAction","target":["https:\/\/www.immobilienbusiness.ch\/unternehmen\/2019-08-22\/la-fonciere-sonderausschuettung-von-14-millionen\/"]}]},{"@type":"ImageObject","inLanguage":"en-US","@id":"https:\/\/www.immobilienbusiness.ch\/unternehmen\/2019-08-22\/la-fonciere-sonderausschuettung-von-14-millionen\/#primaryimage","url":"https:\/\/www.immobilienbusiness.ch\/wp-content\/uploads\/2018\/05\/Depositphotos_58636529_m-2015.jpg","contentUrl":"https:\/\/www.immobilienbusiness.ch\/wp-content\/uploads\/2018\/05\/Depositphotos_58636529_m-2015.jpg","width":1000,"height":667,"caption":"(wirojsid - despositphotos)"},{"@type":"BreadcrumbList","@id":"https:\/\/www.immobilienbusiness.ch\/unternehmen\/2019-08-22\/la-fonciere-sonderausschuettung-von-14-millionen\/#breadcrumb","itemListElement":[{"@type":"ListItem","position":1,"name":"Home","item":"https:\/\/www.immobilienbusiness.ch\/"},{"@type":"ListItem","position":2,"name":"La Fonci\u00e8re: Sonderaussch\u00fcttung von 14 Millionen"}]},{"@type":"WebSite","@id":"https:\/\/www.immobilienbusiness.ch\/#website","url":"https:\/\/www.immobilienbusiness.ch\/","name":"REAL ESTATE Business","description":"Independent Swiss business magazine focusing on real estate, architecture and construction as well as investment and financing.","publisher":{"@id":"https:\/\/www.immobilienbusiness.ch\/#organization"},"potentialAction":[{"@type":"SearchAction","target":{"@type":"EntryPoint","urlTemplate":"https:\/\/www.immobilienbusiness.ch\/?s={search_term_string}"},"query-input":{"@type":"PropertyValueSpecification","valueRequired":true,"valueName":"search_term_string"}}],"inLanguage":"en-US"},{"@type":"Organization","@id":"https:\/\/www.immobilienbusiness.ch\/#organization","name":"REAL ESTATE Business","url":"https:\/\/www.immobilienbusiness.ch\/","logo":{"@type":"ImageObject","inLanguage":"en-US","@id":"https:\/\/www.immobilienbusiness.ch\/#\/schema\/logo\/image\/","url":"https:\/\/www.immobilienbusiness.ch\/wp-content\/uploads\/2021\/07\/logo_ib.png","contentUrl":"https:\/\/www.immobilienbusiness.ch\/wp-content\/uploads\/2021\/07\/logo_ib.png","width":800,"height":181,"caption":"IMMOBILIEN Business"},"image":{"@id":"https:\/\/www.immobilienbusiness.ch\/#\/schema\/logo\/image\/"},"sameAs":["https:\/\/www.facebook.com\/immobilienbusiness\/"]},{"@type":"Person","@id":"https:\/\/www.immobilienbusiness.ch\/#\/schema\/person\/3fc036297b10b9f42d6db5ee932af8c8","name":"anja.hall","image":{"@type":"ImageObject","inLanguage":"en-US","@id":"https:\/\/secure.gravatar.com\/avatar\/066b5a0d447013502c71a5782f4f3469f03cfe595cc2329fb94652fe47511bfb?s=96&d=mm&r=g","url":"https:\/\/secure.gravatar.com\/avatar\/066b5a0d447013502c71a5782f4f3469f03cfe595cc2329fb94652fe47511bfb?s=96&d=mm&r=g","contentUrl":"https:\/\/secure.gravatar.com\/avatar\/066b5a0d447013502c71a5782f4f3469f03cfe595cc2329fb94652fe47511bfb?s=96&d=mm&r=g","caption":"anja.hall"},"url":"https:\/\/www.immobilienbusiness.ch\/en\/author\/anja-hall\/"}]}},"_links":{"self":[{"href":"https:\/\/www.immobilienbusiness.ch\/en\/wp-json\/wp\/v2\/posts\/18067","targetHints":{"allow":["GET"]}}],"collection":[{"href":"https:\/\/www.immobilienbusiness.ch\/en\/wp-json\/wp\/v2\/posts"}],"about":[{"href":"https:\/\/www.immobilienbusiness.ch\/en\/wp-json\/wp\/v2\/types\/post"}],"author":[{"embeddable":true,"href":"https:\/\/www.immobilienbusiness.ch\/en\/wp-json\/wp\/v2\/users\/3"}],"replies":[{"embeddable":true,"href":"https:\/\/www.immobilienbusiness.ch\/en\/wp-json\/wp\/v2\/comments?post=18067"}],"version-history":[{"count":0,"href":"https:\/\/www.immobilienbusiness.ch\/en\/wp-json\/wp\/v2\/posts\/18067\/revisions"}],"wp:featuredmedia":[{"embeddable":true,"href":"https:\/\/www.immobilienbusiness.ch\/en\/wp-json\/wp\/v2\/media\/12759"}],"wp:attachment":[{"href":"https:\/\/www.immobilienbusiness.ch\/en\/wp-json\/wp\/v2\/media?parent=18067"}],"wp:term":[{"taxonomy":"category","embeddable":true,"href":"https:\/\/www.immobilienbusiness.ch\/en\/wp-json\/wp\/v2\/categories?post=18067"},{"taxonomy":"post_tag","embeddable":true,"href":"https:\/\/www.immobilienbusiness.ch\/en\/wp-json\/wp\/v2\/tags?post=18067"}],"curies":[{"name":"wp","href":"https:\/\/api.w.org\/{rel}","templated":true}]}}